{"id":3682,"date":"2021-02-09T16:15:14","date_gmt":"2021-02-09T15:15:14","guid":{"rendered":"http:\/\/mdrncmp.webd.pro\/mdkfortest\/?p=3682"},"modified":"2021-02-21T12:28:04","modified_gmt":"2021-02-21T11:28:04","slug":"sobota-w-mdk","status":"publish","type":"post","link":"https:\/\/mdkoswiecim.pl\/index.php\/2021\/02\/09\/sobota-w-mdk\/","title":{"rendered":"SOBOTA W MDK"},"content":{"rendered":"<p>[vc_row][vc_column][vc_column_text]<span style=\"font-family: verdana, geneva, sans-serif;\">M\u0142odzie\u017cowy Dom Kultury w O\u015bwi\u0119cimiu serdecznie zaprasza na imprez\u0119 z cyklu \u201eSobota w MDK\u201d, kt\u00f3ra odb\u0119dzie si\u0119<strong><em>\u00a020 lutego 2021 r.<\/em><\/strong><\/span><!--more--><\/p>\n<p><span style=\"font-family: verdana, geneva, sans-serif;\"><em><strong>*Wszystkie osoby kt\u00f3re chc\u0105 uczestniczy\u0107 w zaj\u0119ciach, a nie s\u0105 uczestnikami sta\u0142ych zaj\u0119\u0107 MDK, musz\u0105 wype\u0142ni\u0107 wniosek oraz o\u015bwiadczenie COVID ( do pobrania poni\u017cej )<\/strong><\/em>.<\/span>[\/vc_column_text][vc_empty_space height=&#8221;20px&#8221;][stm_btn_simple btn_link=&#8221;url:http%3A%2F%2Fmdrncmp.webd.pro%2Fmdkfortest%2Fwp-content%2Fuploads%2F2021%2F02%2Fwniosek-zajecia-otwarte.odt&#8221; btn_link_text=&#8221;1. Wniosek zaj\u0119cia otwarte&#8221;][vc_empty_space height=&#8221;20px&#8221;][stm_btn_simple btn_link=&#8221;url:http%3A%2F%2Fmdrncmp.webd.pro%2Fmdkfortest%2Fwp-content%2Fuploads%2F2021%2F02%2FZALACZNIK-NR-5-oswiadczenie-rodzica-lub-opiekuna-COVID.odt&#8221; btn_link_text=&#8221;2. Za\u0142\u0105cznik nr 5 o\u015bwiadczenie rodzica lub opiekuna COVID&#8221;][vc_empty_space height=&#8221;20px&#8221;][vc_column_text]<span style=\"font-family: verdana, geneva, sans-serif;\">Godz. 9:00 \u2013 10:30, miejsce: MDK ul Olszewskiego 1<\/span><\/p>\n<ul>\n<li><span style=\"font-family: verdana, geneva, sans-serif;\"><strong>Zimowe kalambury<\/strong><\/span><\/li>\n<\/ul>\n<p><span style=\"font-family: verdana, geneva, sans-serif;\">Godz. 9:30 \u2013 12:30, miejsce: MDK ul Olszewskiego 1<\/span><\/p>\n<ul>\n<li><span style=\"font-family: verdana, geneva, sans-serif;\"><strong>Potyczki szachowe<\/strong><\/span><\/li>\n<\/ul>\n<p><span style=\"font-family: verdana, geneva, sans-serif;\">Godz. 10:00 \u2013 13:00, miejsce: MDK ul Olszewskiego 1<\/span><\/p>\n<ul>\n<li><span style=\"font-family: verdana, geneva, sans-serif;\"><strong>Warsztaty gitarowe<\/strong><\/span><\/li>\n<\/ul>\n<p><span style=\"font-family: verdana, geneva, sans-serif;\">Godz. 10:45 \u2013 13:00, miejsce: MDK ul Olszewskiego 1<\/span><\/p>\n<ul>\n<li><span style=\"font-family: verdana, geneva, sans-serif;\"><strong>Gry logiczne<\/strong><\/span><\/li>\n<\/ul>\n<p>[\/vc_column_text][\/vc_column][\/vc_row]<\/p>\n","protected":false},"excerpt":{"rendered":"<p>[vc_row][vc_column][vc_column_text]M\u0142odzie\u017cowy Dom Kultury w O\u015bwi\u0119cimiu serdecznie zaprasza na imprez\u0119 z cyklu \u201eSobota w MDK\u201d, kt\u00f3ra odb\u0119dzie si\u0119\u00a020 lutego 2021 r.<\/p>\n","protected":false},"author":1,"featured_media":0,"comment_status":"closed","ping_status":"open","sticky":false,"template":"","format":"standard","meta":{"footnotes":""},"categories":[108],"tags":[],"class_list":["post-3682","post","type-post","status-publish","format-standard","hentry","category-aktualnosci"],"yoast_head":"<!-- This site is optimized with the Yoast SEO plugin v16.1.1 - https:\/\/yoast.com\/wordpress\/plugins\/seo\/ -->\n<title>SOBOTA W MDK - MDK<\/title>\n<link rel=\"canonical\" href=\"https:\/\/mdkoswiecim.pl\/index.php\/2021\/02\/09\/sobota-w-mdk\/\" \/>\n<meta property=\"og:locale\" content=\"pl_PL\" \/>\n<meta property=\"og:type\" content=\"article\" \/>\n<meta property=\"og:title\" content=\"SOBOTA W MDK - MDK\" \/>\n<meta property=\"og:description\" content=\"[vc_row][vc_column][vc_column_text]M\u0142odzie\u017cowy Dom Kultury w O\u015bwi\u0119cimiu serdecznie zaprasza na imprez\u0119 z cyklu \u201eSobota w MDK\u201d, kt\u00f3ra odb\u0119dzie si\u0119\u00a020 lutego 2021 r.\" \/>\n<meta property=\"og:url\" content=\"https:\/\/mdkoswiecim.pl\/index.php\/2021\/02\/09\/sobota-w-mdk\/\" \/>\n<meta property=\"og:site_name\" content=\"MDK\" \/>\n<meta property=\"article:published_time\" content=\"2021-02-09T15:15:14+00:00\" \/>\n<meta property=\"article:modified_time\" content=\"2021-02-21T11:28:04+00:00\" \/>\n<meta name=\"twitter:card\" content=\"summary_large_image\" \/>\n<meta name=\"twitter:label1\" content=\"Szacowany czas czytania\">\n\t<meta name=\"twitter:data1\" content=\"1 minuta\">\n<script type=\"application\/ld+json\" class=\"yoast-schema-graph\">{\"@context\":\"https:\/\/schema.org\",\"@graph\":[{\"@type\":\"WebSite\",\"@id\":\"https:\/\/mdkoswiecim.pl\/#website\",\"url\":\"https:\/\/mdkoswiecim.pl\/\",\"name\":\"MDK\",\"description\":\"M\\u0142odzie\\u017cowy Dom Kultury w O\\u015bwi\\u0119cimiu\",\"potentialAction\":[{\"@type\":\"SearchAction\",\"target\":\"https:\/\/mdkoswiecim.pl\/?s={search_term_string}\",\"query-input\":\"required name=search_term_string\"}],\"inLanguage\":\"pl-PL\"},{\"@type\":\"WebPage\",\"@id\":\"https:\/\/mdkoswiecim.pl\/index.php\/2021\/02\/09\/sobota-w-mdk\/#webpage\",\"url\":\"https:\/\/mdkoswiecim.pl\/index.php\/2021\/02\/09\/sobota-w-mdk\/\",\"name\":\"SOBOTA W MDK - MDK\",\"isPartOf\":{\"@id\":\"https:\/\/mdkoswiecim.pl\/#website\"},\"datePublished\":\"2021-02-09T15:15:14+00:00\",\"dateModified\":\"2021-02-21T11:28:04+00:00\",\"author\":{\"@id\":\"https:\/\/mdkoswiecim.pl\/#\/schema\/person\/0e7cbc6adf0824f1eef81bd40fa6bd02\"},\"breadcrumb\":{\"@id\":\"https:\/\/mdkoswiecim.pl\/index.php\/2021\/02\/09\/sobota-w-mdk\/#breadcrumb\"},\"inLanguage\":\"pl-PL\",\"potentialAction\":[{\"@type\":\"ReadAction\",\"target\":[\"https:\/\/mdkoswiecim.pl\/index.php\/2021\/02\/09\/sobota-w-mdk\/\"]}]},{\"@type\":\"BreadcrumbList\",\"@id\":\"https:\/\/mdkoswiecim.pl\/index.php\/2021\/02\/09\/sobota-w-mdk\/#breadcrumb\",\"itemListElement\":[{\"@type\":\"ListItem\",\"position\":1,\"item\":{\"@type\":\"WebPage\",\"@id\":\"https:\/\/mdkoswiecim.pl\/\",\"url\":\"https:\/\/mdkoswiecim.pl\/\",\"name\":\"Strona g\\u0142\\u00f3wna\"}},{\"@type\":\"ListItem\",\"position\":2,\"item\":{\"@type\":\"WebPage\",\"@id\":\"https:\/\/mdkoswiecim.pl\/index.php\/2021\/02\/09\/sobota-w-mdk\/\",\"url\":\"https:\/\/mdkoswiecim.pl\/index.php\/2021\/02\/09\/sobota-w-mdk\/\",\"name\":\"SOBOTA W MDK\"}}]},{\"@type\":\"Person\",\"@id\":\"https:\/\/mdkoswiecim.pl\/#\/schema\/person\/0e7cbc6adf0824f1eef81bd40fa6bd02\",\"name\":\"administrator\",\"image\":{\"@type\":\"ImageObject\",\"@id\":\"https:\/\/mdkoswiecim.pl\/#personlogo\",\"inLanguage\":\"pl-PL\",\"url\":\"https:\/\/secure.gravatar.com\/avatar\/6e9d257abb087139c4a57fd62b4f5246da1ae07278ea0e7cb7b596051975afd6?s=96&d=mm&r=g\",\"contentUrl\":\"https:\/\/secure.gravatar.com\/avatar\/6e9d257abb087139c4a57fd62b4f5246da1ae07278ea0e7cb7b596051975afd6?s=96&d=mm&r=g\",\"caption\":\"administrator\"},\"sameAs\":[\"http:\/\/mdrncmp.webd.pro\/mdkfortest\"]}]}<\/script>\n<!-- \/ Yoast SEO plugin. -->","_links":{"self":[{"href":"https:\/\/mdkoswiecim.pl\/index.php\/wp-json\/wp\/v2\/posts\/3682","targetHints":{"allow":["GET"]}}],"collection":[{"href":"https:\/\/mdkoswiecim.pl\/index.php\/wp-json\/wp\/v2\/posts"}],"about":[{"href":"https:\/\/mdkoswiecim.pl\/index.php\/wp-json\/wp\/v2\/types\/post"}],"author":[{"embeddable":true,"href":"https:\/\/mdkoswiecim.pl\/index.php\/wp-json\/wp\/v2\/users\/1"}],"replies":[{"embeddable":true,"href":"https:\/\/mdkoswiecim.pl\/index.php\/wp-json\/wp\/v2\/comments?post=3682"}],"version-history":[{"count":2,"href":"https:\/\/mdkoswiecim.pl\/index.php\/wp-json\/wp\/v2\/posts\/3682\/revisions"}],"predecessor-version":[{"id":12611,"href":"https:\/\/mdkoswiecim.pl\/index.php\/wp-json\/wp\/v2\/posts\/3682\/revisions\/12611"}],"wp:attachment":[{"href":"https:\/\/mdkoswiecim.pl\/index.php\/wp-json\/wp\/v2\/media?parent=3682"}],"wp:term":[{"taxonomy":"category","embeddable":true,"href":"https:\/\/mdkoswiecim.pl\/index.php\/wp-json\/wp\/v2\/categories?post=3682"},{"taxonomy":"post_tag","embeddable":true,"href":"https:\/\/mdkoswiecim.pl\/index.php\/wp-json\/wp\/v2\/tags?post=3682"}],"curies":[{"name":"wp","href":"https:\/\/api.w.org\/{rel}","templated":true}]}}