{"id":3677,"date":"2021-02-11T15:09:07","date_gmt":"2021-02-11T14:09:07","guid":{"rendered":"http:\/\/mdrncmp.webd.pro\/mdkfortest\/?p=3677"},"modified":"2021-02-21T12:27:47","modified_gmt":"2021-02-21T11:27:47","slug":"ankieta-badania-potrzeb-i-oczekiwan-rodzicow-wychowankow-mdk","status":"publish","type":"post","link":"https:\/\/mdkoswiecim.pl\/index.php\/2021\/02\/11\/ankieta-badania-potrzeb-i-oczekiwan-rodzicow-wychowankow-mdk\/","title":{"rendered":"ANKIETA BADANIA POTRZEB I OCZEKIWA\u0143 RODZIC\u00d3W WYCHOWANK\u00d3W MDK"},"content":{"rendered":"<p>[vc_row][vc_column][vc_column_text]<span style=\"font-family: verdana, geneva, sans-serif;\">Zwracamy si\u0119 z pro\u015bb\u0105 do rodzic\u00f3w i opiekun\u00f3w naszych wychowank\u00f3w, jak r\u00f3wnie\u017c wszystkich naszych sympatyk\u00f3w, o wype\u0142nienie kr\u00f3tkiej ankiety.<\/span><!--more--><\/p>\n<p><span style=\"font-family: verdana, geneva, sans-serif;\">Link do ankiety poni\u017cej:<\/span>[\/vc_column_text][stm_link link=&#8221;url:https%3A%2F%2Fforms.gle%2FJU9NcQ55fSGdqcRX9&#8243; link_text=&#8221;https:\/\/forms.gle\/JU9NcQ55fSGdqcRX9&#8243;][\/vc_column][\/vc_row]<\/p>\n","protected":false},"excerpt":{"rendered":"<p>[vc_row][vc_column][vc_column_text]Zwracamy si\u0119 z pro\u015bb\u0105 do rodzic\u00f3w i opiekun\u00f3w naszych wychowank\u00f3w, jak r\u00f3wnie\u017c wszystkich naszych sympatyk\u00f3w, o wype\u0142nienie kr\u00f3tkiej ankiety.<\/p>\n","protected":false},"author":1,"featured_media":0,"comment_status":"closed","ping_status":"open","sticky":false,"template":"","format":"standard","meta":{"footnotes":""},"categories":[108],"tags":[],"class_list":["post-3677","post","type-post","status-publish","format-standard","hentry","category-aktualnosci"],"yoast_head":"<!-- This site is optimized with the Yoast SEO plugin v16.1.1 - https:\/\/yoast.com\/wordpress\/plugins\/seo\/ -->\n<title>ANKIETA BADANIA POTRZEB I OCZEKIWA\u0143 RODZIC\u00d3W WYCHOWANK\u00d3W MDK - MDK<\/title>\n<link rel=\"canonical\" href=\"https:\/\/mdkoswiecim.pl\/index.php\/2021\/02\/11\/ankieta-badania-potrzeb-i-oczekiwan-rodzicow-wychowankow-mdk\/\" \/>\n<meta property=\"og:locale\" content=\"pl_PL\" \/>\n<meta property=\"og:type\" content=\"article\" \/>\n<meta property=\"og:title\" content=\"ANKIETA BADANIA POTRZEB I OCZEKIWA\u0143 RODZIC\u00d3W WYCHOWANK\u00d3W MDK - MDK\" \/>\n<meta property=\"og:description\" content=\"[vc_row][vc_column][vc_column_text]Zwracamy si\u0119 z pro\u015bb\u0105 do rodzic\u00f3w i opiekun\u00f3w naszych wychowank\u00f3w, jak r\u00f3wnie\u017c wszystkich naszych sympatyk\u00f3w, o wype\u0142nienie kr\u00f3tkiej ankiety.\" \/>\n<meta property=\"og:url\" content=\"https:\/\/mdkoswiecim.pl\/index.php\/2021\/02\/11\/ankieta-badania-potrzeb-i-oczekiwan-rodzicow-wychowankow-mdk\/\" \/>\n<meta property=\"og:site_name\" content=\"MDK\" \/>\n<meta property=\"article:published_time\" content=\"2021-02-11T14:09:07+00:00\" \/>\n<meta property=\"article:modified_time\" content=\"2021-02-21T11:27:47+00:00\" \/>\n<meta name=\"twitter:card\" content=\"summary_large_image\" \/>\n<script type=\"application\/ld+json\" class=\"yoast-schema-graph\">{\"@context\":\"https:\/\/schema.org\",\"@graph\":[{\"@type\":\"WebSite\",\"@id\":\"https:\/\/mdkoswiecim.pl\/#website\",\"url\":\"https:\/\/mdkoswiecim.pl\/\",\"name\":\"MDK\",\"description\":\"M\\u0142odzie\\u017cowy Dom Kultury w O\\u015bwi\\u0119cimiu\",\"potentialAction\":[{\"@type\":\"SearchAction\",\"target\":\"https:\/\/mdkoswiecim.pl\/?s={search_term_string}\",\"query-input\":\"required name=search_term_string\"}],\"inLanguage\":\"pl-PL\"},{\"@type\":\"WebPage\",\"@id\":\"https:\/\/mdkoswiecim.pl\/index.php\/2021\/02\/11\/ankieta-badania-potrzeb-i-oczekiwan-rodzicow-wychowankow-mdk\/#webpage\",\"url\":\"https:\/\/mdkoswiecim.pl\/index.php\/2021\/02\/11\/ankieta-badania-potrzeb-i-oczekiwan-rodzicow-wychowankow-mdk\/\",\"name\":\"ANKIETA BADANIA POTRZEB I OCZEKIWA\\u0143 RODZIC\\u00d3W WYCHOWANK\\u00d3W MDK - MDK\",\"isPartOf\":{\"@id\":\"https:\/\/mdkoswiecim.pl\/#website\"},\"datePublished\":\"2021-02-11T14:09:07+00:00\",\"dateModified\":\"2021-02-21T11:27:47+00:00\",\"author\":{\"@id\":\"https:\/\/mdkoswiecim.pl\/#\/schema\/person\/0e7cbc6adf0824f1eef81bd40fa6bd02\"},\"breadcrumb\":{\"@id\":\"https:\/\/mdkoswiecim.pl\/index.php\/2021\/02\/11\/ankieta-badania-potrzeb-i-oczekiwan-rodzicow-wychowankow-mdk\/#breadcrumb\"},\"inLanguage\":\"pl-PL\",\"potentialAction\":[{\"@type\":\"ReadAction\",\"target\":[\"https:\/\/mdkoswiecim.pl\/index.php\/2021\/02\/11\/ankieta-badania-potrzeb-i-oczekiwan-rodzicow-wychowankow-mdk\/\"]}]},{\"@type\":\"BreadcrumbList\",\"@id\":\"https:\/\/mdkoswiecim.pl\/index.php\/2021\/02\/11\/ankieta-badania-potrzeb-i-oczekiwan-rodzicow-wychowankow-mdk\/#breadcrumb\",\"itemListElement\":[{\"@type\":\"ListItem\",\"position\":1,\"item\":{\"@type\":\"WebPage\",\"@id\":\"https:\/\/mdkoswiecim.pl\/\",\"url\":\"https:\/\/mdkoswiecim.pl\/\",\"name\":\"Strona g\\u0142\\u00f3wna\"}},{\"@type\":\"ListItem\",\"position\":2,\"item\":{\"@type\":\"WebPage\",\"@id\":\"https:\/\/mdkoswiecim.pl\/index.php\/2021\/02\/11\/ankieta-badania-potrzeb-i-oczekiwan-rodzicow-wychowankow-mdk\/\",\"url\":\"https:\/\/mdkoswiecim.pl\/index.php\/2021\/02\/11\/ankieta-badania-potrzeb-i-oczekiwan-rodzicow-wychowankow-mdk\/\",\"name\":\"ANKIETA BADANIA POTRZEB I OCZEKIWA\\u0143 RODZIC\\u00d3W WYCHOWANK\\u00d3W MDK\"}}]},{\"@type\":\"Person\",\"@id\":\"https:\/\/mdkoswiecim.pl\/#\/schema\/person\/0e7cbc6adf0824f1eef81bd40fa6bd02\",\"name\":\"administrator\",\"image\":{\"@type\":\"ImageObject\",\"@id\":\"https:\/\/mdkoswiecim.pl\/#personlogo\",\"inLanguage\":\"pl-PL\",\"url\":\"https:\/\/secure.gravatar.com\/avatar\/6e9d257abb087139c4a57fd62b4f5246da1ae07278ea0e7cb7b596051975afd6?s=96&d=mm&r=g\",\"contentUrl\":\"https:\/\/secure.gravatar.com\/avatar\/6e9d257abb087139c4a57fd62b4f5246da1ae07278ea0e7cb7b596051975afd6?s=96&d=mm&r=g\",\"caption\":\"administrator\"},\"sameAs\":[\"http:\/\/mdrncmp.webd.pro\/mdkfortest\"]}]}<\/script>\n<!-- \/ Yoast SEO plugin. -->","_links":{"self":[{"href":"https:\/\/mdkoswiecim.pl\/index.php\/wp-json\/wp\/v2\/posts\/3677","targetHints":{"allow":["GET"]}}],"collection":[{"href":"https:\/\/mdkoswiecim.pl\/index.php\/wp-json\/wp\/v2\/posts"}],"about":[{"href":"https:\/\/mdkoswiecim.pl\/index.php\/wp-json\/wp\/v2\/types\/post"}],"author":[{"embeddable":true,"href":"https:\/\/mdkoswiecim.pl\/index.php\/wp-json\/wp\/v2\/users\/1"}],"replies":[{"embeddable":true,"href":"https:\/\/mdkoswiecim.pl\/index.php\/wp-json\/wp\/v2\/comments?post=3677"}],"version-history":[{"count":2,"href":"https:\/\/mdkoswiecim.pl\/index.php\/wp-json\/wp\/v2\/posts\/3677\/revisions"}],"predecessor-version":[{"id":12609,"href":"https:\/\/mdkoswiecim.pl\/index.php\/wp-json\/wp\/v2\/posts\/3677\/revisions\/12609"}],"wp:attachment":[{"href":"https:\/\/mdkoswiecim.pl\/index.php\/wp-json\/wp\/v2\/media?parent=3677"}],"wp:term":[{"taxonomy":"category","embeddable":true,"href":"https:\/\/mdkoswiecim.pl\/index.php\/wp-json\/wp\/v2\/categories?post=3677"},{"taxonomy":"post_tag","embeddable":true,"href":"https:\/\/mdkoswiecim.pl\/index.php\/wp-json\/wp\/v2\/tags?post=3677"}],"curies":[{"name":"wp","href":"https:\/\/api.w.org\/{rel}","templated":true}]}}