{"id":3380,"date":"2021-02-04T20:23:30","date_gmt":"2021-02-04T19:23:30","guid":{"rendered":"http:\/\/mdrncmp.webd.pro\/mdkfortest\/?p=3380"},"modified":"2021-02-05T20:24:40","modified_gmt":"2021-02-05T19:24:40","slug":"wieczor-koled","status":"publish","type":"post","link":"https:\/\/mdkoswiecim.pl\/index.php\/2021\/02\/04\/wieczor-koled\/","title":{"rendered":"Wiecz\u00f3r Kol\u0119d"},"content":{"rendered":"<p>[vc_row][vc_column][vc_column_text]<span style=\"font-family: verdana, geneva, sans-serif;\">W niedzielne popo\u0142udnie 24 stycznia 2021 r. w Ko\u015bciele Matki Boskiej Wspomo\u017cenia Wiernych odby\u0142 si\u0119 d\u0142ugo wyczekiwany koncert kol\u0119d i pastora\u0142ek w wykonaniu zespo\u0142u M\u0142odzie\u017cowego Domu Kultury w sk\u0142adzie: Zuzanna Bratek, Anna Walncik, Kamila Sibik i Janusz Majcherek. \u201eWiecz\u00f3r kol\u0119d\u201d przyci\u0105gn\u0105\u0142 spory t\u0142um widz\u00f3w. W\u015br\u00f3d \u015bwi\u0105tecznych utwor\u00f3w znalaz\u0142y si\u0119 takie \u201epere\u0142ki\u201d, jak \u201eJezusa narodzonego\u201d, \u201ePrzybie\u017celi do Betlejem\u201d, \u201eKol\u0119da dla Piotra\u201d, \u201eCa\u0142\u0105 noc pada\u0142 \u015bnieg\u201d czy fragment musicalu \u201eMetro\u201d \u2013 \u201eUciekali\u201d. Cudownemu \u015bpiewowi, cz\u0119sto dwug\u0142osowemu, towarzyszy\u0142 akompaniament gitar akustycznych, gitary basowej, syntezatora oraz perkusjonali\u00f3w. Oklaskom nie by\u0142o ko\u0144ca, wi\u0119c arty\u015bci bisowali, co r\u00f3wnie\u017c spotka\u0142o si\u0119 z ogromnym aplauzem.<\/span><\/p>\n<p><span style=\"font-family: verdana, geneva, sans-serif;\">Dzi\u0119kujemy publiczno\u015bci za przybycie i mamy nadziej\u0119, \u017ce koncert rozja\u015bni\u0142 cho\u0107 troch\u0119 mrok w tym trudnym dla wszystkim czasie.<\/span>[\/vc_column_text][vc_gallery interval=&#8221;3&#8243; images=&#8221;3379,3378,3377,3376,3375,3373,3374,3372&#8243; img_size=&#8221;large&#8221;][\/vc_column][\/vc_row]<\/p>\n","protected":false},"excerpt":{"rendered":"<p>[vc_row][vc_column][vc_column_text]W niedzielne popo\u0142udnie 24 stycznia 2021 r. w Ko\u015bciele Matki Boskiej Wspomo\u017cenia Wiernych odby\u0142 si\u0119 d\u0142ugo wyczekiwany koncert kol\u0119d i pastora\u0142ek w wykonaniu zespo\u0142u M\u0142odzie\u017cowego Domu Kultury w sk\u0142adzie: Zuzanna Bratek, Anna Walncik, Kamila Sibik i Janusz Majcherek. \u201eWiecz\u00f3r kol\u0119d\u201d przyci\u0105gn\u0105\u0142 spory t\u0142um widz\u00f3w. W\u015br\u00f3d \u015bwi\u0105tecznych utwor\u00f3w znalaz\u0142y si\u0119 takie \u201epere\u0142ki\u201d, jak \u201eJezusa narodzonego\u201d, \u201ePrzybie\u017celi [&hellip;]<\/p>\n","protected":false},"author":1,"featured_media":3379,"comment_status":"closed","ping_status":"open","sticky":false,"template":"","format":"standard","meta":{"footnotes":""},"categories":[108],"tags":[],"class_list":["post-3380","post","type-post","status-publish","format-standard","has-post-thumbnail","hentry","category-aktualnosci"],"yoast_head":"<!-- This site is optimized with the Yoast SEO plugin v16.1.1 - https:\/\/yoast.com\/wordpress\/plugins\/seo\/ -->\n<title>Wiecz\u00f3r Kol\u0119d - MDK<\/title>\n<link rel=\"canonical\" href=\"https:\/\/mdkoswiecim.pl\/index.php\/2021\/02\/04\/wieczor-koled\/\" \/>\n<meta property=\"og:locale\" content=\"pl_PL\" \/>\n<meta property=\"og:type\" content=\"article\" \/>\n<meta property=\"og:title\" content=\"Wiecz\u00f3r Kol\u0119d - MDK\" \/>\n<meta property=\"og:description\" content=\"[vc_row][vc_column][vc_column_text]W niedzielne popo\u0142udnie 24 stycznia 2021 r. w Ko\u015bciele Matki Boskiej Wspomo\u017cenia Wiernych odby\u0142 si\u0119 d\u0142ugo wyczekiwany koncert kol\u0119d i pastora\u0142ek w wykonaniu zespo\u0142u M\u0142odzie\u017cowego Domu Kultury w sk\u0142adzie: Zuzanna Bratek, Anna Walncik, Kamila Sibik i Janusz Majcherek. \u201eWiecz\u00f3r kol\u0119d\u201d przyci\u0105gn\u0105\u0142 spory t\u0142um widz\u00f3w. W\u015br\u00f3d \u015bwi\u0105tecznych utwor\u00f3w znalaz\u0142y si\u0119 takie \u201epere\u0142ki\u201d, jak \u201eJezusa narodzonego\u201d, \u201ePrzybie\u017celi [&hellip;]\" \/>\n<meta property=\"og:url\" content=\"https:\/\/mdkoswiecim.pl\/index.php\/2021\/02\/04\/wieczor-koled\/\" \/>\n<meta property=\"og:site_name\" content=\"MDK\" \/>\n<meta property=\"article:published_time\" content=\"2021-02-04T19:23:30+00:00\" \/>\n<meta property=\"article:modified_time\" content=\"2021-02-05T19:24:40+00:00\" \/>\n<meta property=\"og:image\" content=\"https:\/\/mdkoswiecim.pl\/wp-content\/uploads\/2021\/02\/IMG_9489-1024x683-1.jpg\" \/>\n\t<meta property=\"og:image:width\" content=\"1024\" \/>\n\t<meta property=\"og:image:height\" content=\"683\" \/>\n<meta name=\"twitter:card\" content=\"summary_large_image\" \/>\n<meta name=\"twitter:label1\" content=\"Szacowany czas czytania\">\n\t<meta name=\"twitter:data1\" content=\"1 minuta\">\n<script type=\"application\/ld+json\" class=\"yoast-schema-graph\">{\"@context\":\"https:\/\/schema.org\",\"@graph\":[{\"@type\":\"WebSite\",\"@id\":\"https:\/\/mdkoswiecim.pl\/#website\",\"url\":\"https:\/\/mdkoswiecim.pl\/\",\"name\":\"MDK\",\"description\":\"M\\u0142odzie\\u017cowy Dom Kultury w O\\u015bwi\\u0119cimiu\",\"potentialAction\":[{\"@type\":\"SearchAction\",\"target\":\"https:\/\/mdkoswiecim.pl\/?s={search_term_string}\",\"query-input\":\"required name=search_term_string\"}],\"inLanguage\":\"pl-PL\"},{\"@type\":\"ImageObject\",\"@id\":\"https:\/\/mdkoswiecim.pl\/index.php\/2021\/02\/04\/wieczor-koled\/#primaryimage\",\"inLanguage\":\"pl-PL\",\"url\":\"https:\/\/mdkoswiecim.pl\/wp-content\/uploads\/2021\/02\/IMG_9489-1024x683-1.jpg\",\"contentUrl\":\"https:\/\/mdkoswiecim.pl\/wp-content\/uploads\/2021\/02\/IMG_9489-1024x683-1.jpg\",\"width\":1024,\"height\":683,\"caption\":\"Zesp\\u00f3\\u0142 muzyczny podczas wyst\\u0119pu w ko\\u015bciele p.w. Matki Bo\\u017cej Wspomo\\u017cenia Wiernych w O\\u015bwi\\u0119cimiu.\"},{\"@type\":\"WebPage\",\"@id\":\"https:\/\/mdkoswiecim.pl\/index.php\/2021\/02\/04\/wieczor-koled\/#webpage\",\"url\":\"https:\/\/mdkoswiecim.pl\/index.php\/2021\/02\/04\/wieczor-koled\/\",\"name\":\"Wiecz\\u00f3r Kol\\u0119d - MDK\",\"isPartOf\":{\"@id\":\"https:\/\/mdkoswiecim.pl\/#website\"},\"primaryImageOfPage\":{\"@id\":\"https:\/\/mdkoswiecim.pl\/index.php\/2021\/02\/04\/wieczor-koled\/#primaryimage\"},\"datePublished\":\"2021-02-04T19:23:30+00:00\",\"dateModified\":\"2021-02-05T19:24:40+00:00\",\"author\":{\"@id\":\"https:\/\/mdkoswiecim.pl\/#\/schema\/person\/0e7cbc6adf0824f1eef81bd40fa6bd02\"},\"breadcrumb\":{\"@id\":\"https:\/\/mdkoswiecim.pl\/index.php\/2021\/02\/04\/wieczor-koled\/#breadcrumb\"},\"inLanguage\":\"pl-PL\",\"potentialAction\":[{\"@type\":\"ReadAction\",\"target\":[\"https:\/\/mdkoswiecim.pl\/index.php\/2021\/02\/04\/wieczor-koled\/\"]}]},{\"@type\":\"BreadcrumbList\",\"@id\":\"https:\/\/mdkoswiecim.pl\/index.php\/2021\/02\/04\/wieczor-koled\/#breadcrumb\",\"itemListElement\":[{\"@type\":\"ListItem\",\"position\":1,\"item\":{\"@type\":\"WebPage\",\"@id\":\"https:\/\/mdkoswiecim.pl\/\",\"url\":\"https:\/\/mdkoswiecim.pl\/\",\"name\":\"Strona g\\u0142\\u00f3wna\"}},{\"@type\":\"ListItem\",\"position\":2,\"item\":{\"@type\":\"WebPage\",\"@id\":\"https:\/\/mdkoswiecim.pl\/index.php\/2021\/02\/04\/wieczor-koled\/\",\"url\":\"https:\/\/mdkoswiecim.pl\/index.php\/2021\/02\/04\/wieczor-koled\/\",\"name\":\"Wiecz\\u00f3r Kol\\u0119d\"}}]},{\"@type\":\"Person\",\"@id\":\"https:\/\/mdkoswiecim.pl\/#\/schema\/person\/0e7cbc6adf0824f1eef81bd40fa6bd02\",\"name\":\"administrator\",\"image\":{\"@type\":\"ImageObject\",\"@id\":\"https:\/\/mdkoswiecim.pl\/#personlogo\",\"inLanguage\":\"pl-PL\",\"url\":\"https:\/\/secure.gravatar.com\/avatar\/6e9d257abb087139c4a57fd62b4f5246da1ae07278ea0e7cb7b596051975afd6?s=96&d=mm&r=g\",\"contentUrl\":\"https:\/\/secure.gravatar.com\/avatar\/6e9d257abb087139c4a57fd62b4f5246da1ae07278ea0e7cb7b596051975afd6?s=96&d=mm&r=g\",\"caption\":\"administrator\"},\"sameAs\":[\"http:\/\/mdrncmp.webd.pro\/mdkfortest\"]}]}<\/script>\n<!-- \/ Yoast SEO plugin. -->","_links":{"self":[{"href":"https:\/\/mdkoswiecim.pl\/index.php\/wp-json\/wp\/v2\/posts\/3380","targetHints":{"allow":["GET"]}}],"collection":[{"href":"https:\/\/mdkoswiecim.pl\/index.php\/wp-json\/wp\/v2\/posts"}],"about":[{"href":"https:\/\/mdkoswiecim.pl\/index.php\/wp-json\/wp\/v2\/types\/post"}],"author":[{"embeddable":true,"href":"https:\/\/mdkoswiecim.pl\/index.php\/wp-json\/wp\/v2\/users\/1"}],"replies":[{"embeddable":true,"href":"https:\/\/mdkoswiecim.pl\/index.php\/wp-json\/wp\/v2\/comments?post=3380"}],"version-history":[{"count":1,"href":"https:\/\/mdkoswiecim.pl\/index.php\/wp-json\/wp\/v2\/posts\/3380\/revisions"}],"predecessor-version":[{"id":3381,"href":"https:\/\/mdkoswiecim.pl\/index.php\/wp-json\/wp\/v2\/posts\/3380\/revisions\/3381"}],"wp:featuredmedia":[{"embeddable":true,"href":"https:\/\/mdkoswiecim.pl\/index.php\/wp-json\/wp\/v2\/media\/3379"}],"wp:attachment":[{"href":"https:\/\/mdkoswiecim.pl\/index.php\/wp-json\/wp\/v2\/media?parent=3380"}],"wp:term":[{"taxonomy":"category","embeddable":true,"href":"https:\/\/mdkoswiecim.pl\/index.php\/wp-json\/wp\/v2\/categories?post=3380"},{"taxonomy":"post_tag","embeddable":true,"href":"https:\/\/mdkoswiecim.pl\/index.php\/wp-json\/wp\/v2\/tags?post=3380"}],"curies":[{"name":"wp","href":"https:\/\/api.w.org\/{rel}","templated":true}]}}