{"id":3360,"date":"2021-02-05T20:18:48","date_gmt":"2021-02-05T19:18:48","guid":{"rendered":"http:\/\/mdrncmp.webd.pro\/mdkfortest\/?p=3360"},"modified":"2021-02-05T20:18:48","modified_gmt":"2021-02-05T19:18:48","slug":"kolorowy-zawrot-glowy-w-mdk","status":"publish","type":"post","link":"https:\/\/mdkoswiecim.pl\/index.php\/2021\/02\/05\/kolorowy-zawrot-glowy-w-mdk\/","title":{"rendered":"Kolorowy zawr\u00f3t g\u0142owy w MDK"},"content":{"rendered":"<p>[vc_row][vc_column][vc_column_text]<span style=\"font-family: verdana, geneva, sans-serif;\">W czwartkowe popo\u0142udnie 4 lutego 2021 r. w Piwnicy Artystycznej MDK odby\u0142a si\u0119 uroczysto\u015b\u0107 wr\u0119czenia nagr\u00f3d w II Powiatowym Konkursie Plastycznym pod patronatem Starosty O\u015bwi\u0119cimskiego \u201eKufer wyobra\u017ani\u201d.\u00a0 Uroczysto\u015b\u0107 poprowadzi\u0142a koordynatorka konkursu, pani Ma\u0142gorzata Dom\u017ca\u0142, podkre\u015blaj\u0105c, \u017ce w jego drugiej edycji sp\u0142yn\u0119\u0142a rekordowa liczba prac, bo a\u017c 334.<\/span><\/p>\n<p><span style=\"font-family: verdana, geneva, sans-serif;\">Pani Teresa Jankowska, cz\u0142onkini zarz\u0105du powiatu, z\u0142o\u017cy\u0142a gratulacje wszystkim zwyci\u0119zcom i wyrazi\u0142a sw\u00f3j zachwyt nad kolorystyk\u0105 i ekspresj\u0105 prac, dodaj\u0105c, \u017ce s\u0105 niczym tlen w dobie pandemii. Podzi\u0119kowa\u0142a nie tylko m\u0142odym artystom, ale r\u00f3wnie\u017c opiekunom i rodzicom, kt\u00f3rzy w ogromny spos\u00f3b przyczynili si\u0119 do sukcesu swoich podopiecznych.<\/span><\/p>\n<p><span style=\"font-family: verdana, geneva, sans-serif;\">Dyrektor MDK, Alina Kwarciak podzi\u0119kowa\u0142a nie tylko m\u0142odzie\u017cy i opiekunom. Wyrazi\u0142a r\u00f3wnie\u017c wdzi\u0119czno\u015b\u0107 dla pracownik\u00f3w M\u0142odzie\u017cowego Domu Kultury, bez kt\u00f3rych organizacja konkursu i uroczysto\u015bci wr\u0119czenia nagr\u00f3d by\u0142aby niemo\u017cliwa.<\/span>[\/vc_column_text][vc_gallery interval=&#8221;3&#8243; images=&#8221;3361,3362,3363,3364,3365,3366,3367&#8243; img_size=&#8221;large&#8221;][\/vc_column][\/vc_row]<\/p>\n","protected":false},"excerpt":{"rendered":"<p>[vc_row][vc_column][vc_column_text]W czwartkowe popo\u0142udnie 4 lutego 2021 r. w Piwnicy Artystycznej MDK odby\u0142a si\u0119 uroczysto\u015b\u0107 wr\u0119czenia nagr\u00f3d w II Powiatowym Konkursie Plastycznym pod patronatem Starosty O\u015bwi\u0119cimskiego \u201eKufer wyobra\u017ani\u201d.\u00a0 Uroczysto\u015b\u0107 poprowadzi\u0142a koordynatorka konkursu, pani Ma\u0142gorzata Dom\u017ca\u0142, podkre\u015blaj\u0105c, \u017ce w jego drugiej edycji sp\u0142yn\u0119\u0142a rekordowa liczba prac, bo a\u017c 334. Pani Teresa Jankowska, cz\u0142onkini zarz\u0105du powiatu, z\u0142o\u017cy\u0142a gratulacje [&hellip;]<\/p>\n","protected":false},"author":1,"featured_media":3366,"comment_status":"closed","ping_status":"open","sticky":false,"template":"","format":"standard","meta":{"footnotes":""},"categories":[108],"tags":[],"class_list":["post-3360","post","type-post","status-publish","format-standard","has-post-thumbnail","hentry","category-aktualnosci"],"yoast_head":"<!-- This site is optimized with the Yoast SEO plugin v16.1.1 - https:\/\/yoast.com\/wordpress\/plugins\/seo\/ -->\n<title>Kolorowy zawr\u00f3t g\u0142owy w MDK - MDK<\/title>\n<link rel=\"canonical\" href=\"https:\/\/mdkoswiecim.pl\/index.php\/2021\/02\/05\/kolorowy-zawrot-glowy-w-mdk\/\" \/>\n<meta property=\"og:locale\" content=\"pl_PL\" \/>\n<meta property=\"og:type\" content=\"article\" \/>\n<meta property=\"og:title\" content=\"Kolorowy zawr\u00f3t g\u0142owy w MDK - MDK\" \/>\n<meta property=\"og:description\" content=\"[vc_row][vc_column][vc_column_text]W czwartkowe popo\u0142udnie 4 lutego 2021 r. w Piwnicy Artystycznej MDK odby\u0142a si\u0119 uroczysto\u015b\u0107 wr\u0119czenia nagr\u00f3d w II Powiatowym Konkursie Plastycznym pod patronatem Starosty O\u015bwi\u0119cimskiego \u201eKufer wyobra\u017ani\u201d.\u00a0 Uroczysto\u015b\u0107 poprowadzi\u0142a koordynatorka konkursu, pani Ma\u0142gorzata Dom\u017ca\u0142, podkre\u015blaj\u0105c, \u017ce w jego drugiej edycji sp\u0142yn\u0119\u0142a rekordowa liczba prac, bo a\u017c 334. Pani Teresa Jankowska, cz\u0142onkini zarz\u0105du powiatu, z\u0142o\u017cy\u0142a gratulacje [&hellip;]\" \/>\n<meta property=\"og:url\" content=\"https:\/\/mdkoswiecim.pl\/index.php\/2021\/02\/05\/kolorowy-zawrot-glowy-w-mdk\/\" \/>\n<meta property=\"og:site_name\" content=\"MDK\" \/>\n<meta property=\"article:published_time\" content=\"2021-02-05T19:18:48+00:00\" \/>\n<meta property=\"og:image\" content=\"https:\/\/mdkoswiecim.pl\/wp-content\/uploads\/2021\/02\/DSC_3870-1024x681-1.jpg\" \/>\n\t<meta property=\"og:image:width\" content=\"1024\" \/>\n\t<meta property=\"og:image:height\" content=\"681\" \/>\n<meta name=\"twitter:card\" content=\"summary_large_image\" \/>\n<meta name=\"twitter:label1\" content=\"Szacowany czas czytania\">\n\t<meta name=\"twitter:data1\" content=\"1 minuta\">\n<script type=\"application\/ld+json\" class=\"yoast-schema-graph\">{\"@context\":\"https:\/\/schema.org\",\"@graph\":[{\"@type\":\"WebSite\",\"@id\":\"https:\/\/mdkoswiecim.pl\/#website\",\"url\":\"https:\/\/mdkoswiecim.pl\/\",\"name\":\"MDK\",\"description\":\"M\\u0142odzie\\u017cowy Dom Kultury w O\\u015bwi\\u0119cimiu\",\"potentialAction\":[{\"@type\":\"SearchAction\",\"target\":\"https:\/\/mdkoswiecim.pl\/?s={search_term_string}\",\"query-input\":\"required name=search_term_string\"}],\"inLanguage\":\"pl-PL\"},{\"@type\":\"ImageObject\",\"@id\":\"https:\/\/mdkoswiecim.pl\/index.php\/2021\/02\/05\/kolorowy-zawrot-glowy-w-mdk\/#primaryimage\",\"inLanguage\":\"pl-PL\",\"url\":\"https:\/\/mdkoswiecim.pl\/wp-content\/uploads\/2021\/02\/DSC_3870-1024x681-1.jpg\",\"contentUrl\":\"https:\/\/mdkoswiecim.pl\/wp-content\/uploads\/2021\/02\/DSC_3870-1024x681-1.jpg\",\"width\":1024,\"height\":681,\"caption\":\"Wsp\\u00f3lne zdj\\u0119cie zwyci\\u0119zc\\u00f3w konkursu wraz z organizatorami po odebraniu nagr\\u00f3d.\"},{\"@type\":\"WebPage\",\"@id\":\"https:\/\/mdkoswiecim.pl\/index.php\/2021\/02\/05\/kolorowy-zawrot-glowy-w-mdk\/#webpage\",\"url\":\"https:\/\/mdkoswiecim.pl\/index.php\/2021\/02\/05\/kolorowy-zawrot-glowy-w-mdk\/\",\"name\":\"Kolorowy zawr\\u00f3t g\\u0142owy w MDK - MDK\",\"isPartOf\":{\"@id\":\"https:\/\/mdkoswiecim.pl\/#website\"},\"primaryImageOfPage\":{\"@id\":\"https:\/\/mdkoswiecim.pl\/index.php\/2021\/02\/05\/kolorowy-zawrot-glowy-w-mdk\/#primaryimage\"},\"datePublished\":\"2021-02-05T19:18:48+00:00\",\"dateModified\":\"2021-02-05T19:18:48+00:00\",\"author\":{\"@id\":\"https:\/\/mdkoswiecim.pl\/#\/schema\/person\/0e7cbc6adf0824f1eef81bd40fa6bd02\"},\"breadcrumb\":{\"@id\":\"https:\/\/mdkoswiecim.pl\/index.php\/2021\/02\/05\/kolorowy-zawrot-glowy-w-mdk\/#breadcrumb\"},\"inLanguage\":\"pl-PL\",\"potentialAction\":[{\"@type\":\"ReadAction\",\"target\":[\"https:\/\/mdkoswiecim.pl\/index.php\/2021\/02\/05\/kolorowy-zawrot-glowy-w-mdk\/\"]}]},{\"@type\":\"BreadcrumbList\",\"@id\":\"https:\/\/mdkoswiecim.pl\/index.php\/2021\/02\/05\/kolorowy-zawrot-glowy-w-mdk\/#breadcrumb\",\"itemListElement\":[{\"@type\":\"ListItem\",\"position\":1,\"item\":{\"@type\":\"WebPage\",\"@id\":\"https:\/\/mdkoswiecim.pl\/\",\"url\":\"https:\/\/mdkoswiecim.pl\/\",\"name\":\"Strona g\\u0142\\u00f3wna\"}},{\"@type\":\"ListItem\",\"position\":2,\"item\":{\"@type\":\"WebPage\",\"@id\":\"https:\/\/mdkoswiecim.pl\/index.php\/2021\/02\/05\/kolorowy-zawrot-glowy-w-mdk\/\",\"url\":\"https:\/\/mdkoswiecim.pl\/index.php\/2021\/02\/05\/kolorowy-zawrot-glowy-w-mdk\/\",\"name\":\"Kolorowy zawr\\u00f3t g\\u0142owy w MDK\"}}]},{\"@type\":\"Person\",\"@id\":\"https:\/\/mdkoswiecim.pl\/#\/schema\/person\/0e7cbc6adf0824f1eef81bd40fa6bd02\",\"name\":\"administrator\",\"image\":{\"@type\":\"ImageObject\",\"@id\":\"https:\/\/mdkoswiecim.pl\/#personlogo\",\"inLanguage\":\"pl-PL\",\"url\":\"https:\/\/secure.gravatar.com\/avatar\/6e9d257abb087139c4a57fd62b4f5246da1ae07278ea0e7cb7b596051975afd6?s=96&d=mm&r=g\",\"contentUrl\":\"https:\/\/secure.gravatar.com\/avatar\/6e9d257abb087139c4a57fd62b4f5246da1ae07278ea0e7cb7b596051975afd6?s=96&d=mm&r=g\",\"caption\":\"administrator\"},\"sameAs\":[\"http:\/\/mdrncmp.webd.pro\/mdkfortest\"]}]}<\/script>\n<!-- \/ Yoast SEO plugin. -->","_links":{"self":[{"href":"https:\/\/mdkoswiecim.pl\/index.php\/wp-json\/wp\/v2\/posts\/3360","targetHints":{"allow":["GET"]}}],"collection":[{"href":"https:\/\/mdkoswiecim.pl\/index.php\/wp-json\/wp\/v2\/posts"}],"about":[{"href":"https:\/\/mdkoswiecim.pl\/index.php\/wp-json\/wp\/v2\/types\/post"}],"author":[{"embeddable":true,"href":"https:\/\/mdkoswiecim.pl\/index.php\/wp-json\/wp\/v2\/users\/1"}],"replies":[{"embeddable":true,"href":"https:\/\/mdkoswiecim.pl\/index.php\/wp-json\/wp\/v2\/comments?post=3360"}],"version-history":[{"count":1,"href":"https:\/\/mdkoswiecim.pl\/index.php\/wp-json\/wp\/v2\/posts\/3360\/revisions"}],"predecessor-version":[{"id":3371,"href":"https:\/\/mdkoswiecim.pl\/index.php\/wp-json\/wp\/v2\/posts\/3360\/revisions\/3371"}],"wp:featuredmedia":[{"embeddable":true,"href":"https:\/\/mdkoswiecim.pl\/index.php\/wp-json\/wp\/v2\/media\/3366"}],"wp:attachment":[{"href":"https:\/\/mdkoswiecim.pl\/index.php\/wp-json\/wp\/v2\/media?parent=3360"}],"wp:term":[{"taxonomy":"category","embeddable":true,"href":"https:\/\/mdkoswiecim.pl\/index.php\/wp-json\/wp\/v2\/categories?post=3360"},{"taxonomy":"post_tag","embeddable":true,"href":"https:\/\/mdkoswiecim.pl\/index.php\/wp-json\/wp\/v2\/tags?post=3360"}],"curies":[{"name":"wp","href":"https:\/\/api.w.org\/{rel}","templated":true}]}}