{"id":3349,"date":"2021-02-05T20:14:20","date_gmt":"2021-02-05T19:14:20","guid":{"rendered":"http:\/\/mdrncmp.webd.pro\/mdkfortest\/?p=3349"},"modified":"2021-02-05T20:14:20","modified_gmt":"2021-02-05T19:14:20","slug":"nagrody-za-swiateczna-banke-rozdane","status":"publish","type":"post","link":"https:\/\/mdkoswiecim.pl\/index.php\/2021\/02\/05\/nagrody-za-swiateczna-banke-rozdane\/","title":{"rendered":"Nagrody za \u201e\u015awi\u0105teczn\u0105 ba\u0144k\u0119\u201d rozdane"},"content":{"rendered":"<p>[vc_row][vc_column][vc_single_image image=&#8221;3353&#8243; img_size=&#8221;large&#8221; alignment=&#8221;center&#8221;][vc_column_text]<span style=\"font-family: verdana, geneva, sans-serif;\">4 lutego w M\u0142odzie\u017cowej Piwnicy artystycznej MDK odby\u0142o si\u0119 rozdanie nagr\u00f3d w I Konkursie Plastycznym \u201e\u015awi\u0105teczna ba\u0144ka\u201d. Konkurs przeznaczony by\u0142 dla uczestnik\u00f3w zaj\u0119\u0107 MDK, a nagrody ufundowa\u0142a Rada Rodzic\u00f3w.\u00a0 Mimo bardzo pracowitego przed\u015bwi\u0105tecznego czasu, cz\u0119\u015bci wychowank\u00f3w uda\u0142o si\u0119 zaktywizowa\u0107 rodzic\u00f3w i przy ich pomocy wykona\u0107 niecodzienne ozdoby choinkowe. Wszystkie prace zosta\u0142y nagrodzone, a upominki wr\u0119czali dyrektor MDK \u2013 Alina Kwarciak i zast\u0119pca dyrektora \u2013 Janusz Majcherek.<\/span><\/p>\n<p><span style=\"font-family: verdana, geneva, sans-serif;\">Prowadz\u0105ca uroczysto\u015b\u0107 i jednocze\u015bnie koordynator konkursu \u2013 Ma\u0142gorzata Dom\u017ca\u0142 pogratulowa\u0142a zwyci\u0119zcom i zaprosi\u0142a dzieci i ich rodzic\u00f3w do udzia\u0142u w kolejnych wydarzeniach organizowanych przez nasz\u0105 plac\u00f3wk\u0119.<\/span>[\/vc_column_text][vc_gallery interval=&#8221;3&#8243; images=&#8221;3352,3351,3350&#8243; img_size=&#8221;large&#8221;][\/vc_column][\/vc_row]<\/p>\n","protected":false},"excerpt":{"rendered":"<p>[vc_row][vc_column][vc_single_image image=&#8221;3353&#8243; img_size=&#8221;large&#8221; alignment=&#8221;center&#8221;][vc_column_text]4 lutego w M\u0142odzie\u017cowej Piwnicy artystycznej MDK odby\u0142o si\u0119 rozdanie nagr\u00f3d w I Konkursie Plastycznym \u201e\u015awi\u0105teczna ba\u0144ka\u201d. Konkurs przeznaczony by\u0142 dla uczestnik\u00f3w zaj\u0119\u0107 MDK, a nagrody ufundowa\u0142a Rada Rodzic\u00f3w.\u00a0 Mimo bardzo pracowitego przed\u015bwi\u0105tecznego czasu, cz\u0119\u015bci wychowank\u00f3w uda\u0142o si\u0119 zaktywizowa\u0107 rodzic\u00f3w i przy ich pomocy wykona\u0107 niecodzienne ozdoby choinkowe. Wszystkie prace zosta\u0142y nagrodzone, [&hellip;]<\/p>\n","protected":false},"author":1,"featured_media":3353,"comment_status":"closed","ping_status":"open","sticky":false,"template":"","format":"standard","meta":{"footnotes":""},"categories":[108],"tags":[],"class_list":["post-3349","post","type-post","status-publish","format-standard","has-post-thumbnail","hentry","category-aktualnosci"],"yoast_head":"<!-- This site is optimized with the Yoast SEO plugin v16.1.1 - https:\/\/yoast.com\/wordpress\/plugins\/seo\/ -->\n<title>Nagrody za \u201e\u015awi\u0105teczn\u0105 ba\u0144k\u0119\u201d rozdane - MDK<\/title>\n<link rel=\"canonical\" href=\"https:\/\/mdkoswiecim.pl\/index.php\/2021\/02\/05\/nagrody-za-swiateczna-banke-rozdane\/\" \/>\n<meta property=\"og:locale\" content=\"pl_PL\" \/>\n<meta property=\"og:type\" content=\"article\" \/>\n<meta property=\"og:title\" content=\"Nagrody za \u201e\u015awi\u0105teczn\u0105 ba\u0144k\u0119\u201d rozdane - MDK\" \/>\n<meta property=\"og:description\" content=\"[vc_row][vc_column][vc_single_image image=&#8221;3353&#8243; img_size=&#8221;large&#8221; alignment=&#8221;center&#8221;][vc_column_text]4 lutego w M\u0142odzie\u017cowej Piwnicy artystycznej MDK odby\u0142o si\u0119 rozdanie nagr\u00f3d w I Konkursie Plastycznym \u201e\u015awi\u0105teczna ba\u0144ka\u201d. Konkurs przeznaczony by\u0142 dla uczestnik\u00f3w zaj\u0119\u0107 MDK, a nagrody ufundowa\u0142a Rada Rodzic\u00f3w.\u00a0 Mimo bardzo pracowitego przed\u015bwi\u0105tecznego czasu, cz\u0119\u015bci wychowank\u00f3w uda\u0142o si\u0119 zaktywizowa\u0107 rodzic\u00f3w i przy ich pomocy wykona\u0107 niecodzienne ozdoby choinkowe. Wszystkie prace zosta\u0142y nagrodzone, [&hellip;]\" \/>\n<meta property=\"og:url\" content=\"https:\/\/mdkoswiecim.pl\/index.php\/2021\/02\/05\/nagrody-za-swiateczna-banke-rozdane\/\" \/>\n<meta property=\"og:site_name\" content=\"MDK\" \/>\n<meta property=\"article:published_time\" content=\"2021-02-05T19:14:20+00:00\" \/>\n<meta property=\"og:image\" content=\"https:\/\/mdkoswiecim.pl\/wp-content\/uploads\/2021\/02\/1-1360x765-1.jpg\" \/>\n\t<meta property=\"og:image:width\" content=\"1360\" \/>\n\t<meta property=\"og:image:height\" content=\"765\" \/>\n<meta name=\"twitter:card\" content=\"summary_large_image\" \/>\n<meta name=\"twitter:label1\" content=\"Szacowany czas czytania\">\n\t<meta name=\"twitter:data1\" content=\"1 minuta\">\n<script type=\"application\/ld+json\" class=\"yoast-schema-graph\">{\"@context\":\"https:\/\/schema.org\",\"@graph\":[{\"@type\":\"WebSite\",\"@id\":\"https:\/\/mdkoswiecim.pl\/#website\",\"url\":\"https:\/\/mdkoswiecim.pl\/\",\"name\":\"MDK\",\"description\":\"M\\u0142odzie\\u017cowy Dom Kultury w O\\u015bwi\\u0119cimiu\",\"potentialAction\":[{\"@type\":\"SearchAction\",\"target\":\"https:\/\/mdkoswiecim.pl\/?s={search_term_string}\",\"query-input\":\"required name=search_term_string\"}],\"inLanguage\":\"pl-PL\"},{\"@type\":\"ImageObject\",\"@id\":\"https:\/\/mdkoswiecim.pl\/index.php\/2021\/02\/05\/nagrody-za-swiateczna-banke-rozdane\/#primaryimage\",\"inLanguage\":\"pl-PL\",\"url\":\"https:\/\/mdkoswiecim.pl\/wp-content\/uploads\/2021\/02\/1-1360x765-1.jpg\",\"contentUrl\":\"https:\/\/mdkoswiecim.pl\/wp-content\/uploads\/2021\/02\/1-1360x765-1.jpg\",\"width\":1360,\"height\":765},{\"@type\":\"WebPage\",\"@id\":\"https:\/\/mdkoswiecim.pl\/index.php\/2021\/02\/05\/nagrody-za-swiateczna-banke-rozdane\/#webpage\",\"url\":\"https:\/\/mdkoswiecim.pl\/index.php\/2021\/02\/05\/nagrody-za-swiateczna-banke-rozdane\/\",\"name\":\"Nagrody za \\u201e\\u015awi\\u0105teczn\\u0105 ba\\u0144k\\u0119\\u201d rozdane - MDK\",\"isPartOf\":{\"@id\":\"https:\/\/mdkoswiecim.pl\/#website\"},\"primaryImageOfPage\":{\"@id\":\"https:\/\/mdkoswiecim.pl\/index.php\/2021\/02\/05\/nagrody-za-swiateczna-banke-rozdane\/#primaryimage\"},\"datePublished\":\"2021-02-05T19:14:20+00:00\",\"dateModified\":\"2021-02-05T19:14:20+00:00\",\"author\":{\"@id\":\"https:\/\/mdkoswiecim.pl\/#\/schema\/person\/0e7cbc6adf0824f1eef81bd40fa6bd02\"},\"breadcrumb\":{\"@id\":\"https:\/\/mdkoswiecim.pl\/index.php\/2021\/02\/05\/nagrody-za-swiateczna-banke-rozdane\/#breadcrumb\"},\"inLanguage\":\"pl-PL\",\"potentialAction\":[{\"@type\":\"ReadAction\",\"target\":[\"https:\/\/mdkoswiecim.pl\/index.php\/2021\/02\/05\/nagrody-za-swiateczna-banke-rozdane\/\"]}]},{\"@type\":\"BreadcrumbList\",\"@id\":\"https:\/\/mdkoswiecim.pl\/index.php\/2021\/02\/05\/nagrody-za-swiateczna-banke-rozdane\/#breadcrumb\",\"itemListElement\":[{\"@type\":\"ListItem\",\"position\":1,\"item\":{\"@type\":\"WebPage\",\"@id\":\"https:\/\/mdkoswiecim.pl\/\",\"url\":\"https:\/\/mdkoswiecim.pl\/\",\"name\":\"Strona g\\u0142\\u00f3wna\"}},{\"@type\":\"ListItem\",\"position\":2,\"item\":{\"@type\":\"WebPage\",\"@id\":\"https:\/\/mdkoswiecim.pl\/index.php\/2021\/02\/05\/nagrody-za-swiateczna-banke-rozdane\/\",\"url\":\"https:\/\/mdkoswiecim.pl\/index.php\/2021\/02\/05\/nagrody-za-swiateczna-banke-rozdane\/\",\"name\":\"Nagrody za \\u201e\\u015awi\\u0105teczn\\u0105 ba\\u0144k\\u0119\\u201d rozdane\"}}]},{\"@type\":\"Person\",\"@id\":\"https:\/\/mdkoswiecim.pl\/#\/schema\/person\/0e7cbc6adf0824f1eef81bd40fa6bd02\",\"name\":\"administrator\",\"image\":{\"@type\":\"ImageObject\",\"@id\":\"https:\/\/mdkoswiecim.pl\/#personlogo\",\"inLanguage\":\"pl-PL\",\"url\":\"https:\/\/secure.gravatar.com\/avatar\/6e9d257abb087139c4a57fd62b4f5246da1ae07278ea0e7cb7b596051975afd6?s=96&d=mm&r=g\",\"contentUrl\":\"https:\/\/secure.gravatar.com\/avatar\/6e9d257abb087139c4a57fd62b4f5246da1ae07278ea0e7cb7b596051975afd6?s=96&d=mm&r=g\",\"caption\":\"administrator\"},\"sameAs\":[\"http:\/\/mdrncmp.webd.pro\/mdkfortest\"]}]}<\/script>\n<!-- \/ Yoast SEO plugin. -->","_links":{"self":[{"href":"https:\/\/mdkoswiecim.pl\/index.php\/wp-json\/wp\/v2\/posts\/3349","targetHints":{"allow":["GET"]}}],"collection":[{"href":"https:\/\/mdkoswiecim.pl\/index.php\/wp-json\/wp\/v2\/posts"}],"about":[{"href":"https:\/\/mdkoswiecim.pl\/index.php\/wp-json\/wp\/v2\/types\/post"}],"author":[{"embeddable":true,"href":"https:\/\/mdkoswiecim.pl\/index.php\/wp-json\/wp\/v2\/users\/1"}],"replies":[{"embeddable":true,"href":"https:\/\/mdkoswiecim.pl\/index.php\/wp-json\/wp\/v2\/comments?post=3349"}],"version-history":[{"count":6,"href":"https:\/\/mdkoswiecim.pl\/index.php\/wp-json\/wp\/v2\/posts\/3349\/revisions"}],"predecessor-version":[{"id":3359,"href":"https:\/\/mdkoswiecim.pl\/index.php\/wp-json\/wp\/v2\/posts\/3349\/revisions\/3359"}],"wp:featuredmedia":[{"embeddable":true,"href":"https:\/\/mdkoswiecim.pl\/index.php\/wp-json\/wp\/v2\/media\/3353"}],"wp:attachment":[{"href":"https:\/\/mdkoswiecim.pl\/index.php\/wp-json\/wp\/v2\/media?parent=3349"}],"wp:term":[{"taxonomy":"category","embeddable":true,"href":"https:\/\/mdkoswiecim.pl\/index.php\/wp-json\/wp\/v2\/categories?post=3349"},{"taxonomy":"post_tag","embeddable":true,"href":"https:\/\/mdkoswiecim.pl\/index.php\/wp-json\/wp\/v2\/tags?post=3349"}],"curies":[{"name":"wp","href":"https:\/\/api.w.org\/{rel}","templated":true}]}}