{"id":27055,"date":"2026-04-28T14:13:22","date_gmt":"2026-04-28T12:13:22","guid":{"rendered":"https:\/\/mdkoswiecim.pl\/?p=27055"},"modified":"2026-04-28T14:14:24","modified_gmt":"2026-04-28T12:14:24","slug":"wyniki-konkursu-czytelniczego-nasze-lektury-dla-uczniow-szkol-srednich-2","status":"publish","type":"post","link":"https:\/\/mdkoswiecim.pl\/index.php\/2026\/04\/28\/wyniki-konkursu-czytelniczego-nasze-lektury-dla-uczniow-szkol-srednich-2\/","title":{"rendered":"WYNIKI KONKURSU CZYTELNICZEGO &#8220;NASZE LEKTURY&#8221; DLA UCZNI\u00d3W SZK\u00d3\u0141 \u015aREDNICH"},"content":{"rendered":"\n<p>W dniu 10.04.2026 r. odby\u0142 si\u0119 IV etap IV Powiatowego Konkursu Czytelniczego \u201eNasze lektury\u201d dla uczni\u00f3w szk\u00f3\u0142 \u015brednich. Tematem konkursu by\u0142a lektura Adama Mickiewicza \u201eBallady\u201d (\u015awitezianka, Romantyczno\u015b\u0107). Do Konkursu przyst\u0105pi\u0142o 117 uczni\u00f3w z 8 szk\u00f3\u0142 z powiatu o\u015bwi\u0119cimskiego.<\/p>\n\n\n\n<p>Uczestnicy odpowiadali na pytania testu. Maksymalna ilo\u015b\u0107 punkt\u00f3w: 30<\/p>\n\n\n\n<p>Zwyci\u0119zcami etapu zostali ex aequo: <\/p>\n\n\n\n<ul class=\"wp-block-list\">\n<li>z I LO w K\u0119tach &#8211; HA\u0141AT JULIA, JANUSZYK EWA, KRAMARCZYK EMILIA, MROWIEC MICHA\u0141, P\u0141ONKA ANGELIKA, \u015aL\u0118CZKA BERENIKA, ZIELI\u0143SKA MARTYNA, <\/li>\n\n\n\n<li>z PZ nr 6 w Brzeszczach: DRABEK PATRYCJA, GUCWA KAROLINA, OLESIAK KORNELIA, TOMALA AMELIA, <\/li>\n\n\n\n<li>z ZSZTS &#8211; GOCZA\u0141 MILENA, HA\u0141AT KATARZYNA, KRAWCZYK MONIKA, NOWAK JULIA, POMIETLAK JAKUB, TLA\u0141KA NATALIA.<\/li>\n<\/ul>\n\n\n\n<p>Osoby, kt\u00f3re zdoby\u0142y co najmniej 25 punkt\u00f3w:<\/p>\n\n\n\n<figure class=\"wp-block-table\"><table class=\"has-fixed-layout\"><tbody><tr><td>NAZWISKO I IMI\u0118<\/td><td>SZKO\u0141A<\/td><td>LICZBA PUNKT\u00d3W<\/td><\/tr><tr><td>BIEL MAGDALENA<\/td><td>PZ 2 SOMSiT<\/td><td>29<\/td><\/tr><tr><td>BR\u00d3DKA MARCELINA<\/td><td>PZ 2 SOMSiT<\/td><td>29<\/td><\/tr><tr><td>CHOCH\u00d3\u0141 KAROLINA<\/td><td>PZ 2 SOMSiT<\/td><td>29<\/td><\/tr><tr><td>HOJDYS KAMILA<\/td><td>PZ 6 Brzeszcze<\/td><td>29<\/td><\/tr><tr><td>LASEK DOMINIKA<\/td><td>PZ 4 SE-G<\/td><td>29<\/td><\/tr><tr><td>\u0141ABZA RACHELA<\/td><td>PZ 2 SOMSiT<\/td><td>29<\/td><\/tr><tr><td>OLEJARZ NICOLA<\/td><td>PZ 2 SOMSiT<\/td><td>29<\/td><\/tr><tr><td>SZMAGAJ NATALIA<\/td><td>PZ 6 Brzeszcze<\/td><td>29<\/td><\/tr><tr><td>SZMAGAJ PAULINA<\/td><td>PZ 6 Brzeszcze<\/td><td>29<\/td><\/tr><tr><td>FALC MAJA<\/td><td>PZ 9 K\u0119ty<\/td><td>28<\/td><\/tr><tr><td>JAROMIN KLAUDIA<\/td><td>I LO K\u0119ty<\/td><td>28<\/td><\/tr><tr><td>MARKIEL MILENA<\/td><td>I LO K\u0119ty<\/td><td>28<\/td><\/tr><tr><td>MICHALAK ZOFIA<\/td><td>I LO K\u0119ty<\/td><td>28<\/td><\/tr><tr><td>MOMOT ANTONINA<\/td><td>PZ 1<\/td><td>28<\/td><\/tr><tr><td>MRE\u0143CA TOBIASZ<\/td><td>I LO K\u0119ty<\/td><td>28<\/td><\/tr><tr><td>ORDECKA NATALIA<\/td><td>PZ 2 SOMSiT<\/td><td>28<\/td><\/tr><tr><td>P\u0141OSZCZYCA ANNA<\/td><td>PZ 2 SOMSiT<\/td><td>28<\/td><\/tr><tr><td>RAK BARTOSZ<\/td><td>PZ 6 Brzeszcze<\/td><td>28<\/td><\/tr><tr><td>SAJDAK EWELINA<\/td><td>PZ 6 Brzeszcze<\/td><td>28<\/td><\/tr><tr><td>\u015aWIDERGA\u0141 WERONIKA<\/td><td>PZ 1<\/td><td>28<\/td><\/tr><tr><td>ZAJAS ROKSANA<\/td><td>PZ 6 Brzeszcze<\/td><td>28<\/td><\/tr><tr><td>GRZEGORZEK ZUZANNA<\/td><td>PZ 2 SOMSiT<\/td><td>27<\/td><\/tr><tr><td>KORCOWA WIKTORIA<\/td><td>PZ 6 Brzeszcze<\/td><td>27<\/td><\/tr><tr><td>NABIA\u0141CZYK LAURA<\/td><td>I LO K\u0119ty<\/td><td>27<\/td><\/tr><tr><td>PASTERNAK KLAUDIA<\/td><td>PZ 6 Brzeszcze<\/td><td>27<\/td><\/tr><tr><td>PIOTROWSKA MONIKA<\/td><td>PZ 2 SOMSiT<\/td><td>27<\/td><\/tr><tr><td>S\u0141ONISZKO MARTYNA<\/td><td>PZ 2 SOMSiT<\/td><td>27<\/td><\/tr><tr><td>SZAL ALEKSANDER<\/td><td>PZ 2 SOMSiT<\/td><td>27<\/td><\/tr><tr><td>WANAT WERONIKA<\/td><td>PZ 6 Brzeszcze<\/td><td>27<\/td><\/tr><tr><td>W\u00d3JCIGA WOJCIECH<\/td><td>I LO K\u0119ty<\/td><td>27<\/td><\/tr><tr><td>BARBACHEN ANIELA<\/td><td>I LO K\u0119ty<\/td><td>26<\/td><\/tr><tr><td>GARGULI\u0143SKI NIKODEM<\/td><td>PZ 6 Brzeszcze<\/td><td>26<\/td><\/tr><tr><td>GAWRO\u0143SKA-MERSZTEIN NADIA<\/td><td>PZ 2 SOMSiT<\/td><td>26<\/td><\/tr><tr><td>G\u00d3RKIEWICZ MALWINA<\/td><td>PZ 6 Brzeszcze<\/td><td>26<\/td><\/tr><tr><td>GUMIENNY SZYMON<\/td><td>PZ 1<\/td><td>26<\/td><\/tr><tr><td>HENDZEL PATRYCJA<\/td><td>PCKTiB<\/td><td>26<\/td><\/tr><tr><td>KOWALCZYK KORNELIA<\/td><td>PZ 6 Brzeszcze<\/td><td>26<\/td><\/tr><tr><td>OWARZANA AMELIA<\/td><td>PZ 6 Brzeszcze<\/td><td>26<\/td><\/tr><tr><td>P\u0141ONKA HANNA<\/td><td>PZ 6 Brzeszcze<\/td><td>26<\/td><\/tr><tr><td>SZCZERBOWSKA OLIWIA<\/td><td>PZ 2 SOMSiT<\/td><td>26<\/td><\/tr><tr><td>GA\u0141GAN SANDRA<\/td><td>PZ 2 SOMSiT<\/td><td>25<\/td><\/tr><tr><td>HODUR WIKTORIA<\/td><td>PZ 6 Brzeszcze<\/td><td>25<\/td><\/tr><tr><td>LUKASEK EMILIA<\/td><td>PZ 6 Brzeszcze<\/td><td>25<\/td><\/tr><tr><td>MUCHA ANTONI<\/td><td>PZ 2 SOMSiT<\/td><td>25<\/td><\/tr><tr><td>WYKA DAMIAN<\/td><td>PZ 6 Brzeszcze<\/td><td>25<\/td><\/tr><\/tbody><\/table><\/figure>\n\n\n\n<p>INFORMACJ\u0118 O WYNIKACH KO\u0143COWYCH ORAZ O TERMINIE PODSUMOWANIA KONKURSU I WR\u0118CZENIU NAGR\u00d3D PODAMY WKR\u00d3TCE.<\/p>\n\n\n\n<p>DZI\u0118KUJEMY ZA ZAANGA\u017bOWANIE \ud83d\ude42<\/p>\n","protected":false},"excerpt":{"rendered":"<p>W dniu 10.04.2026 r. odby\u0142 si\u0119 IV etap IV Powiatowego Konkursu Czytelniczego \u201eNasze lektury\u201d dla uczni\u00f3w szk\u00f3\u0142 \u015brednich. Tematem konkursu by\u0142a lektura Adama Mickiewicza \u201eBallady\u201d (\u015awitezianka, Romantyczno\u015b\u0107). Do Konkursu przyst\u0105pi\u0142o 117 uczni\u00f3w z 8 szk\u00f3\u0142 z powiatu o\u015bwi\u0119cimskiego. Uczestnicy odpowiadali na pytania testu. Maksymalna ilo\u015b\u0107 punkt\u00f3w: 30 Zwyci\u0119zcami etapu zostali ex aequo: Osoby, kt\u00f3re zdoby\u0142y [&hellip;]<\/p>\n","protected":false},"author":3,"featured_media":25637,"comment_status":"closed","ping_status":"closed","sticky":false,"template":"","format":"standard","meta":{"footnotes":""},"categories":[107,108],"tags":[],"class_list":["post-27055","post","type-post","status-publish","format-standard","has-post-thumbnail","hentry","category-konkursy","category-aktualnosci"],"yoast_head":"<!-- This site is optimized with the Yoast SEO plugin v16.1.1 - https:\/\/yoast.com\/wordpress\/plugins\/seo\/ -->\n<title>WYNIKI KONKURSU CZYTELNICZEGO &quot;NASZE LEKTURY&quot; DLA UCZNI\u00d3W SZK\u00d3\u0141 \u015aREDNICH - MDK<\/title>\n<link rel=\"canonical\" href=\"https:\/\/mdkoswiecim.pl\/index.php\/2026\/04\/28\/wyniki-konkursu-czytelniczego-nasze-lektury-dla-uczniow-szkol-srednich-2\/\" \/>\n<meta property=\"og:locale\" content=\"pl_PL\" \/>\n<meta property=\"og:type\" content=\"article\" \/>\n<meta property=\"og:title\" content=\"WYNIKI KONKURSU CZYTELNICZEGO &quot;NASZE LEKTURY&quot; DLA UCZNI\u00d3W SZK\u00d3\u0141 \u015aREDNICH - MDK\" \/>\n<meta property=\"og:description\" content=\"W dniu 10.04.2026 r. odby\u0142 si\u0119 IV etap IV Powiatowego Konkursu Czytelniczego \u201eNasze lektury\u201d dla uczni\u00f3w szk\u00f3\u0142 \u015brednich. Tematem konkursu by\u0142a lektura Adama Mickiewicza \u201eBallady\u201d (\u015awitezianka, Romantyczno\u015b\u0107). Do Konkursu przyst\u0105pi\u0142o 117 uczni\u00f3w z 8 szk\u00f3\u0142 z powiatu o\u015bwi\u0119cimskiego. Uczestnicy odpowiadali na pytania testu. Maksymalna ilo\u015b\u0107 punkt\u00f3w: 30 Zwyci\u0119zcami etapu zostali ex aequo: Osoby, kt\u00f3re zdoby\u0142y [&hellip;]\" \/>\n<meta property=\"og:url\" content=\"https:\/\/mdkoswiecim.pl\/index.php\/2026\/04\/28\/wyniki-konkursu-czytelniczego-nasze-lektury-dla-uczniow-szkol-srednich-2\/\" \/>\n<meta property=\"og:site_name\" content=\"MDK\" \/>\n<meta property=\"article:published_time\" content=\"2026-04-28T12:13:22+00:00\" \/>\n<meta property=\"article:modified_time\" content=\"2026-04-28T12:14:24+00:00\" \/>\n<meta property=\"og:image\" content=\"https:\/\/mdkoswiecim.pl\/wp-content\/uploads\/2025\/09\/plakat-etap-I-scaled-e1765977064365.jpg\" \/>\n\t<meta property=\"og:image:width\" content=\"1810\" \/>\n\t<meta property=\"og:image:height\" content=\"832\" \/>\n<meta name=\"twitter:card\" content=\"summary_large_image\" \/>\n<meta name=\"twitter:label1\" content=\"Szacowany czas czytania\">\n\t<meta name=\"twitter:data1\" content=\"2 minuty\">\n<script type=\"application\/ld+json\" class=\"yoast-schema-graph\">{\"@context\":\"https:\/\/schema.org\",\"@graph\":[{\"@type\":\"WebSite\",\"@id\":\"https:\/\/mdkoswiecim.pl\/#website\",\"url\":\"https:\/\/mdkoswiecim.pl\/\",\"name\":\"MDK\",\"description\":\"M\\u0142odzie\\u017cowy Dom Kultury w O\\u015bwi\\u0119cimiu\",\"potentialAction\":[{\"@type\":\"SearchAction\",\"target\":\"https:\/\/mdkoswiecim.pl\/?s={search_term_string}\",\"query-input\":\"required name=search_term_string\"}],\"inLanguage\":\"pl-PL\"},{\"@type\":\"ImageObject\",\"@id\":\"https:\/\/mdkoswiecim.pl\/index.php\/2026\/04\/28\/wyniki-konkursu-czytelniczego-nasze-lektury-dla-uczniow-szkol-srednich-2\/#primaryimage\",\"inLanguage\":\"pl-PL\",\"url\":\"https:\/\/mdkoswiecim.pl\/wp-content\/uploads\/2025\/09\/plakat-etap-I-scaled-e1765977064365.jpg\",\"contentUrl\":\"https:\/\/mdkoswiecim.pl\/wp-content\/uploads\/2025\/09\/plakat-etap-I-scaled-e1765977064365.jpg\",\"width\":1810,\"height\":832},{\"@type\":\"WebPage\",\"@id\":\"https:\/\/mdkoswiecim.pl\/index.php\/2026\/04\/28\/wyniki-konkursu-czytelniczego-nasze-lektury-dla-uczniow-szkol-srednich-2\/#webpage\",\"url\":\"https:\/\/mdkoswiecim.pl\/index.php\/2026\/04\/28\/wyniki-konkursu-czytelniczego-nasze-lektury-dla-uczniow-szkol-srednich-2\/\",\"name\":\"WYNIKI KONKURSU CZYTELNICZEGO \\\"NASZE LEKTURY\\\" DLA UCZNI\\u00d3W SZK\\u00d3\\u0141 \\u015aREDNICH - MDK\",\"isPartOf\":{\"@id\":\"https:\/\/mdkoswiecim.pl\/#website\"},\"primaryImageOfPage\":{\"@id\":\"https:\/\/mdkoswiecim.pl\/index.php\/2026\/04\/28\/wyniki-konkursu-czytelniczego-nasze-lektury-dla-uczniow-szkol-srednich-2\/#primaryimage\"},\"datePublished\":\"2026-04-28T12:13:22+00:00\",\"dateModified\":\"2026-04-28T12:14:24+00:00\",\"author\":{\"@id\":\"https:\/\/mdkoswiecim.pl\/#\/schema\/person\/d9c1081e4cfefcbccad7ec11fa250f7a\"},\"breadcrumb\":{\"@id\":\"https:\/\/mdkoswiecim.pl\/index.php\/2026\/04\/28\/wyniki-konkursu-czytelniczego-nasze-lektury-dla-uczniow-szkol-srednich-2\/#breadcrumb\"},\"inLanguage\":\"pl-PL\",\"potentialAction\":[{\"@type\":\"ReadAction\",\"target\":[\"https:\/\/mdkoswiecim.pl\/index.php\/2026\/04\/28\/wyniki-konkursu-czytelniczego-nasze-lektury-dla-uczniow-szkol-srednich-2\/\"]}]},{\"@type\":\"BreadcrumbList\",\"@id\":\"https:\/\/mdkoswiecim.pl\/index.php\/2026\/04\/28\/wyniki-konkursu-czytelniczego-nasze-lektury-dla-uczniow-szkol-srednich-2\/#breadcrumb\",\"itemListElement\":[{\"@type\":\"ListItem\",\"position\":1,\"item\":{\"@type\":\"WebPage\",\"@id\":\"https:\/\/mdkoswiecim.pl\/\",\"url\":\"https:\/\/mdkoswiecim.pl\/\",\"name\":\"Strona g\\u0142\\u00f3wna\"}},{\"@type\":\"ListItem\",\"position\":2,\"item\":{\"@type\":\"WebPage\",\"@id\":\"https:\/\/mdkoswiecim.pl\/index.php\/2026\/04\/28\/wyniki-konkursu-czytelniczego-nasze-lektury-dla-uczniow-szkol-srednich-2\/\",\"url\":\"https:\/\/mdkoswiecim.pl\/index.php\/2026\/04\/28\/wyniki-konkursu-czytelniczego-nasze-lektury-dla-uczniow-szkol-srednich-2\/\",\"name\":\"WYNIKI KONKURSU CZYTELNICZEGO &#8220;NASZE LEKTURY&#8221; DLA UCZNI\\u00d3W SZK\\u00d3\\u0141 \\u015aREDNICH\"}}]},{\"@type\":\"Person\",\"@id\":\"https:\/\/mdkoswiecim.pl\/#\/schema\/person\/d9c1081e4cfefcbccad7ec11fa250f7a\",\"name\":\"alina.kwarciak\",\"image\":{\"@type\":\"ImageObject\",\"@id\":\"https:\/\/mdkoswiecim.pl\/#personlogo\",\"inLanguage\":\"pl-PL\",\"url\":\"https:\/\/secure.gravatar.com\/avatar\/cce8f640650bbd69c0efc0afd2dddb7945a94129b978796401e58cac1eb8b87b?s=96&d=mm&r=g\",\"contentUrl\":\"https:\/\/secure.gravatar.com\/avatar\/cce8f640650bbd69c0efc0afd2dddb7945a94129b978796401e58cac1eb8b87b?s=96&d=mm&r=g\",\"caption\":\"alina.kwarciak\"}}]}<\/script>\n<!-- \/ Yoast SEO plugin. -->","_links":{"self":[{"href":"https:\/\/mdkoswiecim.pl\/index.php\/wp-json\/wp\/v2\/posts\/27055","targetHints":{"allow":["GET"]}}],"collection":[{"href":"https:\/\/mdkoswiecim.pl\/index.php\/wp-json\/wp\/v2\/posts"}],"about":[{"href":"https:\/\/mdkoswiecim.pl\/index.php\/wp-json\/wp\/v2\/types\/post"}],"author":[{"embeddable":true,"href":"https:\/\/mdkoswiecim.pl\/index.php\/wp-json\/wp\/v2\/users\/3"}],"replies":[{"embeddable":true,"href":"https:\/\/mdkoswiecim.pl\/index.php\/wp-json\/wp\/v2\/comments?post=27055"}],"version-history":[{"count":1,"href":"https:\/\/mdkoswiecim.pl\/index.php\/wp-json\/wp\/v2\/posts\/27055\/revisions"}],"predecessor-version":[{"id":27056,"href":"https:\/\/mdkoswiecim.pl\/index.php\/wp-json\/wp\/v2\/posts\/27055\/revisions\/27056"}],"wp:featuredmedia":[{"embeddable":true,"href":"https:\/\/mdkoswiecim.pl\/index.php\/wp-json\/wp\/v2\/media\/25637"}],"wp:attachment":[{"href":"https:\/\/mdkoswiecim.pl\/index.php\/wp-json\/wp\/v2\/media?parent=27055"}],"wp:term":[{"taxonomy":"category","embeddable":true,"href":"https:\/\/mdkoswiecim.pl\/index.php\/wp-json\/wp\/v2\/categories?post=27055"},{"taxonomy":"post_tag","embeddable":true,"href":"https:\/\/mdkoswiecim.pl\/index.php\/wp-json\/wp\/v2\/tags?post=27055"}],"curies":[{"name":"wp","href":"https:\/\/api.w.org\/{rel}","templated":true}]}}