{"id":27053,"date":"2026-04-28T14:07:44","date_gmt":"2026-04-28T12:07:44","guid":{"rendered":"https:\/\/mdkoswiecim.pl\/?p=27053"},"modified":"2026-04-28T14:07:45","modified_gmt":"2026-04-28T12:07:45","slug":"wyniki-4-etapu-konkursu-czytelniczego-nasze-lektury-dla-uczniow-szkol-podstawowych","status":"publish","type":"post","link":"https:\/\/mdkoswiecim.pl\/index.php\/2026\/04\/28\/wyniki-4-etapu-konkursu-czytelniczego-nasze-lektury-dla-uczniow-szkol-podstawowych\/","title":{"rendered":"WYNIKI 4. ETAPU KONKURSU CZYTELNICZEGO &#8220;NASZE LEKTURY&#8221; DLA UCZNI\u00d3W SZK\u00d3\u0141 PODSTAWOWYCH"},"content":{"rendered":"\n<p>W dniu 10.04.2026 r. odby\u0142 si\u0119 IV etap XVI Powiatowego Konkursu Czytelniczego \u201eNasze lektury\u201d dla uczni\u00f3w szk\u00f3\u0142 podstawowych. Tematem konkursu by\u0142 film \u201ePercy Jackson i Bogowie Olimpijscy: Z\u0142odziej pioruna\u201d<\/p>\n\n\n\n<p>Do Konkursu przyst\u0105pi\u0142o 159 uczni\u00f3w z 18 szk\u00f3\u0142 z powiatu o\u015bwi\u0119cimskiego.<\/p>\n\n\n\n<p>Uczestnicy odpowiadali na pytania testu. Maksymalna ilo\u015b\u0107 punkt\u00f3w: 30<\/p>\n\n\n\n<p>Zwyci\u0119zcami etapu zostali ex aequo: <\/p>\n\n\n\n<ul class=\"wp-block-list\">\n<li>ze Szko\u0142y Podstawowej nr 1 w O\u015bwi\u0119cimiu \u2013 KOLASA KSAWERY, <\/li>\n\n\n\n<li>ze Szko\u0142y Podstawowej nr 1 w Przeciszowie \u2013 PARZYMI\u0118SO MICHALINA, <\/li>\n\n\n\n<li>ze Szko\u0142y Podstawowej nr 2 w Osieku &#8211; RUSIN POLA, <\/li>\n\n\n\n<li>ze Szko\u0142y Podstawowej nr 3 w O\u015bwi\u0119cimiu &#8211; MAKSAJDA WOJCIECH, <\/li>\n\n\n\n<li>ze Szko\u0142y Podstawowej nr 4 w O\u015bwi\u0119cimiu &#8211; PIECZKA JULIA, <\/li>\n\n\n\n<li>ze Szko\u0142y Podstawowej nr 9 w O\u015bwi\u0119cimiu &#8211; KOCZUR HANNA, TYC TADEUSZ, <\/li>\n\n\n\n<li>ze Szko\u0142y Podstawowej w Bielanach &#8211; ADAMASZEK ANTONI, GABRY\u015a EMILIA, GABRY\u015a NATALIA, MATUSIAK ANTONI, OLEKSY ANNA, WR\u00d3BEL PATRYCJA, <\/li>\n\n\n\n<li>ze Szko\u0142y Podstawowej w Zaborzu &#8211; W\u00d3JCICKA DOMINIKA, <\/li>\n\n\n\n<li>z SZS w Bobrku &#8211; SZPIEGLA IGOR, <\/li>\n\n\n\n<li>z SZS w Gorzowie &#8211; JANISZEWSKI JAKUB, WILCZAK EMILIA, <\/li>\n\n\n\n<li>z ZSO w Zatorze &#8211; POREMBA MAKSYMILIAN, <\/li>\n\n\n\n<li>z ZS-P w Bulowicach &#8211; \u017bAK DAWID, <\/li>\n\n\n\n<li>z ZS-P w Graboszycach &#8211; JURASZ LENA, WR\u00d3BEL ZOFIA, <\/li>\n\n\n\n<li>ze Szko\u0142y Podstawowej nr 2 w O\u015bwi\u0119cimiu &#8211; ZAJ\u0104C ZOFIA, \u017bAK KSAWERY.<\/li>\n<\/ul>\n\n\n\n<p>wyniki os\u00f3b, kt\u00f3re osi\u0105gn\u0119\u0142y co najmniej 25 punkt\u00f3w:<\/p>\n\n\n\n<figure class=\"wp-block-table\"><table class=\"has-fixed-layout\"><tbody><tr><td>NAZWISKO I IMI\u0118<\/td><td>SZKO\u0141A<\/td><td>LICZBA PUNKT\u00d3W<\/td><\/tr><tr><td>DWORNIK IGOR<\/td><td>SP nr 2 w Osieku<\/td><td>29<\/td><\/tr><tr><td>GUMIENNY ANTONI<\/td><td>SP nr 2 w O\u015bwi\u0119cimiu<\/td><td>29<\/td><\/tr><tr><td>KAY SOFIJA<\/td><td>SP nr 2 w Przeciszowie<\/td><td>29<\/td><\/tr><tr><td>KRZY\u017bECKA GABRIELA<\/td><td>SP nr 4 w O\u015bwi\u0119cimiu<\/td><td>29<\/td><\/tr><tr><td>KRZY\u017bECKA IZABELA<\/td><td>SP nr 4 w O\u015bwi\u0119cimiu<\/td><td>29<\/td><\/tr><tr><td>LOREK GAJA<\/td><td>SP nr 4 w O\u015bwi\u0119cimiu<\/td><td>29<\/td><\/tr><tr><td>MATULA KRZYSZTOF<\/td><td>SP nr 4 w O\u015bwi\u0119cimiu<\/td><td>29<\/td><\/tr><tr><td>BIE\u0143 ALEKSANDRA<\/td><td>SP nr 9 w O\u015bwi\u0119cimiu<\/td><td>29<\/td><\/tr><tr><td>GABRY\u015a KAMILA<\/td><td>SP w Bielanach<\/td><td>29<\/td><\/tr><tr><td>HALSKI SZYMON<\/td><td>SP w Bielanach<\/td><td>29<\/td><\/tr><tr><td>SMOLARCZYK MILENA<\/td><td>SP w Bielanach<\/td><td>29<\/td><\/tr><tr><td>GOYTOWSKI ALEKSANDER<\/td><td>SP w Grojcu<\/td><td>29<\/td><\/tr><tr><td>PIEK\u0141O MARIA<\/td><td>SP w Grojcu<\/td><td>29<\/td><\/tr><tr><td>POLAK JAN<\/td><td>SP w Grojcu<\/td><td>29<\/td><\/tr><tr><td>KO\u0141AKOWSKA ZUZANNA<\/td><td>SP w Zaborzu<\/td><td>29<\/td><\/tr><tr><td>P\u0141ATEK LENA<\/td><td>SZS nr 1 w Che\u0142mku<\/td><td>29<\/td><\/tr><tr><td>GA\u0141GAN ZUZANNA<\/td><td>SZS w Gorzowie<\/td><td>29<\/td><\/tr><tr><td>JANISZEWSKA MAJA<\/td><td>SZS w Gorzowie<\/td><td>29<\/td><\/tr><tr><td>OLEJNICZAK BLANKA<\/td><td>SZS w Gorzowie<\/td><td>29<\/td><\/tr><tr><td>WILCZAK MAKSYMILIAN<\/td><td>SZS w Gorzowie<\/td><td>29<\/td><\/tr><tr><td>AUGUSTYN GABRIELA<\/td><td>SP nr 1 w Przeciszowie<\/td><td>28<\/td><\/tr><tr><td>KL\u0118CZAR MAGDALENA<\/td><td>SP nr 2 w Osieku<\/td><td>28<\/td><\/tr><tr><td>KULPA PAWE\u0141<\/td><td>SP nr 2 w Osieku<\/td><td>28<\/td><\/tr><tr><td>J\u0118DRYSIK ZOFIA<\/td><td>SP nr 2 w Przeciszowie<\/td><td>28<\/td><\/tr><tr><td>KNAPIK MALWINA<\/td><td>SP nr 2 w Przeciszowie<\/td><td>28<\/td><\/tr><tr><td>PIEGZA HANNA<\/td><td>SP nr 2 w Przeciszowie<\/td><td>28<\/td><\/tr><tr><td>HANUSZEK EMILIA<\/td><td>SP nr 4 w O\u015bwi\u0119cimiu<\/td><td>28<\/td><\/tr><tr><td>BOGDA\u0143SKA MARIA<\/td><td>SP nr 9 w O\u015bwi\u0119cimiu<\/td><td>28<\/td><\/tr><tr><td>KRYSKA MIECZYS\u0141AW<\/td><td>SP w Bielanach<\/td><td>28<\/td><\/tr><tr><td>RADOSZ GABRIELA<\/td><td>SP w Bielanach<\/td><td>28<\/td><\/tr><tr><td>K\u0118DRACKA LENA<\/td><td>SP w Grojcu<\/td><td>28<\/td><\/tr><tr><td>K\u0118DRACKA MAJA<\/td><td>SP w Grojcu<\/td><td>28<\/td><\/tr><tr><td>KADLOF ALEKSANDER<\/td><td>SP w Zaborzu<\/td><td>28<\/td><\/tr><tr><td>KRAWCZYK BARTOSZ<\/td><td>SP w Zaborzu<\/td><td>28<\/td><\/tr><tr><td>MATEJEK HANNA<\/td><td>SZS w Gorzowie<\/td><td>28<\/td><\/tr><tr><td>OLEJNICZAK POLA<\/td><td>SZS w Gorzowie<\/td><td>28<\/td><\/tr><tr><td>TR\u0118BACZ WOJCIECH<\/td><td>SZS w Gorzowie<\/td><td>28<\/td><\/tr><tr><td>BRATEK JULIA<\/td><td>SP nr 1 w Przeciszowie<\/td><td>27<\/td><\/tr><tr><td>GAGRACZ TYMON<\/td><td>SP nr 1 w Przeciszowie<\/td><td>27<\/td><\/tr><tr><td>KRZE\u015aNIAK WOJCIECH<\/td><td>SP nr 2 w Osieku<\/td><td>27<\/td><\/tr><tr><td>KNAPIK ZUZANNA<\/td><td>SP nr 2 w O\u015bwi\u0119cimiu<\/td><td>27<\/td><\/tr><tr><td>KLETA MATYLDA<\/td><td>SP nr 9 w O\u015bwi\u0119cimiu<\/td><td>27<\/td><\/tr><tr><td>MEN\u017bYK NINA<\/td><td>SP nr 9 w O\u015bwi\u0119cimiu<\/td><td>27<\/td><\/tr><tr><td>J\u0118DRZEJCZYK OLIWIER<\/td><td>SP w Grojcu<\/td><td>27<\/td><\/tr><tr><td>KUBICA HANNA<\/td><td>SP w Grojcu<\/td><td>27<\/td><\/tr><tr><td>RYDZO\u0143 ANNA<\/td><td>SP w Grojcu<\/td><td>27<\/td><\/tr><tr><td>WALUS AMELIA<\/td><td>SP w Grojcu<\/td><td>27<\/td><\/tr><tr><td>BR\u00d3ZDA LENA<\/td><td>SP w Zaborzu<\/td><td>27<\/td><\/tr><tr><td>BARLETTA LAURA<\/td><td>SZS w Gorzowie<\/td><td>27<\/td><\/tr><tr><td>POSTUPALSKI LEONARD<\/td><td>SZS w Gorzowie<\/td><td>27<\/td><\/tr><tr><td>DZIDEK NIKOLA<\/td><td>ZSO Zator<\/td><td>27<\/td><\/tr><tr><td>KRAJZEL MICHALINA<\/td><td>SP nr 1 w Przeciszowie<\/td><td>26<\/td><\/tr><tr><td>PALKA KACPER<\/td><td>SP nr 2 w Przeciszowie<\/td><td>26<\/td><\/tr><tr><td>PORZ\u0104DNICKI IGOR<\/td><td>SP nr 3 w O\u015bwi\u0119cimiu<\/td><td>26<\/td><\/tr><tr><td>SPORYSZ KLAUDIA<\/td><td>SP nr 9 w O\u015bwi\u0119cimiu<\/td><td>26<\/td><\/tr><tr><td>BUJAREK MAJA<\/td><td>SP w Bielanach<\/td><td>26<\/td><\/tr><tr><td>JASI\u0143SKA MAJA<\/td><td>SP w Bielanach<\/td><td>26<\/td><\/tr><tr><td>KURDZIEL ZOFIA<\/td><td>SP w Bielanach<\/td><td>26<\/td><\/tr><tr><td>NYKIEL HANNA<\/td><td>SP w Bielanach<\/td><td>26<\/td><\/tr><tr><td>W\u00d3JCIK WIKTORIA<\/td><td>SP w Grojcu<\/td><td>26<\/td><\/tr><tr><td>DOM\u017bA\u0141 ALEKSANDER<\/td><td>SP w Zaborzu<\/td><td>26<\/td><\/tr><tr><td>DROZDOWSKI ANTONI<\/td><td>SP w Zaborzu<\/td><td>26<\/td><\/tr><tr><td>P\u0141OSZCZYCA MARTYNA<\/td><td>SP w Zaborzu<\/td><td>26<\/td><\/tr><tr><td>SORDYL KRZYSZTOF<\/td><td>SP w Zaborzu<\/td><td>26<\/td><\/tr><tr><td>TOMCZYK KAJA<\/td><td>SZS w Gorzowie<\/td><td>26<\/td><\/tr><tr><td>RUSINEK ZOFIA<\/td><td>ZS-P w Graboszycach<\/td><td>26<\/td><\/tr><tr><td>LISOWSKI BART\u0141OMIEJ<\/td><td>SP nr 2 w Osieku<\/td><td>25<\/td><\/tr><tr><td>ZALEWSKI HUBERT<\/td><td>SP nr 3 w O\u015bwi\u0119cimiu<\/td><td>25<\/td><\/tr><tr><td>KAPITAN MILENA<\/td><td>SP nr 4 w O\u015bwi\u0119cimiu<\/td><td>25<\/td><\/tr><tr><td>KUBEK KAROL<\/td><td>SP nr 4 w O\u015bwi\u0119cimiu<\/td><td>25<\/td><\/tr><tr><td>SZAFRANIEC MARCIN<\/td><td>SP nr 4 w O\u015bwi\u0119cimiu<\/td><td>25<\/td><\/tr><tr><td>CHWIERUT IGOR<\/td><td>SP w Bielanach<\/td><td>25<\/td><\/tr><tr><td>BLAROWSKA URSZULA<\/td><td>SP w Grojcu<\/td><td>25<\/td><\/tr><tr><td>BUCHA\u0141A MAJA<\/td><td>SP w Grojcu<\/td><td>25<\/td><\/tr><tr><td>CHOWANIEC IGOR<\/td><td>SP w Grojcu<\/td><td>25<\/td><\/tr><tr><td>KORYL WOJCIECH<\/td><td>SP w Zaborzu<\/td><td>25<\/td><\/tr><tr><td>SIUTA MARCEL<\/td><td>SP w Zaborzu<\/td><td>25<\/td><\/tr><tr><td>SMOTER NATALIA<\/td><td>SZS nr 1 w Che\u0142mku<\/td><td>25<\/td><\/tr><tr><td>MUCHA GABRIELA<\/td><td>ZS-P w Graboszycach<\/td><td>25<\/td><\/tr><\/tbody><\/table><\/figure>\n\n\n\n<p>Podsumowanie wszystkich etap\u00f3w oraz informacj\u0119 o wr\u0119czeniu nagr\u00f3d podamy wkr\u00f3tce.<\/p>\n\n\n\n<p>Dzi\u0119kujemy za zaanga\u017cowanie \ud83d\ude42<\/p>\n","protected":false},"excerpt":{"rendered":"<p>W dniu 10.04.2026 r. odby\u0142 si\u0119 IV etap XVI Powiatowego Konkursu Czytelniczego \u201eNasze lektury\u201d dla uczni\u00f3w szk\u00f3\u0142 podstawowych. Tematem konkursu by\u0142 film \u201ePercy Jackson i Bogowie Olimpijscy: Z\u0142odziej pioruna\u201d Do Konkursu przyst\u0105pi\u0142o 159 uczni\u00f3w z 18 szk\u00f3\u0142 z powiatu o\u015bwi\u0119cimskiego. Uczestnicy odpowiadali na pytania testu. Maksymalna ilo\u015b\u0107 punkt\u00f3w: 30 Zwyci\u0119zcami etapu zostali ex aequo: wyniki [&hellip;]<\/p>\n","protected":false},"author":3,"featured_media":25632,"comment_status":"closed","ping_status":"closed","sticky":false,"template":"","format":"standard","meta":{"footnotes":""},"categories":[107,108],"tags":[],"class_list":["post-27053","post","type-post","status-publish","format-standard","has-post-thumbnail","hentry","category-konkursy","category-aktualnosci"],"yoast_head":"<!-- This site is optimized with the Yoast SEO plugin v16.1.1 - https:\/\/yoast.com\/wordpress\/plugins\/seo\/ -->\n<title>WYNIKI 4. ETAPU KONKURSU CZYTELNICZEGO &quot;NASZE LEKTURY&quot; DLA UCZNI\u00d3W SZK\u00d3\u0141 PODSTAWOWYCH - MDK<\/title>\n<link rel=\"canonical\" href=\"https:\/\/mdkoswiecim.pl\/index.php\/2026\/04\/28\/wyniki-4-etapu-konkursu-czytelniczego-nasze-lektury-dla-uczniow-szkol-podstawowych\/\" \/>\n<meta property=\"og:locale\" content=\"pl_PL\" \/>\n<meta property=\"og:type\" content=\"article\" \/>\n<meta property=\"og:title\" content=\"WYNIKI 4. ETAPU KONKURSU CZYTELNICZEGO &quot;NASZE LEKTURY&quot; DLA UCZNI\u00d3W SZK\u00d3\u0141 PODSTAWOWYCH - MDK\" \/>\n<meta property=\"og:description\" content=\"W dniu 10.04.2026 r. odby\u0142 si\u0119 IV etap XVI Powiatowego Konkursu Czytelniczego \u201eNasze lektury\u201d dla uczni\u00f3w szk\u00f3\u0142 podstawowych. Tematem konkursu by\u0142 film \u201ePercy Jackson i Bogowie Olimpijscy: Z\u0142odziej pioruna\u201d Do Konkursu przyst\u0105pi\u0142o 159 uczni\u00f3w z 18 szk\u00f3\u0142 z powiatu o\u015bwi\u0119cimskiego. Uczestnicy odpowiadali na pytania testu. Maksymalna ilo\u015b\u0107 punkt\u00f3w: 30 Zwyci\u0119zcami etapu zostali ex aequo: wyniki [&hellip;]\" \/>\n<meta property=\"og:url\" content=\"https:\/\/mdkoswiecim.pl\/index.php\/2026\/04\/28\/wyniki-4-etapu-konkursu-czytelniczego-nasze-lektury-dla-uczniow-szkol-podstawowych\/\" \/>\n<meta property=\"og:site_name\" content=\"MDK\" \/>\n<meta property=\"article:published_time\" content=\"2026-04-28T12:07:44+00:00\" \/>\n<meta property=\"article:modified_time\" content=\"2026-04-28T12:07:45+00:00\" \/>\n<meta property=\"og:image\" content=\"https:\/\/mdkoswiecim.pl\/wp-content\/uploads\/2025\/09\/plakat-etapI--e1765869032913.jpg\" \/>\n\t<meta property=\"og:image:width\" content=\"1032\" \/>\n\t<meta property=\"og:image:height\" content=\"684\" \/>\n<meta name=\"twitter:card\" content=\"summary_large_image\" \/>\n<meta name=\"twitter:label1\" content=\"Szacowany czas czytania\">\n\t<meta name=\"twitter:data1\" content=\"3 minuty\">\n<script type=\"application\/ld+json\" class=\"yoast-schema-graph\">{\"@context\":\"https:\/\/schema.org\",\"@graph\":[{\"@type\":\"WebSite\",\"@id\":\"https:\/\/mdkoswiecim.pl\/#website\",\"url\":\"https:\/\/mdkoswiecim.pl\/\",\"name\":\"MDK\",\"description\":\"M\\u0142odzie\\u017cowy Dom Kultury w O\\u015bwi\\u0119cimiu\",\"potentialAction\":[{\"@type\":\"SearchAction\",\"target\":\"https:\/\/mdkoswiecim.pl\/?s={search_term_string}\",\"query-input\":\"required name=search_term_string\"}],\"inLanguage\":\"pl-PL\"},{\"@type\":\"ImageObject\",\"@id\":\"https:\/\/mdkoswiecim.pl\/index.php\/2026\/04\/28\/wyniki-4-etapu-konkursu-czytelniczego-nasze-lektury-dla-uczniow-szkol-podstawowych\/#primaryimage\",\"inLanguage\":\"pl-PL\",\"url\":\"https:\/\/mdkoswiecim.pl\/wp-content\/uploads\/2025\/09\/plakat-etapI--e1765869032913.jpg\",\"contentUrl\":\"https:\/\/mdkoswiecim.pl\/wp-content\/uploads\/2025\/09\/plakat-etapI--e1765869032913.jpg\",\"width\":1032,\"height\":684},{\"@type\":\"WebPage\",\"@id\":\"https:\/\/mdkoswiecim.pl\/index.php\/2026\/04\/28\/wyniki-4-etapu-konkursu-czytelniczego-nasze-lektury-dla-uczniow-szkol-podstawowych\/#webpage\",\"url\":\"https:\/\/mdkoswiecim.pl\/index.php\/2026\/04\/28\/wyniki-4-etapu-konkursu-czytelniczego-nasze-lektury-dla-uczniow-szkol-podstawowych\/\",\"name\":\"WYNIKI 4. ETAPU KONKURSU CZYTELNICZEGO \\\"NASZE LEKTURY\\\" DLA UCZNI\\u00d3W SZK\\u00d3\\u0141 PODSTAWOWYCH - MDK\",\"isPartOf\":{\"@id\":\"https:\/\/mdkoswiecim.pl\/#website\"},\"primaryImageOfPage\":{\"@id\":\"https:\/\/mdkoswiecim.pl\/index.php\/2026\/04\/28\/wyniki-4-etapu-konkursu-czytelniczego-nasze-lektury-dla-uczniow-szkol-podstawowych\/#primaryimage\"},\"datePublished\":\"2026-04-28T12:07:44+00:00\",\"dateModified\":\"2026-04-28T12:07:45+00:00\",\"author\":{\"@id\":\"https:\/\/mdkoswiecim.pl\/#\/schema\/person\/d9c1081e4cfefcbccad7ec11fa250f7a\"},\"breadcrumb\":{\"@id\":\"https:\/\/mdkoswiecim.pl\/index.php\/2026\/04\/28\/wyniki-4-etapu-konkursu-czytelniczego-nasze-lektury-dla-uczniow-szkol-podstawowych\/#breadcrumb\"},\"inLanguage\":\"pl-PL\",\"potentialAction\":[{\"@type\":\"ReadAction\",\"target\":[\"https:\/\/mdkoswiecim.pl\/index.php\/2026\/04\/28\/wyniki-4-etapu-konkursu-czytelniczego-nasze-lektury-dla-uczniow-szkol-podstawowych\/\"]}]},{\"@type\":\"BreadcrumbList\",\"@id\":\"https:\/\/mdkoswiecim.pl\/index.php\/2026\/04\/28\/wyniki-4-etapu-konkursu-czytelniczego-nasze-lektury-dla-uczniow-szkol-podstawowych\/#breadcrumb\",\"itemListElement\":[{\"@type\":\"ListItem\",\"position\":1,\"item\":{\"@type\":\"WebPage\",\"@id\":\"https:\/\/mdkoswiecim.pl\/\",\"url\":\"https:\/\/mdkoswiecim.pl\/\",\"name\":\"Strona g\\u0142\\u00f3wna\"}},{\"@type\":\"ListItem\",\"position\":2,\"item\":{\"@type\":\"WebPage\",\"@id\":\"https:\/\/mdkoswiecim.pl\/index.php\/2026\/04\/28\/wyniki-4-etapu-konkursu-czytelniczego-nasze-lektury-dla-uczniow-szkol-podstawowych\/\",\"url\":\"https:\/\/mdkoswiecim.pl\/index.php\/2026\/04\/28\/wyniki-4-etapu-konkursu-czytelniczego-nasze-lektury-dla-uczniow-szkol-podstawowych\/\",\"name\":\"WYNIKI 4. ETAPU KONKURSU CZYTELNICZEGO &#8220;NASZE LEKTURY&#8221; DLA UCZNI\\u00d3W SZK\\u00d3\\u0141 PODSTAWOWYCH\"}}]},{\"@type\":\"Person\",\"@id\":\"https:\/\/mdkoswiecim.pl\/#\/schema\/person\/d9c1081e4cfefcbccad7ec11fa250f7a\",\"name\":\"alina.kwarciak\",\"image\":{\"@type\":\"ImageObject\",\"@id\":\"https:\/\/mdkoswiecim.pl\/#personlogo\",\"inLanguage\":\"pl-PL\",\"url\":\"https:\/\/secure.gravatar.com\/avatar\/cce8f640650bbd69c0efc0afd2dddb7945a94129b978796401e58cac1eb8b87b?s=96&d=mm&r=g\",\"contentUrl\":\"https:\/\/secure.gravatar.com\/avatar\/cce8f640650bbd69c0efc0afd2dddb7945a94129b978796401e58cac1eb8b87b?s=96&d=mm&r=g\",\"caption\":\"alina.kwarciak\"}}]}<\/script>\n<!-- \/ Yoast SEO plugin. -->","_links":{"self":[{"href":"https:\/\/mdkoswiecim.pl\/index.php\/wp-json\/wp\/v2\/posts\/27053","targetHints":{"allow":["GET"]}}],"collection":[{"href":"https:\/\/mdkoswiecim.pl\/index.php\/wp-json\/wp\/v2\/posts"}],"about":[{"href":"https:\/\/mdkoswiecim.pl\/index.php\/wp-json\/wp\/v2\/types\/post"}],"author":[{"embeddable":true,"href":"https:\/\/mdkoswiecim.pl\/index.php\/wp-json\/wp\/v2\/users\/3"}],"replies":[{"embeddable":true,"href":"https:\/\/mdkoswiecim.pl\/index.php\/wp-json\/wp\/v2\/comments?post=27053"}],"version-history":[{"count":1,"href":"https:\/\/mdkoswiecim.pl\/index.php\/wp-json\/wp\/v2\/posts\/27053\/revisions"}],"predecessor-version":[{"id":27054,"href":"https:\/\/mdkoswiecim.pl\/index.php\/wp-json\/wp\/v2\/posts\/27053\/revisions\/27054"}],"wp:featuredmedia":[{"embeddable":true,"href":"https:\/\/mdkoswiecim.pl\/index.php\/wp-json\/wp\/v2\/media\/25632"}],"wp:attachment":[{"href":"https:\/\/mdkoswiecim.pl\/index.php\/wp-json\/wp\/v2\/media?parent=27053"}],"wp:term":[{"taxonomy":"category","embeddable":true,"href":"https:\/\/mdkoswiecim.pl\/index.php\/wp-json\/wp\/v2\/categories?post=27053"},{"taxonomy":"post_tag","embeddable":true,"href":"https:\/\/mdkoswiecim.pl\/index.php\/wp-json\/wp\/v2\/tags?post=27053"}],"curies":[{"name":"wp","href":"https:\/\/api.w.org\/{rel}","templated":true}]}}