{"id":27047,"date":"2026-04-28T08:46:34","date_gmt":"2026-04-28T06:46:34","guid":{"rendered":"https:\/\/mdkoswiecim.pl\/?p=27047"},"modified":"2026-04-28T08:49:55","modified_gmt":"2026-04-28T06:49:55","slug":"wyniki-xxix-konkursu-wiedzy-o-oswiecimiu","status":"publish","type":"post","link":"https:\/\/mdkoswiecim.pl\/index.php\/2026\/04\/28\/wyniki-xxix-konkursu-wiedzy-o-oswiecimiu\/","title":{"rendered":"WYNIKI XXIX KONKURSU WIEDZY O O\u015aWI\u0118CIMIU"},"content":{"rendered":"\n<p>W dniu 24 kwietnia 2026 odby\u0142o si\u0119 posiedzenie komisji konkursowej XXIX Konkursu Wiedzy o O\u015bwi\u0119cimiu zorganizowanego przez M\u0142odzie\u017cowy Dom Kultury w O\u015bwi\u0119cimiu w dniu 23.04.2026. Prace testowe zosta\u0142y ocenione przez jury w sk\u0142adzie Alina Kwarciak i Anna Chodacka.<\/p>\n\n\n\n<p>Ocenie podlega\u0142y 24 prace, napisanych przez uczni\u00f3w z kl. 4-8 ze szk\u00f3\u0142 podstawowych powiatu o\u015bwi\u0119cimskiego. Prace podlega\u0142y ocenie punktowej. Maksymalna liczba punkt\u00f3w do zdobycia za rozwi\u0105zanie testu to <strong>91.<\/strong><\/p>\n\n\n\n<p><strong>WYNIKI:<\/strong><\/p>\n\n\n\n<p><strong>I miejsce<\/strong> \u2013 Martyna Turaj \u2013 z ilo\u015bci\u0105 punktur <strong>86<\/strong><\/p>\n\n\n\n<p><strong>I miejsce<\/strong> \u2013 Leon Niemczyk \u2013 z ilo\u015bci\u0105 punktur <strong>86<\/strong><\/p>\n\n\n\n<p><strong>II miejsce<\/strong> \u2013 Karol Grzywa &#8211; z ilo\u015bci\u0105 punktur <strong>81<\/strong><\/p>\n\n\n\n<p><strong>III miejsce<\/strong> \u2013 Jakub Gawe\u0142 &#8211; z ilo\u015bci\u0105 punktur <strong>79<\/strong><\/p>\n\n\n\n<p><strong>Wyr\u00f3\u017cnienie<\/strong>: Zuzanna Ko\u0142akowska \u2013 z ilo\u015bci\u0105 punktur <strong>77<\/strong>.<\/p>\n\n\n\n<p>Wszystkim uczestnikom gratulujemy wiedzy \ud83d\ude42<\/p>\n\n\n\n<p>WR\u0118CZENIE NAGR\u00d3D, NA KT\u00d3RE ZAPRASZAMY OSOBY NAGRODZONE, ODB\u0118DZIE SI\u0118 30 KWIETNIA O GODZ. 12.00 W M\u0141ODZIE\u017bOWYM DOMU KULTURY W O\u015aWI\u0118CIMIU (ul. Olszewskiego 1).<\/p>\n","protected":false},"excerpt":{"rendered":"<p>W dniu 24 kwietnia 2026 odby\u0142o si\u0119 posiedzenie komisji konkursowej XXIX Konkursu Wiedzy o O\u015bwi\u0119cimiu zorganizowanego przez M\u0142odzie\u017cowy Dom Kultury w O\u015bwi\u0119cimiu w dniu 23.04.2026. Prace testowe zosta\u0142y ocenione przez jury w sk\u0142adzie Alina Kwarciak i Anna Chodacka. Ocenie podlega\u0142y 24 prace, napisanych przez uczni\u00f3w z kl. 4-8 ze szk\u00f3\u0142 podstawowych powiatu o\u015bwi\u0119cimskiego. Prace podlega\u0142y [&hellip;]<\/p>\n","protected":false},"author":3,"featured_media":26520,"comment_status":"closed","ping_status":"closed","sticky":false,"template":"","format":"standard","meta":{"footnotes":""},"categories":[107,108],"tags":[],"class_list":["post-27047","post","type-post","status-publish","format-standard","has-post-thumbnail","hentry","category-konkursy","category-aktualnosci"],"yoast_head":"<!-- This site is optimized with the Yoast SEO plugin v16.1.1 - https:\/\/yoast.com\/wordpress\/plugins\/seo\/ -->\n<title>WYNIKI XXIX KONKURSU WIEDZY O O\u015aWI\u0118CIMIU - MDK<\/title>\n<link rel=\"canonical\" href=\"https:\/\/mdkoswiecim.pl\/index.php\/2026\/04\/28\/wyniki-xxix-konkursu-wiedzy-o-oswiecimiu\/\" \/>\n<meta property=\"og:locale\" content=\"pl_PL\" \/>\n<meta property=\"og:type\" content=\"article\" \/>\n<meta property=\"og:title\" content=\"WYNIKI XXIX KONKURSU WIEDZY O O\u015aWI\u0118CIMIU - MDK\" \/>\n<meta property=\"og:description\" content=\"W dniu 24 kwietnia 2026 odby\u0142o si\u0119 posiedzenie komisji konkursowej XXIX Konkursu Wiedzy o O\u015bwi\u0119cimiu zorganizowanego przez M\u0142odzie\u017cowy Dom Kultury w O\u015bwi\u0119cimiu w dniu 23.04.2026. Prace testowe zosta\u0142y ocenione przez jury w sk\u0142adzie Alina Kwarciak i Anna Chodacka. Ocenie podlega\u0142y 24 prace, napisanych przez uczni\u00f3w z kl. 4-8 ze szk\u00f3\u0142 podstawowych powiatu o\u015bwi\u0119cimskiego. Prace podlega\u0142y [&hellip;]\" \/>\n<meta property=\"og:url\" content=\"https:\/\/mdkoswiecim.pl\/index.php\/2026\/04\/28\/wyniki-xxix-konkursu-wiedzy-o-oswiecimiu\/\" \/>\n<meta property=\"og:site_name\" content=\"MDK\" \/>\n<meta property=\"article:published_time\" content=\"2026-04-28T06:46:34+00:00\" \/>\n<meta property=\"article:modified_time\" content=\"2026-04-28T06:49:55+00:00\" \/>\n<meta property=\"og:image\" content=\"https:\/\/mdkoswiecim.pl\/wp-content\/uploads\/2026\/01\/PLAKAT-7_page-0001.jpg\" \/>\n\t<meta property=\"og:image:width\" content=\"1754\" \/>\n\t<meta property=\"og:image:height\" content=\"2481\" \/>\n<meta name=\"twitter:card\" content=\"summary_large_image\" \/>\n<meta name=\"twitter:label1\" content=\"Szacowany czas czytania\">\n\t<meta name=\"twitter:data1\" content=\"1 minuta\">\n<script type=\"application\/ld+json\" class=\"yoast-schema-graph\">{\"@context\":\"https:\/\/schema.org\",\"@graph\":[{\"@type\":\"WebSite\",\"@id\":\"https:\/\/mdkoswiecim.pl\/#website\",\"url\":\"https:\/\/mdkoswiecim.pl\/\",\"name\":\"MDK\",\"description\":\"M\\u0142odzie\\u017cowy Dom Kultury w O\\u015bwi\\u0119cimiu\",\"potentialAction\":[{\"@type\":\"SearchAction\",\"target\":\"https:\/\/mdkoswiecim.pl\/?s={search_term_string}\",\"query-input\":\"required name=search_term_string\"}],\"inLanguage\":\"pl-PL\"},{\"@type\":\"ImageObject\",\"@id\":\"https:\/\/mdkoswiecim.pl\/index.php\/2026\/04\/28\/wyniki-xxix-konkursu-wiedzy-o-oswiecimiu\/#primaryimage\",\"inLanguage\":\"pl-PL\",\"url\":\"https:\/\/mdkoswiecim.pl\/wp-content\/uploads\/2026\/01\/PLAKAT-7_page-0001.jpg\",\"contentUrl\":\"https:\/\/mdkoswiecim.pl\/wp-content\/uploads\/2026\/01\/PLAKAT-7_page-0001.jpg\",\"width\":1754,\"height\":2481},{\"@type\":\"WebPage\",\"@id\":\"https:\/\/mdkoswiecim.pl\/index.php\/2026\/04\/28\/wyniki-xxix-konkursu-wiedzy-o-oswiecimiu\/#webpage\",\"url\":\"https:\/\/mdkoswiecim.pl\/index.php\/2026\/04\/28\/wyniki-xxix-konkursu-wiedzy-o-oswiecimiu\/\",\"name\":\"WYNIKI XXIX KONKURSU WIEDZY O O\\u015aWI\\u0118CIMIU - MDK\",\"isPartOf\":{\"@id\":\"https:\/\/mdkoswiecim.pl\/#website\"},\"primaryImageOfPage\":{\"@id\":\"https:\/\/mdkoswiecim.pl\/index.php\/2026\/04\/28\/wyniki-xxix-konkursu-wiedzy-o-oswiecimiu\/#primaryimage\"},\"datePublished\":\"2026-04-28T06:46:34+00:00\",\"dateModified\":\"2026-04-28T06:49:55+00:00\",\"author\":{\"@id\":\"https:\/\/mdkoswiecim.pl\/#\/schema\/person\/d9c1081e4cfefcbccad7ec11fa250f7a\"},\"breadcrumb\":{\"@id\":\"https:\/\/mdkoswiecim.pl\/index.php\/2026\/04\/28\/wyniki-xxix-konkursu-wiedzy-o-oswiecimiu\/#breadcrumb\"},\"inLanguage\":\"pl-PL\",\"potentialAction\":[{\"@type\":\"ReadAction\",\"target\":[\"https:\/\/mdkoswiecim.pl\/index.php\/2026\/04\/28\/wyniki-xxix-konkursu-wiedzy-o-oswiecimiu\/\"]}]},{\"@type\":\"BreadcrumbList\",\"@id\":\"https:\/\/mdkoswiecim.pl\/index.php\/2026\/04\/28\/wyniki-xxix-konkursu-wiedzy-o-oswiecimiu\/#breadcrumb\",\"itemListElement\":[{\"@type\":\"ListItem\",\"position\":1,\"item\":{\"@type\":\"WebPage\",\"@id\":\"https:\/\/mdkoswiecim.pl\/\",\"url\":\"https:\/\/mdkoswiecim.pl\/\",\"name\":\"Strona g\\u0142\\u00f3wna\"}},{\"@type\":\"ListItem\",\"position\":2,\"item\":{\"@type\":\"WebPage\",\"@id\":\"https:\/\/mdkoswiecim.pl\/index.php\/2026\/04\/28\/wyniki-xxix-konkursu-wiedzy-o-oswiecimiu\/\",\"url\":\"https:\/\/mdkoswiecim.pl\/index.php\/2026\/04\/28\/wyniki-xxix-konkursu-wiedzy-o-oswiecimiu\/\",\"name\":\"WYNIKI XXIX KONKURSU WIEDZY O O\\u015aWI\\u0118CIMIU\"}}]},{\"@type\":\"Person\",\"@id\":\"https:\/\/mdkoswiecim.pl\/#\/schema\/person\/d9c1081e4cfefcbccad7ec11fa250f7a\",\"name\":\"alina.kwarciak\",\"image\":{\"@type\":\"ImageObject\",\"@id\":\"https:\/\/mdkoswiecim.pl\/#personlogo\",\"inLanguage\":\"pl-PL\",\"url\":\"https:\/\/secure.gravatar.com\/avatar\/cce8f640650bbd69c0efc0afd2dddb7945a94129b978796401e58cac1eb8b87b?s=96&d=mm&r=g\",\"contentUrl\":\"https:\/\/secure.gravatar.com\/avatar\/cce8f640650bbd69c0efc0afd2dddb7945a94129b978796401e58cac1eb8b87b?s=96&d=mm&r=g\",\"caption\":\"alina.kwarciak\"}}]}<\/script>\n<!-- \/ Yoast SEO plugin. -->","_links":{"self":[{"href":"https:\/\/mdkoswiecim.pl\/index.php\/wp-json\/wp\/v2\/posts\/27047","targetHints":{"allow":["GET"]}}],"collection":[{"href":"https:\/\/mdkoswiecim.pl\/index.php\/wp-json\/wp\/v2\/posts"}],"about":[{"href":"https:\/\/mdkoswiecim.pl\/index.php\/wp-json\/wp\/v2\/types\/post"}],"author":[{"embeddable":true,"href":"https:\/\/mdkoswiecim.pl\/index.php\/wp-json\/wp\/v2\/users\/3"}],"replies":[{"embeddable":true,"href":"https:\/\/mdkoswiecim.pl\/index.php\/wp-json\/wp\/v2\/comments?post=27047"}],"version-history":[{"count":2,"href":"https:\/\/mdkoswiecim.pl\/index.php\/wp-json\/wp\/v2\/posts\/27047\/revisions"}],"predecessor-version":[{"id":27050,"href":"https:\/\/mdkoswiecim.pl\/index.php\/wp-json\/wp\/v2\/posts\/27047\/revisions\/27050"}],"wp:featuredmedia":[{"embeddable":true,"href":"https:\/\/mdkoswiecim.pl\/index.php\/wp-json\/wp\/v2\/media\/26520"}],"wp:attachment":[{"href":"https:\/\/mdkoswiecim.pl\/index.php\/wp-json\/wp\/v2\/media?parent=27047"}],"wp:term":[{"taxonomy":"category","embeddable":true,"href":"https:\/\/mdkoswiecim.pl\/index.php\/wp-json\/wp\/v2\/categories?post=27047"},{"taxonomy":"post_tag","embeddable":true,"href":"https:\/\/mdkoswiecim.pl\/index.php\/wp-json\/wp\/v2\/tags?post=27047"}],"curies":[{"name":"wp","href":"https:\/\/api.w.org\/{rel}","templated":true}]}}