{"id":27012,"date":"2026-04-24T13:51:37","date_gmt":"2026-04-24T11:51:37","guid":{"rendered":"https:\/\/mdkoswiecim.pl\/?p=27012"},"modified":"2026-04-24T13:51:39","modified_gmt":"2026-04-24T11:51:39","slug":"wyniki-etapu-powiatowego-42-wojewodzkiego-konkursu-recytatorskiego-echa-poetica","status":"publish","type":"post","link":"https:\/\/mdkoswiecim.pl\/index.php\/2026\/04\/24\/wyniki-etapu-powiatowego-42-wojewodzkiego-konkursu-recytatorskiego-echa-poetica\/","title":{"rendered":"Wyniki etapu powiatowego 42. Wojew\u00f3dzkiego Konkursu Recytatorskiego &#8220;Echa Poetica&#8221;"},"content":{"rendered":"\n<p>24 kwietnia b.r. w Piwnicy Artystycznej MDK odby\u0142y si\u0119 eliminacje rejonowe 42. Wojew\u00f3dzkiego Konkursu Recytatorskiego &#8220;Echa Poetica&#8221;. W przes\u0142uchaniach wzi\u0119\u0142o udzia\u0142 15 uczni\u00f3w z klas 1-8 szko\u0142y podstawowej. Komisja konkursowa w sk\u0142adzie: Alina Kwarciak, Dagmara Koczur, Miros\u0142awa Pawlica wy\u0142oni\u0142a 7 os\u00f3b, kt\u00f3re zakwalifikowa\u0142y si\u0119 do etapu wojew\u00f3dzkiego:<\/p>\n\n\n\n<ul class=\"wp-block-list\">\n<li>Antonina Nowak<\/li>\n\n\n\n<li>Milena Kajor<\/li>\n\n\n\n<li>Jagoda Zawarus<\/li>\n\n\n\n<li>Zuzanna Wo\u017aniczka<\/li>\n\n\n\n<li>Antonina N\u0119dza<\/li>\n\n\n\n<li>Maja Grzywa<\/li>\n\n\n\n<li>Emilia Melon.<\/li>\n<\/ul>\n\n\n\n<p>Fina\u0142 organizowany przez Pa\u0142ac M\u0142odzie\u017cy w Nowym S\u0105czu odb\u0119dzie si\u0119 21 maja 2026 r. o godzinie 10.00 w Pa\u0142acu M\u0142odzie\u017cy w Nowym S\u0105czu. <\/p>\n\n\n\n<p>Informacji na temat fina\u0142u udziela koordynator konkursu:<\/p>\n\n\n\n<p>Anna \u0141ukasik, tel. 502 218 884<\/p>\n\n\n\n<figure class=\"wp-block-gallery has-nested-images columns-default is-cropped wp-block-gallery-1 is-layout-flex wp-block-gallery-is-layout-flex\">\n<figure class=\"wp-block-image size-large\"><a href=\"https:\/\/mdkoswiecim.pl\/wp-content\/uploads\/2026\/04\/vp4IdO4-.jpg\"><img loading=\"lazy\" decoding=\"async\" width=\"768\" height=\"1024\" data-id=\"27014\" src=\"https:\/\/mdkoswiecim.pl\/wp-content\/uploads\/2026\/04\/vp4IdO4--768x1024.jpg\" alt=\"\" class=\"wp-image-27014\" srcset=\"https:\/\/mdkoswiecim.pl\/wp-content\/uploads\/2026\/04\/vp4IdO4--768x1024.jpg 768w, https:\/\/mdkoswiecim.pl\/wp-content\/uploads\/2026\/04\/vp4IdO4--225x300.jpg 225w, https:\/\/mdkoswiecim.pl\/wp-content\/uploads\/2026\/04\/vp4IdO4--1152x1536.jpg 1152w, https:\/\/mdkoswiecim.pl\/wp-content\/uploads\/2026\/04\/vp4IdO4-.jpg 1536w\" sizes=\"auto, (max-width: 768px) 100vw, 768px\" \/><\/a><\/figure>\n\n\n\n<figure class=\"wp-block-image size-large\"><a href=\"https:\/\/mdkoswiecim.pl\/wp-content\/uploads\/2026\/04\/KIX7tNuN.jpg\"><img loading=\"lazy\" decoding=\"async\" width=\"1024\" height=\"768\" data-id=\"27013\" src=\"https:\/\/mdkoswiecim.pl\/wp-content\/uploads\/2026\/04\/KIX7tNuN-1024x768.jpg\" alt=\"\" class=\"wp-image-27013\" srcset=\"https:\/\/mdkoswiecim.pl\/wp-content\/uploads\/2026\/04\/KIX7tNuN-1024x768.jpg 1024w, https:\/\/mdkoswiecim.pl\/wp-content\/uploads\/2026\/04\/KIX7tNuN-300x225.jpg 300w, https:\/\/mdkoswiecim.pl\/wp-content\/uploads\/2026\/04\/KIX7tNuN-768x576.jpg 768w, https:\/\/mdkoswiecim.pl\/wp-content\/uploads\/2026\/04\/KIX7tNuN-1536x1152.jpg 1536w, https:\/\/mdkoswiecim.pl\/wp-content\/uploads\/2026\/04\/KIX7tNuN.jpg 2048w\" sizes=\"auto, (max-width: 1024px) 100vw, 1024px\" \/><\/a><\/figure>\n\n\n\n<figure class=\"wp-block-image size-large\"><a href=\"https:\/\/mdkoswiecim.pl\/wp-content\/uploads\/2026\/04\/edeWjDvp.jpg\"><img loading=\"lazy\" decoding=\"async\" width=\"768\" height=\"1024\" data-id=\"27015\" src=\"https:\/\/mdkoswiecim.pl\/wp-content\/uploads\/2026\/04\/edeWjDvp-768x1024.jpg\" alt=\"\" class=\"wp-image-27015\" srcset=\"https:\/\/mdkoswiecim.pl\/wp-content\/uploads\/2026\/04\/edeWjDvp-768x1024.jpg 768w, https:\/\/mdkoswiecim.pl\/wp-content\/uploads\/2026\/04\/edeWjDvp-225x300.jpg 225w, https:\/\/mdkoswiecim.pl\/wp-content\/uploads\/2026\/04\/edeWjDvp-1152x1536.jpg 1152w, https:\/\/mdkoswiecim.pl\/wp-content\/uploads\/2026\/04\/edeWjDvp.jpg 1536w\" sizes=\"auto, (max-width: 768px) 100vw, 768px\" \/><\/a><\/figure>\n\n\n\n<figure class=\"wp-block-image size-large\"><a href=\"https:\/\/mdkoswiecim.pl\/wp-content\/uploads\/2026\/04\/vv4xCr1M.jpg\"><img loading=\"lazy\" decoding=\"async\" width=\"768\" height=\"1024\" data-id=\"27016\" src=\"https:\/\/mdkoswiecim.pl\/wp-content\/uploads\/2026\/04\/vv4xCr1M-768x1024.jpg\" alt=\"\" class=\"wp-image-27016\" srcset=\"https:\/\/mdkoswiecim.pl\/wp-content\/uploads\/2026\/04\/vv4xCr1M-768x1024.jpg 768w, https:\/\/mdkoswiecim.pl\/wp-content\/uploads\/2026\/04\/vv4xCr1M-225x300.jpg 225w, https:\/\/mdkoswiecim.pl\/wp-content\/uploads\/2026\/04\/vv4xCr1M-1152x1536.jpg 1152w, https:\/\/mdkoswiecim.pl\/wp-content\/uploads\/2026\/04\/vv4xCr1M.jpg 1536w\" sizes=\"auto, (max-width: 768px) 100vw, 768px\" \/><\/a><\/figure>\n\n\n\n<figure class=\"wp-block-image size-large\"><a href=\"https:\/\/mdkoswiecim.pl\/wp-content\/uploads\/2026\/04\/tpfYzXak.jpg\"><img loading=\"lazy\" decoding=\"async\" width=\"768\" height=\"1024\" data-id=\"27025\" src=\"https:\/\/mdkoswiecim.pl\/wp-content\/uploads\/2026\/04\/tpfYzXak-768x1024.jpg\" alt=\"\" class=\"wp-image-27025\" srcset=\"https:\/\/mdkoswiecim.pl\/wp-content\/uploads\/2026\/04\/tpfYzXak-768x1024.jpg 768w, https:\/\/mdkoswiecim.pl\/wp-content\/uploads\/2026\/04\/tpfYzXak-225x300.jpg 225w, https:\/\/mdkoswiecim.pl\/wp-content\/uploads\/2026\/04\/tpfYzXak-1152x1536.jpg 1152w, https:\/\/mdkoswiecim.pl\/wp-content\/uploads\/2026\/04\/tpfYzXak.jpg 1536w\" sizes=\"auto, (max-width: 768px) 100vw, 768px\" \/><\/a><\/figure>\n\n\n\n<figure class=\"wp-block-image size-large\"><a href=\"https:\/\/mdkoswiecim.pl\/wp-content\/uploads\/2026\/04\/7aEVVygf.jpg\"><img loading=\"lazy\" decoding=\"async\" width=\"768\" height=\"1024\" data-id=\"27019\" src=\"https:\/\/mdkoswiecim.pl\/wp-content\/uploads\/2026\/04\/7aEVVygf-768x1024.jpg\" alt=\"\" class=\"wp-image-27019\" srcset=\"https:\/\/mdkoswiecim.pl\/wp-content\/uploads\/2026\/04\/7aEVVygf-768x1024.jpg 768w, https:\/\/mdkoswiecim.pl\/wp-content\/uploads\/2026\/04\/7aEVVygf-225x300.jpg 225w, https:\/\/mdkoswiecim.pl\/wp-content\/uploads\/2026\/04\/7aEVVygf-1152x1536.jpg 1152w, https:\/\/mdkoswiecim.pl\/wp-content\/uploads\/2026\/04\/7aEVVygf.jpg 1536w\" sizes=\"auto, (max-width: 768px) 100vw, 768px\" \/><\/a><\/figure>\n\n\n\n<figure class=\"wp-block-image size-large\"><a href=\"https:\/\/mdkoswiecim.pl\/wp-content\/uploads\/2026\/04\/K0Vj6HW.jpg\"><img loading=\"lazy\" decoding=\"async\" width=\"768\" height=\"1024\" data-id=\"27027\" src=\"https:\/\/mdkoswiecim.pl\/wp-content\/uploads\/2026\/04\/K0Vj6HW-768x1024.jpg\" alt=\"\" class=\"wp-image-27027\" srcset=\"https:\/\/mdkoswiecim.pl\/wp-content\/uploads\/2026\/04\/K0Vj6HW-768x1024.jpg 768w, https:\/\/mdkoswiecim.pl\/wp-content\/uploads\/2026\/04\/K0Vj6HW-225x300.jpg 225w, https:\/\/mdkoswiecim.pl\/wp-content\/uploads\/2026\/04\/K0Vj6HW-1152x1536.jpg 1152w, https:\/\/mdkoswiecim.pl\/wp-content\/uploads\/2026\/04\/K0Vj6HW.jpg 1536w\" sizes=\"auto, (max-width: 768px) 100vw, 768px\" \/><\/a><\/figure>\n\n\n\n<figure class=\"wp-block-image size-large\"><a href=\"https:\/\/mdkoswiecim.pl\/wp-content\/uploads\/2026\/04\/LoU775Wk.jpg\"><img loading=\"lazy\" decoding=\"async\" width=\"768\" height=\"1024\" data-id=\"27021\" src=\"https:\/\/mdkoswiecim.pl\/wp-content\/uploads\/2026\/04\/LoU775Wk-768x1024.jpg\" alt=\"\" class=\"wp-image-27021\" srcset=\"https:\/\/mdkoswiecim.pl\/wp-content\/uploads\/2026\/04\/LoU775Wk-768x1024.jpg 768w, https:\/\/mdkoswiecim.pl\/wp-content\/uploads\/2026\/04\/LoU775Wk-225x300.jpg 225w, https:\/\/mdkoswiecim.pl\/wp-content\/uploads\/2026\/04\/LoU775Wk-1152x1536.jpg 1152w, https:\/\/mdkoswiecim.pl\/wp-content\/uploads\/2026\/04\/LoU775Wk.jpg 1536w\" sizes=\"auto, (max-width: 768px) 100vw, 768px\" \/><\/a><\/figure>\n\n\n\n<figure class=\"wp-block-image size-large\"><a href=\"https:\/\/mdkoswiecim.pl\/wp-content\/uploads\/2026\/04\/C6LT9xLR.jpg\"><img loading=\"lazy\" decoding=\"async\" width=\"768\" height=\"1024\" data-id=\"27024\" src=\"https:\/\/mdkoswiecim.pl\/wp-content\/uploads\/2026\/04\/C6LT9xLR-768x1024.jpg\" alt=\"\" class=\"wp-image-27024\" srcset=\"https:\/\/mdkoswiecim.pl\/wp-content\/uploads\/2026\/04\/C6LT9xLR-768x1024.jpg 768w, https:\/\/mdkoswiecim.pl\/wp-content\/uploads\/2026\/04\/C6LT9xLR-225x300.jpg 225w, https:\/\/mdkoswiecim.pl\/wp-content\/uploads\/2026\/04\/C6LT9xLR-1152x1536.jpg 1152w, https:\/\/mdkoswiecim.pl\/wp-content\/uploads\/2026\/04\/C6LT9xLR.jpg 1536w\" sizes=\"auto, (max-width: 768px) 100vw, 768px\" \/><\/a><\/figure>\n\n\n\n<figure class=\"wp-block-image size-large\"><a href=\"https:\/\/mdkoswiecim.pl\/wp-content\/uploads\/2026\/04\/dDMdVQrb.jpg\"><img loading=\"lazy\" decoding=\"async\" width=\"768\" height=\"1024\" data-id=\"27026\" src=\"https:\/\/mdkoswiecim.pl\/wp-content\/uploads\/2026\/04\/dDMdVQrb-768x1024.jpg\" alt=\"\" class=\"wp-image-27026\" srcset=\"https:\/\/mdkoswiecim.pl\/wp-content\/uploads\/2026\/04\/dDMdVQrb-768x1024.jpg 768w, https:\/\/mdkoswiecim.pl\/wp-content\/uploads\/2026\/04\/dDMdVQrb-225x300.jpg 225w, https:\/\/mdkoswiecim.pl\/wp-content\/uploads\/2026\/04\/dDMdVQrb-1152x1536.jpg 1152w, https:\/\/mdkoswiecim.pl\/wp-content\/uploads\/2026\/04\/dDMdVQrb.jpg 1536w\" sizes=\"auto, (max-width: 768px) 100vw, 768px\" \/><\/a><\/figure>\n\n\n\n<figure class=\"wp-block-image size-large\"><a href=\"https:\/\/mdkoswiecim.pl\/wp-content\/uploads\/2026\/04\/v9W1oS_K.jpg\"><img loading=\"lazy\" decoding=\"async\" width=\"768\" height=\"1024\" data-id=\"27022\" src=\"https:\/\/mdkoswiecim.pl\/wp-content\/uploads\/2026\/04\/v9W1oS_K-768x1024.jpg\" alt=\"\" class=\"wp-image-27022\" srcset=\"https:\/\/mdkoswiecim.pl\/wp-content\/uploads\/2026\/04\/v9W1oS_K-768x1024.jpg 768w, https:\/\/mdkoswiecim.pl\/wp-content\/uploads\/2026\/04\/v9W1oS_K-225x300.jpg 225w, https:\/\/mdkoswiecim.pl\/wp-content\/uploads\/2026\/04\/v9W1oS_K-1152x1536.jpg 1152w, https:\/\/mdkoswiecim.pl\/wp-content\/uploads\/2026\/04\/v9W1oS_K.jpg 1536w\" sizes=\"auto, (max-width: 768px) 100vw, 768px\" \/><\/a><\/figure>\n\n\n\n<figure class=\"wp-block-image size-large\"><a href=\"https:\/\/mdkoswiecim.pl\/wp-content\/uploads\/2026\/04\/SA86o62V.jpg\"><img loading=\"lazy\" decoding=\"async\" width=\"1024\" height=\"768\" data-id=\"27023\" src=\"https:\/\/mdkoswiecim.pl\/wp-content\/uploads\/2026\/04\/SA86o62V-1024x768.jpg\" alt=\"\" class=\"wp-image-27023\" srcset=\"https:\/\/mdkoswiecim.pl\/wp-content\/uploads\/2026\/04\/SA86o62V-1024x768.jpg 1024w, https:\/\/mdkoswiecim.pl\/wp-content\/uploads\/2026\/04\/SA86o62V-300x225.jpg 300w, https:\/\/mdkoswiecim.pl\/wp-content\/uploads\/2026\/04\/SA86o62V-768x576.jpg 768w, https:\/\/mdkoswiecim.pl\/wp-content\/uploads\/2026\/04\/SA86o62V-1536x1152.jpg 1536w, https:\/\/mdkoswiecim.pl\/wp-content\/uploads\/2026\/04\/SA86o62V.jpg 2048w\" sizes=\"auto, (max-width: 1024px) 100vw, 1024px\" \/><\/a><\/figure>\n\n\n\n<figure class=\"wp-block-image size-large\"><a href=\"https:\/\/mdkoswiecim.pl\/wp-content\/uploads\/2026\/04\/k3vS7pYE.jpg\"><img loading=\"lazy\" decoding=\"async\" width=\"768\" height=\"1024\" data-id=\"27020\" src=\"https:\/\/mdkoswiecim.pl\/wp-content\/uploads\/2026\/04\/k3vS7pYE-768x1024.jpg\" alt=\"\" class=\"wp-image-27020\" srcset=\"https:\/\/mdkoswiecim.pl\/wp-content\/uploads\/2026\/04\/k3vS7pYE-768x1024.jpg 768w, https:\/\/mdkoswiecim.pl\/wp-content\/uploads\/2026\/04\/k3vS7pYE-225x300.jpg 225w, https:\/\/mdkoswiecim.pl\/wp-content\/uploads\/2026\/04\/k3vS7pYE-1152x1536.jpg 1152w, https:\/\/mdkoswiecim.pl\/wp-content\/uploads\/2026\/04\/k3vS7pYE.jpg 1536w\" sizes=\"auto, (max-width: 768px) 100vw, 768px\" \/><\/a><\/figure>\n\n\n\n<figure class=\"wp-block-image size-large\"><a href=\"https:\/\/mdkoswiecim.pl\/wp-content\/uploads\/2026\/04\/6Px_Dw2_.jpg\"><img loading=\"lazy\" decoding=\"async\" width=\"768\" height=\"1024\" data-id=\"27028\" src=\"https:\/\/mdkoswiecim.pl\/wp-content\/uploads\/2026\/04\/6Px_Dw2_-768x1024.jpg\" alt=\"\" class=\"wp-image-27028\" srcset=\"https:\/\/mdkoswiecim.pl\/wp-content\/uploads\/2026\/04\/6Px_Dw2_-768x1024.jpg 768w, https:\/\/mdkoswiecim.pl\/wp-content\/uploads\/2026\/04\/6Px_Dw2_-225x300.jpg 225w, https:\/\/mdkoswiecim.pl\/wp-content\/uploads\/2026\/04\/6Px_Dw2_-1152x1536.jpg 1152w, https:\/\/mdkoswiecim.pl\/wp-content\/uploads\/2026\/04\/6Px_Dw2_.jpg 1536w\" sizes=\"auto, (max-width: 768px) 100vw, 768px\" \/><\/a><\/figure>\n\n\n\n<figure class=\"wp-block-image size-large\"><a href=\"https:\/\/mdkoswiecim.pl\/wp-content\/uploads\/2026\/04\/UuEnlBK5.jpg\"><img loading=\"lazy\" decoding=\"async\" width=\"1024\" height=\"768\" data-id=\"27017\" src=\"https:\/\/mdkoswiecim.pl\/wp-content\/uploads\/2026\/04\/UuEnlBK5-1024x768.jpg\" alt=\"\" class=\"wp-image-27017\" srcset=\"https:\/\/mdkoswiecim.pl\/wp-content\/uploads\/2026\/04\/UuEnlBK5-1024x768.jpg 1024w, https:\/\/mdkoswiecim.pl\/wp-content\/uploads\/2026\/04\/UuEnlBK5-300x225.jpg 300w, https:\/\/mdkoswiecim.pl\/wp-content\/uploads\/2026\/04\/UuEnlBK5-768x576.jpg 768w, https:\/\/mdkoswiecim.pl\/wp-content\/uploads\/2026\/04\/UuEnlBK5-1536x1152.jpg 1536w, https:\/\/mdkoswiecim.pl\/wp-content\/uploads\/2026\/04\/UuEnlBK5.jpg 2048w\" sizes=\"auto, (max-width: 1024px) 100vw, 1024px\" \/><\/a><\/figure>\n<\/figure>\n","protected":false},"excerpt":{"rendered":"<p>24 kwietnia b.r. w Piwnicy Artystycznej MDK odby\u0142y si\u0119 eliminacje rejonowe 42. Wojew\u00f3dzkiego Konkursu Recytatorskiego &#8220;Echa Poetica&#8221;. W przes\u0142uchaniach wzi\u0119\u0142o udzia\u0142 15 uczni\u00f3w z klas 1-8 szko\u0142y podstawowej. Komisja konkursowa w sk\u0142adzie: Alina Kwarciak, Dagmara Koczur, Miros\u0142awa Pawlica wy\u0142oni\u0142a 7 os\u00f3b, kt\u00f3re zakwalifikowa\u0142y si\u0119 do etapu wojew\u00f3dzkiego: Fina\u0142 organizowany przez Pa\u0142ac M\u0142odzie\u017cy w Nowym S\u0105czu [&hellip;]<\/p>\n","protected":false},"author":3,"featured_media":27017,"comment_status":"closed","ping_status":"closed","sticky":false,"template":"","format":"standard","meta":{"footnotes":""},"categories":[107,108,136],"tags":[],"class_list":["post-27012","post","type-post","status-publish","format-standard","has-post-thumbnail","hentry","category-konkursy","category-aktualnosci","category-wydarzenia"],"yoast_head":"<!-- This site is optimized with the Yoast SEO plugin v16.1.1 - https:\/\/yoast.com\/wordpress\/plugins\/seo\/ -->\n<title>Wyniki etapu powiatowego 42. Wojew\u00f3dzkiego Konkursu Recytatorskiego &quot;Echa Poetica&quot; - MDK<\/title>\n<link rel=\"canonical\" href=\"https:\/\/mdkoswiecim.pl\/index.php\/2026\/04\/24\/wyniki-etapu-powiatowego-42-wojewodzkiego-konkursu-recytatorskiego-echa-poetica\/\" \/>\n<meta property=\"og:locale\" content=\"pl_PL\" \/>\n<meta property=\"og:type\" content=\"article\" \/>\n<meta property=\"og:title\" content=\"Wyniki etapu powiatowego 42. Wojew\u00f3dzkiego Konkursu Recytatorskiego &quot;Echa Poetica&quot; - MDK\" \/>\n<meta property=\"og:description\" content=\"24 kwietnia b.r. w Piwnicy Artystycznej MDK odby\u0142y si\u0119 eliminacje rejonowe 42. Wojew\u00f3dzkiego Konkursu Recytatorskiego &#8220;Echa Poetica&#8221;. W przes\u0142uchaniach wzi\u0119\u0142o udzia\u0142 15 uczni\u00f3w z klas 1-8 szko\u0142y podstawowej. Komisja konkursowa w sk\u0142adzie: Alina Kwarciak, Dagmara Koczur, Miros\u0142awa Pawlica wy\u0142oni\u0142a 7 os\u00f3b, kt\u00f3re zakwalifikowa\u0142y si\u0119 do etapu wojew\u00f3dzkiego: Fina\u0142 organizowany przez Pa\u0142ac M\u0142odzie\u017cy w Nowym S\u0105czu [&hellip;]\" \/>\n<meta property=\"og:url\" content=\"https:\/\/mdkoswiecim.pl\/index.php\/2026\/04\/24\/wyniki-etapu-powiatowego-42-wojewodzkiego-konkursu-recytatorskiego-echa-poetica\/\" \/>\n<meta property=\"og:site_name\" content=\"MDK\" \/>\n<meta property=\"article:published_time\" content=\"2026-04-24T11:51:37+00:00\" \/>\n<meta property=\"article:modified_time\" content=\"2026-04-24T11:51:39+00:00\" \/>\n<meta property=\"og:image\" content=\"https:\/\/mdkoswiecim.pl\/wp-content\/uploads\/2026\/04\/UuEnlBK5.jpg\" \/>\n\t<meta property=\"og:image:width\" content=\"2048\" \/>\n\t<meta property=\"og:image:height\" content=\"1536\" \/>\n<meta name=\"twitter:card\" content=\"summary_large_image\" \/>\n<meta name=\"twitter:label1\" content=\"Szacowany czas czytania\">\n\t<meta name=\"twitter:data1\" content=\"1 minuta\">\n<script type=\"application\/ld+json\" class=\"yoast-schema-graph\">{\"@context\":\"https:\/\/schema.org\",\"@graph\":[{\"@type\":\"WebSite\",\"@id\":\"https:\/\/mdkoswiecim.pl\/#website\",\"url\":\"https:\/\/mdkoswiecim.pl\/\",\"name\":\"MDK\",\"description\":\"M\\u0142odzie\\u017cowy Dom Kultury w O\\u015bwi\\u0119cimiu\",\"potentialAction\":[{\"@type\":\"SearchAction\",\"target\":\"https:\/\/mdkoswiecim.pl\/?s={search_term_string}\",\"query-input\":\"required name=search_term_string\"}],\"inLanguage\":\"pl-PL\"},{\"@type\":\"ImageObject\",\"@id\":\"https:\/\/mdkoswiecim.pl\/index.php\/2026\/04\/24\/wyniki-etapu-powiatowego-42-wojewodzkiego-konkursu-recytatorskiego-echa-poetica\/#primaryimage\",\"inLanguage\":\"pl-PL\",\"url\":\"https:\/\/mdkoswiecim.pl\/wp-content\/uploads\/2026\/04\/UuEnlBK5.jpg\",\"contentUrl\":\"https:\/\/mdkoswiecim.pl\/wp-content\/uploads\/2026\/04\/UuEnlBK5.jpg\",\"width\":2048,\"height\":1536},{\"@type\":\"WebPage\",\"@id\":\"https:\/\/mdkoswiecim.pl\/index.php\/2026\/04\/24\/wyniki-etapu-powiatowego-42-wojewodzkiego-konkursu-recytatorskiego-echa-poetica\/#webpage\",\"url\":\"https:\/\/mdkoswiecim.pl\/index.php\/2026\/04\/24\/wyniki-etapu-powiatowego-42-wojewodzkiego-konkursu-recytatorskiego-echa-poetica\/\",\"name\":\"Wyniki etapu powiatowego 42. Wojew\\u00f3dzkiego Konkursu Recytatorskiego \\\"Echa Poetica\\\" - MDK\",\"isPartOf\":{\"@id\":\"https:\/\/mdkoswiecim.pl\/#website\"},\"primaryImageOfPage\":{\"@id\":\"https:\/\/mdkoswiecim.pl\/index.php\/2026\/04\/24\/wyniki-etapu-powiatowego-42-wojewodzkiego-konkursu-recytatorskiego-echa-poetica\/#primaryimage\"},\"datePublished\":\"2026-04-24T11:51:37+00:00\",\"dateModified\":\"2026-04-24T11:51:39+00:00\",\"author\":{\"@id\":\"https:\/\/mdkoswiecim.pl\/#\/schema\/person\/d9c1081e4cfefcbccad7ec11fa250f7a\"},\"breadcrumb\":{\"@id\":\"https:\/\/mdkoswiecim.pl\/index.php\/2026\/04\/24\/wyniki-etapu-powiatowego-42-wojewodzkiego-konkursu-recytatorskiego-echa-poetica\/#breadcrumb\"},\"inLanguage\":\"pl-PL\",\"potentialAction\":[{\"@type\":\"ReadAction\",\"target\":[\"https:\/\/mdkoswiecim.pl\/index.php\/2026\/04\/24\/wyniki-etapu-powiatowego-42-wojewodzkiego-konkursu-recytatorskiego-echa-poetica\/\"]}]},{\"@type\":\"BreadcrumbList\",\"@id\":\"https:\/\/mdkoswiecim.pl\/index.php\/2026\/04\/24\/wyniki-etapu-powiatowego-42-wojewodzkiego-konkursu-recytatorskiego-echa-poetica\/#breadcrumb\",\"itemListElement\":[{\"@type\":\"ListItem\",\"position\":1,\"item\":{\"@type\":\"WebPage\",\"@id\":\"https:\/\/mdkoswiecim.pl\/\",\"url\":\"https:\/\/mdkoswiecim.pl\/\",\"name\":\"Strona g\\u0142\\u00f3wna\"}},{\"@type\":\"ListItem\",\"position\":2,\"item\":{\"@type\":\"WebPage\",\"@id\":\"https:\/\/mdkoswiecim.pl\/index.php\/2026\/04\/24\/wyniki-etapu-powiatowego-42-wojewodzkiego-konkursu-recytatorskiego-echa-poetica\/\",\"url\":\"https:\/\/mdkoswiecim.pl\/index.php\/2026\/04\/24\/wyniki-etapu-powiatowego-42-wojewodzkiego-konkursu-recytatorskiego-echa-poetica\/\",\"name\":\"Wyniki etapu powiatowego 42. Wojew\\u00f3dzkiego Konkursu Recytatorskiego &#8220;Echa Poetica&#8221;\"}}]},{\"@type\":\"Person\",\"@id\":\"https:\/\/mdkoswiecim.pl\/#\/schema\/person\/d9c1081e4cfefcbccad7ec11fa250f7a\",\"name\":\"alina.kwarciak\",\"image\":{\"@type\":\"ImageObject\",\"@id\":\"https:\/\/mdkoswiecim.pl\/#personlogo\",\"inLanguage\":\"pl-PL\",\"url\":\"https:\/\/secure.gravatar.com\/avatar\/cce8f640650bbd69c0efc0afd2dddb7945a94129b978796401e58cac1eb8b87b?s=96&d=mm&r=g\",\"contentUrl\":\"https:\/\/secure.gravatar.com\/avatar\/cce8f640650bbd69c0efc0afd2dddb7945a94129b978796401e58cac1eb8b87b?s=96&d=mm&r=g\",\"caption\":\"alina.kwarciak\"}}]}<\/script>\n<!-- \/ Yoast SEO plugin. -->","_links":{"self":[{"href":"https:\/\/mdkoswiecim.pl\/index.php\/wp-json\/wp\/v2\/posts\/27012","targetHints":{"allow":["GET"]}}],"collection":[{"href":"https:\/\/mdkoswiecim.pl\/index.php\/wp-json\/wp\/v2\/posts"}],"about":[{"href":"https:\/\/mdkoswiecim.pl\/index.php\/wp-json\/wp\/v2\/types\/post"}],"author":[{"embeddable":true,"href":"https:\/\/mdkoswiecim.pl\/index.php\/wp-json\/wp\/v2\/users\/3"}],"replies":[{"embeddable":true,"href":"https:\/\/mdkoswiecim.pl\/index.php\/wp-json\/wp\/v2\/comments?post=27012"}],"version-history":[{"count":1,"href":"https:\/\/mdkoswiecim.pl\/index.php\/wp-json\/wp\/v2\/posts\/27012\/revisions"}],"predecessor-version":[{"id":27029,"href":"https:\/\/mdkoswiecim.pl\/index.php\/wp-json\/wp\/v2\/posts\/27012\/revisions\/27029"}],"wp:featuredmedia":[{"embeddable":true,"href":"https:\/\/mdkoswiecim.pl\/index.php\/wp-json\/wp\/v2\/media\/27017"}],"wp:attachment":[{"href":"https:\/\/mdkoswiecim.pl\/index.php\/wp-json\/wp\/v2\/media?parent=27012"}],"wp:term":[{"taxonomy":"category","embeddable":true,"href":"https:\/\/mdkoswiecim.pl\/index.php\/wp-json\/wp\/v2\/categories?post=27012"},{"taxonomy":"post_tag","embeddable":true,"href":"https:\/\/mdkoswiecim.pl\/index.php\/wp-json\/wp\/v2\/tags?post=27012"}],"curies":[{"name":"wp","href":"https:\/\/api.w.org\/{rel}","templated":true}]}}