{"id":26236,"date":"2025-12-23T16:02:15","date_gmt":"2025-12-23T15:02:15","guid":{"rendered":"https:\/\/mdkoswiecim.pl\/?p=26236"},"modified":"2025-12-23T16:02:15","modified_gmt":"2025-12-23T15:02:15","slug":"naucz-sie-koled-razem-z-nami-jest-taki-dzien-ukulele","status":"publish","type":"post","link":"https:\/\/mdkoswiecim.pl\/index.php\/2025\/12\/23\/naucz-sie-koled-razem-z-nami-jest-taki-dzien-ukulele\/","title":{"rendered":"Naucz si\u0119 kol\u0119d razem z nami &#8211; Jest taki dzie\u0144 &#8211; ukulele."},"content":{"rendered":"\n<p>Witamy w kolejnej cz\u0119\u015bci naszego cyklu &#8220;Naucz si\u0119 kol\u0119d razem z nami&#8221;. W tej cz\u0119\u015bci nauczymy Was jak w prosty spos\u00f3b zagra\u0107 na ukulele popularn\u0105 piosenk\u0119 &#8220;Jest taki dzie\u0144&#8221; ( Dzie\u0144 jeden w roku) z repertuaru zespo\u0142u Czerwone Gitary. <\/p>\n\n\n\n<p>Zapraszamy r\u00f3wnie\u017c na nasz kana\u0142 na You Tube, gdzie znajdziecie r\u00f3wnie\u017c inne kol\u0119dy oraz piosenki \u015bwi\u0105teczne w prostych opracowaniach na gitar\u0119 oraz ukulele. \u017byczymy powodzenia \ud83d\ude09<\/p>\n\n\n\n<figure class=\"wp-block-embed is-type-video is-provider-youtube wp-block-embed-youtube wp-embed-aspect-16-9 wp-has-aspect-ratio\"><div class=\"wp-block-embed__wrapper\">\n<iframe loading=\"lazy\" title=\"Jest taki dzie\u0144 (Dzie\u0144 jeden w roku - Czerwone Gitary) cover ukulele.\" width=\"1110\" height=\"624\" src=\"https:\/\/www.youtube.com\/embed\/lfI3iM0MDds?feature=oembed\" frameborder=\"0\" allow=\"accelerometer; autoplay; clipboard-write; encrypted-media; gyroscope; picture-in-picture; web-share\" referrerpolicy=\"strict-origin-when-cross-origin\" allowfullscreen><\/iframe>\n<\/div><\/figure>\n","protected":false},"excerpt":{"rendered":"<p>Witamy w kolejnej cz\u0119\u015bci naszego cyklu &#8220;Naucz si\u0119 kol\u0119d razem z nami&#8221;. W tej cz\u0119\u015bci nauczymy Was jak w prosty spos\u00f3b zagra\u0107 na ukulele popularn\u0105 piosenk\u0119 &#8220;Jest taki dzie\u0144&#8221; ( Dzie\u0144 jeden w roku) z repertuaru zespo\u0142u Czerwone Gitary. Zapraszamy r\u00f3wnie\u017c na nasz kana\u0142 na You Tube, gdzie znajdziecie r\u00f3wnie\u017c inne kol\u0119dy oraz piosenki \u015bwi\u0105teczne [&hellip;]<\/p>\n","protected":false},"author":2,"featured_media":26238,"comment_status":"closed","ping_status":"closed","sticky":false,"template":"","format":"standard","meta":{"footnotes":""},"categories":[108],"tags":[],"class_list":["post-26236","post","type-post","status-publish","format-standard","has-post-thumbnail","hentry","category-aktualnosci"],"yoast_head":"<!-- This site is optimized with the Yoast SEO plugin v16.1.1 - https:\/\/yoast.com\/wordpress\/plugins\/seo\/ -->\n<title>Naucz si\u0119 kol\u0119d razem z nami - Jest taki dzie\u0144 - ukulele. - MDK<\/title>\n<link rel=\"canonical\" href=\"https:\/\/mdkoswiecim.pl\/index.php\/2025\/12\/23\/naucz-sie-koled-razem-z-nami-jest-taki-dzien-ukulele\/\" \/>\n<meta property=\"og:locale\" content=\"pl_PL\" \/>\n<meta property=\"og:type\" content=\"article\" \/>\n<meta property=\"og:title\" content=\"Naucz si\u0119 kol\u0119d razem z nami - Jest taki dzie\u0144 - ukulele. - MDK\" \/>\n<meta property=\"og:description\" content=\"Witamy w kolejnej cz\u0119\u015bci naszego cyklu &#8220;Naucz si\u0119 kol\u0119d razem z nami&#8221;. W tej cz\u0119\u015bci nauczymy Was jak w prosty spos\u00f3b zagra\u0107 na ukulele popularn\u0105 piosenk\u0119 &#8220;Jest taki dzie\u0144&#8221; ( Dzie\u0144 jeden w roku) z repertuaru zespo\u0142u Czerwone Gitary. Zapraszamy r\u00f3wnie\u017c na nasz kana\u0142 na You Tube, gdzie znajdziecie r\u00f3wnie\u017c inne kol\u0119dy oraz piosenki \u015bwi\u0105teczne [&hellip;]\" \/>\n<meta property=\"og:url\" content=\"https:\/\/mdkoswiecim.pl\/index.php\/2025\/12\/23\/naucz-sie-koled-razem-z-nami-jest-taki-dzien-ukulele\/\" \/>\n<meta property=\"og:site_name\" content=\"MDK\" \/>\n<meta property=\"article:published_time\" content=\"2025-12-23T15:02:15+00:00\" \/>\n<meta property=\"og:image\" content=\"https:\/\/mdkoswiecim.pl\/wp-content\/uploads\/2025\/12\/jest-taki-dzien.jpg\" \/>\n\t<meta property=\"og:image:width\" content=\"1720\" \/>\n\t<meta property=\"og:image:height\" content=\"828\" \/>\n<meta name=\"twitter:card\" content=\"summary_large_image\" \/>\n<script type=\"application\/ld+json\" class=\"yoast-schema-graph\">{\"@context\":\"https:\/\/schema.org\",\"@graph\":[{\"@type\":\"WebSite\",\"@id\":\"https:\/\/mdkoswiecim.pl\/#website\",\"url\":\"https:\/\/mdkoswiecim.pl\/\",\"name\":\"MDK\",\"description\":\"M\\u0142odzie\\u017cowy Dom Kultury w O\\u015bwi\\u0119cimiu\",\"potentialAction\":[{\"@type\":\"SearchAction\",\"target\":\"https:\/\/mdkoswiecim.pl\/?s={search_term_string}\",\"query-input\":\"required name=search_term_string\"}],\"inLanguage\":\"pl-PL\"},{\"@type\":\"ImageObject\",\"@id\":\"https:\/\/mdkoswiecim.pl\/index.php\/2025\/12\/23\/naucz-sie-koled-razem-z-nami-jest-taki-dzien-ukulele\/#primaryimage\",\"inLanguage\":\"pl-PL\",\"url\":\"https:\/\/mdkoswiecim.pl\/wp-content\/uploads\/2025\/12\/jest-taki-dzien.jpg\",\"contentUrl\":\"https:\/\/mdkoswiecim.pl\/wp-content\/uploads\/2025\/12\/jest-taki-dzien.jpg\",\"width\":1720,\"height\":828},{\"@type\":\"WebPage\",\"@id\":\"https:\/\/mdkoswiecim.pl\/index.php\/2025\/12\/23\/naucz-sie-koled-razem-z-nami-jest-taki-dzien-ukulele\/#webpage\",\"url\":\"https:\/\/mdkoswiecim.pl\/index.php\/2025\/12\/23\/naucz-sie-koled-razem-z-nami-jest-taki-dzien-ukulele\/\",\"name\":\"Naucz si\\u0119 kol\\u0119d razem z nami - Jest taki dzie\\u0144 - ukulele. - MDK\",\"isPartOf\":{\"@id\":\"https:\/\/mdkoswiecim.pl\/#website\"},\"primaryImageOfPage\":{\"@id\":\"https:\/\/mdkoswiecim.pl\/index.php\/2025\/12\/23\/naucz-sie-koled-razem-z-nami-jest-taki-dzien-ukulele\/#primaryimage\"},\"datePublished\":\"2025-12-23T15:02:15+00:00\",\"dateModified\":\"2025-12-23T15:02:15+00:00\",\"author\":{\"@id\":\"https:\/\/mdkoswiecim.pl\/#\/schema\/person\/de4e1c3f9f9805d4834a83cd933e83a4\"},\"breadcrumb\":{\"@id\":\"https:\/\/mdkoswiecim.pl\/index.php\/2025\/12\/23\/naucz-sie-koled-razem-z-nami-jest-taki-dzien-ukulele\/#breadcrumb\"},\"inLanguage\":\"pl-PL\",\"potentialAction\":[{\"@type\":\"ReadAction\",\"target\":[\"https:\/\/mdkoswiecim.pl\/index.php\/2025\/12\/23\/naucz-sie-koled-razem-z-nami-jest-taki-dzien-ukulele\/\"]}]},{\"@type\":\"BreadcrumbList\",\"@id\":\"https:\/\/mdkoswiecim.pl\/index.php\/2025\/12\/23\/naucz-sie-koled-razem-z-nami-jest-taki-dzien-ukulele\/#breadcrumb\",\"itemListElement\":[{\"@type\":\"ListItem\",\"position\":1,\"item\":{\"@type\":\"WebPage\",\"@id\":\"https:\/\/mdkoswiecim.pl\/\",\"url\":\"https:\/\/mdkoswiecim.pl\/\",\"name\":\"Strona g\\u0142\\u00f3wna\"}},{\"@type\":\"ListItem\",\"position\":2,\"item\":{\"@type\":\"WebPage\",\"@id\":\"https:\/\/mdkoswiecim.pl\/index.php\/2025\/12\/23\/naucz-sie-koled-razem-z-nami-jest-taki-dzien-ukulele\/\",\"url\":\"https:\/\/mdkoswiecim.pl\/index.php\/2025\/12\/23\/naucz-sie-koled-razem-z-nami-jest-taki-dzien-ukulele\/\",\"name\":\"Naucz si\\u0119 kol\\u0119d razem z nami &#8211; Jest taki dzie\\u0144 &#8211; ukulele.\"}}]},{\"@type\":\"Person\",\"@id\":\"https:\/\/mdkoswiecim.pl\/#\/schema\/person\/de4e1c3f9f9805d4834a83cd933e83a4\",\"name\":\"janusz.majcherek\",\"image\":{\"@type\":\"ImageObject\",\"@id\":\"https:\/\/mdkoswiecim.pl\/#personlogo\",\"inLanguage\":\"pl-PL\",\"url\":\"https:\/\/secure.gravatar.com\/avatar\/841ee0bdfc0ec9800cdb49de086063cd2bdca44d52221b7fee4d6a2db5eafb17?s=96&d=mm&r=g\",\"contentUrl\":\"https:\/\/secure.gravatar.com\/avatar\/841ee0bdfc0ec9800cdb49de086063cd2bdca44d52221b7fee4d6a2db5eafb17?s=96&d=mm&r=g\",\"caption\":\"janusz.majcherek\"}}]}<\/script>\n<!-- \/ Yoast SEO plugin. -->","_links":{"self":[{"href":"https:\/\/mdkoswiecim.pl\/index.php\/wp-json\/wp\/v2\/posts\/26236","targetHints":{"allow":["GET"]}}],"collection":[{"href":"https:\/\/mdkoswiecim.pl\/index.php\/wp-json\/wp\/v2\/posts"}],"about":[{"href":"https:\/\/mdkoswiecim.pl\/index.php\/wp-json\/wp\/v2\/types\/post"}],"author":[{"embeddable":true,"href":"https:\/\/mdkoswiecim.pl\/index.php\/wp-json\/wp\/v2\/users\/2"}],"replies":[{"embeddable":true,"href":"https:\/\/mdkoswiecim.pl\/index.php\/wp-json\/wp\/v2\/comments?post=26236"}],"version-history":[{"count":1,"href":"https:\/\/mdkoswiecim.pl\/index.php\/wp-json\/wp\/v2\/posts\/26236\/revisions"}],"predecessor-version":[{"id":26239,"href":"https:\/\/mdkoswiecim.pl\/index.php\/wp-json\/wp\/v2\/posts\/26236\/revisions\/26239"}],"wp:featuredmedia":[{"embeddable":true,"href":"https:\/\/mdkoswiecim.pl\/index.php\/wp-json\/wp\/v2\/media\/26238"}],"wp:attachment":[{"href":"https:\/\/mdkoswiecim.pl\/index.php\/wp-json\/wp\/v2\/media?parent=26236"}],"wp:term":[{"taxonomy":"category","embeddable":true,"href":"https:\/\/mdkoswiecim.pl\/index.php\/wp-json\/wp\/v2\/categories?post=26236"},{"taxonomy":"post_tag","embeddable":true,"href":"https:\/\/mdkoswiecim.pl\/index.php\/wp-json\/wp\/v2\/tags?post=26236"}],"curies":[{"name":"wp","href":"https:\/\/api.w.org\/{rel}","templated":true}]}}