{"id":25836,"date":"2025-11-13T14:18:52","date_gmt":"2025-11-13T13:18:52","guid":{"rendered":"https:\/\/mdkoswiecim.pl\/?p=25836"},"modified":"2025-11-13T14:18:54","modified_gmt":"2025-11-13T13:18:54","slug":"wyniki-ix-powiatowego-konkursu-piesni-patriotycznej","status":"publish","type":"post","link":"https:\/\/mdkoswiecim.pl\/index.php\/2025\/11\/13\/wyniki-ix-powiatowego-konkursu-piesni-patriotycznej\/","title":{"rendered":"WYNIKI IX POWIATOWEGO KONKURSU PIE\u015aNI PATRIOTYCZNEJ."},"content":{"rendered":"\n<p>12 listopada w M\u0142odzie\u017cowej Piwnicy Artystycznej odby\u0142y si\u0119 przes\u0142uchania w IX Powiatowym Konkursie Pie\u015bni Patriotycznej. W konkursie wzi\u0119li udzia\u0142 uczniowie  7 i 8 klas szk\u00f3\u0142 podstawowych oraz szk\u00f3\u0142 \u015brednich z terenu naszego powiatu.  M\u0142odzi arty\u015bci zaprezentowali pie\u015bni historyczne oraz wsp\u00f3\u0142czesne nawi\u0105zuj\u0105ce do odzyskania przez Polsk\u0119 niepodleg\u0142o\u015bci oraz szeroko poj\u0119tego patriotyzmu. Jury w sk\u0142adzie Kamila Sibik, Katarzyna Wojciechowska oraz Janusz Majcherek przyznali nast\u0119puj\u0105ce nagrody:<\/p>\n\n\n\n<p>I miejsce &#8211; Weronika Pasierbek <\/p>\n\n\n\n<p>I miejsce (ex aequo) &#8211; Sandra Michalska <\/p>\n\n\n\n<p>II miejsce &#8211; Magdalena Pawi\u0144ska<\/p>\n\n\n\n<p>III miejsce &#8211; Igor Kaczor<\/p>\n\n\n\n<p>Wyr\u00f3\u017cnienie &#8211; Martyna Kopacz<\/p>\n\n\n\n<p>Serdecznie gratulujemy!<\/p>\n\n\n\n<figure class=\"wp-block-gallery has-nested-images columns-default is-cropped wp-block-gallery-1 is-layout-flex wp-block-gallery-is-layout-flex\">\n<figure class=\"wp-block-image size-large\"><a href=\"https:\/\/mdkoswiecim.pl\/wp-content\/uploads\/2025\/11\/IMG-20251113-WA0002.jpg\"><img loading=\"lazy\" decoding=\"async\" width=\"1024\" height=\"576\" data-id=\"25837\" src=\"https:\/\/mdkoswiecim.pl\/wp-content\/uploads\/2025\/11\/IMG-20251113-WA0002-1024x576.jpg\" alt=\"\" class=\"wp-image-25837\" srcset=\"https:\/\/mdkoswiecim.pl\/wp-content\/uploads\/2025\/11\/IMG-20251113-WA0002-1024x576.jpg 1024w, https:\/\/mdkoswiecim.pl\/wp-content\/uploads\/2025\/11\/IMG-20251113-WA0002-300x169.jpg 300w, https:\/\/mdkoswiecim.pl\/wp-content\/uploads\/2025\/11\/IMG-20251113-WA0002-768x432.jpg 768w, https:\/\/mdkoswiecim.pl\/wp-content\/uploads\/2025\/11\/IMG-20251113-WA0002-1536x864.jpg 1536w, https:\/\/mdkoswiecim.pl\/wp-content\/uploads\/2025\/11\/IMG-20251113-WA0002.jpg 2000w\" sizes=\"auto, (max-width: 1024px) 100vw, 1024px\" \/><\/a><\/figure>\n\n\n\n<figure class=\"wp-block-image size-large\"><a href=\"https:\/\/mdkoswiecim.pl\/wp-content\/uploads\/2025\/11\/IMG-20251113-WA0007.jpg\"><img loading=\"lazy\" decoding=\"async\" width=\"1024\" height=\"576\" data-id=\"25838\" src=\"https:\/\/mdkoswiecim.pl\/wp-content\/uploads\/2025\/11\/IMG-20251113-WA0007-1024x576.jpg\" alt=\"\" class=\"wp-image-25838\" srcset=\"https:\/\/mdkoswiecim.pl\/wp-content\/uploads\/2025\/11\/IMG-20251113-WA0007-1024x576.jpg 1024w, https:\/\/mdkoswiecim.pl\/wp-content\/uploads\/2025\/11\/IMG-20251113-WA0007-300x169.jpg 300w, https:\/\/mdkoswiecim.pl\/wp-content\/uploads\/2025\/11\/IMG-20251113-WA0007-768x432.jpg 768w, https:\/\/mdkoswiecim.pl\/wp-content\/uploads\/2025\/11\/IMG-20251113-WA0007-1536x864.jpg 1536w, https:\/\/mdkoswiecim.pl\/wp-content\/uploads\/2025\/11\/IMG-20251113-WA0007.jpg 2000w\" sizes=\"auto, (max-width: 1024px) 100vw, 1024px\" \/><\/a><\/figure>\n\n\n\n<figure class=\"wp-block-image size-large\"><a href=\"https:\/\/mdkoswiecim.pl\/wp-content\/uploads\/2025\/11\/IMG-20251113-WA0009.jpg\"><img loading=\"lazy\" decoding=\"async\" width=\"1024\" height=\"576\" data-id=\"25841\" src=\"https:\/\/mdkoswiecim.pl\/wp-content\/uploads\/2025\/11\/IMG-20251113-WA0009-1024x576.jpg\" alt=\"\" class=\"wp-image-25841\" srcset=\"https:\/\/mdkoswiecim.pl\/wp-content\/uploads\/2025\/11\/IMG-20251113-WA0009-1024x576.jpg 1024w, https:\/\/mdkoswiecim.pl\/wp-content\/uploads\/2025\/11\/IMG-20251113-WA0009-300x169.jpg 300w, https:\/\/mdkoswiecim.pl\/wp-content\/uploads\/2025\/11\/IMG-20251113-WA0009-768x432.jpg 768w, https:\/\/mdkoswiecim.pl\/wp-content\/uploads\/2025\/11\/IMG-20251113-WA0009-1536x864.jpg 1536w, https:\/\/mdkoswiecim.pl\/wp-content\/uploads\/2025\/11\/IMG-20251113-WA0009.jpg 2000w\" sizes=\"auto, (max-width: 1024px) 100vw, 1024px\" \/><\/a><\/figure>\n\n\n\n<figure class=\"wp-block-image size-large\"><a href=\"https:\/\/mdkoswiecim.pl\/wp-content\/uploads\/2025\/11\/IMG-20251113-WA0010.jpg\"><img loading=\"lazy\" decoding=\"async\" width=\"576\" height=\"1024\" data-id=\"25842\" src=\"https:\/\/mdkoswiecim.pl\/wp-content\/uploads\/2025\/11\/IMG-20251113-WA0010-576x1024.jpg\" alt=\"\" class=\"wp-image-25842\" srcset=\"https:\/\/mdkoswiecim.pl\/wp-content\/uploads\/2025\/11\/IMG-20251113-WA0010-576x1024.jpg 576w, https:\/\/mdkoswiecim.pl\/wp-content\/uploads\/2025\/11\/IMG-20251113-WA0010-169x300.jpg 169w, https:\/\/mdkoswiecim.pl\/wp-content\/uploads\/2025\/11\/IMG-20251113-WA0010-768x1365.jpg 768w, https:\/\/mdkoswiecim.pl\/wp-content\/uploads\/2025\/11\/IMG-20251113-WA0010-864x1536.jpg 864w, https:\/\/mdkoswiecim.pl\/wp-content\/uploads\/2025\/11\/IMG-20251113-WA0010.jpg 1125w\" sizes=\"auto, (max-width: 576px) 100vw, 576px\" \/><\/a><\/figure>\n\n\n\n<figure class=\"wp-block-image size-large\"><a href=\"https:\/\/mdkoswiecim.pl\/wp-content\/uploads\/2025\/11\/IMG-20251113-WA0012.jpg\"><img loading=\"lazy\" decoding=\"async\" width=\"576\" height=\"1024\" data-id=\"25844\" src=\"https:\/\/mdkoswiecim.pl\/wp-content\/uploads\/2025\/11\/IMG-20251113-WA0012-576x1024.jpg\" alt=\"\" class=\"wp-image-25844\" srcset=\"https:\/\/mdkoswiecim.pl\/wp-content\/uploads\/2025\/11\/IMG-20251113-WA0012-576x1024.jpg 576w, https:\/\/mdkoswiecim.pl\/wp-content\/uploads\/2025\/11\/IMG-20251113-WA0012-169x300.jpg 169w, https:\/\/mdkoswiecim.pl\/wp-content\/uploads\/2025\/11\/IMG-20251113-WA0012-768x1365.jpg 768w, https:\/\/mdkoswiecim.pl\/wp-content\/uploads\/2025\/11\/IMG-20251113-WA0012-864x1536.jpg 864w, https:\/\/mdkoswiecim.pl\/wp-content\/uploads\/2025\/11\/IMG-20251113-WA0012.jpg 1125w\" sizes=\"auto, (max-width: 576px) 100vw, 576px\" \/><\/a><\/figure>\n\n\n\n<figure class=\"wp-block-image size-large\"><a href=\"https:\/\/mdkoswiecim.pl\/wp-content\/uploads\/2025\/11\/IMG-20251113-WA0014.jpg\"><img loading=\"lazy\" decoding=\"async\" width=\"1024\" height=\"576\" data-id=\"25846\" src=\"https:\/\/mdkoswiecim.pl\/wp-content\/uploads\/2025\/11\/IMG-20251113-WA0014-1024x576.jpg\" alt=\"\" class=\"wp-image-25846\" srcset=\"https:\/\/mdkoswiecim.pl\/wp-content\/uploads\/2025\/11\/IMG-20251113-WA0014-1024x576.jpg 1024w, https:\/\/mdkoswiecim.pl\/wp-content\/uploads\/2025\/11\/IMG-20251113-WA0014-300x169.jpg 300w, https:\/\/mdkoswiecim.pl\/wp-content\/uploads\/2025\/11\/IMG-20251113-WA0014-768x432.jpg 768w, https:\/\/mdkoswiecim.pl\/wp-content\/uploads\/2025\/11\/IMG-20251113-WA0014-1536x864.jpg 1536w, https:\/\/mdkoswiecim.pl\/wp-content\/uploads\/2025\/11\/IMG-20251113-WA0014.jpg 2000w\" sizes=\"auto, (max-width: 1024px) 100vw, 1024px\" \/><\/a><\/figure>\n\n\n\n<figure class=\"wp-block-image size-large\"><a href=\"https:\/\/mdkoswiecim.pl\/wp-content\/uploads\/2025\/11\/IMG-20251113-WA0016.jpg\"><img loading=\"lazy\" decoding=\"async\" width=\"1024\" height=\"576\" data-id=\"25845\" src=\"https:\/\/mdkoswiecim.pl\/wp-content\/uploads\/2025\/11\/IMG-20251113-WA0016-1024x576.jpg\" alt=\"\" class=\"wp-image-25845\" srcset=\"https:\/\/mdkoswiecim.pl\/wp-content\/uploads\/2025\/11\/IMG-20251113-WA0016-1024x576.jpg 1024w, https:\/\/mdkoswiecim.pl\/wp-content\/uploads\/2025\/11\/IMG-20251113-WA0016-300x169.jpg 300w, https:\/\/mdkoswiecim.pl\/wp-content\/uploads\/2025\/11\/IMG-20251113-WA0016-768x432.jpg 768w, https:\/\/mdkoswiecim.pl\/wp-content\/uploads\/2025\/11\/IMG-20251113-WA0016-1536x864.jpg 1536w, https:\/\/mdkoswiecim.pl\/wp-content\/uploads\/2025\/11\/IMG-20251113-WA0016.jpg 2000w\" sizes=\"auto, (max-width: 1024px) 100vw, 1024px\" \/><\/a><\/figure>\n\n\n\n<figure class=\"wp-block-image size-large\"><a href=\"https:\/\/mdkoswiecim.pl\/wp-content\/uploads\/2025\/11\/IMG-20251113-WA0019.jpg\"><img loading=\"lazy\" decoding=\"async\" width=\"1024\" height=\"576\" data-id=\"25847\" src=\"https:\/\/mdkoswiecim.pl\/wp-content\/uploads\/2025\/11\/IMG-20251113-WA0019-1024x576.jpg\" alt=\"\" class=\"wp-image-25847\" srcset=\"https:\/\/mdkoswiecim.pl\/wp-content\/uploads\/2025\/11\/IMG-20251113-WA0019-1024x576.jpg 1024w, https:\/\/mdkoswiecim.pl\/wp-content\/uploads\/2025\/11\/IMG-20251113-WA0019-300x169.jpg 300w, https:\/\/mdkoswiecim.pl\/wp-content\/uploads\/2025\/11\/IMG-20251113-WA0019-768x432.jpg 768w, https:\/\/mdkoswiecim.pl\/wp-content\/uploads\/2025\/11\/IMG-20251113-WA0019-1536x864.jpg 1536w, https:\/\/mdkoswiecim.pl\/wp-content\/uploads\/2025\/11\/IMG-20251113-WA0019.jpg 2000w\" sizes=\"auto, (max-width: 1024px) 100vw, 1024px\" \/><\/a><\/figure>\n\n\n\n<figure class=\"wp-block-image size-large\"><a href=\"https:\/\/mdkoswiecim.pl\/wp-content\/uploads\/2025\/11\/IMG-20251113-WA0020.jpg\"><img loading=\"lazy\" decoding=\"async\" width=\"1024\" height=\"576\" data-id=\"25839\" src=\"https:\/\/mdkoswiecim.pl\/wp-content\/uploads\/2025\/11\/IMG-20251113-WA0020-1024x576.jpg\" alt=\"\" class=\"wp-image-25839\" srcset=\"https:\/\/mdkoswiecim.pl\/wp-content\/uploads\/2025\/11\/IMG-20251113-WA0020-1024x576.jpg 1024w, https:\/\/mdkoswiecim.pl\/wp-content\/uploads\/2025\/11\/IMG-20251113-WA0020-300x169.jpg 300w, https:\/\/mdkoswiecim.pl\/wp-content\/uploads\/2025\/11\/IMG-20251113-WA0020-768x432.jpg 768w, https:\/\/mdkoswiecim.pl\/wp-content\/uploads\/2025\/11\/IMG-20251113-WA0020-1536x864.jpg 1536w, https:\/\/mdkoswiecim.pl\/wp-content\/uploads\/2025\/11\/IMG-20251113-WA0020.jpg 1640w\" sizes=\"auto, (max-width: 1024px) 100vw, 1024px\" \/><\/a><\/figure>\n\n\n\n<figure class=\"wp-block-image size-large\"><a href=\"https:\/\/mdkoswiecim.pl\/wp-content\/uploads\/2025\/11\/IMG-20251113-WA0021.jpg\"><img loading=\"lazy\" decoding=\"async\" width=\"576\" height=\"1024\" data-id=\"25843\" src=\"https:\/\/mdkoswiecim.pl\/wp-content\/uploads\/2025\/11\/IMG-20251113-WA0021-576x1024.jpg\" alt=\"\" class=\"wp-image-25843\" srcset=\"https:\/\/mdkoswiecim.pl\/wp-content\/uploads\/2025\/11\/IMG-20251113-WA0021-576x1024.jpg 576w, https:\/\/mdkoswiecim.pl\/wp-content\/uploads\/2025\/11\/IMG-20251113-WA0021-169x300.jpg 169w, https:\/\/mdkoswiecim.pl\/wp-content\/uploads\/2025\/11\/IMG-20251113-WA0021-768x1365.jpg 768w, https:\/\/mdkoswiecim.pl\/wp-content\/uploads\/2025\/11\/IMG-20251113-WA0021-864x1536.jpg 864w, https:\/\/mdkoswiecim.pl\/wp-content\/uploads\/2025\/11\/IMG-20251113-WA0021.jpg 1125w\" sizes=\"auto, (max-width: 576px) 100vw, 576px\" \/><\/a><\/figure>\n\n\n\n<figure class=\"wp-block-image size-large\"><a href=\"https:\/\/mdkoswiecim.pl\/wp-content\/uploads\/2025\/11\/IMG-20251113-WA0024.jpg\"><img loading=\"lazy\" decoding=\"async\" width=\"1024\" height=\"576\" data-id=\"25840\" src=\"https:\/\/mdkoswiecim.pl\/wp-content\/uploads\/2025\/11\/IMG-20251113-WA0024-1024x576.jpg\" alt=\"\" class=\"wp-image-25840\" srcset=\"https:\/\/mdkoswiecim.pl\/wp-content\/uploads\/2025\/11\/IMG-20251113-WA0024-1024x576.jpg 1024w, https:\/\/mdkoswiecim.pl\/wp-content\/uploads\/2025\/11\/IMG-20251113-WA0024-300x169.jpg 300w, https:\/\/mdkoswiecim.pl\/wp-content\/uploads\/2025\/11\/IMG-20251113-WA0024-768x432.jpg 768w, https:\/\/mdkoswiecim.pl\/wp-content\/uploads\/2025\/11\/IMG-20251113-WA0024-1536x864.jpg 1536w, https:\/\/mdkoswiecim.pl\/wp-content\/uploads\/2025\/11\/IMG-20251113-WA0024.jpg 2000w\" sizes=\"auto, (max-width: 1024px) 100vw, 1024px\" \/><\/a><\/figure>\n<\/figure>\n","protected":false},"excerpt":{"rendered":"<p>12 listopada w M\u0142odzie\u017cowej Piwnicy Artystycznej odby\u0142y si\u0119 przes\u0142uchania w IX Powiatowym Konkursie Pie\u015bni Patriotycznej. W konkursie wzi\u0119li udzia\u0142 uczniowie 7 i 8 klas szk\u00f3\u0142 podstawowych oraz szk\u00f3\u0142 \u015brednich z terenu naszego powiatu. M\u0142odzi arty\u015bci zaprezentowali pie\u015bni historyczne oraz wsp\u00f3\u0142czesne nawi\u0105zuj\u0105ce do odzyskania przez Polsk\u0119 niepodleg\u0142o\u015bci oraz szeroko poj\u0119tego patriotyzmu. Jury w sk\u0142adzie Kamila Sibik, [&hellip;]<\/p>\n","protected":false},"author":2,"featured_media":25846,"comment_status":"closed","ping_status":"closed","sticky":false,"template":"","format":"standard","meta":{"footnotes":""},"categories":[107,108],"tags":[],"class_list":["post-25836","post","type-post","status-publish","format-standard","has-post-thumbnail","hentry","category-konkursy","category-aktualnosci"],"yoast_head":"<!-- This site is optimized with the Yoast SEO plugin v16.1.1 - https:\/\/yoast.com\/wordpress\/plugins\/seo\/ -->\n<title>WYNIKI IX POWIATOWEGO KONKURSU PIE\u015aNI PATRIOTYCZNEJ. - MDK<\/title>\n<link rel=\"canonical\" href=\"https:\/\/mdkoswiecim.pl\/index.php\/2025\/11\/13\/wyniki-ix-powiatowego-konkursu-piesni-patriotycznej\/\" \/>\n<meta property=\"og:locale\" content=\"pl_PL\" \/>\n<meta property=\"og:type\" content=\"article\" \/>\n<meta property=\"og:title\" content=\"WYNIKI IX POWIATOWEGO KONKURSU PIE\u015aNI PATRIOTYCZNEJ. - MDK\" \/>\n<meta property=\"og:description\" content=\"12 listopada w M\u0142odzie\u017cowej Piwnicy Artystycznej odby\u0142y si\u0119 przes\u0142uchania w IX Powiatowym Konkursie Pie\u015bni Patriotycznej. W konkursie wzi\u0119li udzia\u0142 uczniowie 7 i 8 klas szk\u00f3\u0142 podstawowych oraz szk\u00f3\u0142 \u015brednich z terenu naszego powiatu. M\u0142odzi arty\u015bci zaprezentowali pie\u015bni historyczne oraz wsp\u00f3\u0142czesne nawi\u0105zuj\u0105ce do odzyskania przez Polsk\u0119 niepodleg\u0142o\u015bci oraz szeroko poj\u0119tego patriotyzmu. Jury w sk\u0142adzie Kamila Sibik, [&hellip;]\" \/>\n<meta property=\"og:url\" content=\"https:\/\/mdkoswiecim.pl\/index.php\/2025\/11\/13\/wyniki-ix-powiatowego-konkursu-piesni-patriotycznej\/\" \/>\n<meta property=\"og:site_name\" content=\"MDK\" \/>\n<meta property=\"article:published_time\" content=\"2025-11-13T13:18:52+00:00\" \/>\n<meta property=\"article:modified_time\" content=\"2025-11-13T13:18:54+00:00\" \/>\n<meta property=\"og:image\" content=\"https:\/\/mdkoswiecim.pl\/wp-content\/uploads\/2025\/11\/IMG-20251113-WA0014.jpg\" \/>\n\t<meta property=\"og:image:width\" content=\"2000\" \/>\n\t<meta property=\"og:image:height\" content=\"1125\" \/>\n<meta name=\"twitter:card\" content=\"summary_large_image\" \/>\n<meta name=\"twitter:label1\" content=\"Szacowany czas czytania\">\n\t<meta name=\"twitter:data1\" content=\"1 minuta\">\n<script type=\"application\/ld+json\" class=\"yoast-schema-graph\">{\"@context\":\"https:\/\/schema.org\",\"@graph\":[{\"@type\":\"WebSite\",\"@id\":\"https:\/\/mdkoswiecim.pl\/#website\",\"url\":\"https:\/\/mdkoswiecim.pl\/\",\"name\":\"MDK\",\"description\":\"M\\u0142odzie\\u017cowy Dom Kultury w O\\u015bwi\\u0119cimiu\",\"potentialAction\":[{\"@type\":\"SearchAction\",\"target\":\"https:\/\/mdkoswiecim.pl\/?s={search_term_string}\",\"query-input\":\"required name=search_term_string\"}],\"inLanguage\":\"pl-PL\"},{\"@type\":\"ImageObject\",\"@id\":\"https:\/\/mdkoswiecim.pl\/index.php\/2025\/11\/13\/wyniki-ix-powiatowego-konkursu-piesni-patriotycznej\/#primaryimage\",\"inLanguage\":\"pl-PL\",\"url\":\"https:\/\/mdkoswiecim.pl\/wp-content\/uploads\/2025\/11\/IMG-20251113-WA0014.jpg\",\"contentUrl\":\"https:\/\/mdkoswiecim.pl\/wp-content\/uploads\/2025\/11\/IMG-20251113-WA0014.jpg\",\"width\":2000,\"height\":1125},{\"@type\":\"WebPage\",\"@id\":\"https:\/\/mdkoswiecim.pl\/index.php\/2025\/11\/13\/wyniki-ix-powiatowego-konkursu-piesni-patriotycznej\/#webpage\",\"url\":\"https:\/\/mdkoswiecim.pl\/index.php\/2025\/11\/13\/wyniki-ix-powiatowego-konkursu-piesni-patriotycznej\/\",\"name\":\"WYNIKI IX POWIATOWEGO KONKURSU PIE\\u015aNI PATRIOTYCZNEJ. - MDK\",\"isPartOf\":{\"@id\":\"https:\/\/mdkoswiecim.pl\/#website\"},\"primaryImageOfPage\":{\"@id\":\"https:\/\/mdkoswiecim.pl\/index.php\/2025\/11\/13\/wyniki-ix-powiatowego-konkursu-piesni-patriotycznej\/#primaryimage\"},\"datePublished\":\"2025-11-13T13:18:52+00:00\",\"dateModified\":\"2025-11-13T13:18:54+00:00\",\"author\":{\"@id\":\"https:\/\/mdkoswiecim.pl\/#\/schema\/person\/de4e1c3f9f9805d4834a83cd933e83a4\"},\"breadcrumb\":{\"@id\":\"https:\/\/mdkoswiecim.pl\/index.php\/2025\/11\/13\/wyniki-ix-powiatowego-konkursu-piesni-patriotycznej\/#breadcrumb\"},\"inLanguage\":\"pl-PL\",\"potentialAction\":[{\"@type\":\"ReadAction\",\"target\":[\"https:\/\/mdkoswiecim.pl\/index.php\/2025\/11\/13\/wyniki-ix-powiatowego-konkursu-piesni-patriotycznej\/\"]}]},{\"@type\":\"BreadcrumbList\",\"@id\":\"https:\/\/mdkoswiecim.pl\/index.php\/2025\/11\/13\/wyniki-ix-powiatowego-konkursu-piesni-patriotycznej\/#breadcrumb\",\"itemListElement\":[{\"@type\":\"ListItem\",\"position\":1,\"item\":{\"@type\":\"WebPage\",\"@id\":\"https:\/\/mdkoswiecim.pl\/\",\"url\":\"https:\/\/mdkoswiecim.pl\/\",\"name\":\"Strona g\\u0142\\u00f3wna\"}},{\"@type\":\"ListItem\",\"position\":2,\"item\":{\"@type\":\"WebPage\",\"@id\":\"https:\/\/mdkoswiecim.pl\/index.php\/2025\/11\/13\/wyniki-ix-powiatowego-konkursu-piesni-patriotycznej\/\",\"url\":\"https:\/\/mdkoswiecim.pl\/index.php\/2025\/11\/13\/wyniki-ix-powiatowego-konkursu-piesni-patriotycznej\/\",\"name\":\"WYNIKI IX POWIATOWEGO KONKURSU PIE\\u015aNI PATRIOTYCZNEJ.\"}}]},{\"@type\":\"Person\",\"@id\":\"https:\/\/mdkoswiecim.pl\/#\/schema\/person\/de4e1c3f9f9805d4834a83cd933e83a4\",\"name\":\"janusz.majcherek\",\"image\":{\"@type\":\"ImageObject\",\"@id\":\"https:\/\/mdkoswiecim.pl\/#personlogo\",\"inLanguage\":\"pl-PL\",\"url\":\"https:\/\/secure.gravatar.com\/avatar\/841ee0bdfc0ec9800cdb49de086063cd2bdca44d52221b7fee4d6a2db5eafb17?s=96&d=mm&r=g\",\"contentUrl\":\"https:\/\/secure.gravatar.com\/avatar\/841ee0bdfc0ec9800cdb49de086063cd2bdca44d52221b7fee4d6a2db5eafb17?s=96&d=mm&r=g\",\"caption\":\"janusz.majcherek\"}}]}<\/script>\n<!-- \/ Yoast SEO plugin. -->","_links":{"self":[{"href":"https:\/\/mdkoswiecim.pl\/index.php\/wp-json\/wp\/v2\/posts\/25836","targetHints":{"allow":["GET"]}}],"collection":[{"href":"https:\/\/mdkoswiecim.pl\/index.php\/wp-json\/wp\/v2\/posts"}],"about":[{"href":"https:\/\/mdkoswiecim.pl\/index.php\/wp-json\/wp\/v2\/types\/post"}],"author":[{"embeddable":true,"href":"https:\/\/mdkoswiecim.pl\/index.php\/wp-json\/wp\/v2\/users\/2"}],"replies":[{"embeddable":true,"href":"https:\/\/mdkoswiecim.pl\/index.php\/wp-json\/wp\/v2\/comments?post=25836"}],"version-history":[{"count":1,"href":"https:\/\/mdkoswiecim.pl\/index.php\/wp-json\/wp\/v2\/posts\/25836\/revisions"}],"predecessor-version":[{"id":25848,"href":"https:\/\/mdkoswiecim.pl\/index.php\/wp-json\/wp\/v2\/posts\/25836\/revisions\/25848"}],"wp:featuredmedia":[{"embeddable":true,"href":"https:\/\/mdkoswiecim.pl\/index.php\/wp-json\/wp\/v2\/media\/25846"}],"wp:attachment":[{"href":"https:\/\/mdkoswiecim.pl\/index.php\/wp-json\/wp\/v2\/media?parent=25836"}],"wp:term":[{"taxonomy":"category","embeddable":true,"href":"https:\/\/mdkoswiecim.pl\/index.php\/wp-json\/wp\/v2\/categories?post=25836"},{"taxonomy":"post_tag","embeddable":true,"href":"https:\/\/mdkoswiecim.pl\/index.php\/wp-json\/wp\/v2\/tags?post=25836"}],"curies":[{"name":"wp","href":"https:\/\/api.w.org\/{rel}","templated":true}]}}