{"id":25775,"date":"2025-11-04T11:48:04","date_gmt":"2025-11-04T10:48:04","guid":{"rendered":"https:\/\/mdkoswiecim.pl\/?p=25775"},"modified":"2025-11-05T16:59:04","modified_gmt":"2025-11-05T15:59:04","slug":"wyniki-powiatowego-konkursu-plastycznego-piekno-polski-pedzlem-malowane","status":"publish","type":"post","link":"https:\/\/mdkoswiecim.pl\/index.php\/2025\/11\/04\/wyniki-powiatowego-konkursu-plastycznego-piekno-polski-pedzlem-malowane\/","title":{"rendered":"Wyniki Powiatowego Konkursu Plastycznego \u201ePi\u0119kno Polski p\u0119dzlem malowane\u201d"},"content":{"rendered":"\n<p>Na konkurs wp\u0142yn\u0119\u0142o 190 prac. Komisja konkursowa pod przewodnictwem pani Magdaleny Prochowskiej postanowi\u0142a przyzna\u0107 nagrody i wyr\u00f3\u017cnienia w nast\u0119puj\u0105cych kategoriach wiekowych:<\/p>\n\n\n\n<p><strong><em>PLAC\u00d3WKI POZASZKOLNE<\/em><\/strong><\/p>\n\n\n\n<p><strong><em>KATEGORIA I &#8211; NAGRODY<\/em><\/strong><\/p>\n\n\n\n<p><strong>MATEUSZ BUCHTA<\/strong>, MDK W O\u015aWI\u0118CIMIU<\/p>\n\n\n\n<p><strong>KAROL ZAJ\u0104C<\/strong>, MDK W O\u015aWI\u0118CIMIU<\/p>\n\n\n\n<p><strong>KATARZYNA \u0141AZIK, <\/strong>MDK W O\u015aWI\u0118CIMIU<\/p>\n\n\n\n<p><strong>EMILIA KA\u0141A,<\/strong> MDK W O\u015aWI\u0118CIMIU<\/p>\n\n\n\n<p><\/p>\n\n\n\n<p><strong><em>KATEGORIA I \u2013 WYR\u00d3\u017bNIENIA<\/em><\/strong><\/p>\n\n\n\n<p><strong>ANTONINA KOWALIK, <\/strong>MDK W O\u015aWI\u0118CIMIU<\/p>\n\n\n\n<p><strong>JAGODA NAWALANY, <\/strong>MDK W O\u015aWI\u0118CIMIU<\/p>\n\n\n\n<p><\/p>\n\n\n\n<p><strong><em>KATEGORIA I &#8211; KWALIFIKACJE DO WYSTAWY<\/em><\/strong><\/p>\n\n\n\n<p><strong>JAGODA NAWALANY<\/strong>, MDK W O\u015aWI\u0118CIMIU<\/p>\n\n\n\n<p><strong>LENA SADULSKA<\/strong>, MDK W O\u015aWI\u0118CIMIU<\/p>\n\n\n\n<p><strong>JAGODA SOSNOWSKA<\/strong>, MDK W O\u015aWI\u0118CIMIU<\/p>\n\n\n\n<p><strong>MAGDALENA NYDEREK, <\/strong>MDK W O\u015aWI\u0118CIMIU<\/p>\n\n\n\n<p><strong>OLIWIER KOLASA, <\/strong>MDK W O\u015aWI\u0118CIMIU<\/p>\n\n\n\n<p><strong>WIKTOR SZYJKA,<\/strong> MDK W O\u015aWI\u0118CIMIU<\/p>\n\n\n\n<p><\/p>\n\n\n\n<p><strong><em>KATEGORIA II \u2013 NAGRODY<\/em><\/strong><\/p>\n\n\n\n<p><strong>KALINA SZATY\u0143SKA<\/strong>, MDK W O\u015aWI\u0118CIMIU<\/p>\n\n\n\n<p><strong>ZOFIA SZEMIOT<\/strong>, MDK W O\u015aWI\u0118CIMIU<\/p>\n\n\n\n<p><strong>GAJA LOREK,<\/strong> MDK W O\u015aWI\u0118CIMIU<\/p>\n\n\n\n<p><strong>JUSTYNA G\u0104CIARZ<\/strong>, MDK W O\u015aWI\u0118CIMIU<\/p>\n\n\n\n<p><\/p>\n\n\n\n<p><strong><em>KATEGORIA II \u2013 WYR\u00d3\u017bNIENIA<\/em><\/strong><\/p>\n\n\n\n<p><strong>IZABELA WANAT<\/strong>, MDK W O\u015aWI\u0118CIMIU<\/p>\n\n\n\n<p><strong>MIESZKO I\u017bYCZEK<\/strong>, MDK W O\u015aWI\u0118CIMIU<\/p>\n\n\n\n<p><\/p>\n\n\n\n<p><strong><em>KATEGORIA II &#8211; KWALIFIKACJE DO WYSTAWY<\/em><\/strong><\/p>\n\n\n\n<p><strong>SAMANTA WRONA,<\/strong> MDK W O\u015aWI\u0118CIMIU<\/p>\n\n\n\n<p><strong>VALERIA HROM,<\/strong> MDK W O\u015aWI\u0118CIMIU<\/p>\n\n\n\n<p><strong>LILIANNA WARMBIER<\/strong>, MDK W O\u015aWI\u0118CIMIU<\/p>\n\n\n\n<p><strong>WIKTORIA WARMBIER<\/strong>, MDK W O\u015aWI\u0118CIMIU<\/p>\n\n\n\n<p><\/p>\n\n\n\n<p><em><strong>KATEGORIA III \u2013<\/strong> <strong>NAGRODY<\/strong><\/em><\/p>\n\n\n\n<p><strong>ZUZANNA W\u0104SIK<\/strong>, MDK W O\u015aWI\u0118CIMIU<\/p>\n\n\n\n<p><strong>JOANNA JANIK<\/strong>, MDK W O\u015aWI\u0118CIMIU<\/p>\n\n\n\n<p><strong><em>KATEGORIA III \u2013 WYR\u00d3\u017bNIENIA<\/em><\/strong><\/p>\n\n\n\n<p><strong>ZOFIA STOK\u0141OSA,<\/strong> MDK W O\u015aWI\u0118CIMIU<\/p>\n\n\n\n<p><strong>BORYS ADAMCZYK<\/strong>, MDK W O\u015aWI\u0118CIMIU<\/p>\n\n\n\n<p><\/p>\n\n\n\n<p><strong><em>KATEGORIA III &#8211; KWALIFIKACJE DO WYSTAWY<\/em><\/strong><\/p>\n\n\n\n<p><strong>LAURA KRAMARCZYK,<\/strong> MDK W O\u015aWI\u0118CIMIU<\/p>\n\n\n\n<p><strong>JULIA B\u0104K<\/strong>, MDK W O\u015aWI\u0118CIMIU<\/p>\n\n\n\n<p><\/p>\n\n\n\n<p><strong><em>SZKO\u0141Y<\/em><\/strong><\/p>\n\n\n\n<p><strong><em>KATEGORIA I &#8211; NAGRODY<\/em><\/strong><\/p>\n\n\n\n<p><strong>MI\u0141OSZ BA\u0141AJEWICZ,<\/strong> SP NR 8 W O\u015aWI\u0118CIMIU<\/p>\n\n\n\n<p><strong>OSKAR GAWE\u0141<\/strong>, SP NR 8 W O\u015aWI\u0118CIMIU<\/p>\n\n\n\n<p><strong>IZABELA BRATEK, <\/strong>SZS W BOBRKU<\/p>\n\n\n\n<p><strong>MATEUSZ BUCHTA, <\/strong>SZS W BOBRKU<\/p>\n\n\n\n<p><\/p>\n\n\n\n<p><strong><em>KATEGORIA I \u2013 WYR\u00d3\u017bNIENIA<\/em><\/strong><\/p>\n\n\n\n<p><strong>ANNA JUSZCZAK, <\/strong>SP NR 8 W O\u015aWI\u0118CIMIU<\/p>\n\n\n\n<p><strong>ZUZANNA TOBIASZ, <\/strong>SP NR 8 W O\u015aWI\u0118CIMIU<\/p>\n\n\n\n<p><\/p>\n\n\n\n<p><strong><em>KATEGORIA I &#8211; KWALIFIKACJE DO WYSTAWY<\/em><\/strong><\/p>\n\n\n\n<p><strong>MATEUSZ WILCZAK<\/strong>, SZS W GORZOWIE<\/p>\n\n\n\n<p><strong>PIOTR WILCZAK, <\/strong>SZS W GORZOWIE<\/p>\n\n\n\n<p><strong>MAJA JURECKA<\/strong>, SP NR 2 W OSIEKU<\/p>\n\n\n\n<p><strong>SARA STAWIARSKA, <\/strong>SP NR 2 W OSIEKU<\/p>\n\n\n\n<p><strong>MICHALINA DROBISZ<\/strong>, SP NR 8 W O\u015aWI\u0118CIMIU<\/p>\n\n\n\n<p><strong>MARTYNA SIKORA<\/strong>, SP NR 8 W O\u015aWI\u0118CIMIU<\/p>\n\n\n\n<p><\/p>\n\n\n\n<p><strong><em>KATEGORIA II \u2013 NAGRODY<\/em><\/strong><\/p>\n\n\n\n<p><strong>TIFFANY KU\u015aMIERZ<\/strong>, SP NR 8 W O\u015aWI\u0118CIMIU<\/p>\n\n\n\n<p><strong>ZOFIA TOBIASZ<\/strong>, SP NR 8 W O\u015aWI\u0118CIMIU<\/p>\n\n\n\n<p><strong>NATALIA BAKA<\/strong>, SP NR 2 W O\u015aWI\u0118CIMIU<\/p>\n\n\n\n<p><strong>ALEKSANDRA SOCA\u0141A<\/strong>, SP NR 2 W O\u015aWI\u0118CIMIU<\/p>\n\n\n\n<p><\/p>\n\n\n\n<p><strong><em>KATEGORIA II \u2013 WYR\u00d3\u017bNIENIA<\/em><\/strong><\/p>\n\n\n\n<p><strong>ANTONINA SZATKOWSKA<\/strong>, SP NR 2W O\u015aWI\u0118CIMIU<\/p>\n\n\n\n<p><strong>MIESZKO I\u017bYCZEK<\/strong>, SP NR 2 W O\u015aWI\u0118CIMIU<\/p>\n\n\n\n<p><strong>HELENA BOGDA\u0143SKA<\/strong>, SP NR 9 W O\u015aWI\u0118CIMIU<\/p>\n\n\n\n<p><strong>LENA CHAMIELEC<\/strong>, SP NR 9 W O\u015aWI\u0118CIMIU<\/p>\n\n\n\n<p><strong>GABRIELA AUGUSTYN<\/strong>, SP NR 1 W PRZECISZOWIE<\/p>\n\n\n\n<p><strong>ANITA DUDZIAK<\/strong>, SP NR 1 W PRZECISZOWIE<\/p>\n\n\n\n<p><strong>MAJA SZPAKOWSKA<\/strong>, SP W RAJSKU<\/p>\n\n\n\n<p><strong>MILENA PRUCZKOWSKA<\/strong>, SP W RAJSKU<\/p>\n\n\n\n<p><\/p>\n\n\n\n<p><strong><em>KATEGORIA II &#8211; KWALIFIKACJE DO WYSTAWY<\/em><\/strong><\/p>\n\n\n\n<p><strong>INGA BANDYSZEWSKA, <\/strong>SP NR 8 W O\u015aWI\u0118CIMIU<\/p>\n\n\n\n<p><strong>NATALIA ZAJ\u0104C, <\/strong>SP NR 8 W O\u015aWI\u0118CIMIU<\/p>\n\n\n\n<p><strong>WIKTORIA BRO\u0143KA<\/strong>, SP NR 8 W O\u015aWI\u0118CIMIU<\/p>\n\n\n\n<p><strong>ANNA GABRY\u015a<\/strong>, SP NR 8 W O\u015aWI\u0118CIMIU<\/p>\n\n\n\n<p><strong>LILIANA PIETRASZEWSKA<\/strong>, SP NR 8 W O\u015aWI\u0118CIMIU<\/p>\n\n\n\n<p><strong>NATALIA SPORYSZ<\/strong>, SP NR 8 W O\u015aWI\u0118CIMIU<\/p>\n\n\n\n<p><strong>MAJA BUCHA\u0141A<\/strong>, SP W ZABORZU<\/p>\n\n\n\n<p><strong>NINA \u0141\u0104KA<\/strong>&#8211;<strong>RYCZKO<\/strong>, SP W ZABORZU<\/p>\n\n\n\n<p><strong>ROKSANA HARDZINA<\/strong>, SP NR 8 W O\u015aWI\u0118CIMIU<\/p>\n\n\n\n<p><strong>MARTYNA TURAJ<\/strong>, SP NR 8 W O\u015aWI\u0118CIMIU<\/p>\n\n\n\n<p><strong>GABRIELA KRZY\u017bECKA<\/strong>, SP NR 4 W O\u015aWI\u0118CIMIU<\/p>\n\n\n\n<p><strong>GAJA LOREK<\/strong>, SP NR 4 W O\u015aWI\u0118CIMIU<\/p>\n\n\n\n<p><\/p>\n\n\n\n<p><em><strong>KATEGORIA III \u2013<\/strong> <strong>NAGRODY<\/strong><\/em><\/p>\n\n\n\n<p><strong>TOBIASZ KUBICA<\/strong>, I LO W K\u0118TACH<\/p>\n\n\n\n<p><strong>WERONIKA PASIERBEK<\/strong>, I LO W K\u0118TACH<\/p>\n\n\n\n<p><\/p>\n\n\n\n<p><strong><em>KATEGORIA III \u2013 WYR\u00d3\u017bNIENIA<\/em><\/strong><\/p>\n\n\n\n<p><strong>MARTA CHOJNOWSKA,<\/strong> ZSZ TS W O\u015aWI\u0118CIMIU<\/p>\n\n\n\n<p><strong>KATARZYNA G\u00d3RCZY\u0143SKA<\/strong>, ZSZ TS W O\u015aWI\u0118CIMIU<\/p>\n\n\n\n<p><strong>KATARZYNA JANIK<\/strong>, SP NR 8 W O\u015aWI\u0118CIMIU<\/p>\n\n\n\n<p><strong>KALINA KRAKOWCZYK<\/strong>, SP NR 8 W O\u015aWI\u0118CIMIU<\/p>\n\n\n\n<p><\/p>\n\n\n\n<p><strong><em>KATEGORIA III &#8211; KWALIFIKACJE DO WYSTAWY<\/em><\/strong><\/p>\n\n\n\n<p><strong>AGNIESZKA KOT\u0141OWSKA<\/strong>, ZSZ TS W O\u015aWI\u0118CIMIU<\/p>\n\n\n\n<p><strong>LENA KOLBER<\/strong>, ZSZ TS W O\u015aWI\u0118CIMIU<\/p>\n\n\n\n<p><strong>LENA BRATUS<\/strong>, SP NR 2 W BRZESZCZACH<\/p>\n\n\n\n<p><strong>ZUZANNA SIKORA<\/strong>, SP NR 2 W BRZESZCZACH<\/p>\n\n\n\n<p><strong>HANNA KAZIMIERCZAK,<\/strong> SP NR 2 W BRZESZCZACH<\/p>\n\n\n\n<p><strong>HELENA BZIBZIAK, <\/strong>SPNR 2 W BRZESZCZACH<\/p>\n\n\n\n<p>ROZDANIE NAGR\u00d3D ORAZ WERNISA\u017b ODB\u0118DZIE SI\u0118 12 LISTOPADA O GODZ. 16.00 W PIWNICY ARTYSTYCZNEJ MDK (UL. BEMA 4).<\/p>\n\n\n\n<p>Bardzo prosimy o obecno\u015b\u0107, poniewa\u017c nieodebrane podczas wernisa\u017cu nagrody przechodz\u0105 do puli nagr\u00f3d na kolejne konkursy.<\/p>\n","protected":false},"excerpt":{"rendered":"<p>Na konkurs wp\u0142yn\u0119\u0142o 190 prac. Komisja konkursowa pod przewodnictwem pani Magdaleny Prochowskiej postanowi\u0142a przyzna\u0107 nagrody i wyr\u00f3\u017cnienia w nast\u0119puj\u0105cych kategoriach wiekowych: PLAC\u00d3WKI POZASZKOLNE KATEGORIA I &#8211; NAGRODY MATEUSZ BUCHTA, MDK W O\u015aWI\u0118CIMIU KAROL ZAJ\u0104C, MDK W O\u015aWI\u0118CIMIU KATARZYNA \u0141AZIK, MDK W O\u015aWI\u0118CIMIU EMILIA KA\u0141A, MDK W O\u015aWI\u0118CIMIU KATEGORIA I \u2013 WYR\u00d3\u017bNIENIA ANTONINA KOWALIK, MDK W [&hellip;]<\/p>\n","protected":false},"author":3,"featured_media":25627,"comment_status":"closed","ping_status":"closed","sticky":false,"template":"","format":"standard","meta":{"footnotes":""},"categories":[107,108],"tags":[],"class_list":["post-25775","post","type-post","status-publish","format-standard","has-post-thumbnail","hentry","category-konkursy","category-aktualnosci"],"yoast_head":"<!-- This site is optimized with the Yoast SEO plugin v16.1.1 - https:\/\/yoast.com\/wordpress\/plugins\/seo\/ -->\n<title>Wyniki Powiatowego Konkursu Plastycznego \u201ePi\u0119kno Polski p\u0119dzlem malowane\u201d - MDK<\/title>\n<link rel=\"canonical\" href=\"https:\/\/mdkoswiecim.pl\/index.php\/2025\/11\/04\/wyniki-powiatowego-konkursu-plastycznego-piekno-polski-pedzlem-malowane\/\" \/>\n<meta property=\"og:locale\" content=\"pl_PL\" \/>\n<meta property=\"og:type\" content=\"article\" \/>\n<meta property=\"og:title\" content=\"Wyniki Powiatowego Konkursu Plastycznego \u201ePi\u0119kno Polski p\u0119dzlem malowane\u201d - MDK\" \/>\n<meta property=\"og:description\" content=\"Na konkurs wp\u0142yn\u0119\u0142o 190 prac. Komisja konkursowa pod przewodnictwem pani Magdaleny Prochowskiej postanowi\u0142a przyzna\u0107 nagrody i wyr\u00f3\u017cnienia w nast\u0119puj\u0105cych kategoriach wiekowych: PLAC\u00d3WKI POZASZKOLNE KATEGORIA I &#8211; NAGRODY MATEUSZ BUCHTA, MDK W O\u015aWI\u0118CIMIU KAROL ZAJ\u0104C, MDK W O\u015aWI\u0118CIMIU KATARZYNA \u0141AZIK, MDK W O\u015aWI\u0118CIMIU EMILIA KA\u0141A, MDK W O\u015aWI\u0118CIMIU KATEGORIA I \u2013 WYR\u00d3\u017bNIENIA ANTONINA KOWALIK, MDK W [&hellip;]\" \/>\n<meta property=\"og:url\" content=\"https:\/\/mdkoswiecim.pl\/index.php\/2025\/11\/04\/wyniki-powiatowego-konkursu-plastycznego-piekno-polski-pedzlem-malowane\/\" \/>\n<meta property=\"og:site_name\" content=\"MDK\" \/>\n<meta property=\"article:published_time\" content=\"2025-11-04T10:48:04+00:00\" \/>\n<meta property=\"article:modified_time\" content=\"2025-11-05T15:59:04+00:00\" \/>\n<meta property=\"og:image\" content=\"https:\/\/mdkoswiecim.pl\/wp-content\/uploads\/2025\/09\/plakat-1-scaled-e1757408944186.jpg\" \/>\n\t<meta property=\"og:image:width\" content=\"1700\" \/>\n\t<meta property=\"og:image:height\" content=\"857\" \/>\n<meta name=\"twitter:card\" content=\"summary_large_image\" \/>\n<meta name=\"twitter:label1\" content=\"Szacowany czas czytania\">\n\t<meta name=\"twitter:data1\" content=\"4 minuty\">\n<script type=\"application\/ld+json\" class=\"yoast-schema-graph\">{\"@context\":\"https:\/\/schema.org\",\"@graph\":[{\"@type\":\"WebSite\",\"@id\":\"https:\/\/mdkoswiecim.pl\/#website\",\"url\":\"https:\/\/mdkoswiecim.pl\/\",\"name\":\"MDK\",\"description\":\"M\\u0142odzie\\u017cowy Dom Kultury w O\\u015bwi\\u0119cimiu\",\"potentialAction\":[{\"@type\":\"SearchAction\",\"target\":\"https:\/\/mdkoswiecim.pl\/?s={search_term_string}\",\"query-input\":\"required name=search_term_string\"}],\"inLanguage\":\"pl-PL\"},{\"@type\":\"ImageObject\",\"@id\":\"https:\/\/mdkoswiecim.pl\/index.php\/2025\/11\/04\/wyniki-powiatowego-konkursu-plastycznego-piekno-polski-pedzlem-malowane\/#primaryimage\",\"inLanguage\":\"pl-PL\",\"url\":\"https:\/\/mdkoswiecim.pl\/wp-content\/uploads\/2025\/09\/plakat-1-scaled-e1757408944186.jpg\",\"contentUrl\":\"https:\/\/mdkoswiecim.pl\/wp-content\/uploads\/2025\/09\/plakat-1-scaled-e1757408944186.jpg\",\"width\":1700,\"height\":857},{\"@type\":\"WebPage\",\"@id\":\"https:\/\/mdkoswiecim.pl\/index.php\/2025\/11\/04\/wyniki-powiatowego-konkursu-plastycznego-piekno-polski-pedzlem-malowane\/#webpage\",\"url\":\"https:\/\/mdkoswiecim.pl\/index.php\/2025\/11\/04\/wyniki-powiatowego-konkursu-plastycznego-piekno-polski-pedzlem-malowane\/\",\"name\":\"Wyniki Powiatowego Konkursu Plastycznego \\u201ePi\\u0119kno Polski p\\u0119dzlem malowane\\u201d - MDK\",\"isPartOf\":{\"@id\":\"https:\/\/mdkoswiecim.pl\/#website\"},\"primaryImageOfPage\":{\"@id\":\"https:\/\/mdkoswiecim.pl\/index.php\/2025\/11\/04\/wyniki-powiatowego-konkursu-plastycznego-piekno-polski-pedzlem-malowane\/#primaryimage\"},\"datePublished\":\"2025-11-04T10:48:04+00:00\",\"dateModified\":\"2025-11-05T15:59:04+00:00\",\"author\":{\"@id\":\"https:\/\/mdkoswiecim.pl\/#\/schema\/person\/d9c1081e4cfefcbccad7ec11fa250f7a\"},\"breadcrumb\":{\"@id\":\"https:\/\/mdkoswiecim.pl\/index.php\/2025\/11\/04\/wyniki-powiatowego-konkursu-plastycznego-piekno-polski-pedzlem-malowane\/#breadcrumb\"},\"inLanguage\":\"pl-PL\",\"potentialAction\":[{\"@type\":\"ReadAction\",\"target\":[\"https:\/\/mdkoswiecim.pl\/index.php\/2025\/11\/04\/wyniki-powiatowego-konkursu-plastycznego-piekno-polski-pedzlem-malowane\/\"]}]},{\"@type\":\"BreadcrumbList\",\"@id\":\"https:\/\/mdkoswiecim.pl\/index.php\/2025\/11\/04\/wyniki-powiatowego-konkursu-plastycznego-piekno-polski-pedzlem-malowane\/#breadcrumb\",\"itemListElement\":[{\"@type\":\"ListItem\",\"position\":1,\"item\":{\"@type\":\"WebPage\",\"@id\":\"https:\/\/mdkoswiecim.pl\/\",\"url\":\"https:\/\/mdkoswiecim.pl\/\",\"name\":\"Strona g\\u0142\\u00f3wna\"}},{\"@type\":\"ListItem\",\"position\":2,\"item\":{\"@type\":\"WebPage\",\"@id\":\"https:\/\/mdkoswiecim.pl\/index.php\/2025\/11\/04\/wyniki-powiatowego-konkursu-plastycznego-piekno-polski-pedzlem-malowane\/\",\"url\":\"https:\/\/mdkoswiecim.pl\/index.php\/2025\/11\/04\/wyniki-powiatowego-konkursu-plastycznego-piekno-polski-pedzlem-malowane\/\",\"name\":\"Wyniki Powiatowego Konkursu Plastycznego \\u201ePi\\u0119kno Polski p\\u0119dzlem malowane\\u201d\"}}]},{\"@type\":\"Person\",\"@id\":\"https:\/\/mdkoswiecim.pl\/#\/schema\/person\/d9c1081e4cfefcbccad7ec11fa250f7a\",\"name\":\"alina.kwarciak\",\"image\":{\"@type\":\"ImageObject\",\"@id\":\"https:\/\/mdkoswiecim.pl\/#personlogo\",\"inLanguage\":\"pl-PL\",\"url\":\"https:\/\/secure.gravatar.com\/avatar\/cce8f640650bbd69c0efc0afd2dddb7945a94129b978796401e58cac1eb8b87b?s=96&d=mm&r=g\",\"contentUrl\":\"https:\/\/secure.gravatar.com\/avatar\/cce8f640650bbd69c0efc0afd2dddb7945a94129b978796401e58cac1eb8b87b?s=96&d=mm&r=g\",\"caption\":\"alina.kwarciak\"}}]}<\/script>\n<!-- \/ Yoast SEO plugin. -->","_links":{"self":[{"href":"https:\/\/mdkoswiecim.pl\/index.php\/wp-json\/wp\/v2\/posts\/25775","targetHints":{"allow":["GET"]}}],"collection":[{"href":"https:\/\/mdkoswiecim.pl\/index.php\/wp-json\/wp\/v2\/posts"}],"about":[{"href":"https:\/\/mdkoswiecim.pl\/index.php\/wp-json\/wp\/v2\/types\/post"}],"author":[{"embeddable":true,"href":"https:\/\/mdkoswiecim.pl\/index.php\/wp-json\/wp\/v2\/users\/3"}],"replies":[{"embeddable":true,"href":"https:\/\/mdkoswiecim.pl\/index.php\/wp-json\/wp\/v2\/comments?post=25775"}],"version-history":[{"count":2,"href":"https:\/\/mdkoswiecim.pl\/index.php\/wp-json\/wp\/v2\/posts\/25775\/revisions"}],"predecessor-version":[{"id":25798,"href":"https:\/\/mdkoswiecim.pl\/index.php\/wp-json\/wp\/v2\/posts\/25775\/revisions\/25798"}],"wp:featuredmedia":[{"embeddable":true,"href":"https:\/\/mdkoswiecim.pl\/index.php\/wp-json\/wp\/v2\/media\/25627"}],"wp:attachment":[{"href":"https:\/\/mdkoswiecim.pl\/index.php\/wp-json\/wp\/v2\/media?parent=25775"}],"wp:term":[{"taxonomy":"category","embeddable":true,"href":"https:\/\/mdkoswiecim.pl\/index.php\/wp-json\/wp\/v2\/categories?post=25775"},{"taxonomy":"post_tag","embeddable":true,"href":"https:\/\/mdkoswiecim.pl\/index.php\/wp-json\/wp\/v2\/tags?post=25775"}],"curies":[{"name":"wp","href":"https:\/\/api.w.org\/{rel}","templated":true}]}}