{"id":25719,"date":"2025-10-21T09:48:41","date_gmt":"2025-10-21T07:48:41","guid":{"rendered":"https:\/\/mdkoswiecim.pl\/?p=25719"},"modified":"2025-10-21T09:48:47","modified_gmt":"2025-10-21T07:48:47","slug":"szach-mat-niepodleglosc","status":"publish","type":"post","link":"https:\/\/mdkoswiecim.pl\/index.php\/2025\/10\/21\/szach-mat-niepodleglosc\/","title":{"rendered":"SZACH-MAT. NIEPODLEG\u0141O\u015a\u0106"},"content":{"rendered":"\n<p>Zapraszamy na Powiatowy Turniej Szachowy z okazji \u015awi\u0119ta Niepodleg\u0142o\u015bci.<\/p>\n\n\n\n<p><strong>Regulamin: <\/strong><\/p>\n\n\n\n<div class=\"wp-block-file\"><a id=\"wp-block-file--media-c6d44cad-3f7f-4fb6-88af-c2a673bdfa0f\" href=\"https:\/\/mdkoswiecim.pl\/wp-content\/uploads\/2025\/10\/Regulamin-turnieju-szachowego-Oswiecim-2025.doc\">Regulamin turnieju szachowego &#8211; O\u015bwi\u0119cim 2025<\/a><a href=\"https:\/\/mdkoswiecim.pl\/wp-content\/uploads\/2025\/10\/Regulamin-turnieju-szachowego-Oswiecim-2025.doc\" class=\"wp-block-file__button wp-element-button\" download aria-describedby=\"wp-block-file--media-c6d44cad-3f7f-4fb6-88af-c2a673bdfa0f\">Pobierz<\/a><\/div>\n\n\n\n<p><br><strong>Turniej odb\u0119dzie si\u0119 w Hali Sportowej SP2 w O\u015bwi\u0119cimiu, ul. Olszewskiego 2A w dniu 15.11.2025 r. o godzinie 10.00.<\/strong><\/p>\n\n\n\n<p>Turniej skierowany jest do mieszka\u0144c\u00f3w Powiatu O\u015bwi\u0119cimskiego, powiat\u00f3w okolicznych, a tak\u017ce sympatyk\u00f3w kr\u00f3lewskiej gry z dalszych rejon\u00f3w<\/p>\n\n\n\n<p>Dokonanie zg\u0142oszenia do 13.11.2025 na stronie \u2013 <a href=\"http:\/\/www.chessarbiter.com\/\">www.chessarbiter.com<\/a> , lub bezpo\u015brednio u s\u0119dziego g\u0142\u00f3wnego: Martin Surman &#8211; kontakt: 515-990-430 lub <a href=\"mailto:szachy.martin@gmail.com\">szachy.martin@gmail.com<\/a><\/p>\n\n\n\n<p>Potwierdzenie udzia\u0142u w dniu rozgrywek do godziny 9.45 na sali gry oraz oddanie wype\u0142nionego za\u0142\u0105cznika nr1.<\/p>\n\n\n\n<p>Startuj\u0105cy o kategori\u0119 szachow\u0105 musz\u0105 odda\u0107 wype\u0142niony formularz rejestracyjny (dotyczy os\u00f3b, kt\u00f3re nigdy nie by\u0142y zarejestrowane). Znajduje si\u0119 on na stronie: <a href=\"http:\/\/pliki.pzszach.pl\/docs\/druki\/rejestracyjne\/formularz_rejestracyjny_zawodnika.pdf\" target=\"_blank\" rel=\"noreferrer noopener\">http:\/\/pliki.pzszach.pl\/docs\/druki\/rejestracyjne\/formularz_rejestracyjny_zawodnika.pdf<\/a><\/p>\n\n\n\n<figure class=\"wp-block-image size-large\"><img loading=\"lazy\" decoding=\"async\" width=\"724\" height=\"1024\" src=\"https:\/\/mdkoswiecim.pl\/wp-content\/uploads\/2025\/10\/plakat-szach-mat.-niepodleglosc-2_page-0001-1-724x1024.jpg\" alt=\"\" class=\"wp-image-25722\" srcset=\"https:\/\/mdkoswiecim.pl\/wp-content\/uploads\/2025\/10\/plakat-szach-mat.-niepodleglosc-2_page-0001-1-724x1024.jpg 724w, https:\/\/mdkoswiecim.pl\/wp-content\/uploads\/2025\/10\/plakat-szach-mat.-niepodleglosc-2_page-0001-1-212x300.jpg 212w, https:\/\/mdkoswiecim.pl\/wp-content\/uploads\/2025\/10\/plakat-szach-mat.-niepodleglosc-2_page-0001-1-768x1086.jpg 768w, https:\/\/mdkoswiecim.pl\/wp-content\/uploads\/2025\/10\/plakat-szach-mat.-niepodleglosc-2_page-0001-1-1086x1536.jpg 1086w, https:\/\/mdkoswiecim.pl\/wp-content\/uploads\/2025\/10\/plakat-szach-mat.-niepodleglosc-2_page-0001-1-1448x2048.jpg 1448w, https:\/\/mdkoswiecim.pl\/wp-content\/uploads\/2025\/10\/plakat-szach-mat.-niepodleglosc-2_page-0001-1.jpg 1754w\" sizes=\"auto, (max-width: 724px) 100vw, 724px\" \/><\/figure>\n","protected":false},"excerpt":{"rendered":"<p>Zapraszamy na Powiatowy Turniej Szachowy z okazji \u015awi\u0119ta Niepodleg\u0142o\u015bci. Regulamin: Turniej odb\u0119dzie si\u0119 w Hali Sportowej SP2 w O\u015bwi\u0119cimiu, ul. Olszewskiego 2A w dniu 15.11.2025 r. o godzinie 10.00. Turniej skierowany jest do mieszka\u0144c\u00f3w Powiatu O\u015bwi\u0119cimskiego, powiat\u00f3w okolicznych, a tak\u017ce sympatyk\u00f3w kr\u00f3lewskiej gry z dalszych rejon\u00f3w Dokonanie zg\u0142oszenia do 13.11.2025 na stronie \u2013 www.chessarbiter.com , [&hellip;]<\/p>\n","protected":false},"author":3,"featured_media":25721,"comment_status":"closed","ping_status":"closed","sticky":false,"template":"","format":"standard","meta":{"footnotes":""},"categories":[107,108],"tags":[],"class_list":["post-25719","post","type-post","status-publish","format-standard","has-post-thumbnail","hentry","category-konkursy","category-aktualnosci"],"yoast_head":"<!-- This site is optimized with the Yoast SEO plugin v16.1.1 - https:\/\/yoast.com\/wordpress\/plugins\/seo\/ -->\n<title>SZACH-MAT. NIEPODLEG\u0141O\u015a\u0106 - MDK<\/title>\n<link rel=\"canonical\" href=\"https:\/\/mdkoswiecim.pl\/index.php\/2025\/10\/21\/szach-mat-niepodleglosc\/\" \/>\n<meta property=\"og:locale\" content=\"pl_PL\" \/>\n<meta property=\"og:type\" content=\"article\" \/>\n<meta property=\"og:title\" content=\"SZACH-MAT. NIEPODLEG\u0141O\u015a\u0106 - MDK\" \/>\n<meta property=\"og:description\" content=\"Zapraszamy na Powiatowy Turniej Szachowy z okazji \u015awi\u0119ta Niepodleg\u0142o\u015bci. Regulamin: Turniej odb\u0119dzie si\u0119 w Hali Sportowej SP2 w O\u015bwi\u0119cimiu, ul. Olszewskiego 2A w dniu 15.11.2025 r. o godzinie 10.00. Turniej skierowany jest do mieszka\u0144c\u00f3w Powiatu O\u015bwi\u0119cimskiego, powiat\u00f3w okolicznych, a tak\u017ce sympatyk\u00f3w kr\u00f3lewskiej gry z dalszych rejon\u00f3w Dokonanie zg\u0142oszenia do 13.11.2025 na stronie \u2013 www.chessarbiter.com , [&hellip;]\" \/>\n<meta property=\"og:url\" content=\"https:\/\/mdkoswiecim.pl\/index.php\/2025\/10\/21\/szach-mat-niepodleglosc\/\" \/>\n<meta property=\"og:site_name\" content=\"MDK\" \/>\n<meta property=\"article:published_time\" content=\"2025-10-21T07:48:41+00:00\" \/>\n<meta property=\"article:modified_time\" content=\"2025-10-21T07:48:47+00:00\" \/>\n<meta property=\"og:image\" content=\"https:\/\/mdkoswiecim.pl\/wp-content\/uploads\/2025\/10\/plakat-szach-mat.-niepodleglosc-2_page-0001-e1761032890700.jpg\" \/>\n\t<meta property=\"og:image:width\" content=\"1753\" \/>\n\t<meta property=\"og:image:height\" content=\"1133\" \/>\n<meta name=\"twitter:card\" content=\"summary_large_image\" \/>\n<meta name=\"twitter:label1\" content=\"Szacowany czas czytania\">\n\t<meta name=\"twitter:data1\" content=\"1 minuta\">\n<script type=\"application\/ld+json\" class=\"yoast-schema-graph\">{\"@context\":\"https:\/\/schema.org\",\"@graph\":[{\"@type\":\"WebSite\",\"@id\":\"https:\/\/mdkoswiecim.pl\/#website\",\"url\":\"https:\/\/mdkoswiecim.pl\/\",\"name\":\"MDK\",\"description\":\"M\\u0142odzie\\u017cowy Dom Kultury w O\\u015bwi\\u0119cimiu\",\"potentialAction\":[{\"@type\":\"SearchAction\",\"target\":\"https:\/\/mdkoswiecim.pl\/?s={search_term_string}\",\"query-input\":\"required name=search_term_string\"}],\"inLanguage\":\"pl-PL\"},{\"@type\":\"ImageObject\",\"@id\":\"https:\/\/mdkoswiecim.pl\/index.php\/2025\/10\/21\/szach-mat-niepodleglosc\/#primaryimage\",\"inLanguage\":\"pl-PL\",\"url\":\"https:\/\/mdkoswiecim.pl\/wp-content\/uploads\/2025\/10\/plakat-szach-mat.-niepodleglosc-2_page-0001-e1761032890700.jpg\",\"contentUrl\":\"https:\/\/mdkoswiecim.pl\/wp-content\/uploads\/2025\/10\/plakat-szach-mat.-niepodleglosc-2_page-0001-e1761032890700.jpg\",\"width\":1753,\"height\":1133},{\"@type\":\"WebPage\",\"@id\":\"https:\/\/mdkoswiecim.pl\/index.php\/2025\/10\/21\/szach-mat-niepodleglosc\/#webpage\",\"url\":\"https:\/\/mdkoswiecim.pl\/index.php\/2025\/10\/21\/szach-mat-niepodleglosc\/\",\"name\":\"SZACH-MAT. NIEPODLEG\\u0141O\\u015a\\u0106 - MDK\",\"isPartOf\":{\"@id\":\"https:\/\/mdkoswiecim.pl\/#website\"},\"primaryImageOfPage\":{\"@id\":\"https:\/\/mdkoswiecim.pl\/index.php\/2025\/10\/21\/szach-mat-niepodleglosc\/#primaryimage\"},\"datePublished\":\"2025-10-21T07:48:41+00:00\",\"dateModified\":\"2025-10-21T07:48:47+00:00\",\"author\":{\"@id\":\"https:\/\/mdkoswiecim.pl\/#\/schema\/person\/d9c1081e4cfefcbccad7ec11fa250f7a\"},\"breadcrumb\":{\"@id\":\"https:\/\/mdkoswiecim.pl\/index.php\/2025\/10\/21\/szach-mat-niepodleglosc\/#breadcrumb\"},\"inLanguage\":\"pl-PL\",\"potentialAction\":[{\"@type\":\"ReadAction\",\"target\":[\"https:\/\/mdkoswiecim.pl\/index.php\/2025\/10\/21\/szach-mat-niepodleglosc\/\"]}]},{\"@type\":\"BreadcrumbList\",\"@id\":\"https:\/\/mdkoswiecim.pl\/index.php\/2025\/10\/21\/szach-mat-niepodleglosc\/#breadcrumb\",\"itemListElement\":[{\"@type\":\"ListItem\",\"position\":1,\"item\":{\"@type\":\"WebPage\",\"@id\":\"https:\/\/mdkoswiecim.pl\/\",\"url\":\"https:\/\/mdkoswiecim.pl\/\",\"name\":\"Strona g\\u0142\\u00f3wna\"}},{\"@type\":\"ListItem\",\"position\":2,\"item\":{\"@type\":\"WebPage\",\"@id\":\"https:\/\/mdkoswiecim.pl\/index.php\/2025\/10\/21\/szach-mat-niepodleglosc\/\",\"url\":\"https:\/\/mdkoswiecim.pl\/index.php\/2025\/10\/21\/szach-mat-niepodleglosc\/\",\"name\":\"SZACH-MAT. NIEPODLEG\\u0141O\\u015a\\u0106\"}}]},{\"@type\":\"Person\",\"@id\":\"https:\/\/mdkoswiecim.pl\/#\/schema\/person\/d9c1081e4cfefcbccad7ec11fa250f7a\",\"name\":\"alina.kwarciak\",\"image\":{\"@type\":\"ImageObject\",\"@id\":\"https:\/\/mdkoswiecim.pl\/#personlogo\",\"inLanguage\":\"pl-PL\",\"url\":\"https:\/\/secure.gravatar.com\/avatar\/cce8f640650bbd69c0efc0afd2dddb7945a94129b978796401e58cac1eb8b87b?s=96&d=mm&r=g\",\"contentUrl\":\"https:\/\/secure.gravatar.com\/avatar\/cce8f640650bbd69c0efc0afd2dddb7945a94129b978796401e58cac1eb8b87b?s=96&d=mm&r=g\",\"caption\":\"alina.kwarciak\"}}]}<\/script>\n<!-- \/ Yoast SEO plugin. -->","_links":{"self":[{"href":"https:\/\/mdkoswiecim.pl\/index.php\/wp-json\/wp\/v2\/posts\/25719","targetHints":{"allow":["GET"]}}],"collection":[{"href":"https:\/\/mdkoswiecim.pl\/index.php\/wp-json\/wp\/v2\/posts"}],"about":[{"href":"https:\/\/mdkoswiecim.pl\/index.php\/wp-json\/wp\/v2\/types\/post"}],"author":[{"embeddable":true,"href":"https:\/\/mdkoswiecim.pl\/index.php\/wp-json\/wp\/v2\/users\/3"}],"replies":[{"embeddable":true,"href":"https:\/\/mdkoswiecim.pl\/index.php\/wp-json\/wp\/v2\/comments?post=25719"}],"version-history":[{"count":1,"href":"https:\/\/mdkoswiecim.pl\/index.php\/wp-json\/wp\/v2\/posts\/25719\/revisions"}],"predecessor-version":[{"id":25723,"href":"https:\/\/mdkoswiecim.pl\/index.php\/wp-json\/wp\/v2\/posts\/25719\/revisions\/25723"}],"wp:featuredmedia":[{"embeddable":true,"href":"https:\/\/mdkoswiecim.pl\/index.php\/wp-json\/wp\/v2\/media\/25721"}],"wp:attachment":[{"href":"https:\/\/mdkoswiecim.pl\/index.php\/wp-json\/wp\/v2\/media?parent=25719"}],"wp:term":[{"taxonomy":"category","embeddable":true,"href":"https:\/\/mdkoswiecim.pl\/index.php\/wp-json\/wp\/v2\/categories?post=25719"},{"taxonomy":"post_tag","embeddable":true,"href":"https:\/\/mdkoswiecim.pl\/index.php\/wp-json\/wp\/v2\/tags?post=25719"}],"curies":[{"name":"wp","href":"https:\/\/api.w.org\/{rel}","templated":true}]}}