{"id":20038,"date":"2024-11-19T10:39:51","date_gmt":"2024-11-19T09:39:51","guid":{"rendered":"https:\/\/mdkoswiecim.pl\/?p=20038"},"modified":"2024-12-12T10:44:55","modified_gmt":"2024-12-12T09:44:55","slug":"wyniki-vi-powiatowego-konkursu-plastycznego-kufer-wyobrazni","status":"publish","type":"post","link":"https:\/\/mdkoswiecim.pl\/index.php\/2024\/11\/19\/wyniki-vi-powiatowego-konkursu-plastycznego-kufer-wyobrazni\/","title":{"rendered":"WYNIKI VI POWIATOWEGO KONKURSU PLASTYCZNEGO \u201eKUFER WYOBRA\u0179NI\u201d"},"content":{"rendered":"\n<p>W dniu 8 listopada odby\u0142o si\u0119 posiedzenie komisji konkursowej VI Powiatowego Konkursu Plastycznego &#8220;Kufer wyobra\u017ani&#8221; pod has\u0142em &#8220;Jesienne impresje, skarby jesieni&#8230;&#8221;.<\/p>\n\n\n\n<p>Na konkurs wp\u0142yn\u0119\u0142y 724 prace. Komisja konkursowa pod przewodnictwem pani Magdaleny Prochowskiej postanowi\u0142a przyzna\u0107 nagrody i wyr\u00f3\u017cnienia w nast\u0119puj\u0105cych kategoriach wiekowych:<\/p>\n\n\n\n<p><strong><em>PLAC\u00d3WKI POZASZKOLNE<\/em><\/strong><\/p>\n\n\n\n<p><strong>KATEGORIA I &#8211; NAGRODY<\/strong><\/p>\n\n\n\n<p><strong>Nikola Hanuszek<\/strong>, MDK O\u015bwi\u0119cim, op. Ma\u0142gorzata Dom\u017ca\u0142<\/p>\n\n\n\n<p><strong>Anna Hurnik<\/strong>, MDK O\u015bwi\u0119cim, op. Anetta Sanak<\/p>\n\n\n\n<p><strong>Jagoda Nawalany, <\/strong>MDK O\u015bwi\u0119cim, op. Anetta Sanak<\/p>\n\n\n\n<p><strong>Hanna So\u0142tysiak,<\/strong> MDK O\u015bwi\u0119cim, op. Ma\u0142gorzata Dom\u017ca\u0142<\/p>\n\n\n\n<p><strong>Sonia Zabawska<\/strong>, MDK O\u015bwi\u0119cim, op. Ma\u0142gorzata Dom\u017ca\u0142<\/p>\n\n\n\n<p><strong>Karol Zaj\u0105c<\/strong>, MDK O\u015bwi\u0119cim, op. Anetta Sanak<\/p>\n\n\n\n<p><strong>KATEGORIA I &#8211; WYR\u00d3\u017bNIENIA<\/strong><\/p>\n\n\n\n<p><strong>Aleksandra Szczygie\u0142, <\/strong>MDK O\u015bwi\u0119cim, Anetta Sanak<\/p>\n\n\n\n<p><strong>Aleksandra Sobas, <\/strong>MDK O\u015bwi\u0119cim, Ma\u0142gorzata Dom\u017ca\u0142<\/p>\n\n\n\n<p><strong>Mateusz Buchta<\/strong>, MDK O\u015bwi\u0119cim, Anetta Sanak<\/p>\n\n\n\n<p><strong>Zuzanna Brandys<\/strong>, MDK O\u015bwi\u0119cim, Ma\u0142gorzata Dom\u017ca\u0142<\/p>\n\n\n\n<p><strong>Lena Sadulska<\/strong>, MDK O\u015bwi\u0119cim, Anetta Sanak<\/p>\n\n\n\n<p><strong>KATEGORIA I &#8211; KWALIFIKACJE DO WYSTAWY<\/strong><\/p>\n\n\n\n<p><strong>Nina Banasiak<\/strong>, MDK O\u015bwi\u0119cim, Ma\u0142gorzata Dom\u017ca\u0142<\/p>\n\n\n\n<p><strong>Kalina Gworek<\/strong>, MDK O\u015bwi\u0119cim, Ma\u0142gorzata Dom\u017ca\u0142<\/p>\n\n\n\n<p><strong>Antonina Korczyk<\/strong>, MDK O\u015bwi\u0119cim, Ma\u0142gorzata Dom\u017ca\u0142<\/p>\n\n\n\n<p><strong>Anastazja Koliada, <\/strong>MDK O\u015bwi\u0119cim, Ma\u0142gorzata Dom\u017ca\u0142<\/p>\n\n\n\n<p><strong>Laura Kulpa<\/strong>, MDK O\u015bwi\u0119cim, Ma\u0142gorzata Dom\u017ca\u0142<\/p>\n\n\n\n<p><strong>Iga Bizo\u0144<\/strong>, MDK O\u015bwi\u0119cim, Ma\u0142gorzata Dom\u017ca\u0142<\/p>\n\n\n\n<p><strong>KATEGORIA II &#8211; NAGRODY<\/strong><\/p>\n\n\n\n<p><strong>Izabela Wanat<\/strong>, MDK O\u015bwi\u0119cim, El\u017cbieta Wardza\u0142a-Sere\u015b<\/p>\n\n\n\n<p><strong>Julia Remsak<\/strong>, MDK O\u015bwi\u0119cim, Agnieszka Mucha<\/p>\n\n\n\n<p><strong>Samanta Wrona,<\/strong> MDK O\u015bwi\u0119cim, El\u017cbieta Wardza\u0142a-Sere\u015b<\/p>\n\n\n\n<p><strong>Maria W\u00f3jcik<\/strong>, MDK O\u015bwi\u0119cim, Agnieszka Mucha<\/p>\n\n\n\n<p><strong>Wojciech Wanat<\/strong>, MDK O\u015bwi\u0119cim, El\u017cbieta Wardza\u0142a-Sere\u015b<\/p>\n\n\n\n<p><strong>KATEGORIA II &#8211; WYR\u00d3\u017bNIENIA<\/strong><\/p>\n\n\n\n<p><strong>Uliana Hres<\/strong>, MDK O\u015bwi\u0119cim, El\u017cbieta Wardza\u0142a-Sere\u015b<\/p>\n\n\n\n<p><strong>Oliwia Kowal-G\u0105ska<\/strong>, MDK O\u015bwi\u0119cim, El\u017cbieta Wardza\u0142a-Sere\u015b<\/p>\n\n\n\n<p><strong>Micha\u0142 D\u017con<\/strong>, MDK O\u015bwi\u0119cim, El\u017cbieta Wardza\u0142a-Sere\u015b<\/p>\n\n\n\n<p><strong>Patryk Szewczyk<\/strong>, MDK O\u015bwi\u0119cim, Anetta Sanak<\/p>\n\n\n\n<p><strong>Milena Gleczman<\/strong>, MDK O\u015bwi\u0119cim, El\u017cbieta Wardza\u0142a-Sere\u015b<\/p>\n\n\n\n<p><strong>KATEGORIA II &#8211; KWALIFIKACJE DO WYSTAWY<\/strong><\/p>\n\n\n\n<p><strong>Jakub Polo\u0144ski,<\/strong> MDK O\u015bwi\u0119cim, Ma\u0142gorzata Dom\u017ca\u0142<\/p>\n\n\n\n<p><strong>Kalina Szaty\u0144ska<\/strong>, MDK O\u015bwi\u0119cim, Agnieszka Mucha<\/p>\n\n\n\n<p><strong>Karyna Tatarenko<\/strong>, MDK O\u015bwi\u0119cim, El\u017cbieta Wardza\u0142a-Sere\u015b<\/p>\n\n\n\n<p><strong>Zuzanna Szczurek<\/strong>, MDK O\u015bwi\u0119cim, Agnieszka Mucha<\/p>\n\n\n\n<p><strong>Jan Polak<\/strong>, MDK O\u015bwi\u0119cim, El\u017cbieta Wardza\u0142a-Sere\u015b<\/p>\n\n\n\n<p><strong>KATEGORIA III &#8211;<\/strong> <strong>NAGRODY<\/strong><\/p>\n\n\n\n<p><strong>Zofia Stok\u0142osa<\/strong>, MDK O\u015bwi\u0119cim, El\u017cbieta Wardza\u0142a-Sere\u015b<\/p>\n\n\n\n<p><strong>Mateusz Chudy<\/strong>, MDK O\u015bwi\u0119cim, El\u017cbieta Wardza\u0142a-Sere\u015b<\/p>\n\n\n\n<p><strong>Emilia Krawczyk<\/strong>, MDK O\u015bwi\u0119cim, El\u017cbieta Wardza\u0142a-Sere\u015b<\/p>\n\n\n\n<p><strong>Zuzanna W\u0105sik<\/strong>, MDK O\u015bwi\u0119cim, El\u017cbieta Wardza\u0142a-Sere\u015b<\/p>\n\n\n\n<p><strong>KATEGORIA III &#8211; WYR\u00d3\u017bNIENIA<\/strong><\/p>\n\n\n\n<p><strong>Magdalena M\u0105sior,<\/strong> MDK O\u015bwi\u0119cim, El\u017cbieta Wardza\u0142a-Sere\u015b<\/p>\n\n\n\n<p><strong>Kalina Smrek<\/strong>, MDK O\u015bwi\u0119cim, El\u017cbieta Wardza\u0142a-Sere\u015b<\/p>\n\n\n\n<p><strong>Natalia Szkodny,<\/strong> MDK O\u015bwi\u0119cim, El\u017cbieta Wardza\u0142a-Sere\u015b<\/p>\n\n\n\n<p><strong><em>SZKO\u0141Y<\/em><\/strong><\/p>\n\n\n\n<p><strong>KATEGORIA I &#8211; NAGRODY<\/strong><\/p>\n\n\n\n<p><strong>Lilianna Warmbier,<\/strong> Szko\u0142a Podstawowa, Rajsko, Edyta Carson<\/p>\n\n\n\n<p><strong>Julia D\u0142ubisz<\/strong>, Samorz\u0105dowy Zesp\u00f3\u0142 Szk\u00f3\u0142 nr 1, Che\u0142mek, Lucyna Kuligowska<\/p>\n\n\n\n<p><strong>Julia Czerwienka<\/strong>. Szko\u0142a Podstawowa Sportowa nr 8, O\u015bwi\u0119cim, Anetta Sanak.<\/p>\n\n\n\n<p><strong>KATEGORIA I &#8211; WYR\u00d3\u017bNIENIA<\/strong><\/p>\n\n\n\n<p><strong>Julia Duszyk <\/strong>Szko\u0142a Podstawowa Nr 1, O\u015bwi\u0119cim, Jolanta Brandys<\/p>\n\n\n\n<p><strong>Hanna Kr\u00f3l<\/strong>, Samorz\u0105dowy Zesp\u00f3\u0142 Szk\u00f3\u0142 nr 1, Che\u0142mek, Lucyna Kuligowska<\/p>\n\n\n\n<p><strong>Nana Yefimets<\/strong>, Szko\u0142a Podstawowa, Rajsko, Edyta Carson<\/p>\n\n\n\n<p><strong>Aleksandra Wo\u017anicka<\/strong>, Szko\u0142a Podstawowa Sportowa nr 8, O\u015bwi\u0119cim, Anetta Sanak<\/p>\n\n\n\n<p><strong>Amelia Drabczyk<\/strong>, Zesp\u00f3\u0142 Szkolno-Przedszkolny nr 1, Osiek, El\u017cbieta Micor<\/p>\n\n\n\n<p><strong>KATEGORIA I &#8211; KWALIFIKACJE DO WYSTAWY<\/strong><\/p>\n\n\n\n<p><strong>Emilia Wi\u015bniewska<\/strong>, Szko\u0142a Podstawowa Nr 4, O\u015bwi\u0119cim, Jolanta Brandys<\/p>\n\n\n\n<p><strong>Kinga Borgosz<\/strong>, ZSP Nr 1, Osiek, Justyna K\u0142ys<\/p>\n\n\n\n<p><strong>Blanka Szatan<\/strong>, Samorz\u0105dowy Zesp\u00f3\u0142 Szk\u00f3\u0142 nr 1, Che\u0142mek, Lucyna Kuligowska<\/p>\n\n\n\n<p><strong>Maja K\u0105tnik, <\/strong>Zesp\u00f3\u0142 Szkolno Przedszkolny nr 1, Osiek, El\u017cbieta Micor<\/p>\n\n\n\n<p><strong>Karina Gruszecka<\/strong>, Szko\u0142a Podstawowa, Rajsko, Anna Szpakowska<\/p>\n\n\n\n<p><strong>KATEGORIA II &#8211; NAGRODY<\/strong><\/p>\n\n\n\n<p><strong>Julia Bratek<\/strong>, SP NR 1, Przecisz\u00f3w, Ma\u0142gorzata Matyja.<\/p>\n\n\n\n<p><strong>Oliwier Zab\u0142ocki<\/strong>, Szko\u0142a Podstawowa Nr 2, O\u015bwi\u0119cim, Jolanta Brandys<\/p>\n\n\n\n<p><strong>Filip Bogusz<\/strong>, Szko\u0142a Podstawowa Nr 1, O\u015bwi\u0119cim, Jolanta Brandys<\/p>\n\n\n\n<p><strong>KATEGORIA II &#8211; WYR\u00d3\u017bNIENIA<\/strong><\/p>\n\n\n\n<p><strong>Grzegorz Gisterek<\/strong>, Szko\u0142a Podstawowa Sportowa nr 8, O\u015bwi\u0119cim, Anetta Sanak<\/p>\n\n\n\n<p><strong>Adrian Zaprza\u0142ka<\/strong>, Szko\u0142a Podstawowa Nr 2, O\u015bwi\u0119cim, Jolanta Brandys<\/p>\n\n\n\n<p><strong>Kornelia Maciejska<\/strong>, Szko\u0142a Podstawowa Nr 1, Przecisz\u00f3w, Ma\u0142gorzata Matyja<\/p>\n\n\n\n<p><strong>Artur Daniliszyn<\/strong>, Szko\u0142a Podstawowa Sportowa nr 8, O\u015bwi\u0119cim, Anetta Sanak<\/p>\n\n\n\n<p><strong>Marcin Wo\u0142piuk<\/strong>, Szko\u0142a Podstawowa Sportowa nr 8, O\u015bwi\u0119cim, Anetta Sanak<\/p>\n\n\n\n<p><strong>KATEGORIA II &#8211; KWALIFIKACJE DO WYSTAWY<\/strong><\/p>\n\n\n\n<p><strong>Kalen Mentel<\/strong>, Szko\u0142a Podstawowa Nr 2, O\u015bwi\u0119cim, Jolanta Brandys<\/p>\n\n\n\n<p><strong>Martyna Turaj<\/strong>, Szko\u0142a Podstawowa Sportowa nr 8, O\u015bwi\u0119cim, Anetta Sanak<\/p>\n\n\n\n<p><strong>Oliwia Terentowicz<\/strong>, Szko\u0142a Podstawowa Sportowa nr 8, O\u015bwi\u0119cim, Anetta Sanak<\/p>\n\n\n\n<p><strong>Gabriela Augustyn<\/strong>, Szko\u0142a Podstawowa Nr 1, Przecisz\u00f3w, Ma\u0142gorzata Matyja<\/p>\n\n\n\n<p><strong>Laura Krakowczak<\/strong>, Szko\u0142a Podstawowa Sportowa nr 8, O\u015bwi\u0119cim, Anetta Sanak<\/p>\n\n\n\n<p><strong>Wiktoria Ko\u0142tun, <\/strong>Szko\u0142a Podstawowa Sportowa nr 8, O\u015bwi\u0119cim, Anetta Sanak.<\/p>\n\n\n\n<p><strong>Hanna Bernacik,<\/strong> Szko\u0142a Podstawowa Sportowa nr 8, O\u015bwi\u0119cim, Anetta Sanak.<\/p>\n\n\n\n<p><strong>KATEGORIA III &#8211;<\/strong> <strong>NAGRODY<\/strong><\/p>\n\n\n\n<p><strong>Kornelia Hatla\u015b<\/strong>, ZSP Witkowice, Barbara Gaw\u0119da-Badera<\/p>\n\n\n\n<p><strong>Emilia Zi\u0119ba<\/strong>, ZSZ TS, O\u015bwi\u0119cim, El\u017cbieta Wardza\u0142a-Sere\u015b<\/p>\n\n\n\n<p><strong>Anna, Ga\u017ca,<\/strong> ZSZ TS, O\u015bwi\u0119cim, El\u017cbieta Wardza\u0142a-Sere\u015b<\/p>\n\n\n\n<p><strong>KATEGORIA III &#8211; WYR\u00d3\u017bNIENIA<\/strong><\/p>\n\n\n\n<p><strong>Agata Kukowska,<\/strong> Szko\u0142a Podstawowa Nr 2, O\u015bwi\u0119cim, Jolanta Brandys<\/p>\n\n\n\n<p><strong>Natalia \u017bydek<\/strong>, ZSZ TS, O\u015bwi\u0119cim, El\u017cbieta Wardza\u0142a-Sere\u015b<\/p>\n\n\n\n<p><strong>Stanis\u0142aw Matula<\/strong>, ZSZ TS, O\u015bwi\u0119cim, El\u017cbieta Wardza\u0142a-Sere\u015b<\/p>\n\n\n\n<p><strong>\u0141ucja Konik<\/strong>, Zesp\u00f3\u0142 Szk\u00f3\u0142 Og\u00f3lnokszta\u0142c\u0105cych, Zator, Katarzyna Brandys-Gacek<\/p>\n\n\n\n<p><strong>Maja P\u0142onka<\/strong>, Zesp\u00f3\u0142 Szkolno &#8211; Przedszkolny, Graboszyce, Anna Skawi\u0144ska<\/p>\n\n\n\n<p><strong>KATEGORIA III &#8211; KWALIFIKACJE DO WYSTAWY<\/strong><\/p>\n\n\n\n<p><strong>Aleksandra Sznajder<\/strong>, ZSP nr 1, Osiek, Justyna K\u0142ys<\/p>\n\n\n\n<p><strong>Oliwia Kozie\u0142<\/strong>, ZSP nr 1, Osiek, Justyna K\u0142ys<\/p>\n\n\n\n<p><strong>Natalia Wojciechowska<\/strong>, PCKTiB, O\u015bwi\u0119cim, Ma\u0142gorzata G\u0142\u00f3wczyk<\/p>\n\n\n\n<p><strong>Maja Zajas<\/strong>, Szko\u0142a Podstawowa Nr 4, O\u015bwi\u0119cim, Jolanta Brandys<\/p>\n\n\n\n<p><strong>Olga G\u00f3recka<\/strong>, Szko\u0142a Podstawowa Nr 2, Che\u0142mek, Katarzyna Nalepa<\/p>\n\n\n\n<p><strong>IV KATEGORIA &#8211; SZKO\u0141Y SPECJALNE<\/strong><\/p>\n\n\n\n<p><strong>NAGRODY<\/strong><\/p>\n\n\n\n<p><strong>Antoni Mossakowski<\/strong>, SOSW O\u015bwi\u0119cim, Beata Kiszczak<\/p>\n\n\n\n<p><strong>Emilia \u0141awczys<\/strong>, MDK O\u015bwi\u0119cim, Ma\u0142gorzata Dom\u017ca\u0142<\/p>\n\n\n\n<p><strong>Martyna Klaja,<\/strong> SOSW O\u015bwi\u0119cim, Beata Kiszczak<\/p>\n\n\n\n<p><strong>WYR\u00d3\u017bNIENIA<\/strong><\/p>\n\n\n\n<p><strong>Kacper Czub<\/strong>a, SOSW O\u015bwi\u0119cim, Monika Ko\u0142odziejczyk<\/p>\n\n\n\n<p><strong>Wojciech Malinowski<\/strong>, SOSW O\u015bwi\u0119cim, Beata Kiszczak<\/p>\n\n\n\n<p><strong>Jana Panasiuk<\/strong>, SOSW O\u015bwi\u0119cim, Jowita Greczner<\/p>\n\n\n\n<p><strong>B\u0142a\u017cej Tla\u0142ka<\/strong>, SOSW O\u015bwi\u0119cim, Monika Ko\u0142odziejczyk<\/p>\n\n\n\n<p><strong>Dorota Kurasz<\/strong> Zesp\u00f3\u0142 Szk\u00f3\u0142 Og\u00f3lnokszta\u0142c\u0105cych, Zator, Katarzyna Brandys-Gacek<\/p>\n\n\n\n<p><strong>KWALIFIKACJE DO WYSTAWY<\/strong><\/p>\n\n\n\n<p><strong>Patryk Myszczy\u0144ski<\/strong>, SOSW O\u015bwi\u0119cim, Beata Kiszczak<\/p>\n\n\n\n<p><strong>Jakub Kosi\u0144ski<\/strong>, SOSW O\u015bwi\u0119cim, Beata Kiszczak<\/p>\n\n\n\n<p><strong>Oliwier Mazurkiewicz,<\/strong> SOSW O\u015bwi\u0119cim, Jowita Greczner<\/p>\n\n\n\n<p><strong>Zdzis\u0142aw Hrapkowicz,<\/strong> SOSW O\u015bwi\u0119cim, Monika Ko\u0142odziejczyk<\/p>\n\n\n\n<p><strong>Piotr Wodecki<\/strong>, SOSW O\u015bwi\u0119cim, Beata Kiszczak<\/p>\n\n\n\n<p><strong>PRACE PRZESTRZENNE &#8211; PLAC\u00d3WKI POZASZKOLNE<\/strong><\/p>\n\n\n\n<p><strong>KATEGORIA I &#8211; NAGRODA<\/strong><\/p>\n\n\n\n<p><strong>Zofia Mirocha<\/strong>, MDK O\u015bwi\u0119cim, Agnieszka Kobielusz<\/p>\n\n\n\n<p><strong>KATEGORIA I &#8211; WYR\u00d3\u017bNIENIE<\/strong><\/p>\n\n\n\n<p><strong>Maja Wabik<\/strong>, MDK O\u015bwi\u0119cim, Agnieszka Kobielusz<\/p>\n\n\n\n<p><strong>KATEGORIA I &#8211; KWALIFIKACJE DO WYSTAWY<\/strong><\/p>\n\n\n\n<p><strong>Zofia Dzi\u0119dziel<\/strong>, MDK O\u015bwi\u0119cim, Agnieszka Kobielusz<\/p>\n\n\n\n<p><strong>Kornelia Szyjka<\/strong>, MDK O\u015bwi\u0119cim, Agnieszka Kobielusz<\/p>\n\n\n\n<p>Wszystkich nagrodzonych, wyr\u00f3\u017cnionych oraz tych, kt\u00f3rych prace zakwalifikowa\u0142y si\u0119 do wystawy serdecznie zapraszamy na rozdanie nagr\u00f3d, kt\u00f3re odb\u0119dzie si\u0119 26 listopada o godz. 16.30 w M\u0142odzie\u017cowej Piwnicy Artystycznej MDK w O\u015bwi\u0119cimiu, ul. Bema 4.<\/p>\n\n\n\n<p>Gratulujemy \ud83d\ude42<\/p>\n\n\n\n<p>.<\/p>\n\n\n\n<p>.<\/p>\n","protected":false},"excerpt":{"rendered":"<p>W dniu 8 listopada odby\u0142o si\u0119 posiedzenie komisji konkursowej VI Powiatowego Konkursu Plastycznego &#8220;Kufer wyobra\u017ani&#8221; pod has\u0142em &#8220;Jesienne impresje, skarby jesieni&#8230;&#8221;. Na konkurs wp\u0142yn\u0119\u0142y 724 prace. Komisja konkursowa pod przewodnictwem pani Magdaleny Prochowskiej postanowi\u0142a przyzna\u0107 nagrody i wyr\u00f3\u017cnienia w nast\u0119puj\u0105cych kategoriach wiekowych: PLAC\u00d3WKI POZASZKOLNE KATEGORIA I &#8211; NAGRODY Nikola Hanuszek, MDK O\u015bwi\u0119cim, op. Ma\u0142gorzata Dom\u017ca\u0142 [&hellip;]<\/p>\n","protected":false},"author":3,"featured_media":19881,"comment_status":"closed","ping_status":"closed","sticky":false,"template":"","format":"standard","meta":{"footnotes":""},"categories":[107,108],"tags":[],"class_list":["post-20038","post","type-post","status-publish","format-standard","has-post-thumbnail","hentry","category-konkursy","category-aktualnosci"],"yoast_head":"<!-- This site is optimized with the Yoast SEO plugin v16.1.1 - https:\/\/yoast.com\/wordpress\/plugins\/seo\/ -->\n<title>WYNIKI VI POWIATOWEGO KONKURSU PLASTYCZNEGO \u201eKUFER WYOBRA\u0179NI\u201d - MDK<\/title>\n<link rel=\"canonical\" href=\"https:\/\/mdkoswiecim.pl\/index.php\/2024\/11\/19\/wyniki-vi-powiatowego-konkursu-plastycznego-kufer-wyobrazni\/\" \/>\n<meta property=\"og:locale\" content=\"pl_PL\" \/>\n<meta property=\"og:type\" content=\"article\" \/>\n<meta property=\"og:title\" content=\"WYNIKI VI POWIATOWEGO KONKURSU PLASTYCZNEGO \u201eKUFER WYOBRA\u0179NI\u201d - MDK\" \/>\n<meta property=\"og:description\" content=\"W dniu 8 listopada odby\u0142o si\u0119 posiedzenie komisji konkursowej VI Powiatowego Konkursu Plastycznego &#8220;Kufer wyobra\u017ani&#8221; pod has\u0142em &#8220;Jesienne impresje, skarby jesieni&#8230;&#8221;. Na konkurs wp\u0142yn\u0119\u0142y 724 prace. Komisja konkursowa pod przewodnictwem pani Magdaleny Prochowskiej postanowi\u0142a przyzna\u0107 nagrody i wyr\u00f3\u017cnienia w nast\u0119puj\u0105cych kategoriach wiekowych: PLAC\u00d3WKI POZASZKOLNE KATEGORIA I &#8211; NAGRODY Nikola Hanuszek, MDK O\u015bwi\u0119cim, op. Ma\u0142gorzata Dom\u017ca\u0142 [&hellip;]\" \/>\n<meta property=\"og:url\" content=\"https:\/\/mdkoswiecim.pl\/index.php\/2024\/11\/19\/wyniki-vi-powiatowego-konkursu-plastycznego-kufer-wyobrazni\/\" \/>\n<meta property=\"og:site_name\" content=\"MDK\" \/>\n<meta property=\"article:published_time\" content=\"2024-11-19T09:39:51+00:00\" \/>\n<meta property=\"article:modified_time\" content=\"2024-12-12T09:44:55+00:00\" \/>\n<meta property=\"og:image\" content=\"https:\/\/mdkoswiecim.pl\/wp-content\/uploads\/2024\/09\/plakat-INTERNET-VI-kufer-1-scaled-e1726219267846.jpg\" \/>\n\t<meta property=\"og:image:width\" content=\"1629\" \/>\n\t<meta property=\"og:image:height\" content=\"977\" \/>\n<meta name=\"twitter:card\" content=\"summary_large_image\" \/>\n<meta name=\"twitter:label1\" content=\"Szacowany czas czytania\">\n\t<meta name=\"twitter:data1\" content=\"6 minut\">\n<script type=\"application\/ld+json\" class=\"yoast-schema-graph\">{\"@context\":\"https:\/\/schema.org\",\"@graph\":[{\"@type\":\"WebSite\",\"@id\":\"https:\/\/mdkoswiecim.pl\/#website\",\"url\":\"https:\/\/mdkoswiecim.pl\/\",\"name\":\"MDK\",\"description\":\"M\\u0142odzie\\u017cowy Dom Kultury w O\\u015bwi\\u0119cimiu\",\"potentialAction\":[{\"@type\":\"SearchAction\",\"target\":\"https:\/\/mdkoswiecim.pl\/?s={search_term_string}\",\"query-input\":\"required name=search_term_string\"}],\"inLanguage\":\"pl-PL\"},{\"@type\":\"ImageObject\",\"@id\":\"https:\/\/mdkoswiecim.pl\/index.php\/2024\/11\/19\/wyniki-vi-powiatowego-konkursu-plastycznego-kufer-wyobrazni\/#primaryimage\",\"inLanguage\":\"pl-PL\",\"url\":\"https:\/\/mdkoswiecim.pl\/wp-content\/uploads\/2024\/09\/plakat-INTERNET-VI-kufer-1-scaled-e1726219267846.jpg\",\"contentUrl\":\"https:\/\/mdkoswiecim.pl\/wp-content\/uploads\/2024\/09\/plakat-INTERNET-VI-kufer-1-scaled-e1726219267846.jpg\",\"width\":1629,\"height\":977},{\"@type\":\"WebPage\",\"@id\":\"https:\/\/mdkoswiecim.pl\/index.php\/2024\/11\/19\/wyniki-vi-powiatowego-konkursu-plastycznego-kufer-wyobrazni\/#webpage\",\"url\":\"https:\/\/mdkoswiecim.pl\/index.php\/2024\/11\/19\/wyniki-vi-powiatowego-konkursu-plastycznego-kufer-wyobrazni\/\",\"name\":\"WYNIKI VI POWIATOWEGO KONKURSU PLASTYCZNEGO \\u201eKUFER WYOBRA\\u0179NI\\u201d - MDK\",\"isPartOf\":{\"@id\":\"https:\/\/mdkoswiecim.pl\/#website\"},\"primaryImageOfPage\":{\"@id\":\"https:\/\/mdkoswiecim.pl\/index.php\/2024\/11\/19\/wyniki-vi-powiatowego-konkursu-plastycznego-kufer-wyobrazni\/#primaryimage\"},\"datePublished\":\"2024-11-19T09:39:51+00:00\",\"dateModified\":\"2024-12-12T09:44:55+00:00\",\"author\":{\"@id\":\"https:\/\/mdkoswiecim.pl\/#\/schema\/person\/d9c1081e4cfefcbccad7ec11fa250f7a\"},\"breadcrumb\":{\"@id\":\"https:\/\/mdkoswiecim.pl\/index.php\/2024\/11\/19\/wyniki-vi-powiatowego-konkursu-plastycznego-kufer-wyobrazni\/#breadcrumb\"},\"inLanguage\":\"pl-PL\",\"potentialAction\":[{\"@type\":\"ReadAction\",\"target\":[\"https:\/\/mdkoswiecim.pl\/index.php\/2024\/11\/19\/wyniki-vi-powiatowego-konkursu-plastycznego-kufer-wyobrazni\/\"]}]},{\"@type\":\"BreadcrumbList\",\"@id\":\"https:\/\/mdkoswiecim.pl\/index.php\/2024\/11\/19\/wyniki-vi-powiatowego-konkursu-plastycznego-kufer-wyobrazni\/#breadcrumb\",\"itemListElement\":[{\"@type\":\"ListItem\",\"position\":1,\"item\":{\"@type\":\"WebPage\",\"@id\":\"https:\/\/mdkoswiecim.pl\/\",\"url\":\"https:\/\/mdkoswiecim.pl\/\",\"name\":\"Strona g\\u0142\\u00f3wna\"}},{\"@type\":\"ListItem\",\"position\":2,\"item\":{\"@type\":\"WebPage\",\"@id\":\"https:\/\/mdkoswiecim.pl\/index.php\/2024\/11\/19\/wyniki-vi-powiatowego-konkursu-plastycznego-kufer-wyobrazni\/\",\"url\":\"https:\/\/mdkoswiecim.pl\/index.php\/2024\/11\/19\/wyniki-vi-powiatowego-konkursu-plastycznego-kufer-wyobrazni\/\",\"name\":\"WYNIKI VI POWIATOWEGO KONKURSU PLASTYCZNEGO \\u201eKUFER WYOBRA\\u0179NI\\u201d\"}}]},{\"@type\":\"Person\",\"@id\":\"https:\/\/mdkoswiecim.pl\/#\/schema\/person\/d9c1081e4cfefcbccad7ec11fa250f7a\",\"name\":\"alina.kwarciak\",\"image\":{\"@type\":\"ImageObject\",\"@id\":\"https:\/\/mdkoswiecim.pl\/#personlogo\",\"inLanguage\":\"pl-PL\",\"url\":\"https:\/\/secure.gravatar.com\/avatar\/cce8f640650bbd69c0efc0afd2dddb7945a94129b978796401e58cac1eb8b87b?s=96&d=mm&r=g\",\"contentUrl\":\"https:\/\/secure.gravatar.com\/avatar\/cce8f640650bbd69c0efc0afd2dddb7945a94129b978796401e58cac1eb8b87b?s=96&d=mm&r=g\",\"caption\":\"alina.kwarciak\"}}]}<\/script>\n<!-- \/ Yoast SEO plugin. -->","_links":{"self":[{"href":"https:\/\/mdkoswiecim.pl\/index.php\/wp-json\/wp\/v2\/posts\/20038","targetHints":{"allow":["GET"]}}],"collection":[{"href":"https:\/\/mdkoswiecim.pl\/index.php\/wp-json\/wp\/v2\/posts"}],"about":[{"href":"https:\/\/mdkoswiecim.pl\/index.php\/wp-json\/wp\/v2\/types\/post"}],"author":[{"embeddable":true,"href":"https:\/\/mdkoswiecim.pl\/index.php\/wp-json\/wp\/v2\/users\/3"}],"replies":[{"embeddable":true,"href":"https:\/\/mdkoswiecim.pl\/index.php\/wp-json\/wp\/v2\/comments?post=20038"}],"version-history":[{"count":3,"href":"https:\/\/mdkoswiecim.pl\/index.php\/wp-json\/wp\/v2\/posts\/20038\/revisions"}],"predecessor-version":[{"id":20542,"href":"https:\/\/mdkoswiecim.pl\/index.php\/wp-json\/wp\/v2\/posts\/20038\/revisions\/20542"}],"wp:featuredmedia":[{"embeddable":true,"href":"https:\/\/mdkoswiecim.pl\/index.php\/wp-json\/wp\/v2\/media\/19881"}],"wp:attachment":[{"href":"https:\/\/mdkoswiecim.pl\/index.php\/wp-json\/wp\/v2\/media?parent=20038"}],"wp:term":[{"taxonomy":"category","embeddable":true,"href":"https:\/\/mdkoswiecim.pl\/index.php\/wp-json\/wp\/v2\/categories?post=20038"},{"taxonomy":"post_tag","embeddable":true,"href":"https:\/\/mdkoswiecim.pl\/index.php\/wp-json\/wp\/v2\/tags?post=20038"}],"curies":[{"name":"wp","href":"https:\/\/api.w.org\/{rel}","templated":true}]}}