{"id":19884,"date":"2025-01-08T10:02:53","date_gmt":"2025-01-08T09:02:53","guid":{"rendered":"https:\/\/mdkoswiecim.pl\/?p=19884"},"modified":"2025-01-08T10:02:54","modified_gmt":"2025-01-08T09:02:54","slug":"xxi-biennale-tworczosci-plastycznej-dzieci-i-mlodziezy","status":"publish","type":"post","link":"https:\/\/mdkoswiecim.pl\/index.php\/2025\/01\/08\/xxi-biennale-tworczosci-plastycznej-dzieci-i-mlodziezy\/","title":{"rendered":"XXI Biennale Tw\u00f3rczo\u015bci Plastycznej Dzieci i M\u0142odzie\u017cy."},"content":{"rendered":"\n<p><\/p>\n\n\n\n<p>Zapraszamy Was do udzia\u0142u w dwudziestej pierwszej edycji og\u00f3lnopolskiego Biennale Tw\u00f3rczo\u015bci Plastycznej Dzieci i M\u0142odzie\u017cy \u2013 najstarszej cyklicznej imprezie plastycznej dzieci i&nbsp;m\u0142odzie\u017cy, organizowanej od 1984 roku przez M\u0142odzie\u017cowy Dom Kultury w&nbsp;O\u015bwi\u0119cimiu.<\/p>\n\n\n\n<p>Konkurs adresowany jest do dzieci i m\u0142odzie\u017cy od 6 roku \u017cycia do uko\u0144czenia szko\u0142y \u015bredniej,<br>w tym uczni\u00f3w lub uczestnik\u00f3w zaj\u0119\u0107 pla<em>c<\/em>\u00f3wek wychowania pozaszkolnego<br>oraz \u015bwietlic terapeutycznych.<\/p>\n\n\n\n<p>Przejrzyjcie wraz z nauczycielami zestawy prac z ostatniego roku, wybierzcie najciekawsze, albo wykonajcie nowe i przeka\u017ccie je za po\u015brednictwem szk\u00f3\u0142 i przedszkoli organizatorowi. B\u0119dzie nam mi\u0142o spotka\u0107 si\u0119 z Wami na wernisa\u017cu<em>.<\/em><\/p>\n\n\n\n<p>Regulamin biennale:<\/p>\n\n\n\n<div class=\"wp-block-file\"><a id=\"wp-block-file--media-e7dbe4e4-2b6f-4f62-8779-ff43339a5b81\" href=\"https:\/\/mdkoswiecim.pl\/wp-content\/uploads\/2024\/09\/regulamin-biennale.docx\">regulamin biennale<\/a><a href=\"https:\/\/mdkoswiecim.pl\/wp-content\/uploads\/2024\/09\/regulamin-biennale.docx\" class=\"wp-block-file__button wp-element-button\" download aria-describedby=\"wp-block-file--media-e7dbe4e4-2b6f-4f62-8779-ff43339a5b81\">Pobierz<\/a><\/div>\n\n\n\n<figure class=\"wp-block-image size-large\"><img decoding=\"async\" src=\"https:\/\/mdkoswiecim.pl\/wp-content\/uploads\/2024\/09\/plakat-INTERNET-biennale-759x1024.jpg\" alt=\"\" class=\"wp-image-19885\"\/><\/figure>\n","protected":false},"excerpt":{"rendered":"<p>Zapraszamy Was do udzia\u0142u w dwudziestej pierwszej edycji og\u00f3lnopolskiego Biennale Tw\u00f3rczo\u015bci Plastycznej Dzieci i M\u0142odzie\u017cy \u2013 najstarszej cyklicznej imprezie plastycznej dzieci i&nbsp;m\u0142odzie\u017cy, organizowanej od 1984 roku przez M\u0142odzie\u017cowy Dom Kultury w&nbsp;O\u015bwi\u0119cimiu. Konkurs adresowany jest do dzieci i m\u0142odzie\u017cy od 6 roku \u017cycia do uko\u0144czenia szko\u0142y \u015bredniej,w tym uczni\u00f3w lub uczestnik\u00f3w zaj\u0119\u0107 plac\u00f3wek wychowania pozaszkolnegooraz \u015bwietlic [&hellip;]<\/p>\n","protected":false},"author":2,"featured_media":19885,"comment_status":"closed","ping_status":"closed","sticky":false,"template":"","format":"standard","meta":{"footnotes":""},"categories":[107,108],"tags":[],"class_list":["post-19884","post","type-post","status-publish","format-standard","has-post-thumbnail","hentry","category-konkursy","category-aktualnosci"],"yoast_head":"<!-- This site is optimized with the Yoast SEO plugin v16.1.1 - https:\/\/yoast.com\/wordpress\/plugins\/seo\/ -->\n<title>XXI Biennale Tw\u00f3rczo\u015bci Plastycznej Dzieci i M\u0142odzie\u017cy. - MDK<\/title>\n<link rel=\"canonical\" href=\"https:\/\/mdkoswiecim.pl\/index.php\/2025\/01\/08\/xxi-biennale-tworczosci-plastycznej-dzieci-i-mlodziezy\/\" \/>\n<meta property=\"og:locale\" content=\"pl_PL\" \/>\n<meta property=\"og:type\" content=\"article\" \/>\n<meta property=\"og:title\" content=\"XXI Biennale Tw\u00f3rczo\u015bci Plastycznej Dzieci i M\u0142odzie\u017cy. - MDK\" \/>\n<meta property=\"og:description\" content=\"Zapraszamy Was do udzia\u0142u w dwudziestej pierwszej edycji og\u00f3lnopolskiego Biennale Tw\u00f3rczo\u015bci Plastycznej Dzieci i M\u0142odzie\u017cy \u2013 najstarszej cyklicznej imprezie plastycznej dzieci i&nbsp;m\u0142odzie\u017cy, organizowanej od 1984 roku przez M\u0142odzie\u017cowy Dom Kultury w&nbsp;O\u015bwi\u0119cimiu. Konkurs adresowany jest do dzieci i m\u0142odzie\u017cy od 6 roku \u017cycia do uko\u0144czenia szko\u0142y \u015bredniej,w tym uczni\u00f3w lub uczestnik\u00f3w zaj\u0119\u0107 plac\u00f3wek wychowania pozaszkolnegooraz \u015bwietlic [&hellip;]\" \/>\n<meta property=\"og:url\" content=\"https:\/\/mdkoswiecim.pl\/index.php\/2025\/01\/08\/xxi-biennale-tworczosci-plastycznej-dzieci-i-mlodziezy\/\" \/>\n<meta property=\"og:site_name\" content=\"MDK\" \/>\n<meta property=\"article:published_time\" content=\"2025-01-08T09:02:53+00:00\" \/>\n<meta property=\"article:modified_time\" content=\"2025-01-08T09:02:54+00:00\" \/>\n<meta property=\"og:image\" content=\"https:\/\/mdkoswiecim.pl\/wp-content\/uploads\/2024\/09\/plakat-INTERNET-biennale-scaled-e1726484742463.jpg\" \/>\n\t<meta property=\"og:image:width\" content=\"1898\" \/>\n\t<meta property=\"og:image:height\" content=\"985\" \/>\n<meta name=\"twitter:card\" content=\"summary_large_image\" \/>\n<meta name=\"twitter:label1\" content=\"Szacowany czas czytania\">\n\t<meta name=\"twitter:data1\" content=\"1 minuta\">\n<script type=\"application\/ld+json\" class=\"yoast-schema-graph\">{\"@context\":\"https:\/\/schema.org\",\"@graph\":[{\"@type\":\"WebSite\",\"@id\":\"https:\/\/mdkoswiecim.pl\/#website\",\"url\":\"https:\/\/mdkoswiecim.pl\/\",\"name\":\"MDK\",\"description\":\"M\\u0142odzie\\u017cowy Dom Kultury w O\\u015bwi\\u0119cimiu\",\"potentialAction\":[{\"@type\":\"SearchAction\",\"target\":\"https:\/\/mdkoswiecim.pl\/?s={search_term_string}\",\"query-input\":\"required name=search_term_string\"}],\"inLanguage\":\"pl-PL\"},{\"@type\":\"ImageObject\",\"@id\":\"https:\/\/mdkoswiecim.pl\/index.php\/2025\/01\/08\/xxi-biennale-tworczosci-plastycznej-dzieci-i-mlodziezy\/#primaryimage\",\"inLanguage\":\"pl-PL\",\"url\":\"https:\/\/mdkoswiecim.pl\/wp-content\/uploads\/2024\/09\/plakat-INTERNET-biennale-scaled-e1726484742463.jpg\",\"contentUrl\":\"https:\/\/mdkoswiecim.pl\/wp-content\/uploads\/2024\/09\/plakat-INTERNET-biennale-scaled-e1726484742463.jpg\",\"width\":1898,\"height\":985},{\"@type\":\"WebPage\",\"@id\":\"https:\/\/mdkoswiecim.pl\/index.php\/2025\/01\/08\/xxi-biennale-tworczosci-plastycznej-dzieci-i-mlodziezy\/#webpage\",\"url\":\"https:\/\/mdkoswiecim.pl\/index.php\/2025\/01\/08\/xxi-biennale-tworczosci-plastycznej-dzieci-i-mlodziezy\/\",\"name\":\"XXI Biennale Tw\\u00f3rczo\\u015bci Plastycznej Dzieci i M\\u0142odzie\\u017cy. - MDK\",\"isPartOf\":{\"@id\":\"https:\/\/mdkoswiecim.pl\/#website\"},\"primaryImageOfPage\":{\"@id\":\"https:\/\/mdkoswiecim.pl\/index.php\/2025\/01\/08\/xxi-biennale-tworczosci-plastycznej-dzieci-i-mlodziezy\/#primaryimage\"},\"datePublished\":\"2025-01-08T09:02:53+00:00\",\"dateModified\":\"2025-01-08T09:02:54+00:00\",\"author\":{\"@id\":\"https:\/\/mdkoswiecim.pl\/#\/schema\/person\/de4e1c3f9f9805d4834a83cd933e83a4\"},\"breadcrumb\":{\"@id\":\"https:\/\/mdkoswiecim.pl\/index.php\/2025\/01\/08\/xxi-biennale-tworczosci-plastycznej-dzieci-i-mlodziezy\/#breadcrumb\"},\"inLanguage\":\"pl-PL\",\"potentialAction\":[{\"@type\":\"ReadAction\",\"target\":[\"https:\/\/mdkoswiecim.pl\/index.php\/2025\/01\/08\/xxi-biennale-tworczosci-plastycznej-dzieci-i-mlodziezy\/\"]}]},{\"@type\":\"BreadcrumbList\",\"@id\":\"https:\/\/mdkoswiecim.pl\/index.php\/2025\/01\/08\/xxi-biennale-tworczosci-plastycznej-dzieci-i-mlodziezy\/#breadcrumb\",\"itemListElement\":[{\"@type\":\"ListItem\",\"position\":1,\"item\":{\"@type\":\"WebPage\",\"@id\":\"https:\/\/mdkoswiecim.pl\/\",\"url\":\"https:\/\/mdkoswiecim.pl\/\",\"name\":\"Strona g\\u0142\\u00f3wna\"}},{\"@type\":\"ListItem\",\"position\":2,\"item\":{\"@type\":\"WebPage\",\"@id\":\"https:\/\/mdkoswiecim.pl\/index.php\/2025\/01\/08\/xxi-biennale-tworczosci-plastycznej-dzieci-i-mlodziezy\/\",\"url\":\"https:\/\/mdkoswiecim.pl\/index.php\/2025\/01\/08\/xxi-biennale-tworczosci-plastycznej-dzieci-i-mlodziezy\/\",\"name\":\"XXI Biennale Tw\\u00f3rczo\\u015bci Plastycznej Dzieci i M\\u0142odzie\\u017cy.\"}}]},{\"@type\":\"Person\",\"@id\":\"https:\/\/mdkoswiecim.pl\/#\/schema\/person\/de4e1c3f9f9805d4834a83cd933e83a4\",\"name\":\"janusz.majcherek\",\"image\":{\"@type\":\"ImageObject\",\"@id\":\"https:\/\/mdkoswiecim.pl\/#personlogo\",\"inLanguage\":\"pl-PL\",\"url\":\"https:\/\/secure.gravatar.com\/avatar\/841ee0bdfc0ec9800cdb49de086063cd2bdca44d52221b7fee4d6a2db5eafb17?s=96&d=mm&r=g\",\"contentUrl\":\"https:\/\/secure.gravatar.com\/avatar\/841ee0bdfc0ec9800cdb49de086063cd2bdca44d52221b7fee4d6a2db5eafb17?s=96&d=mm&r=g\",\"caption\":\"janusz.majcherek\"}}]}<\/script>\n<!-- \/ Yoast SEO plugin. -->","_links":{"self":[{"href":"https:\/\/mdkoswiecim.pl\/index.php\/wp-json\/wp\/v2\/posts\/19884","targetHints":{"allow":["GET"]}}],"collection":[{"href":"https:\/\/mdkoswiecim.pl\/index.php\/wp-json\/wp\/v2\/posts"}],"about":[{"href":"https:\/\/mdkoswiecim.pl\/index.php\/wp-json\/wp\/v2\/types\/post"}],"author":[{"embeddable":true,"href":"https:\/\/mdkoswiecim.pl\/index.php\/wp-json\/wp\/v2\/users\/2"}],"replies":[{"embeddable":true,"href":"https:\/\/mdkoswiecim.pl\/index.php\/wp-json\/wp\/v2\/comments?post=19884"}],"version-history":[{"count":2,"href":"https:\/\/mdkoswiecim.pl\/index.php\/wp-json\/wp\/v2\/posts\/19884\/revisions"}],"predecessor-version":[{"id":19889,"href":"https:\/\/mdkoswiecim.pl\/index.php\/wp-json\/wp\/v2\/posts\/19884\/revisions\/19889"}],"wp:featuredmedia":[{"embeddable":true,"href":"https:\/\/mdkoswiecim.pl\/index.php\/wp-json\/wp\/v2\/media\/19885"}],"wp:attachment":[{"href":"https:\/\/mdkoswiecim.pl\/index.php\/wp-json\/wp\/v2\/media?parent=19884"}],"wp:term":[{"taxonomy":"category","embeddable":true,"href":"https:\/\/mdkoswiecim.pl\/index.php\/wp-json\/wp\/v2\/categories?post=19884"},{"taxonomy":"post_tag","embeddable":true,"href":"https:\/\/mdkoswiecim.pl\/index.php\/wp-json\/wp\/v2\/tags?post=19884"}],"curies":[{"name":"wp","href":"https:\/\/api.w.org\/{rel}","templated":true}]}}