{"id":19491,"date":"2024-06-10T13:42:57","date_gmt":"2024-06-10T11:42:57","guid":{"rendered":"https:\/\/mdkoswiecim.pl\/?p=19491"},"modified":"2024-06-10T13:42:58","modified_gmt":"2024-06-10T11:42:58","slug":"spektakl-dziob-w-dziob-juz-w-poniedzialek-17-czerwca","status":"publish","type":"post","link":"https:\/\/mdkoswiecim.pl\/index.php\/2024\/06\/10\/spektakl-dziob-w-dziob-juz-w-poniedzialek-17-czerwca\/","title":{"rendered":"Spektakl &#8220;Dzi\u00f3b w dzi\u00f3b&#8221; ju\u017c w poniedzia\u0142ek 17 czerwca."},"content":{"rendered":"\n<p>Zapraszamy na spektakl DZI\u00d3B W DZI\u00d3B w wykonaniu grupy teatralnej MDK &#8221; Ferajna&#8221;!<\/p>\n\n\n\n<p>B\u0119dzie zabawnie, z humorem i z m\u0105drym przekazem. No i jak zwykle w pe\u0142ni profesjonalnie! Tym bardziej, \u017ce grupa, kt\u00f3r\u0105 prowadzi pani <a href=\"https:\/\/www.facebook.com\/anna.chodacka.73?__cft__[0]=AZVutk2hlpHaPwelU6p1itF67eazzyuOCwaZ74UqD0qgw-9UZLNUe2yznneVJo1iU1oVE11nIbl3t0W_Mk4ESj70dek2Ho1OqAOatMVvNnx78Q0HVdIxg2E-nzrbvEcQ7i9QGWvcObXDmtFxxHqsIlPbPTcS9Y7Hup0vvMFEYL97nv7jtOKeBPyDlZHHQeYAkv0&amp;__tn__=-]K-R\">Anna Chodacka<\/a> wzi\u0119\u0142a udzia\u0142 w niezwyk\u0142ej pr\u00f3bie z niezwyk\u0142ym aktorem, kt\u00f3rym jest pan Marcin Kobierski. Zawodowo zwi\u0105zany z krakowskim teatrem BAGATELA oraz TEATREM STU. Wi\u0119cej o aktorze na stronie <a href=\"https:\/\/bagatela.pl\/osoby\/marcin-kobierski\/?fbclid=IwZXh0bgNhZW0CMTAAAR1AdrZBoo70zZEn0DCPtn_Bui7UxvA_rzfRMtG7FGXB1cRs2fvLuZwrOuE_aem_AZACq22XVOBMbzrI5eKIfUfhMJA_qCpYrid6WAF7B00_wxQyAN4nz-WK8ElfaYBsSr2djSFv4lPDnDnDZ4wueYab\" target=\"_blank\" rel=\"noreferrer noopener\">https:\/\/bagatela.pl\/osoby\/marcin-kobierski\/<\/a> oraz na <a href=\"https:\/\/www.facebook.com\/profile.php?id=100063479089548&amp;__cft__[0]=AZVutk2hlpHaPwelU6p1itF67eazzyuOCwaZ74UqD0qgw-9UZLNUe2yznneVJo1iU1oVE11nIbl3t0W_Mk4ESj70dek2Ho1OqAOatMVvNnx78Q0HVdIxg2E-nzrbvEcQ7i9QGWvcObXDmtFxxHqsIlPbPTcS9Y7Hup0vvMFEYL97nv7jtOKeBPyDlZHHQeYAkv0&amp;__tn__=-UK-R\">https:\/\/www.facebook.com\/profile.php?id=100063479089548<\/a>.<\/p>\n\n\n\n<p>Dzi\u0119kujemy pani Monice \u015awi\u0119tek-Smrek, dyrektor OCK za udost\u0119pnienie sali widowiskowej OCK na  warsztaty <img loading=\"lazy\" decoding=\"async\" height=\"16\" width=\"16\" src=\"https:\/\/static.xx.fbcdn.net\/images\/emoji.php\/v9\/t6c\/1\/16\/2764.png\" alt=\"\u2764\ufe0f\"><\/p>\n\n\n\n<p>Przypominamy, \u017ce ju\u017c 17 czerwca w <a href=\"https:\/\/www.facebook.com\/oswiecimskiecentrumkultury?__cft__[0]=AZVutk2hlpHaPwelU6p1itF67eazzyuOCwaZ74UqD0qgw-9UZLNUe2yznneVJo1iU1oVE11nIbl3t0W_Mk4ESj70dek2Ho1OqAOatMVvNnx78Q0HVdIxg2E-nzrbvEcQ7i9QGWvcObXDmtFxxHqsIlPbPTcS9Y7Hup0vvMFEYL97nv7jtOKeBPyDlZHHQeYAkv0&amp;__tn__=-]K-R\">O\u015bwi\u0119cimskie Centrum Kultury<\/a> o godzinie 12.00 bezp\u0142atny spektakl dla uczni\u00f3w klas 6-8 szk\u00f3\u0142 podstawowych (zg\u0142oszenia grup w sekretariacie MDK (33 842-42-64), a tego samego dnia o godz. 16.00 bezp\u0142atny spektakl dla wszystkich mieszka\u0144c\u00f3w O\u015bwi\u0119cimia i okolic. ZAPRASZAMY <img loading=\"lazy\" decoding=\"async\" height=\"16\" width=\"16\" src=\"https:\/\/static.xx.fbcdn.net\/images\/emoji.php\/v9\/tea\/1\/16\/1f970.png\" alt=\"\ud83e\udd70\"><\/p>\n\n\n\n<figure class=\"wp-block-gallery has-nested-images columns-default is-cropped wp-block-gallery-1 is-layout-flex wp-block-gallery-is-layout-flex\">\n<figure class=\"wp-block-image size-large\"><a href=\"https:\/\/mdkoswiecim.pl\/wp-content\/uploads\/2024\/06\/445816040_1288546302533643_6357567707319358943_n.jpg\"><img loading=\"lazy\" decoding=\"async\" width=\"724\" height=\"1024\" data-id=\"19497\" src=\"https:\/\/mdkoswiecim.pl\/wp-content\/uploads\/2024\/06\/445816040_1288546302533643_6357567707319358943_n-724x1024.jpg\" alt=\"\" class=\"wp-image-19497\" srcset=\"https:\/\/mdkoswiecim.pl\/wp-content\/uploads\/2024\/06\/445816040_1288546302533643_6357567707319358943_n-724x1024.jpg 724w, https:\/\/mdkoswiecim.pl\/wp-content\/uploads\/2024\/06\/445816040_1288546302533643_6357567707319358943_n-212x300.jpg 212w, https:\/\/mdkoswiecim.pl\/wp-content\/uploads\/2024\/06\/445816040_1288546302533643_6357567707319358943_n-768x1086.jpg 768w, https:\/\/mdkoswiecim.pl\/wp-content\/uploads\/2024\/06\/445816040_1288546302533643_6357567707319358943_n.jpg 1086w\" sizes=\"auto, (max-width: 724px) 100vw, 724px\" \/><\/a><\/figure>\n\n\n\n<figure class=\"wp-block-image size-large\"><a href=\"https:\/\/mdkoswiecim.pl\/wp-content\/uploads\/2024\/06\/445750961_1288546259200314_6914188871939105798_n.jpg\"><img loading=\"lazy\" decoding=\"async\" width=\"1024\" height=\"768\" data-id=\"19496\" src=\"https:\/\/mdkoswiecim.pl\/wp-content\/uploads\/2024\/06\/445750961_1288546259200314_6914188871939105798_n-1024x768.jpg\" alt=\"\" class=\"wp-image-19496\" srcset=\"https:\/\/mdkoswiecim.pl\/wp-content\/uploads\/2024\/06\/445750961_1288546259200314_6914188871939105798_n-1024x768.jpg 1024w, https:\/\/mdkoswiecim.pl\/wp-content\/uploads\/2024\/06\/445750961_1288546259200314_6914188871939105798_n-300x225.jpg 300w, https:\/\/mdkoswiecim.pl\/wp-content\/uploads\/2024\/06\/445750961_1288546259200314_6914188871939105798_n-768x576.jpg 768w, https:\/\/mdkoswiecim.pl\/wp-content\/uploads\/2024\/06\/445750961_1288546259200314_6914188871939105798_n-1536x1152.jpg 1536w, https:\/\/mdkoswiecim.pl\/wp-content\/uploads\/2024\/06\/445750961_1288546259200314_6914188871939105798_n.jpg 2048w\" sizes=\"auto, (max-width: 1024px) 100vw, 1024px\" \/><\/a><\/figure>\n\n\n\n<figure class=\"wp-block-image size-large\"><a href=\"https:\/\/mdkoswiecim.pl\/wp-content\/uploads\/2024\/06\/445794789_1288546229200317_3056768573119197531_n.jpg\"><img loading=\"lazy\" decoding=\"async\" width=\"1024\" height=\"768\" data-id=\"19492\" src=\"https:\/\/mdkoswiecim.pl\/wp-content\/uploads\/2024\/06\/445794789_1288546229200317_3056768573119197531_n-1024x768.jpg\" alt=\"\" class=\"wp-image-19492\" srcset=\"https:\/\/mdkoswiecim.pl\/wp-content\/uploads\/2024\/06\/445794789_1288546229200317_3056768573119197531_n-1024x768.jpg 1024w, https:\/\/mdkoswiecim.pl\/wp-content\/uploads\/2024\/06\/445794789_1288546229200317_3056768573119197531_n-300x225.jpg 300w, https:\/\/mdkoswiecim.pl\/wp-content\/uploads\/2024\/06\/445794789_1288546229200317_3056768573119197531_n-768x576.jpg 768w, https:\/\/mdkoswiecim.pl\/wp-content\/uploads\/2024\/06\/445794789_1288546229200317_3056768573119197531_n-1536x1152.jpg 1536w, https:\/\/mdkoswiecim.pl\/wp-content\/uploads\/2024\/06\/445794789_1288546229200317_3056768573119197531_n.jpg 2048w\" sizes=\"auto, (max-width: 1024px) 100vw, 1024px\" \/><\/a><\/figure>\n\n\n\n<figure class=\"wp-block-image size-large\"><a href=\"https:\/\/mdkoswiecim.pl\/wp-content\/uploads\/2024\/06\/447236356_1288546035867003_7399061369455291337_n.jpg\"><img loading=\"lazy\" decoding=\"async\" width=\"1024\" height=\"768\" data-id=\"19494\" src=\"https:\/\/mdkoswiecim.pl\/wp-content\/uploads\/2024\/06\/447236356_1288546035867003_7399061369455291337_n-1024x768.jpg\" alt=\"\" class=\"wp-image-19494\" srcset=\"https:\/\/mdkoswiecim.pl\/wp-content\/uploads\/2024\/06\/447236356_1288546035867003_7399061369455291337_n-1024x768.jpg 1024w, https:\/\/mdkoswiecim.pl\/wp-content\/uploads\/2024\/06\/447236356_1288546035867003_7399061369455291337_n-300x225.jpg 300w, https:\/\/mdkoswiecim.pl\/wp-content\/uploads\/2024\/06\/447236356_1288546035867003_7399061369455291337_n-768x576.jpg 768w, https:\/\/mdkoswiecim.pl\/wp-content\/uploads\/2024\/06\/447236356_1288546035867003_7399061369455291337_n-1536x1152.jpg 1536w, https:\/\/mdkoswiecim.pl\/wp-content\/uploads\/2024\/06\/447236356_1288546035867003_7399061369455291337_n.jpg 2048w\" sizes=\"auto, (max-width: 1024px) 100vw, 1024px\" \/><\/a><\/figure>\n\n\n\n<figure class=\"wp-block-image size-large\"><a href=\"https:\/\/mdkoswiecim.pl\/wp-content\/uploads\/2024\/06\/447291350_1288546009200339_3665431489267328201_n.jpg\"><img loading=\"lazy\" decoding=\"async\" width=\"1024\" height=\"769\" data-id=\"19493\" src=\"https:\/\/mdkoswiecim.pl\/wp-content\/uploads\/2024\/06\/447291350_1288546009200339_3665431489267328201_n-1024x769.jpg\" alt=\"\" class=\"wp-image-19493\" srcset=\"https:\/\/mdkoswiecim.pl\/wp-content\/uploads\/2024\/06\/447291350_1288546009200339_3665431489267328201_n-1024x769.jpg 1024w, https:\/\/mdkoswiecim.pl\/wp-content\/uploads\/2024\/06\/447291350_1288546009200339_3665431489267328201_n-300x225.jpg 300w, https:\/\/mdkoswiecim.pl\/wp-content\/uploads\/2024\/06\/447291350_1288546009200339_3665431489267328201_n-768x577.jpg 768w, https:\/\/mdkoswiecim.pl\/wp-content\/uploads\/2024\/06\/447291350_1288546009200339_3665431489267328201_n-1536x1154.jpg 1536w, https:\/\/mdkoswiecim.pl\/wp-content\/uploads\/2024\/06\/447291350_1288546009200339_3665431489267328201_n.jpg 2048w\" sizes=\"auto, (max-width: 1024px) 100vw, 1024px\" \/><\/a><\/figure>\n\n\n\n<figure class=\"wp-block-image size-large\"><a href=\"https:\/\/mdkoswiecim.pl\/wp-content\/uploads\/2024\/06\/447253961_1288545969200343_6687717544854313315_n.jpg\"><img loading=\"lazy\" decoding=\"async\" width=\"1024\" height=\"769\" data-id=\"19495\" src=\"https:\/\/mdkoswiecim.pl\/wp-content\/uploads\/2024\/06\/447253961_1288545969200343_6687717544854313315_n-1024x769.jpg\" alt=\"\" class=\"wp-image-19495\" srcset=\"https:\/\/mdkoswiecim.pl\/wp-content\/uploads\/2024\/06\/447253961_1288545969200343_6687717544854313315_n-1024x769.jpg 1024w, https:\/\/mdkoswiecim.pl\/wp-content\/uploads\/2024\/06\/447253961_1288545969200343_6687717544854313315_n-300x225.jpg 300w, https:\/\/mdkoswiecim.pl\/wp-content\/uploads\/2024\/06\/447253961_1288545969200343_6687717544854313315_n-768x577.jpg 768w, https:\/\/mdkoswiecim.pl\/wp-content\/uploads\/2024\/06\/447253961_1288545969200343_6687717544854313315_n-1536x1154.jpg 1536w, https:\/\/mdkoswiecim.pl\/wp-content\/uploads\/2024\/06\/447253961_1288545969200343_6687717544854313315_n.jpg 2048w\" sizes=\"auto, (max-width: 1024px) 100vw, 1024px\" \/><\/a><\/figure>\n\n\n\n<figure class=\"wp-block-image size-large\"><a href=\"https:\/\/mdkoswiecim.pl\/wp-content\/uploads\/2024\/06\/447257117_1288545775867029_269536405992270149_n.jpg\"><img loading=\"lazy\" decoding=\"async\" width=\"1024\" height=\"768\" data-id=\"19498\" src=\"https:\/\/mdkoswiecim.pl\/wp-content\/uploads\/2024\/06\/447257117_1288545775867029_269536405992270149_n-1024x768.jpg\" alt=\"\" class=\"wp-image-19498\" srcset=\"https:\/\/mdkoswiecim.pl\/wp-content\/uploads\/2024\/06\/447257117_1288545775867029_269536405992270149_n-1024x768.jpg 1024w, https:\/\/mdkoswiecim.pl\/wp-content\/uploads\/2024\/06\/447257117_1288545775867029_269536405992270149_n-300x225.jpg 300w, https:\/\/mdkoswiecim.pl\/wp-content\/uploads\/2024\/06\/447257117_1288545775867029_269536405992270149_n-768x576.jpg 768w, https:\/\/mdkoswiecim.pl\/wp-content\/uploads\/2024\/06\/447257117_1288545775867029_269536405992270149_n-1536x1152.jpg 1536w, https:\/\/mdkoswiecim.pl\/wp-content\/uploads\/2024\/06\/447257117_1288545775867029_269536405992270149_n.jpg 2048w\" sizes=\"auto, (max-width: 1024px) 100vw, 1024px\" \/><\/a><\/figure>\n\n\n\n<figure class=\"wp-block-image size-large\"><a href=\"https:\/\/mdkoswiecim.pl\/wp-content\/uploads\/2024\/06\/445810226_1288545715867035_2577851510605677861_n.jpg\"><img loading=\"lazy\" decoding=\"async\" width=\"1024\" height=\"768\" data-id=\"19499\" src=\"https:\/\/mdkoswiecim.pl\/wp-content\/uploads\/2024\/06\/445810226_1288545715867035_2577851510605677861_n-1024x768.jpg\" alt=\"\" class=\"wp-image-19499\" srcset=\"https:\/\/mdkoswiecim.pl\/wp-content\/uploads\/2024\/06\/445810226_1288545715867035_2577851510605677861_n-1024x768.jpg 1024w, https:\/\/mdkoswiecim.pl\/wp-content\/uploads\/2024\/06\/445810226_1288545715867035_2577851510605677861_n-300x225.jpg 300w, https:\/\/mdkoswiecim.pl\/wp-content\/uploads\/2024\/06\/445810226_1288545715867035_2577851510605677861_n-768x576.jpg 768w, https:\/\/mdkoswiecim.pl\/wp-content\/uploads\/2024\/06\/445810226_1288545715867035_2577851510605677861_n-1536x1152.jpg 1536w, https:\/\/mdkoswiecim.pl\/wp-content\/uploads\/2024\/06\/445810226_1288545715867035_2577851510605677861_n.jpg 2048w\" sizes=\"auto, (max-width: 1024px) 100vw, 1024px\" \/><\/a><\/figure>\n\n\n\n<figure class=\"wp-block-image size-large\"><a href=\"https:\/\/mdkoswiecim.pl\/wp-content\/uploads\/2024\/06\/445767026_1288545662533707_1560708847182395723_n.jpg\"><img loading=\"lazy\" decoding=\"async\" width=\"1024\" height=\"769\" data-id=\"19500\" src=\"https:\/\/mdkoswiecim.pl\/wp-content\/uploads\/2024\/06\/445767026_1288545662533707_1560708847182395723_n-1024x769.jpg\" alt=\"\" class=\"wp-image-19500\" srcset=\"https:\/\/mdkoswiecim.pl\/wp-content\/uploads\/2024\/06\/445767026_1288545662533707_1560708847182395723_n-1024x769.jpg 1024w, https:\/\/mdkoswiecim.pl\/wp-content\/uploads\/2024\/06\/445767026_1288545662533707_1560708847182395723_n-300x225.jpg 300w, https:\/\/mdkoswiecim.pl\/wp-content\/uploads\/2024\/06\/445767026_1288545662533707_1560708847182395723_n-768x577.jpg 768w, https:\/\/mdkoswiecim.pl\/wp-content\/uploads\/2024\/06\/445767026_1288545662533707_1560708847182395723_n-1536x1154.jpg 1536w, https:\/\/mdkoswiecim.pl\/wp-content\/uploads\/2024\/06\/445767026_1288545662533707_1560708847182395723_n.jpg 2048w\" sizes=\"auto, (max-width: 1024px) 100vw, 1024px\" \/><\/a><\/figure>\n\n\n\n<figure class=\"wp-block-image size-large\"><a href=\"https:\/\/mdkoswiecim.pl\/wp-content\/uploads\/2024\/06\/445810224_1288545619200378_5113742696052745643_n.jpg\"><img loading=\"lazy\" decoding=\"async\" width=\"1024\" height=\"769\" data-id=\"19501\" src=\"https:\/\/mdkoswiecim.pl\/wp-content\/uploads\/2024\/06\/445810224_1288545619200378_5113742696052745643_n-1024x769.jpg\" alt=\"\" class=\"wp-image-19501\" srcset=\"https:\/\/mdkoswiecim.pl\/wp-content\/uploads\/2024\/06\/445810224_1288545619200378_5113742696052745643_n-1024x769.jpg 1024w, https:\/\/mdkoswiecim.pl\/wp-content\/uploads\/2024\/06\/445810224_1288545619200378_5113742696052745643_n-300x225.jpg 300w, https:\/\/mdkoswiecim.pl\/wp-content\/uploads\/2024\/06\/445810224_1288545619200378_5113742696052745643_n-768x577.jpg 768w, https:\/\/mdkoswiecim.pl\/wp-content\/uploads\/2024\/06\/445810224_1288545619200378_5113742696052745643_n-1536x1154.jpg 1536w, https:\/\/mdkoswiecim.pl\/wp-content\/uploads\/2024\/06\/445810224_1288545619200378_5113742696052745643_n.jpg 2048w\" sizes=\"auto, (max-width: 1024px) 100vw, 1024px\" \/><\/a><\/figure>\n\n\n\n<figure class=\"wp-block-image size-large\"><a href=\"https:\/\/mdkoswiecim.pl\/wp-content\/uploads\/2024\/06\/445782585_1288545575867049_1804287350427816592_n.jpg\"><img loading=\"lazy\" decoding=\"async\" width=\"1024\" height=\"769\" data-id=\"19502\" src=\"https:\/\/mdkoswiecim.pl\/wp-content\/uploads\/2024\/06\/445782585_1288545575867049_1804287350427816592_n-1024x769.jpg\" alt=\"\" class=\"wp-image-19502\" srcset=\"https:\/\/mdkoswiecim.pl\/wp-content\/uploads\/2024\/06\/445782585_1288545575867049_1804287350427816592_n-1024x769.jpg 1024w, https:\/\/mdkoswiecim.pl\/wp-content\/uploads\/2024\/06\/445782585_1288545575867049_1804287350427816592_n-300x225.jpg 300w, https:\/\/mdkoswiecim.pl\/wp-content\/uploads\/2024\/06\/445782585_1288545575867049_1804287350427816592_n-768x577.jpg 768w, https:\/\/mdkoswiecim.pl\/wp-content\/uploads\/2024\/06\/445782585_1288545575867049_1804287350427816592_n-1536x1154.jpg 1536w, https:\/\/mdkoswiecim.pl\/wp-content\/uploads\/2024\/06\/445782585_1288545575867049_1804287350427816592_n.jpg 2048w\" sizes=\"auto, (max-width: 1024px) 100vw, 1024px\" \/><\/a><\/figure>\n<\/figure>\n","protected":false},"excerpt":{"rendered":"<p>Zapraszamy na spektakl DZI\u00d3B W DZI\u00d3B w wykonaniu grupy teatralnej MDK &#8221; Ferajna&#8221;! B\u0119dzie zabawnie, z humorem i z m\u0105drym przekazem. No i jak zwykle w pe\u0142ni profesjonalnie! Tym bardziej, \u017ce grupa, kt\u00f3r\u0105 prowadzi pani Anna Chodacka wzi\u0119\u0142a udzia\u0142 w niezwyk\u0142ej pr\u00f3bie z niezwyk\u0142ym aktorem, kt\u00f3rym jest pan Marcin Kobierski. Zawodowo zwi\u0105zany z krakowskim teatrem [&hellip;]<\/p>\n","protected":false},"author":2,"featured_media":19494,"comment_status":"closed","ping_status":"closed","sticky":false,"template":"","format":"standard","meta":{"footnotes":""},"categories":[108],"tags":[],"class_list":["post-19491","post","type-post","status-publish","format-standard","has-post-thumbnail","hentry","category-aktualnosci"],"yoast_head":"<!-- This site is optimized with the Yoast SEO plugin v16.1.1 - https:\/\/yoast.com\/wordpress\/plugins\/seo\/ -->\n<title>Spektakl &quot;Dzi\u00f3b w dzi\u00f3b&quot; ju\u017c w poniedzia\u0142ek 17 czerwca. - MDK<\/title>\n<link rel=\"canonical\" href=\"https:\/\/mdkoswiecim.pl\/index.php\/2024\/06\/10\/spektakl-dziob-w-dziob-juz-w-poniedzialek-17-czerwca\/\" \/>\n<meta property=\"og:locale\" content=\"pl_PL\" \/>\n<meta property=\"og:type\" content=\"article\" \/>\n<meta property=\"og:title\" content=\"Spektakl &quot;Dzi\u00f3b w dzi\u00f3b&quot; ju\u017c w poniedzia\u0142ek 17 czerwca. - MDK\" \/>\n<meta property=\"og:description\" content=\"Zapraszamy na spektakl DZI\u00d3B W DZI\u00d3B w wykonaniu grupy teatralnej MDK &#8221; Ferajna&#8221;! B\u0119dzie zabawnie, z humorem i z m\u0105drym przekazem. No i jak zwykle w pe\u0142ni profesjonalnie! Tym bardziej, \u017ce grupa, kt\u00f3r\u0105 prowadzi pani Anna Chodacka wzi\u0119\u0142a udzia\u0142 w niezwyk\u0142ej pr\u00f3bie z niezwyk\u0142ym aktorem, kt\u00f3rym jest pan Marcin Kobierski. Zawodowo zwi\u0105zany z krakowskim teatrem [&hellip;]\" \/>\n<meta property=\"og:url\" content=\"https:\/\/mdkoswiecim.pl\/index.php\/2024\/06\/10\/spektakl-dziob-w-dziob-juz-w-poniedzialek-17-czerwca\/\" \/>\n<meta property=\"og:site_name\" content=\"MDK\" \/>\n<meta property=\"article:published_time\" content=\"2024-06-10T11:42:57+00:00\" \/>\n<meta property=\"article:modified_time\" content=\"2024-06-10T11:42:58+00:00\" \/>\n<meta property=\"og:image\" content=\"https:\/\/mdkoswiecim.pl\/wp-content\/uploads\/2024\/06\/447236356_1288546035867003_7399061369455291337_n.jpg\" \/>\n\t<meta property=\"og:image:width\" content=\"2048\" \/>\n\t<meta property=\"og:image:height\" content=\"1536\" \/>\n<meta name=\"twitter:card\" content=\"summary_large_image\" \/>\n<meta name=\"twitter:label1\" content=\"Szacowany czas czytania\">\n\t<meta name=\"twitter:data1\" content=\"4 minuty\">\n<script type=\"application\/ld+json\" class=\"yoast-schema-graph\">{\"@context\":\"https:\/\/schema.org\",\"@graph\":[{\"@type\":\"WebSite\",\"@id\":\"https:\/\/mdkoswiecim.pl\/#website\",\"url\":\"https:\/\/mdkoswiecim.pl\/\",\"name\":\"MDK\",\"description\":\"M\\u0142odzie\\u017cowy Dom Kultury w O\\u015bwi\\u0119cimiu\",\"potentialAction\":[{\"@type\":\"SearchAction\",\"target\":\"https:\/\/mdkoswiecim.pl\/?s={search_term_string}\",\"query-input\":\"required name=search_term_string\"}],\"inLanguage\":\"pl-PL\"},{\"@type\":\"ImageObject\",\"@id\":\"https:\/\/mdkoswiecim.pl\/index.php\/2024\/06\/10\/spektakl-dziob-w-dziob-juz-w-poniedzialek-17-czerwca\/#primaryimage\",\"inLanguage\":\"pl-PL\",\"url\":\"https:\/\/mdkoswiecim.pl\/wp-content\/uploads\/2024\/06\/447236356_1288546035867003_7399061369455291337_n.jpg\",\"contentUrl\":\"https:\/\/mdkoswiecim.pl\/wp-content\/uploads\/2024\/06\/447236356_1288546035867003_7399061369455291337_n.jpg\",\"width\":2048,\"height\":1536},{\"@type\":\"WebPage\",\"@id\":\"https:\/\/mdkoswiecim.pl\/index.php\/2024\/06\/10\/spektakl-dziob-w-dziob-juz-w-poniedzialek-17-czerwca\/#webpage\",\"url\":\"https:\/\/mdkoswiecim.pl\/index.php\/2024\/06\/10\/spektakl-dziob-w-dziob-juz-w-poniedzialek-17-czerwca\/\",\"name\":\"Spektakl \\\"Dzi\\u00f3b w dzi\\u00f3b\\\" ju\\u017c w poniedzia\\u0142ek 17 czerwca. - MDK\",\"isPartOf\":{\"@id\":\"https:\/\/mdkoswiecim.pl\/#website\"},\"primaryImageOfPage\":{\"@id\":\"https:\/\/mdkoswiecim.pl\/index.php\/2024\/06\/10\/spektakl-dziob-w-dziob-juz-w-poniedzialek-17-czerwca\/#primaryimage\"},\"datePublished\":\"2024-06-10T11:42:57+00:00\",\"dateModified\":\"2024-06-10T11:42:58+00:00\",\"author\":{\"@id\":\"https:\/\/mdkoswiecim.pl\/#\/schema\/person\/de4e1c3f9f9805d4834a83cd933e83a4\"},\"breadcrumb\":{\"@id\":\"https:\/\/mdkoswiecim.pl\/index.php\/2024\/06\/10\/spektakl-dziob-w-dziob-juz-w-poniedzialek-17-czerwca\/#breadcrumb\"},\"inLanguage\":\"pl-PL\",\"potentialAction\":[{\"@type\":\"ReadAction\",\"target\":[\"https:\/\/mdkoswiecim.pl\/index.php\/2024\/06\/10\/spektakl-dziob-w-dziob-juz-w-poniedzialek-17-czerwca\/\"]}]},{\"@type\":\"BreadcrumbList\",\"@id\":\"https:\/\/mdkoswiecim.pl\/index.php\/2024\/06\/10\/spektakl-dziob-w-dziob-juz-w-poniedzialek-17-czerwca\/#breadcrumb\",\"itemListElement\":[{\"@type\":\"ListItem\",\"position\":1,\"item\":{\"@type\":\"WebPage\",\"@id\":\"https:\/\/mdkoswiecim.pl\/\",\"url\":\"https:\/\/mdkoswiecim.pl\/\",\"name\":\"Strona g\\u0142\\u00f3wna\"}},{\"@type\":\"ListItem\",\"position\":2,\"item\":{\"@type\":\"WebPage\",\"@id\":\"https:\/\/mdkoswiecim.pl\/index.php\/2024\/06\/10\/spektakl-dziob-w-dziob-juz-w-poniedzialek-17-czerwca\/\",\"url\":\"https:\/\/mdkoswiecim.pl\/index.php\/2024\/06\/10\/spektakl-dziob-w-dziob-juz-w-poniedzialek-17-czerwca\/\",\"name\":\"Spektakl &#8220;Dzi\\u00f3b w dzi\\u00f3b&#8221; ju\\u017c w poniedzia\\u0142ek 17 czerwca.\"}}]},{\"@type\":\"Person\",\"@id\":\"https:\/\/mdkoswiecim.pl\/#\/schema\/person\/de4e1c3f9f9805d4834a83cd933e83a4\",\"name\":\"janusz.majcherek\",\"image\":{\"@type\":\"ImageObject\",\"@id\":\"https:\/\/mdkoswiecim.pl\/#personlogo\",\"inLanguage\":\"pl-PL\",\"url\":\"https:\/\/secure.gravatar.com\/avatar\/841ee0bdfc0ec9800cdb49de086063cd2bdca44d52221b7fee4d6a2db5eafb17?s=96&d=mm&r=g\",\"contentUrl\":\"https:\/\/secure.gravatar.com\/avatar\/841ee0bdfc0ec9800cdb49de086063cd2bdca44d52221b7fee4d6a2db5eafb17?s=96&d=mm&r=g\",\"caption\":\"janusz.majcherek\"}}]}<\/script>\n<!-- \/ Yoast SEO plugin. -->","_links":{"self":[{"href":"https:\/\/mdkoswiecim.pl\/index.php\/wp-json\/wp\/v2\/posts\/19491","targetHints":{"allow":["GET"]}}],"collection":[{"href":"https:\/\/mdkoswiecim.pl\/index.php\/wp-json\/wp\/v2\/posts"}],"about":[{"href":"https:\/\/mdkoswiecim.pl\/index.php\/wp-json\/wp\/v2\/types\/post"}],"author":[{"embeddable":true,"href":"https:\/\/mdkoswiecim.pl\/index.php\/wp-json\/wp\/v2\/users\/2"}],"replies":[{"embeddable":true,"href":"https:\/\/mdkoswiecim.pl\/index.php\/wp-json\/wp\/v2\/comments?post=19491"}],"version-history":[{"count":1,"href":"https:\/\/mdkoswiecim.pl\/index.php\/wp-json\/wp\/v2\/posts\/19491\/revisions"}],"predecessor-version":[{"id":19503,"href":"https:\/\/mdkoswiecim.pl\/index.php\/wp-json\/wp\/v2\/posts\/19491\/revisions\/19503"}],"wp:featuredmedia":[{"embeddable":true,"href":"https:\/\/mdkoswiecim.pl\/index.php\/wp-json\/wp\/v2\/media\/19494"}],"wp:attachment":[{"href":"https:\/\/mdkoswiecim.pl\/index.php\/wp-json\/wp\/v2\/media?parent=19491"}],"wp:term":[{"taxonomy":"category","embeddable":true,"href":"https:\/\/mdkoswiecim.pl\/index.php\/wp-json\/wp\/v2\/categories?post=19491"},{"taxonomy":"post_tag","embeddable":true,"href":"https:\/\/mdkoswiecim.pl\/index.php\/wp-json\/wp\/v2\/tags?post=19491"}],"curies":[{"name":"wp","href":"https:\/\/api.w.org\/{rel}","templated":true}]}}