{"id":19371,"date":"2024-05-15T13:24:46","date_gmt":"2024-05-15T11:24:46","guid":{"rendered":"https:\/\/mdkoswiecim.pl\/?p=19371"},"modified":"2024-05-20T13:17:13","modified_gmt":"2024-05-20T11:17:13","slug":"iv-powiatowy-konkurs-piosenki-dzieciecej-kolejnosc-wystepow","status":"publish","type":"post","link":"https:\/\/mdkoswiecim.pl\/index.php\/2024\/05\/15\/iv-powiatowy-konkurs-piosenki-dzieciecej-kolejnosc-wystepow\/","title":{"rendered":"IV Powiatowy Konkurs Piosenki Dzieci\u0119cej &#8211; kolejno\u015b\u0107 wyst\u0119p\u00f3w"},"content":{"rendered":"\n<p>23 Maja 2024 zapraszamy  na przes\u0142uchania w ramach IV Powiatowego Konkursu Piosenki Dzieci\u0119cej, kt\u00f3re rozpoczn\u0105 si\u0119 o g. 10:00 w auli Specjalnego O\u015brodka Szkolno &#8211; Wychowawczego w O\u015bwi\u0119cimiu przy ulicy Obozowej 31<\/p>\n\n\n\n<p>Wr\u0119czenie nagr\u00f3d oraz wyst\u0119p laureat\u00f3w odb\u0119dzie si\u0119 1 czerwca w Piwnicy Artystycznej MDK w ramach naszej Imprezy Plenerowej.<\/p>\n\n\n\n<p>Wyniki konkursu b\u0119d\u0105 dost\u0119pne na naszej stronie internetowej.<\/p>\n\n\n\n<div data-wp-interactive=\"core\/file\" class=\"wp-block-file\"><object data-wp-bind--hidden=\"!state.hasPdfPreview\" hidden class=\"wp-block-file__embed\" data=\"https:\/\/mdkoswiecim.pl\/wp-content\/uploads\/2024\/05\/IV-Powiatowy-Konkurs-Piosenki-Dzieciecej-Kolejnosc-1.pdf\" type=\"application\/pdf\" style=\"width:100%;height:600px\" aria-label=\"Osadzone z IV-Powiatowy-Konkurs-Piosenki-Dzieciecej-Kolejnosc-1.\"><\/object><a id=\"wp-block-file--media-3e718559-61a7-45dd-868e-b231727e38d9\" href=\"https:\/\/mdkoswiecim.pl\/wp-content\/uploads\/2024\/05\/IV-Powiatowy-Konkurs-Piosenki-Dzieciecej-Kolejnosc-1.pdf\">IV-Powiatowy-Konkurs-Piosenki-Dzieciecej-Kolejnosc-1<\/a><a href=\"https:\/\/mdkoswiecim.pl\/wp-content\/uploads\/2024\/05\/IV-Powiatowy-Konkurs-Piosenki-Dzieciecej-Kolejnosc-1.pdf\" class=\"wp-block-file__button wp-element-button\" download aria-describedby=\"wp-block-file--media-3e718559-61a7-45dd-868e-b231727e38d9\">Pobierz<\/a><\/div>\n","protected":false},"excerpt":{"rendered":"<p>23 Maja 2024 zapraszamy na przes\u0142uchania w ramach IV Powiatowego Konkursu Piosenki Dzieci\u0119cej, kt\u00f3re rozpoczn\u0105 si\u0119 o g. 10:00 w auli Specjalnego O\u015brodka Szkolno &#8211; Wychowawczego w O\u015bwi\u0119cimiu przy ulicy Obozowej 31 Wr\u0119czenie nagr\u00f3d oraz wyst\u0119p laureat\u00f3w odb\u0119dzie si\u0119 1 czerwca w Piwnicy Artystycznej MDK w ramach naszej Imprezy Plenerowej. Wyniki konkursu b\u0119d\u0105 dost\u0119pne na [&hellip;]<\/p>\n","protected":false},"author":2,"featured_media":19087,"comment_status":"closed","ping_status":"closed","sticky":false,"template":"","format":"standard","meta":{"footnotes":""},"categories":[107,108],"tags":[],"class_list":["post-19371","post","type-post","status-publish","format-standard","has-post-thumbnail","hentry","category-konkursy","category-aktualnosci"],"yoast_head":"<!-- This site is optimized with the Yoast SEO plugin v16.1.1 - https:\/\/yoast.com\/wordpress\/plugins\/seo\/ -->\n<title>IV Powiatowy Konkurs Piosenki Dzieci\u0119cej - kolejno\u015b\u0107 wyst\u0119p\u00f3w - MDK<\/title>\n<link rel=\"canonical\" href=\"https:\/\/mdkoswiecim.pl\/index.php\/2024\/05\/15\/iv-powiatowy-konkurs-piosenki-dzieciecej-kolejnosc-wystepow\/\" \/>\n<meta property=\"og:locale\" content=\"pl_PL\" \/>\n<meta property=\"og:type\" content=\"article\" \/>\n<meta property=\"og:title\" content=\"IV Powiatowy Konkurs Piosenki Dzieci\u0119cej - kolejno\u015b\u0107 wyst\u0119p\u00f3w - MDK\" \/>\n<meta property=\"og:description\" content=\"23 Maja 2024 zapraszamy na przes\u0142uchania w ramach IV Powiatowego Konkursu Piosenki Dzieci\u0119cej, kt\u00f3re rozpoczn\u0105 si\u0119 o g. 10:00 w auli Specjalnego O\u015brodka Szkolno &#8211; Wychowawczego w O\u015bwi\u0119cimiu przy ulicy Obozowej 31 Wr\u0119czenie nagr\u00f3d oraz wyst\u0119p laureat\u00f3w odb\u0119dzie si\u0119 1 czerwca w Piwnicy Artystycznej MDK w ramach naszej Imprezy Plenerowej. Wyniki konkursu b\u0119d\u0105 dost\u0119pne na [&hellip;]\" \/>\n<meta property=\"og:url\" content=\"https:\/\/mdkoswiecim.pl\/index.php\/2024\/05\/15\/iv-powiatowy-konkurs-piosenki-dzieciecej-kolejnosc-wystepow\/\" \/>\n<meta property=\"og:site_name\" content=\"MDK\" \/>\n<meta property=\"article:published_time\" content=\"2024-05-15T11:24:46+00:00\" \/>\n<meta property=\"article:modified_time\" content=\"2024-05-20T11:17:13+00:00\" \/>\n<meta property=\"og:image\" content=\"https:\/\/mdkoswiecim.pl\/wp-content\/uploads\/2024\/04\/plakat-piosenki-1_page-0001-scaled-e1712837241309.jpg\" \/>\n\t<meta property=\"og:image:width\" content=\"1809\" \/>\n\t<meta property=\"og:image:height\" content=\"1254\" \/>\n<meta name=\"twitter:card\" content=\"summary_large_image\" \/>\n<meta name=\"twitter:label1\" content=\"Szacowany czas czytania\">\n\t<meta name=\"twitter:data1\" content=\"1 minuta\">\n<script type=\"application\/ld+json\" class=\"yoast-schema-graph\">{\"@context\":\"https:\/\/schema.org\",\"@graph\":[{\"@type\":\"WebSite\",\"@id\":\"https:\/\/mdkoswiecim.pl\/#website\",\"url\":\"https:\/\/mdkoswiecim.pl\/\",\"name\":\"MDK\",\"description\":\"M\\u0142odzie\\u017cowy Dom Kultury w O\\u015bwi\\u0119cimiu\",\"potentialAction\":[{\"@type\":\"SearchAction\",\"target\":\"https:\/\/mdkoswiecim.pl\/?s={search_term_string}\",\"query-input\":\"required name=search_term_string\"}],\"inLanguage\":\"pl-PL\"},{\"@type\":\"ImageObject\",\"@id\":\"https:\/\/mdkoswiecim.pl\/index.php\/2024\/05\/15\/iv-powiatowy-konkurs-piosenki-dzieciecej-kolejnosc-wystepow\/#primaryimage\",\"inLanguage\":\"pl-PL\",\"url\":\"https:\/\/mdkoswiecim.pl\/wp-content\/uploads\/2024\/04\/plakat-piosenki-1_page-0001-scaled-e1712837241309.jpg\",\"contentUrl\":\"https:\/\/mdkoswiecim.pl\/wp-content\/uploads\/2024\/04\/plakat-piosenki-1_page-0001-scaled-e1712837241309.jpg\",\"width\":1809,\"height\":1254},{\"@type\":\"WebPage\",\"@id\":\"https:\/\/mdkoswiecim.pl\/index.php\/2024\/05\/15\/iv-powiatowy-konkurs-piosenki-dzieciecej-kolejnosc-wystepow\/#webpage\",\"url\":\"https:\/\/mdkoswiecim.pl\/index.php\/2024\/05\/15\/iv-powiatowy-konkurs-piosenki-dzieciecej-kolejnosc-wystepow\/\",\"name\":\"IV Powiatowy Konkurs Piosenki Dzieci\\u0119cej - kolejno\\u015b\\u0107 wyst\\u0119p\\u00f3w - MDK\",\"isPartOf\":{\"@id\":\"https:\/\/mdkoswiecim.pl\/#website\"},\"primaryImageOfPage\":{\"@id\":\"https:\/\/mdkoswiecim.pl\/index.php\/2024\/05\/15\/iv-powiatowy-konkurs-piosenki-dzieciecej-kolejnosc-wystepow\/#primaryimage\"},\"datePublished\":\"2024-05-15T11:24:46+00:00\",\"dateModified\":\"2024-05-20T11:17:13+00:00\",\"author\":{\"@id\":\"https:\/\/mdkoswiecim.pl\/#\/schema\/person\/de4e1c3f9f9805d4834a83cd933e83a4\"},\"breadcrumb\":{\"@id\":\"https:\/\/mdkoswiecim.pl\/index.php\/2024\/05\/15\/iv-powiatowy-konkurs-piosenki-dzieciecej-kolejnosc-wystepow\/#breadcrumb\"},\"inLanguage\":\"pl-PL\",\"potentialAction\":[{\"@type\":\"ReadAction\",\"target\":[\"https:\/\/mdkoswiecim.pl\/index.php\/2024\/05\/15\/iv-powiatowy-konkurs-piosenki-dzieciecej-kolejnosc-wystepow\/\"]}]},{\"@type\":\"BreadcrumbList\",\"@id\":\"https:\/\/mdkoswiecim.pl\/index.php\/2024\/05\/15\/iv-powiatowy-konkurs-piosenki-dzieciecej-kolejnosc-wystepow\/#breadcrumb\",\"itemListElement\":[{\"@type\":\"ListItem\",\"position\":1,\"item\":{\"@type\":\"WebPage\",\"@id\":\"https:\/\/mdkoswiecim.pl\/\",\"url\":\"https:\/\/mdkoswiecim.pl\/\",\"name\":\"Strona g\\u0142\\u00f3wna\"}},{\"@type\":\"ListItem\",\"position\":2,\"item\":{\"@type\":\"WebPage\",\"@id\":\"https:\/\/mdkoswiecim.pl\/index.php\/2024\/05\/15\/iv-powiatowy-konkurs-piosenki-dzieciecej-kolejnosc-wystepow\/\",\"url\":\"https:\/\/mdkoswiecim.pl\/index.php\/2024\/05\/15\/iv-powiatowy-konkurs-piosenki-dzieciecej-kolejnosc-wystepow\/\",\"name\":\"IV Powiatowy Konkurs Piosenki Dzieci\\u0119cej &#8211; kolejno\\u015b\\u0107 wyst\\u0119p\\u00f3w\"}}]},{\"@type\":\"Person\",\"@id\":\"https:\/\/mdkoswiecim.pl\/#\/schema\/person\/de4e1c3f9f9805d4834a83cd933e83a4\",\"name\":\"janusz.majcherek\",\"image\":{\"@type\":\"ImageObject\",\"@id\":\"https:\/\/mdkoswiecim.pl\/#personlogo\",\"inLanguage\":\"pl-PL\",\"url\":\"https:\/\/secure.gravatar.com\/avatar\/841ee0bdfc0ec9800cdb49de086063cd2bdca44d52221b7fee4d6a2db5eafb17?s=96&d=mm&r=g\",\"contentUrl\":\"https:\/\/secure.gravatar.com\/avatar\/841ee0bdfc0ec9800cdb49de086063cd2bdca44d52221b7fee4d6a2db5eafb17?s=96&d=mm&r=g\",\"caption\":\"janusz.majcherek\"}}]}<\/script>\n<!-- \/ Yoast SEO plugin. -->","_links":{"self":[{"href":"https:\/\/mdkoswiecim.pl\/index.php\/wp-json\/wp\/v2\/posts\/19371","targetHints":{"allow":["GET"]}}],"collection":[{"href":"https:\/\/mdkoswiecim.pl\/index.php\/wp-json\/wp\/v2\/posts"}],"about":[{"href":"https:\/\/mdkoswiecim.pl\/index.php\/wp-json\/wp\/v2\/types\/post"}],"author":[{"embeddable":true,"href":"https:\/\/mdkoswiecim.pl\/index.php\/wp-json\/wp\/v2\/users\/2"}],"replies":[{"embeddable":true,"href":"https:\/\/mdkoswiecim.pl\/index.php\/wp-json\/wp\/v2\/comments?post=19371"}],"version-history":[{"count":2,"href":"https:\/\/mdkoswiecim.pl\/index.php\/wp-json\/wp\/v2\/posts\/19371\/revisions"}],"predecessor-version":[{"id":19393,"href":"https:\/\/mdkoswiecim.pl\/index.php\/wp-json\/wp\/v2\/posts\/19371\/revisions\/19393"}],"wp:featuredmedia":[{"embeddable":true,"href":"https:\/\/mdkoswiecim.pl\/index.php\/wp-json\/wp\/v2\/media\/19087"}],"wp:attachment":[{"href":"https:\/\/mdkoswiecim.pl\/index.php\/wp-json\/wp\/v2\/media?parent=19371"}],"wp:term":[{"taxonomy":"category","embeddable":true,"href":"https:\/\/mdkoswiecim.pl\/index.php\/wp-json\/wp\/v2\/categories?post=19371"},{"taxonomy":"post_tag","embeddable":true,"href":"https:\/\/mdkoswiecim.pl\/index.php\/wp-json\/wp\/v2\/tags?post=19371"}],"curies":[{"name":"wp","href":"https:\/\/api.w.org\/{rel}","templated":true}]}}