{"id":19265,"date":"2024-05-10T07:48:24","date_gmt":"2024-05-10T05:48:24","guid":{"rendered":"https:\/\/mdkoswiecim.pl\/?p=19265"},"modified":"2024-05-10T07:59:25","modified_gmt":"2024-05-10T05:59:25","slug":"zwyciezcy-konkursow-czytelniczych-nasze-lektury-uhonorowani","status":"publish","type":"post","link":"https:\/\/mdkoswiecim.pl\/index.php\/2024\/05\/10\/zwyciezcy-konkursow-czytelniczych-nasze-lektury-uhonorowani\/","title":{"rendered":"Zwyci\u0119zcy Konkurs\u00f3w Czytelniczych &#8220;Nasze Lektury&#8221; uhonorowani :)"},"content":{"rendered":"\n<p><strong>29 kwietnia w O\u015bwi\u0119cimskim Centrum Kultury nagrodzili\u015bmy zwyci\u0119zc\u00f3w i wyr\u00f3\u017cnionych w Powiatowym Konkursie Czytelniczym \u201eNasze lektury\u201d, zorganizowanym przez M\u0142odzie\u017cowy Dom Kultury w O\u015bwi\u0119cimiu dla uczni\u00f3w szk\u00f3\u0142 podstawowych (czternasta edycja) i \u015brednich (druga edycja).<\/strong><\/p>\n\n\n\n<p>Nagrody wr\u0119czy\u0142y <strong>Teresa Jankowska, cz\u0142onkini Zarz\u0105du Powiatu w O\u015bwi\u0119cimiu i Alina Kwarciak, dyrektor MDK<\/strong>.<\/p>\n\n\n\n<p>W tegorocznej edycji wzi\u0119\u0142o udzia\u0142 294 uczni\u00f3w szk\u00f3\u0142 podstawowych i 230 uczni\u00f3w szk\u00f3\u0142 \u015brednich z terenu naszego powiatu.<\/p>\n\n\n\n<p><strong>Zwyci\u0119zcy ze szk\u00f3\u0142 podstawowych:<\/strong><\/p>\n\n\n\n<figure class=\"wp-block-table\"><table><tbody><tr><td><strong>ZWISKO I IMI\u0118<\/strong><\/td><td><strong>SZKO\u0141A<\/strong><\/td><td><strong>SUMA PUNKT\u00d3W<\/strong><\/td><td><\/td><\/tr><tr><td>KAROLCZAK SOPHIA<\/td><td>SP NR 9 W O\u015aWI\u0118CIMIU<\/td><td>139<\/td><td>I miejsce<\/td><\/tr><tr><td>STRZA\u0141A EWA<\/td><td>SP NR 9 W O\u015aWI\u0118CIMIU<\/td><td>139<\/td><td>I miejsce<\/td><\/tr><tr><td>KOCZUR HANNA<\/td><td>SP NR 9 W O\u015aWI\u0118CIMIU<\/td><td>138<\/td><td>II miejsce<\/td><\/tr><tr><td>BOBI\u0143SKI KRZYSZTOF<\/td><td>SP NR 9 W O\u015aWI\u0118CIMIU<\/td><td>137<\/td><td>III miejsce<\/td><\/tr><tr><td>ZONTEK PATRYCJA<\/td><td>SP NR 9 W O\u015aWI\u0118CIMIU<\/td><td>137<\/td><td>III miejsce<\/td><\/tr><tr><td>PIETRUSZKA FRANCISZEK<\/td><td>SZS NR 1 W CHE\u0141MKU<\/td><td>136<\/td><td>WYR\u00d3\u017bNIENIE<\/td><\/tr><tr><td>KOTYLA ADAM<\/td><td>SP NR 9 W O\u015aWI\u0118CIMIU<\/td><td>135<\/td><td>WYR\u00d3\u017bNIENIE<\/td><\/tr><tr><td>LISOWSKI ADRIAN<\/td><td>SP NR 2 W OSIEKU<\/td><td>131<\/td><td>WYR\u00d3\u017bNIENIE<\/td><\/tr><tr><td>SZCZERBOWSKA OLIWIA<\/td><td>SP NR 9 W O\u015aWI\u0118CIMIU<\/td><td>131<\/td><td>WYR\u00d3\u017bNIENIE<\/td><\/tr><tr><td>KO\u0141AKOWSKA ZUZANNA<\/td><td>SP W ZABORZU<\/td><td>129<\/td><td>WYR\u00d3\u017bNIENIE<\/td><\/tr><tr><td>MELON EMILIA<\/td><td>SZS W GORZOWIE<\/td><td>129<\/td><td>WYR\u00d3\u017bNIENIE<\/td><\/tr><\/tbody><\/table><\/figure>\n\n\n\n<p><strong>Zwyci\u0119zcy ze szk\u00f3\u0142 ponadpodstawowych:<\/strong><\/p>\n\n\n\n<figure class=\"wp-block-table\"><table><tbody><tr><td><strong>NAZWISKO I IMI\u0118<\/strong><\/td><td><strong>SZKO\u0141A<\/strong><\/td><td><strong>SUMA PUNKT\u00d3W<\/strong><\/td><td><\/td><\/tr><tr><td>WIERO\u0143SKA NATALIA<\/td><td>PZ nr 9 K\u0119ty<\/td><td>130<\/td><td>I miejsce<\/td><\/tr><tr><td>HA\u0141AT KATARZYNA<\/td><td>ZSZTS<\/td><td>130<\/td><td>I miejsce<\/td><\/tr><tr><td>WIERO\u0143SKA PATRYCJA<\/td><td>PZ nr 9 K\u0119ty<\/td><td>127<\/td><td>II miejsce<\/td><\/tr><tr><td>CHROSTEK GRA\u017bYNA<\/td><td>I LO K\u0119ty<\/td><td>126<\/td><td>III miejsce<\/td><\/tr><tr><td>SIKORA KARINA<\/td><td>I LO K\u0119ty<\/td><td>122<\/td><td>WYR\u00d3\u017bNIENIE<\/td><\/tr><tr><td>KULAWIK AMELIA<\/td><td>ZSZTS<\/td><td>122<\/td><td>WYR\u00d3\u017bNIENIE<\/td><\/tr><tr><td>BIESIK MILENA<\/td><td>I LO K\u0119ty<\/td><td>120<\/td><td>WYR\u00d3\u017bNIENIE<\/td><\/tr><tr><td>SIKORA PAULINA<\/td><td>I LO K\u0119ty<\/td><td>120<\/td><td>WYR\u00d3\u017bNIENIE<\/td><\/tr><tr><td>KUBICZEK MA\u0141GORZATA<\/td><td>PZ nr 1 w O\u015bwi\u0119cimiu<\/td><td>119<\/td><td>WYR\u00d3\u017bNIENIE<\/td><\/tr><tr><td>JASIENIAK ALICJA<\/td><td>ZSZTS<\/td><td>119<\/td><td>WYR\u00d3\u017bNIENIE<\/td><\/tr><\/tbody><\/table><\/figure>\n\n\n\n<figure class=\"wp-block-gallery has-nested-images columns-default is-cropped wp-block-gallery-1 is-layout-flex wp-block-gallery-is-layout-flex\">\n<figure class=\"wp-block-image size-large\"><a href=\"https:\/\/mdkoswiecim.pl\/wp-content\/uploads\/2024\/05\/c6-scaled.jpg\"><img loading=\"lazy\" decoding=\"async\" width=\"1024\" height=\"683\" data-id=\"19281\" src=\"https:\/\/mdkoswiecim.pl\/wp-content\/uploads\/2024\/05\/c6-1024x683.jpg\" alt=\"\" class=\"wp-image-19281\" srcset=\"https:\/\/mdkoswiecim.pl\/wp-content\/uploads\/2024\/05\/c6-1024x683.jpg 1024w, https:\/\/mdkoswiecim.pl\/wp-content\/uploads\/2024\/05\/c6-300x200.jpg 300w, https:\/\/mdkoswiecim.pl\/wp-content\/uploads\/2024\/05\/c6-768x512.jpg 768w, https:\/\/mdkoswiecim.pl\/wp-content\/uploads\/2024\/05\/c6-1536x1025.jpg 1536w, https:\/\/mdkoswiecim.pl\/wp-content\/uploads\/2024\/05\/c6-2048x1366.jpg 2048w\" sizes=\"auto, (max-width: 1024px) 100vw, 1024px\" \/><\/a><\/figure>\n\n\n\n<figure class=\"wp-block-image size-large\"><a href=\"https:\/\/mdkoswiecim.pl\/wp-content\/uploads\/2024\/05\/c7-scaled.jpg\"><img loading=\"lazy\" decoding=\"async\" width=\"1024\" height=\"683\" data-id=\"19280\" src=\"https:\/\/mdkoswiecim.pl\/wp-content\/uploads\/2024\/05\/c7-1024x683.jpg\" alt=\"\" class=\"wp-image-19280\" srcset=\"https:\/\/mdkoswiecim.pl\/wp-content\/uploads\/2024\/05\/c7-1024x683.jpg 1024w, https:\/\/mdkoswiecim.pl\/wp-content\/uploads\/2024\/05\/c7-300x200.jpg 300w, https:\/\/mdkoswiecim.pl\/wp-content\/uploads\/2024\/05\/c7-768x512.jpg 768w, https:\/\/mdkoswiecim.pl\/wp-content\/uploads\/2024\/05\/c7-1536x1024.jpg 1536w, https:\/\/mdkoswiecim.pl\/wp-content\/uploads\/2024\/05\/c7-2048x1366.jpg 2048w\" sizes=\"auto, (max-width: 1024px) 100vw, 1024px\" \/><\/a><\/figure>\n\n\n\n<figure class=\"wp-block-image size-large\"><a href=\"https:\/\/mdkoswiecim.pl\/wp-content\/uploads\/2024\/05\/c8-scaled.jpg\"><img loading=\"lazy\" decoding=\"async\" width=\"1024\" height=\"683\" data-id=\"19283\" src=\"https:\/\/mdkoswiecim.pl\/wp-content\/uploads\/2024\/05\/c8-1024x683.jpg\" alt=\"\" class=\"wp-image-19283\" srcset=\"https:\/\/mdkoswiecim.pl\/wp-content\/uploads\/2024\/05\/c8-1024x683.jpg 1024w, https:\/\/mdkoswiecim.pl\/wp-content\/uploads\/2024\/05\/c8-300x200.jpg 300w, https:\/\/mdkoswiecim.pl\/wp-content\/uploads\/2024\/05\/c8-768x512.jpg 768w, https:\/\/mdkoswiecim.pl\/wp-content\/uploads\/2024\/05\/c8-1536x1024.jpg 1536w, https:\/\/mdkoswiecim.pl\/wp-content\/uploads\/2024\/05\/c8-2048x1366.jpg 2048w\" sizes=\"auto, (max-width: 1024px) 100vw, 1024px\" \/><\/a><\/figure>\n\n\n\n<figure class=\"wp-block-image size-large\"><a href=\"https:\/\/mdkoswiecim.pl\/wp-content\/uploads\/2024\/05\/c9-1-scaled.jpg\"><img loading=\"lazy\" decoding=\"async\" width=\"1024\" height=\"683\" data-id=\"19282\" src=\"https:\/\/mdkoswiecim.pl\/wp-content\/uploads\/2024\/05\/c9-1-1024x683.jpg\" alt=\"\" class=\"wp-image-19282\" srcset=\"https:\/\/mdkoswiecim.pl\/wp-content\/uploads\/2024\/05\/c9-1-1024x683.jpg 1024w, https:\/\/mdkoswiecim.pl\/wp-content\/uploads\/2024\/05\/c9-1-300x200.jpg 300w, https:\/\/mdkoswiecim.pl\/wp-content\/uploads\/2024\/05\/c9-1-768x512.jpg 768w, https:\/\/mdkoswiecim.pl\/wp-content\/uploads\/2024\/05\/c9-1-1536x1024.jpg 1536w, https:\/\/mdkoswiecim.pl\/wp-content\/uploads\/2024\/05\/c9-1-2048x1366.jpg 2048w\" sizes=\"auto, (max-width: 1024px) 100vw, 1024px\" \/><\/a><\/figure>\n\n\n\n<figure class=\"wp-block-image size-large\"><a href=\"https:\/\/mdkoswiecim.pl\/wp-content\/uploads\/2024\/05\/c10-1-scaled.jpg\"><img loading=\"lazy\" decoding=\"async\" width=\"1024\" height=\"683\" data-id=\"19284\" src=\"https:\/\/mdkoswiecim.pl\/wp-content\/uploads\/2024\/05\/c10-1-1024x683.jpg\" alt=\"\" class=\"wp-image-19284\" srcset=\"https:\/\/mdkoswiecim.pl\/wp-content\/uploads\/2024\/05\/c10-1-1024x683.jpg 1024w, https:\/\/mdkoswiecim.pl\/wp-content\/uploads\/2024\/05\/c10-1-300x200.jpg 300w, https:\/\/mdkoswiecim.pl\/wp-content\/uploads\/2024\/05\/c10-1-768x512.jpg 768w, https:\/\/mdkoswiecim.pl\/wp-content\/uploads\/2024\/05\/c10-1-1536x1024.jpg 1536w, https:\/\/mdkoswiecim.pl\/wp-content\/uploads\/2024\/05\/c10-1-2048x1365.jpg 2048w\" sizes=\"auto, (max-width: 1024px) 100vw, 1024px\" \/><\/a><\/figure>\n\n\n\n<figure class=\"wp-block-image size-large\"><a href=\"https:\/\/mdkoswiecim.pl\/wp-content\/uploads\/2024\/05\/c11-1-scaled.jpg\"><img loading=\"lazy\" decoding=\"async\" width=\"1024\" height=\"683\" data-id=\"19285\" src=\"https:\/\/mdkoswiecim.pl\/wp-content\/uploads\/2024\/05\/c11-1-1024x683.jpg\" alt=\"\" class=\"wp-image-19285\" srcset=\"https:\/\/mdkoswiecim.pl\/wp-content\/uploads\/2024\/05\/c11-1-1024x683.jpg 1024w, https:\/\/mdkoswiecim.pl\/wp-content\/uploads\/2024\/05\/c11-1-300x200.jpg 300w, https:\/\/mdkoswiecim.pl\/wp-content\/uploads\/2024\/05\/c11-1-768x512.jpg 768w, https:\/\/mdkoswiecim.pl\/wp-content\/uploads\/2024\/05\/c11-1-1536x1024.jpg 1536w, https:\/\/mdkoswiecim.pl\/wp-content\/uploads\/2024\/05\/c11-1-2048x1365.jpg 2048w\" sizes=\"auto, (max-width: 1024px) 100vw, 1024px\" \/><\/a><\/figure>\n\n\n\n<figure class=\"wp-block-image size-large\"><a href=\"https:\/\/mdkoswiecim.pl\/wp-content\/uploads\/2024\/05\/c12-2-scaled.jpg\"><img loading=\"lazy\" decoding=\"async\" width=\"1024\" height=\"682\" data-id=\"19286\" src=\"https:\/\/mdkoswiecim.pl\/wp-content\/uploads\/2024\/05\/c12-2-1024x682.jpg\" alt=\"\" class=\"wp-image-19286\" srcset=\"https:\/\/mdkoswiecim.pl\/wp-content\/uploads\/2024\/05\/c12-2-1024x682.jpg 1024w, https:\/\/mdkoswiecim.pl\/wp-content\/uploads\/2024\/05\/c12-2-300x200.jpg 300w, https:\/\/mdkoswiecim.pl\/wp-content\/uploads\/2024\/05\/c12-2-768x512.jpg 768w, https:\/\/mdkoswiecim.pl\/wp-content\/uploads\/2024\/05\/c12-2-1536x1023.jpg 1536w, https:\/\/mdkoswiecim.pl\/wp-content\/uploads\/2024\/05\/c12-2-2048x1365.jpg 2048w\" sizes=\"auto, (max-width: 1024px) 100vw, 1024px\" \/><\/a><\/figure>\n\n\n\n<figure class=\"wp-block-image size-large\"><a href=\"https:\/\/mdkoswiecim.pl\/wp-content\/uploads\/2024\/05\/c13-1-scaled.jpg\"><img loading=\"lazy\" decoding=\"async\" width=\"1024\" height=\"682\" data-id=\"19287\" src=\"https:\/\/mdkoswiecim.pl\/wp-content\/uploads\/2024\/05\/c13-1-1024x682.jpg\" alt=\"\" class=\"wp-image-19287\" srcset=\"https:\/\/mdkoswiecim.pl\/wp-content\/uploads\/2024\/05\/c13-1-1024x682.jpg 1024w, https:\/\/mdkoswiecim.pl\/wp-content\/uploads\/2024\/05\/c13-1-300x200.jpg 300w, https:\/\/mdkoswiecim.pl\/wp-content\/uploads\/2024\/05\/c13-1-768x512.jpg 768w, https:\/\/mdkoswiecim.pl\/wp-content\/uploads\/2024\/05\/c13-1-1536x1023.jpg 1536w, https:\/\/mdkoswiecim.pl\/wp-content\/uploads\/2024\/05\/c13-1-2048x1365.jpg 2048w\" sizes=\"auto, (max-width: 1024px) 100vw, 1024px\" \/><\/a><\/figure>\n\n\n\n<figure class=\"wp-block-image size-large\"><a href=\"https:\/\/mdkoswiecim.pl\/wp-content\/uploads\/2024\/05\/c14-1-scaled.jpg\"><img loading=\"lazy\" decoding=\"async\" width=\"1024\" height=\"683\" data-id=\"19289\" src=\"https:\/\/mdkoswiecim.pl\/wp-content\/uploads\/2024\/05\/c14-1-1024x683.jpg\" alt=\"\" class=\"wp-image-19289\" srcset=\"https:\/\/mdkoswiecim.pl\/wp-content\/uploads\/2024\/05\/c14-1-1024x683.jpg 1024w, https:\/\/mdkoswiecim.pl\/wp-content\/uploads\/2024\/05\/c14-1-300x200.jpg 300w, https:\/\/mdkoswiecim.pl\/wp-content\/uploads\/2024\/05\/c14-1-768x512.jpg 768w, https:\/\/mdkoswiecim.pl\/wp-content\/uploads\/2024\/05\/c14-1-1536x1024.jpg 1536w, https:\/\/mdkoswiecim.pl\/wp-content\/uploads\/2024\/05\/c14-1-2048x1365.jpg 2048w\" sizes=\"auto, (max-width: 1024px) 100vw, 1024px\" \/><\/a><\/figure>\n\n\n\n<figure class=\"wp-block-image size-large\"><a href=\"https:\/\/mdkoswiecim.pl\/wp-content\/uploads\/2024\/05\/c15-1-scaled.jpg\"><img loading=\"lazy\" decoding=\"async\" width=\"1024\" height=\"683\" data-id=\"19290\" src=\"https:\/\/mdkoswiecim.pl\/wp-content\/uploads\/2024\/05\/c15-1-1024x683.jpg\" alt=\"\" class=\"wp-image-19290\" srcset=\"https:\/\/mdkoswiecim.pl\/wp-content\/uploads\/2024\/05\/c15-1-1024x683.jpg 1024w, https:\/\/mdkoswiecim.pl\/wp-content\/uploads\/2024\/05\/c15-1-300x200.jpg 300w, https:\/\/mdkoswiecim.pl\/wp-content\/uploads\/2024\/05\/c15-1-768x512.jpg 768w, https:\/\/mdkoswiecim.pl\/wp-content\/uploads\/2024\/05\/c15-1-1536x1024.jpg 1536w, https:\/\/mdkoswiecim.pl\/wp-content\/uploads\/2024\/05\/c15-1-2048x1366.jpg 2048w\" sizes=\"auto, (max-width: 1024px) 100vw, 1024px\" \/><\/a><\/figure>\n\n\n\n<figure class=\"wp-block-image size-large\"><a href=\"https:\/\/mdkoswiecim.pl\/wp-content\/uploads\/2024\/05\/c16-1-scaled.jpg\"><img loading=\"lazy\" decoding=\"async\" width=\"1024\" height=\"683\" data-id=\"19291\" src=\"https:\/\/mdkoswiecim.pl\/wp-content\/uploads\/2024\/05\/c16-1-1024x683.jpg\" alt=\"\" class=\"wp-image-19291\" srcset=\"https:\/\/mdkoswiecim.pl\/wp-content\/uploads\/2024\/05\/c16-1-1024x683.jpg 1024w, https:\/\/mdkoswiecim.pl\/wp-content\/uploads\/2024\/05\/c16-1-300x200.jpg 300w, https:\/\/mdkoswiecim.pl\/wp-content\/uploads\/2024\/05\/c16-1-768x512.jpg 768w, https:\/\/mdkoswiecim.pl\/wp-content\/uploads\/2024\/05\/c16-1-1536x1024.jpg 1536w, https:\/\/mdkoswiecim.pl\/wp-content\/uploads\/2024\/05\/c16-1-2048x1366.jpg 2048w\" sizes=\"auto, (max-width: 1024px) 100vw, 1024px\" \/><\/a><\/figure>\n<\/figure>\n\n\n\n<p>(zdj\u0119cia: Rafa\u0142 Lorek)<\/p>\n","protected":false},"excerpt":{"rendered":"<p>29 kwietnia w O\u015bwi\u0119cimskim Centrum Kultury nagrodzili\u015bmy zwyci\u0119zc\u00f3w i wyr\u00f3\u017cnionych w Powiatowym Konkursie Czytelniczym \u201eNasze lektury\u201d, zorganizowanym przez M\u0142odzie\u017cowy Dom Kultury w O\u015bwi\u0119cimiu dla uczni\u00f3w szk\u00f3\u0142 podstawowych (czternasta edycja) i \u015brednich (druga edycja). Nagrody wr\u0119czy\u0142y Teresa Jankowska, cz\u0142onkini Zarz\u0105du Powiatu w O\u015bwi\u0119cimiu i Alina Kwarciak, dyrektor MDK. W tegorocznej edycji wzi\u0119\u0142o udzia\u0142 294 uczni\u00f3w szk\u00f3\u0142 [&hellip;]<\/p>\n","protected":false},"author":3,"featured_media":19287,"comment_status":"closed","ping_status":"closed","sticky":false,"template":"","format":"standard","meta":{"footnotes":""},"categories":[107,108],"tags":[],"class_list":["post-19265","post","type-post","status-publish","format-standard","has-post-thumbnail","hentry","category-konkursy","category-aktualnosci"],"yoast_head":"<!-- This site is optimized with the Yoast SEO plugin v16.1.1 - https:\/\/yoast.com\/wordpress\/plugins\/seo\/ -->\n<title>Zwyci\u0119zcy Konkurs\u00f3w Czytelniczych &quot;Nasze Lektury&quot; uhonorowani :) - MDK<\/title>\n<link rel=\"canonical\" href=\"https:\/\/mdkoswiecim.pl\/index.php\/2024\/05\/10\/zwyciezcy-konkursow-czytelniczych-nasze-lektury-uhonorowani\/\" \/>\n<meta property=\"og:locale\" content=\"pl_PL\" \/>\n<meta property=\"og:type\" content=\"article\" \/>\n<meta property=\"og:title\" content=\"Zwyci\u0119zcy Konkurs\u00f3w Czytelniczych &quot;Nasze Lektury&quot; uhonorowani :) - MDK\" \/>\n<meta property=\"og:description\" content=\"29 kwietnia w O\u015bwi\u0119cimskim Centrum Kultury nagrodzili\u015bmy zwyci\u0119zc\u00f3w i wyr\u00f3\u017cnionych w Powiatowym Konkursie Czytelniczym \u201eNasze lektury\u201d, zorganizowanym przez M\u0142odzie\u017cowy Dom Kultury w O\u015bwi\u0119cimiu dla uczni\u00f3w szk\u00f3\u0142 podstawowych (czternasta edycja) i \u015brednich (druga edycja). Nagrody wr\u0119czy\u0142y Teresa Jankowska, cz\u0142onkini Zarz\u0105du Powiatu w O\u015bwi\u0119cimiu i Alina Kwarciak, dyrektor MDK. W tegorocznej edycji wzi\u0119\u0142o udzia\u0142 294 uczni\u00f3w szk\u00f3\u0142 [&hellip;]\" \/>\n<meta property=\"og:url\" content=\"https:\/\/mdkoswiecim.pl\/index.php\/2024\/05\/10\/zwyciezcy-konkursow-czytelniczych-nasze-lektury-uhonorowani\/\" \/>\n<meta property=\"og:site_name\" content=\"MDK\" \/>\n<meta property=\"article:published_time\" content=\"2024-05-10T05:48:24+00:00\" \/>\n<meta property=\"article:modified_time\" content=\"2024-05-10T05:59:25+00:00\" \/>\n<meta property=\"og:image\" content=\"https:\/\/mdkoswiecim.pl\/wp-content\/uploads\/2024\/05\/c13-1-scaled.jpg\" \/>\n\t<meta property=\"og:image:width\" content=\"2560\" \/>\n\t<meta property=\"og:image:height\" content=\"1706\" \/>\n<meta name=\"twitter:card\" content=\"summary_large_image\" \/>\n<meta name=\"twitter:label1\" content=\"Szacowany czas czytania\">\n\t<meta name=\"twitter:data1\" content=\"4 minuty\">\n<script type=\"application\/ld+json\" class=\"yoast-schema-graph\">{\"@context\":\"https:\/\/schema.org\",\"@graph\":[{\"@type\":\"WebSite\",\"@id\":\"https:\/\/mdkoswiecim.pl\/#website\",\"url\":\"https:\/\/mdkoswiecim.pl\/\",\"name\":\"MDK\",\"description\":\"M\\u0142odzie\\u017cowy Dom Kultury w O\\u015bwi\\u0119cimiu\",\"potentialAction\":[{\"@type\":\"SearchAction\",\"target\":\"https:\/\/mdkoswiecim.pl\/?s={search_term_string}\",\"query-input\":\"required name=search_term_string\"}],\"inLanguage\":\"pl-PL\"},{\"@type\":\"ImageObject\",\"@id\":\"https:\/\/mdkoswiecim.pl\/index.php\/2024\/05\/10\/zwyciezcy-konkursow-czytelniczych-nasze-lektury-uhonorowani\/#primaryimage\",\"inLanguage\":\"pl-PL\",\"url\":\"https:\/\/mdkoswiecim.pl\/wp-content\/uploads\/2024\/05\/c13-1-scaled.jpg\",\"contentUrl\":\"https:\/\/mdkoswiecim.pl\/wp-content\/uploads\/2024\/05\/c13-1-scaled.jpg\",\"width\":2560,\"height\":1706},{\"@type\":\"WebPage\",\"@id\":\"https:\/\/mdkoswiecim.pl\/index.php\/2024\/05\/10\/zwyciezcy-konkursow-czytelniczych-nasze-lektury-uhonorowani\/#webpage\",\"url\":\"https:\/\/mdkoswiecim.pl\/index.php\/2024\/05\/10\/zwyciezcy-konkursow-czytelniczych-nasze-lektury-uhonorowani\/\",\"name\":\"Zwyci\\u0119zcy Konkurs\\u00f3w Czytelniczych \\\"Nasze Lektury\\\" uhonorowani :) - MDK\",\"isPartOf\":{\"@id\":\"https:\/\/mdkoswiecim.pl\/#website\"},\"primaryImageOfPage\":{\"@id\":\"https:\/\/mdkoswiecim.pl\/index.php\/2024\/05\/10\/zwyciezcy-konkursow-czytelniczych-nasze-lektury-uhonorowani\/#primaryimage\"},\"datePublished\":\"2024-05-10T05:48:24+00:00\",\"dateModified\":\"2024-05-10T05:59:25+00:00\",\"author\":{\"@id\":\"https:\/\/mdkoswiecim.pl\/#\/schema\/person\/d9c1081e4cfefcbccad7ec11fa250f7a\"},\"breadcrumb\":{\"@id\":\"https:\/\/mdkoswiecim.pl\/index.php\/2024\/05\/10\/zwyciezcy-konkursow-czytelniczych-nasze-lektury-uhonorowani\/#breadcrumb\"},\"inLanguage\":\"pl-PL\",\"potentialAction\":[{\"@type\":\"ReadAction\",\"target\":[\"https:\/\/mdkoswiecim.pl\/index.php\/2024\/05\/10\/zwyciezcy-konkursow-czytelniczych-nasze-lektury-uhonorowani\/\"]}]},{\"@type\":\"BreadcrumbList\",\"@id\":\"https:\/\/mdkoswiecim.pl\/index.php\/2024\/05\/10\/zwyciezcy-konkursow-czytelniczych-nasze-lektury-uhonorowani\/#breadcrumb\",\"itemListElement\":[{\"@type\":\"ListItem\",\"position\":1,\"item\":{\"@type\":\"WebPage\",\"@id\":\"https:\/\/mdkoswiecim.pl\/\",\"url\":\"https:\/\/mdkoswiecim.pl\/\",\"name\":\"Strona g\\u0142\\u00f3wna\"}},{\"@type\":\"ListItem\",\"position\":2,\"item\":{\"@type\":\"WebPage\",\"@id\":\"https:\/\/mdkoswiecim.pl\/index.php\/2024\/05\/10\/zwyciezcy-konkursow-czytelniczych-nasze-lektury-uhonorowani\/\",\"url\":\"https:\/\/mdkoswiecim.pl\/index.php\/2024\/05\/10\/zwyciezcy-konkursow-czytelniczych-nasze-lektury-uhonorowani\/\",\"name\":\"Zwyci\\u0119zcy Konkurs\\u00f3w Czytelniczych &#8220;Nasze Lektury&#8221; uhonorowani :)\"}}]},{\"@type\":\"Person\",\"@id\":\"https:\/\/mdkoswiecim.pl\/#\/schema\/person\/d9c1081e4cfefcbccad7ec11fa250f7a\",\"name\":\"alina.kwarciak\",\"image\":{\"@type\":\"ImageObject\",\"@id\":\"https:\/\/mdkoswiecim.pl\/#personlogo\",\"inLanguage\":\"pl-PL\",\"url\":\"https:\/\/secure.gravatar.com\/avatar\/cce8f640650bbd69c0efc0afd2dddb7945a94129b978796401e58cac1eb8b87b?s=96&d=mm&r=g\",\"contentUrl\":\"https:\/\/secure.gravatar.com\/avatar\/cce8f640650bbd69c0efc0afd2dddb7945a94129b978796401e58cac1eb8b87b?s=96&d=mm&r=g\",\"caption\":\"alina.kwarciak\"}}]}<\/script>\n<!-- \/ Yoast SEO plugin. -->","_links":{"self":[{"href":"https:\/\/mdkoswiecim.pl\/index.php\/wp-json\/wp\/v2\/posts\/19265","targetHints":{"allow":["GET"]}}],"collection":[{"href":"https:\/\/mdkoswiecim.pl\/index.php\/wp-json\/wp\/v2\/posts"}],"about":[{"href":"https:\/\/mdkoswiecim.pl\/index.php\/wp-json\/wp\/v2\/types\/post"}],"author":[{"embeddable":true,"href":"https:\/\/mdkoswiecim.pl\/index.php\/wp-json\/wp\/v2\/users\/3"}],"replies":[{"embeddable":true,"href":"https:\/\/mdkoswiecim.pl\/index.php\/wp-json\/wp\/v2\/comments?post=19265"}],"version-history":[{"count":3,"href":"https:\/\/mdkoswiecim.pl\/index.php\/wp-json\/wp\/v2\/posts\/19265\/revisions"}],"predecessor-version":[{"id":19293,"href":"https:\/\/mdkoswiecim.pl\/index.php\/wp-json\/wp\/v2\/posts\/19265\/revisions\/19293"}],"wp:featuredmedia":[{"embeddable":true,"href":"https:\/\/mdkoswiecim.pl\/index.php\/wp-json\/wp\/v2\/media\/19287"}],"wp:attachment":[{"href":"https:\/\/mdkoswiecim.pl\/index.php\/wp-json\/wp\/v2\/media?parent=19265"}],"wp:term":[{"taxonomy":"category","embeddable":true,"href":"https:\/\/mdkoswiecim.pl\/index.php\/wp-json\/wp\/v2\/categories?post=19265"},{"taxonomy":"post_tag","embeddable":true,"href":"https:\/\/mdkoswiecim.pl\/index.php\/wp-json\/wp\/v2\/tags?post=19265"}],"curies":[{"name":"wp","href":"https:\/\/api.w.org\/{rel}","templated":true}]}}