{"id":19220,"date":"2024-05-09T11:35:14","date_gmt":"2024-05-09T09:35:14","guid":{"rendered":"https:\/\/mdkoswiecim.pl\/?p=19220"},"modified":"2024-05-10T07:31:27","modified_gmt":"2024-05-10T05:31:27","slug":"eliminacje-rejonowe-wojewodzkiego-konkursu-recytatorskiego-echa-poetica","status":"publish","type":"post","link":"https:\/\/mdkoswiecim.pl\/index.php\/2024\/05\/09\/eliminacje-rejonowe-wojewodzkiego-konkursu-recytatorskiego-echa-poetica\/","title":{"rendered":"Eliminacje rejonowe Wojew\u00f3dzkiego Konkursu Recytatorskiego &#8220;Echa Poetica&#8221;"},"content":{"rendered":"\n<p>W dniu 7.05.2024 r. w M\u0142odzie\u017cowym Domu Kultury w O\u015bwi\u0119cimiu zosta\u0142y przeprowadzone Eliminacje Rejonowe XL Wojew\u00f3dzkiego Konkursu Recytatorskiego \u201eEcha Poetica\u201d. Komisja<br>w sk\u0142adzie: Alina Kwarciak, Dagmara Koczur oraz Miros\u0142awa Pawlica zakwalifikowa\u0142a<br>do Fina\u0142u Wojew\u00f3dzkiego 9 recytator\u00f3w:<\/p>\n\n\n\n<p><strong>w grupie wiekowej uczniowie klas I \u2013 III:<\/strong><\/p>\n\n\n\n<figure class=\"wp-block-table\"><table><tbody><tr><td><em>Miejsce<\/em><\/td><td><em>Nazwisko i imi\u0119<\/em><\/td><td><em>Klasa<\/em><\/td><td><em>Szko\u0142a (plac\u00f3wka)<\/em><\/td><td><em>Repertuar<\/em><\/td><\/tr><tr><td>I<\/td><td>MIROCHA LILIANA<\/td><td>II<\/td><td>Dom Kultury w K\u0119tach<\/td><td>Renata Pi\u0105tkowska \u201eDziadek na hu\u015btawce\u201d Joanna Kulmowa \u201ePo co jest teatr\u201d \u201eTeatr \u017cywy\u201d<\/td><\/tr><tr><td>I<\/td><td>ZAWARUS JAGODA <\/td><td>II<\/td><td>Szko\u0142a Podstawowa nr 1 w K\u0119tach<\/td><td>Grzegorz Kasdepke \u201eCo to znaczy robi\u0107 do kogo\u015b ma\u015blane oczy\u201d Emilia Wi\u015bniowska \u201eWiersz dla mamy i taty\u201d<\/td><\/tr><tr><td>II<\/td><td>STOK\u0141OSA MAJA<\/td><td>III<\/td><td>Szko\u0142a Podstawowa w Grojcu<\/td><td>Anna Edyk Psut \u201eMoja rodzina\u201d Grzegorz Kasdepke \u201eSzcz\u0119\u015bciarze\u201d<\/td><\/tr><tr><td>III<\/td><td>SZULC ALEKSANDER<\/td><td>II<\/td><td>Szko\u0142a Podstawowa nr 9 w O\u015bwi\u0119cimiu<\/td><td>Julian Tuwim \u201eCukierku, ty \u0142obuzie\u201d Waldemar Cicho\u0144 \u201ePan kotek by\u0142 chory\u201d<\/td><\/tr><\/tbody><\/table><\/figure>\n\n\n\n<p><strong>w grupie wiekowej uczniowie klas IV \u2013 VI:<\/strong><\/p>\n\n\n\n<figure class=\"wp-block-table\"><table><tbody><tr><td><em>Miejsce<\/em><\/td><td><em>Nazwisko i imi\u0119<\/em><\/td><td><em>Klasa<\/em><\/td><td><em>Szko\u0142a (plac\u00f3wka)<\/em><\/td><td><em>Repertuar<\/em><\/td><\/tr><tr><td>I<\/td><td>PRYSVITLA TINA<\/td><td>IV<\/td><td>Zesp\u00f3\u0142 Szkolno-Przedszkolny nr 1 w Osieku<br><\/td><td>Joanna Papuzi\u0144ska \u201eOpowie\u015b\u0107\u201d Asa Lind \u201ePiaskowy Wilk\u201d<\/td><\/tr><tr><td>I<\/td><td>RZEMI\u0143SKA HANNA<\/td><td>IV<\/td><td>Szko\u0142a Podstawowa nr 9 w O\u015bwi\u0119cimiu<\/td><td>Julian Tuwim \u201ePtasie radio\u201d Gilbert Delahoye \u201eMartynka\u201d<\/td><\/tr><tr><td>II<\/td><td>BULEK ANTONINA<\/td><td>V<\/td><td>Szko\u0142a Podstawowa nr 4 w O\u015bwi\u0119cimiu<\/td><td>Eliza Piotrowska \u201eCiocia Jadzia w Rzymie\u201d Joanna Papuzi\u0144ska \u201ePims, kt\u00f3rego nie ma\u201d<\/td><\/tr><tr><td>II<\/td><td>MA\u0143KA POLA<\/td><td>IV<\/td><td>Szko\u0142a Podstawowa nr 9 w O\u015bwi\u0119cimiu<\/td><td>Agnieszka Osiecka \u201eJedni pisz\u0105 wiersze pi\u00f3rem\u201d L.M.Montgomery \u201eAnia z Zielonego wzg\u00f3rza\u201d<\/td><\/tr><\/tbody><\/table><\/figure>\n\n\n\n<p><strong>w grupie wiekowej uczniowie klas VII \u2013 VIII:<\/strong><\/p>\n\n\n\n<figure class=\"wp-block-table\"><table><tbody><tr><td><em>Miejsce<\/em><\/td><td><em>Nazwisko i imi\u0119<\/em><\/td><td><em>Klasa<\/em><\/td><td><em>Szko\u0142a (plac\u00f3wka)<\/em><\/td><td><em>Repertuar<\/em><\/td><\/tr><tr><td>I<\/td><td>PRYSVITLA SOFIA<\/td><td>VII<\/td><td>Zesp\u00f3\u0142 Szkolno-Przedszkolny nr 1 w Osieku<\/td><td>Jan Kochanowski \u201eTren VII\u201d Beata Andrzejczuk \u201ePami\u0119tnik nastolatki\u201d<\/td><\/tr><\/tbody><\/table><\/figure>\n\n\n\n<p>Dodatkowo wyr\u00f3\u017cnienia otrzymali:<\/p>\n\n\n\n<p><strong>w grupie wiekowej uczniowie klas I \u2013 III:<\/strong><\/p>\n\n\n\n<p>LUKASEK WIKTORIA ze Szko\u0142y Podstawowej w Polance Wielkiej<\/p>\n\n\n\n<p><strong>w grupie wiekowej uczniowie klas VII \u2013 VIII:<\/strong><\/p>\n\n\n\n<p>KUREK ALEKSANDRA z Zespo\u0142u Szkolno-Przedszkolnego w G\u0142\u0119bowicach<\/p>\n\n\n\n<p>RADECKA NADIA ze Szko\u0142y Podstawowej w Polance Wielkiej<\/p>\n\n\n\n<p>Fina\u0142 Konkursu odb\u0119dzie si\u0119 29 maja 2024 r. o godz. 10.00 w Pa\u0142acu M\u0142odzie\u017cy w Nowym S\u0105czu, ul. Rynek 14.<\/p>\n\n\n\n<figure class=\"wp-block-gallery has-nested-images columns-default is-cropped wp-block-gallery-1 is-layout-flex wp-block-gallery-is-layout-flex\">\n<figure class=\"wp-block-image size-large\"><a href=\"https:\/\/mdkoswiecim.pl\/wp-content\/uploads\/2024\/05\/BAi82I9w.jpg\"><img loading=\"lazy\" decoding=\"async\" width=\"1024\" height=\"768\" data-id=\"19232\" src=\"https:\/\/mdkoswiecim.pl\/wp-content\/uploads\/2024\/05\/BAi82I9w-1024x768.jpg\" alt=\"\" class=\"wp-image-19232\" srcset=\"https:\/\/mdkoswiecim.pl\/wp-content\/uploads\/2024\/05\/BAi82I9w-1024x768.jpg 1024w, https:\/\/mdkoswiecim.pl\/wp-content\/uploads\/2024\/05\/BAi82I9w-300x225.jpg 300w, https:\/\/mdkoswiecim.pl\/wp-content\/uploads\/2024\/05\/BAi82I9w-768x576.jpg 768w, https:\/\/mdkoswiecim.pl\/wp-content\/uploads\/2024\/05\/BAi82I9w-1536x1152.jpg 1536w, https:\/\/mdkoswiecim.pl\/wp-content\/uploads\/2024\/05\/BAi82I9w.jpg 2000w\" sizes=\"auto, (max-width: 1024px) 100vw, 1024px\" \/><\/a><\/figure>\n\n\n\n<figure class=\"wp-block-image size-large\"><a href=\"https:\/\/mdkoswiecim.pl\/wp-content\/uploads\/2024\/05\/DKElhyGc.jpg\"><img loading=\"lazy\" decoding=\"async\" width=\"1024\" height=\"768\" data-id=\"19231\" src=\"https:\/\/mdkoswiecim.pl\/wp-content\/uploads\/2024\/05\/DKElhyGc-1024x768.jpg\" alt=\"\" class=\"wp-image-19231\" srcset=\"https:\/\/mdkoswiecim.pl\/wp-content\/uploads\/2024\/05\/DKElhyGc-1024x768.jpg 1024w, https:\/\/mdkoswiecim.pl\/wp-content\/uploads\/2024\/05\/DKElhyGc-300x225.jpg 300w, https:\/\/mdkoswiecim.pl\/wp-content\/uploads\/2024\/05\/DKElhyGc-768x576.jpg 768w, https:\/\/mdkoswiecim.pl\/wp-content\/uploads\/2024\/05\/DKElhyGc-1536x1152.jpg 1536w, https:\/\/mdkoswiecim.pl\/wp-content\/uploads\/2024\/05\/DKElhyGc.jpg 2000w\" sizes=\"auto, (max-width: 1024px) 100vw, 1024px\" \/><\/a><\/figure>\n\n\n\n<figure class=\"wp-block-image size-large\"><a href=\"https:\/\/mdkoswiecim.pl\/wp-content\/uploads\/2024\/05\/NZqKACWe.jpg\"><img loading=\"lazy\" decoding=\"async\" width=\"1024\" height=\"768\" data-id=\"19229\" src=\"https:\/\/mdkoswiecim.pl\/wp-content\/uploads\/2024\/05\/NZqKACWe-1024x768.jpg\" alt=\"\" class=\"wp-image-19229\" srcset=\"https:\/\/mdkoswiecim.pl\/wp-content\/uploads\/2024\/05\/NZqKACWe-1024x768.jpg 1024w, https:\/\/mdkoswiecim.pl\/wp-content\/uploads\/2024\/05\/NZqKACWe-300x225.jpg 300w, https:\/\/mdkoswiecim.pl\/wp-content\/uploads\/2024\/05\/NZqKACWe-768x576.jpg 768w, https:\/\/mdkoswiecim.pl\/wp-content\/uploads\/2024\/05\/NZqKACWe-1536x1152.jpg 1536w, https:\/\/mdkoswiecim.pl\/wp-content\/uploads\/2024\/05\/NZqKACWe.jpg 1984w\" sizes=\"auto, (max-width: 1024px) 100vw, 1024px\" \/><\/a><\/figure>\n\n\n\n<figure class=\"wp-block-image size-large\"><a href=\"https:\/\/mdkoswiecim.pl\/wp-content\/uploads\/2024\/05\/BXGZnJoN.jpg\"><img loading=\"lazy\" decoding=\"async\" width=\"1024\" height=\"768\" data-id=\"19228\" src=\"https:\/\/mdkoswiecim.pl\/wp-content\/uploads\/2024\/05\/BXGZnJoN-1024x768.jpg\" alt=\"\" class=\"wp-image-19228\" srcset=\"https:\/\/mdkoswiecim.pl\/wp-content\/uploads\/2024\/05\/BXGZnJoN-1024x768.jpg 1024w, https:\/\/mdkoswiecim.pl\/wp-content\/uploads\/2024\/05\/BXGZnJoN-300x225.jpg 300w, https:\/\/mdkoswiecim.pl\/wp-content\/uploads\/2024\/05\/BXGZnJoN-768x576.jpg 768w, https:\/\/mdkoswiecim.pl\/wp-content\/uploads\/2024\/05\/BXGZnJoN-1536x1152.jpg 1536w, https:\/\/mdkoswiecim.pl\/wp-content\/uploads\/2024\/05\/BXGZnJoN.jpg 1984w\" sizes=\"auto, (max-width: 1024px) 100vw, 1024px\" \/><\/a><\/figure>\n\n\n\n<figure class=\"wp-block-image size-large\"><a href=\"https:\/\/mdkoswiecim.pl\/wp-content\/uploads\/2024\/05\/cWYIivL5.jpg\"><img loading=\"lazy\" decoding=\"async\" width=\"768\" height=\"1024\" data-id=\"19235\" src=\"https:\/\/mdkoswiecim.pl\/wp-content\/uploads\/2024\/05\/cWYIivL5-768x1024.jpg\" alt=\"\" class=\"wp-image-19235\" srcset=\"https:\/\/mdkoswiecim.pl\/wp-content\/uploads\/2024\/05\/cWYIivL5-768x1024.jpg 768w, https:\/\/mdkoswiecim.pl\/wp-content\/uploads\/2024\/05\/cWYIivL5-225x300.jpg 225w, https:\/\/mdkoswiecim.pl\/wp-content\/uploads\/2024\/05\/cWYIivL5-1152x1536.jpg 1152w, https:\/\/mdkoswiecim.pl\/wp-content\/uploads\/2024\/05\/cWYIivL5.jpg 1500w\" sizes=\"auto, (max-width: 768px) 100vw, 768px\" \/><\/a><\/figure>\n\n\n\n<figure class=\"wp-block-image size-large\"><a href=\"https:\/\/mdkoswiecim.pl\/wp-content\/uploads\/2024\/05\/yvrK7rHs.jpg\"><img loading=\"lazy\" decoding=\"async\" width=\"768\" height=\"1024\" data-id=\"19234\" src=\"https:\/\/mdkoswiecim.pl\/wp-content\/uploads\/2024\/05\/yvrK7rHs-768x1024.jpg\" alt=\"\" class=\"wp-image-19234\" srcset=\"https:\/\/mdkoswiecim.pl\/wp-content\/uploads\/2024\/05\/yvrK7rHs-768x1024.jpg 768w, https:\/\/mdkoswiecim.pl\/wp-content\/uploads\/2024\/05\/yvrK7rHs-225x300.jpg 225w, https:\/\/mdkoswiecim.pl\/wp-content\/uploads\/2024\/05\/yvrK7rHs-1152x1536.jpg 1152w, https:\/\/mdkoswiecim.pl\/wp-content\/uploads\/2024\/05\/yvrK7rHs.jpg 1500w\" sizes=\"auto, (max-width: 768px) 100vw, 768px\" \/><\/a><\/figure>\n\n\n\n<figure class=\"wp-block-image size-large\"><a href=\"https:\/\/mdkoswiecim.pl\/wp-content\/uploads\/2024\/05\/vlsdDCJe.jpg\"><img loading=\"lazy\" decoding=\"async\" width=\"768\" height=\"1024\" data-id=\"19233\" src=\"https:\/\/mdkoswiecim.pl\/wp-content\/uploads\/2024\/05\/vlsdDCJe-768x1024.jpg\" alt=\"\" class=\"wp-image-19233\" srcset=\"https:\/\/mdkoswiecim.pl\/wp-content\/uploads\/2024\/05\/vlsdDCJe-768x1024.jpg 768w, https:\/\/mdkoswiecim.pl\/wp-content\/uploads\/2024\/05\/vlsdDCJe-225x300.jpg 225w, https:\/\/mdkoswiecim.pl\/wp-content\/uploads\/2024\/05\/vlsdDCJe-1152x1536.jpg 1152w, https:\/\/mdkoswiecim.pl\/wp-content\/uploads\/2024\/05\/vlsdDCJe.jpg 1500w\" sizes=\"auto, (max-width: 768px) 100vw, 768px\" \/><\/a><\/figure>\n\n\n\n<figure class=\"wp-block-image size-large\"><a href=\"https:\/\/mdkoswiecim.pl\/wp-content\/uploads\/2024\/05\/sl5c3Brn.jpg\"><img loading=\"lazy\" decoding=\"async\" width=\"768\" height=\"1024\" data-id=\"19237\" src=\"https:\/\/mdkoswiecim.pl\/wp-content\/uploads\/2024\/05\/sl5c3Brn-768x1024.jpg\" alt=\"\" class=\"wp-image-19237\" srcset=\"https:\/\/mdkoswiecim.pl\/wp-content\/uploads\/2024\/05\/sl5c3Brn-768x1024.jpg 768w, https:\/\/mdkoswiecim.pl\/wp-content\/uploads\/2024\/05\/sl5c3Brn-225x300.jpg 225w, https:\/\/mdkoswiecim.pl\/wp-content\/uploads\/2024\/05\/sl5c3Brn-1152x1536.jpg 1152w, https:\/\/mdkoswiecim.pl\/wp-content\/uploads\/2024\/05\/sl5c3Brn.jpg 1500w\" sizes=\"auto, (max-width: 768px) 100vw, 768px\" \/><\/a><\/figure>\n\n\n\n<figure class=\"wp-block-image size-large\"><a href=\"https:\/\/mdkoswiecim.pl\/wp-content\/uploads\/2024\/05\/ChoV1ky2.jpg\"><img loading=\"lazy\" decoding=\"async\" width=\"768\" height=\"1024\" data-id=\"19222\" src=\"https:\/\/mdkoswiecim.pl\/wp-content\/uploads\/2024\/05\/ChoV1ky2-768x1024.jpg\" alt=\"\" class=\"wp-image-19222\" srcset=\"https:\/\/mdkoswiecim.pl\/wp-content\/uploads\/2024\/05\/ChoV1ky2-768x1024.jpg 768w, https:\/\/mdkoswiecim.pl\/wp-content\/uploads\/2024\/05\/ChoV1ky2-225x300.jpg 225w, https:\/\/mdkoswiecim.pl\/wp-content\/uploads\/2024\/05\/ChoV1ky2-1152x1536.jpg 1152w, https:\/\/mdkoswiecim.pl\/wp-content\/uploads\/2024\/05\/ChoV1ky2.jpg 1500w\" sizes=\"auto, (max-width: 768px) 100vw, 768px\" \/><\/a><\/figure>\n\n\n\n<figure class=\"wp-block-image size-large\"><a href=\"https:\/\/mdkoswiecim.pl\/wp-content\/uploads\/2024\/05\/XQuDgUcr.jpg\"><img loading=\"lazy\" decoding=\"async\" width=\"768\" height=\"1024\" data-id=\"19223\" src=\"https:\/\/mdkoswiecim.pl\/wp-content\/uploads\/2024\/05\/XQuDgUcr-768x1024.jpg\" alt=\"\" class=\"wp-image-19223\" srcset=\"https:\/\/mdkoswiecim.pl\/wp-content\/uploads\/2024\/05\/XQuDgUcr-768x1024.jpg 768w, https:\/\/mdkoswiecim.pl\/wp-content\/uploads\/2024\/05\/XQuDgUcr-225x300.jpg 225w, https:\/\/mdkoswiecim.pl\/wp-content\/uploads\/2024\/05\/XQuDgUcr-1152x1536.jpg 1152w, https:\/\/mdkoswiecim.pl\/wp-content\/uploads\/2024\/05\/XQuDgUcr.jpg 1500w\" sizes=\"auto, (max-width: 768px) 100vw, 768px\" \/><\/a><\/figure>\n\n\n\n<figure class=\"wp-block-image size-large\"><a href=\"https:\/\/mdkoswiecim.pl\/wp-content\/uploads\/2024\/05\/rYQRkoCU.jpg\"><img loading=\"lazy\" decoding=\"async\" width=\"768\" height=\"1024\" data-id=\"19224\" src=\"https:\/\/mdkoswiecim.pl\/wp-content\/uploads\/2024\/05\/rYQRkoCU-768x1024.jpg\" alt=\"\" class=\"wp-image-19224\" srcset=\"https:\/\/mdkoswiecim.pl\/wp-content\/uploads\/2024\/05\/rYQRkoCU-768x1024.jpg 768w, https:\/\/mdkoswiecim.pl\/wp-content\/uploads\/2024\/05\/rYQRkoCU-225x300.jpg 225w, https:\/\/mdkoswiecim.pl\/wp-content\/uploads\/2024\/05\/rYQRkoCU-1152x1536.jpg 1152w, https:\/\/mdkoswiecim.pl\/wp-content\/uploads\/2024\/05\/rYQRkoCU.jpg 1500w\" sizes=\"auto, (max-width: 768px) 100vw, 768px\" \/><\/a><\/figure>\n\n\n\n<figure class=\"wp-block-image size-large\"><a href=\"https:\/\/mdkoswiecim.pl\/wp-content\/uploads\/2024\/05\/b7STcKSC.jpg\"><img loading=\"lazy\" decoding=\"async\" width=\"1024\" height=\"769\" data-id=\"19225\" src=\"https:\/\/mdkoswiecim.pl\/wp-content\/uploads\/2024\/05\/b7STcKSC-1024x769.jpg\" alt=\"\" class=\"wp-image-19225\" srcset=\"https:\/\/mdkoswiecim.pl\/wp-content\/uploads\/2024\/05\/b7STcKSC-1024x769.jpg 1024w, https:\/\/mdkoswiecim.pl\/wp-content\/uploads\/2024\/05\/b7STcKSC-300x225.jpg 300w, https:\/\/mdkoswiecim.pl\/wp-content\/uploads\/2024\/05\/b7STcKSC-768x577.jpg 768w, https:\/\/mdkoswiecim.pl\/wp-content\/uploads\/2024\/05\/b7STcKSC-1536x1154.jpg 1536w, https:\/\/mdkoswiecim.pl\/wp-content\/uploads\/2024\/05\/b7STcKSC.jpg 1640w\" sizes=\"auto, (max-width: 1024px) 100vw, 1024px\" \/><\/a><\/figure>\n\n\n\n<figure class=\"wp-block-image size-large\"><a href=\"https:\/\/mdkoswiecim.pl\/wp-content\/uploads\/2024\/05\/QPw2pKH3.jpg\"><img loading=\"lazy\" decoding=\"async\" width=\"768\" height=\"1024\" data-id=\"19226\" src=\"https:\/\/mdkoswiecim.pl\/wp-content\/uploads\/2024\/05\/QPw2pKH3-768x1024.jpg\" alt=\"\" class=\"wp-image-19226\" srcset=\"https:\/\/mdkoswiecim.pl\/wp-content\/uploads\/2024\/05\/QPw2pKH3-768x1024.jpg 768w, https:\/\/mdkoswiecim.pl\/wp-content\/uploads\/2024\/05\/QPw2pKH3-225x300.jpg 225w, https:\/\/mdkoswiecim.pl\/wp-content\/uploads\/2024\/05\/QPw2pKH3-1152x1536.jpg 1152w, https:\/\/mdkoswiecim.pl\/wp-content\/uploads\/2024\/05\/QPw2pKH3.jpg 1500w\" sizes=\"auto, (max-width: 768px) 100vw, 768px\" \/><\/a><\/figure>\n\n\n\n<figure class=\"wp-block-image size-large\"><a href=\"https:\/\/mdkoswiecim.pl\/wp-content\/uploads\/2024\/05\/Hxp524zV.jpg\"><img loading=\"lazy\" decoding=\"async\" width=\"768\" height=\"1024\" data-id=\"19230\" src=\"https:\/\/mdkoswiecim.pl\/wp-content\/uploads\/2024\/05\/Hxp524zV-768x1024.jpg\" alt=\"\" class=\"wp-image-19230\" srcset=\"https:\/\/mdkoswiecim.pl\/wp-content\/uploads\/2024\/05\/Hxp524zV-768x1024.jpg 768w, https:\/\/mdkoswiecim.pl\/wp-content\/uploads\/2024\/05\/Hxp524zV-225x300.jpg 225w, https:\/\/mdkoswiecim.pl\/wp-content\/uploads\/2024\/05\/Hxp524zV-1152x1536.jpg 1152w, https:\/\/mdkoswiecim.pl\/wp-content\/uploads\/2024\/05\/Hxp524zV.jpg 1500w\" sizes=\"auto, (max-width: 768px) 100vw, 768px\" \/><\/a><\/figure>\n\n\n\n<figure class=\"wp-block-image size-large\"><a href=\"https:\/\/mdkoswiecim.pl\/wp-content\/uploads\/2024\/05\/4SWpih0T.jpg\"><img loading=\"lazy\" decoding=\"async\" width=\"768\" height=\"1024\" data-id=\"19227\" src=\"https:\/\/mdkoswiecim.pl\/wp-content\/uploads\/2024\/05\/4SWpih0T-768x1024.jpg\" alt=\"\" class=\"wp-image-19227\" srcset=\"https:\/\/mdkoswiecim.pl\/wp-content\/uploads\/2024\/05\/4SWpih0T-768x1024.jpg 768w, https:\/\/mdkoswiecim.pl\/wp-content\/uploads\/2024\/05\/4SWpih0T-225x300.jpg 225w, https:\/\/mdkoswiecim.pl\/wp-content\/uploads\/2024\/05\/4SWpih0T-1152x1536.jpg 1152w, https:\/\/mdkoswiecim.pl\/wp-content\/uploads\/2024\/05\/4SWpih0T.jpg 1500w\" sizes=\"auto, (max-width: 768px) 100vw, 768px\" \/><\/a><\/figure>\n\n\n\n<figure class=\"wp-block-image size-large\"><a href=\"https:\/\/mdkoswiecim.pl\/wp-content\/uploads\/2024\/05\/s05iJb7x.jpg\"><img loading=\"lazy\" decoding=\"async\" width=\"768\" height=\"1024\" data-id=\"19236\" src=\"https:\/\/mdkoswiecim.pl\/wp-content\/uploads\/2024\/05\/s05iJb7x-768x1024.jpg\" alt=\"\" class=\"wp-image-19236\" srcset=\"https:\/\/mdkoswiecim.pl\/wp-content\/uploads\/2024\/05\/s05iJb7x-768x1024.jpg 768w, https:\/\/mdkoswiecim.pl\/wp-content\/uploads\/2024\/05\/s05iJb7x-225x300.jpg 225w, https:\/\/mdkoswiecim.pl\/wp-content\/uploads\/2024\/05\/s05iJb7x-1152x1536.jpg 1152w, https:\/\/mdkoswiecim.pl\/wp-content\/uploads\/2024\/05\/s05iJb7x.jpg 1500w\" sizes=\"auto, (max-width: 768px) 100vw, 768px\" \/><\/a><\/figure>\n\n\n\n<figure class=\"wp-block-image size-large\"><a href=\"https:\/\/mdkoswiecim.pl\/wp-content\/uploads\/2024\/05\/PkHh1r-J.jpg\"><img loading=\"lazy\" decoding=\"async\" width=\"768\" height=\"1024\" data-id=\"19238\" src=\"https:\/\/mdkoswiecim.pl\/wp-content\/uploads\/2024\/05\/PkHh1r-J-768x1024.jpg\" alt=\"\" class=\"wp-image-19238\" srcset=\"https:\/\/mdkoswiecim.pl\/wp-content\/uploads\/2024\/05\/PkHh1r-J-768x1024.jpg 768w, https:\/\/mdkoswiecim.pl\/wp-content\/uploads\/2024\/05\/PkHh1r-J-225x300.jpg 225w, https:\/\/mdkoswiecim.pl\/wp-content\/uploads\/2024\/05\/PkHh1r-J-1152x1536.jpg 1152w, https:\/\/mdkoswiecim.pl\/wp-content\/uploads\/2024\/05\/PkHh1r-J.jpg 1500w\" sizes=\"auto, (max-width: 768px) 100vw, 768px\" \/><\/a><\/figure>\n\n\n\n<figure class=\"wp-block-image size-large\"><a href=\"https:\/\/mdkoswiecim.pl\/wp-content\/uploads\/2024\/05\/GzEmIdaW.jpg\"><img loading=\"lazy\" decoding=\"async\" width=\"768\" height=\"1024\" data-id=\"19239\" src=\"https:\/\/mdkoswiecim.pl\/wp-content\/uploads\/2024\/05\/GzEmIdaW-768x1024.jpg\" alt=\"\" class=\"wp-image-19239\" srcset=\"https:\/\/mdkoswiecim.pl\/wp-content\/uploads\/2024\/05\/GzEmIdaW-768x1024.jpg 768w, https:\/\/mdkoswiecim.pl\/wp-content\/uploads\/2024\/05\/GzEmIdaW-225x300.jpg 225w, https:\/\/mdkoswiecim.pl\/wp-content\/uploads\/2024\/05\/GzEmIdaW-1152x1536.jpg 1152w, https:\/\/mdkoswiecim.pl\/wp-content\/uploads\/2024\/05\/GzEmIdaW.jpg 1500w\" sizes=\"auto, (max-width: 768px) 100vw, 768px\" \/><\/a><\/figure>\n\n\n\n<figure class=\"wp-block-image size-large\"><a href=\"https:\/\/mdkoswiecim.pl\/wp-content\/uploads\/2024\/05\/xJqp0U4a.jpg\"><img loading=\"lazy\" decoding=\"async\" width=\"768\" height=\"1024\" data-id=\"19221\" src=\"https:\/\/mdkoswiecim.pl\/wp-content\/uploads\/2024\/05\/xJqp0U4a-768x1024.jpg\" alt=\"\" class=\"wp-image-19221\" srcset=\"https:\/\/mdkoswiecim.pl\/wp-content\/uploads\/2024\/05\/xJqp0U4a-768x1024.jpg 768w, https:\/\/mdkoswiecim.pl\/wp-content\/uploads\/2024\/05\/xJqp0U4a-225x300.jpg 225w, https:\/\/mdkoswiecim.pl\/wp-content\/uploads\/2024\/05\/xJqp0U4a-1152x1536.jpg 1152w, https:\/\/mdkoswiecim.pl\/wp-content\/uploads\/2024\/05\/xJqp0U4a.jpg 1500w\" sizes=\"auto, (max-width: 768px) 100vw, 768px\" \/><\/a><\/figure>\n\n\n\n<figure class=\"wp-block-image size-large\"><a href=\"https:\/\/mdkoswiecim.pl\/wp-content\/uploads\/2024\/05\/XeFqtCVB.jpg\"><img loading=\"lazy\" decoding=\"async\" width=\"768\" height=\"1024\" data-id=\"19240\" src=\"https:\/\/mdkoswiecim.pl\/wp-content\/uploads\/2024\/05\/XeFqtCVB-768x1024.jpg\" alt=\"\" class=\"wp-image-19240\" srcset=\"https:\/\/mdkoswiecim.pl\/wp-content\/uploads\/2024\/05\/XeFqtCVB-768x1024.jpg 768w, https:\/\/mdkoswiecim.pl\/wp-content\/uploads\/2024\/05\/XeFqtCVB-225x300.jpg 225w, https:\/\/mdkoswiecim.pl\/wp-content\/uploads\/2024\/05\/XeFqtCVB-1152x1536.jpg 1152w, https:\/\/mdkoswiecim.pl\/wp-content\/uploads\/2024\/05\/XeFqtCVB.jpg 1500w\" sizes=\"auto, (max-width: 768px) 100vw, 768px\" \/><\/a><\/figure>\n\n\n\n<figure class=\"wp-block-image size-large\"><a href=\"https:\/\/mdkoswiecim.pl\/wp-content\/uploads\/2024\/05\/F-tp2e19.jpg\"><img loading=\"lazy\" decoding=\"async\" width=\"768\" height=\"1024\" data-id=\"19241\" src=\"https:\/\/mdkoswiecim.pl\/wp-content\/uploads\/2024\/05\/F-tp2e19-768x1024.jpg\" alt=\"\" class=\"wp-image-19241\" srcset=\"https:\/\/mdkoswiecim.pl\/wp-content\/uploads\/2024\/05\/F-tp2e19-768x1024.jpg 768w, https:\/\/mdkoswiecim.pl\/wp-content\/uploads\/2024\/05\/F-tp2e19-225x300.jpg 225w, https:\/\/mdkoswiecim.pl\/wp-content\/uploads\/2024\/05\/F-tp2e19-1152x1536.jpg 1152w, https:\/\/mdkoswiecim.pl\/wp-content\/uploads\/2024\/05\/F-tp2e19.jpg 1500w\" sizes=\"auto, (max-width: 768px) 100vw, 768px\" \/><\/a><\/figure>\n\n\n\n<figure class=\"wp-block-image size-large\"><a href=\"https:\/\/mdkoswiecim.pl\/wp-content\/uploads\/2024\/05\/bY5ABqT.jpg\"><img loading=\"lazy\" decoding=\"async\" width=\"768\" height=\"1024\" data-id=\"19242\" src=\"https:\/\/mdkoswiecim.pl\/wp-content\/uploads\/2024\/05\/bY5ABqT-768x1024.jpg\" alt=\"\" class=\"wp-image-19242\" srcset=\"https:\/\/mdkoswiecim.pl\/wp-content\/uploads\/2024\/05\/bY5ABqT-768x1024.jpg 768w, https:\/\/mdkoswiecim.pl\/wp-content\/uploads\/2024\/05\/bY5ABqT-225x300.jpg 225w, https:\/\/mdkoswiecim.pl\/wp-content\/uploads\/2024\/05\/bY5ABqT-1152x1536.jpg 1152w, https:\/\/mdkoswiecim.pl\/wp-content\/uploads\/2024\/05\/bY5ABqT.jpg 1500w\" sizes=\"auto, (max-width: 768px) 100vw, 768px\" \/><\/a><\/figure>\n\n\n\n<figure class=\"wp-block-image size-large\"><a href=\"https:\/\/mdkoswiecim.pl\/wp-content\/uploads\/2024\/05\/tkjg1UEh.jpg\"><img loading=\"lazy\" decoding=\"async\" width=\"768\" height=\"1024\" data-id=\"19243\" src=\"https:\/\/mdkoswiecim.pl\/wp-content\/uploads\/2024\/05\/tkjg1UEh-768x1024.jpg\" alt=\"\" class=\"wp-image-19243\" srcset=\"https:\/\/mdkoswiecim.pl\/wp-content\/uploads\/2024\/05\/tkjg1UEh-768x1024.jpg 768w, https:\/\/mdkoswiecim.pl\/wp-content\/uploads\/2024\/05\/tkjg1UEh-225x300.jpg 225w, https:\/\/mdkoswiecim.pl\/wp-content\/uploads\/2024\/05\/tkjg1UEh-1152x1536.jpg 1152w, https:\/\/mdkoswiecim.pl\/wp-content\/uploads\/2024\/05\/tkjg1UEh.jpg 1500w\" sizes=\"auto, (max-width: 768px) 100vw, 768px\" \/><\/a><\/figure>\n\n\n\n<figure class=\"wp-block-image size-large\"><a href=\"https:\/\/mdkoswiecim.pl\/wp-content\/uploads\/2024\/05\/llcO53rl.jpg\"><img loading=\"lazy\" decoding=\"async\" width=\"768\" height=\"1024\" data-id=\"19244\" src=\"https:\/\/mdkoswiecim.pl\/wp-content\/uploads\/2024\/05\/llcO53rl-768x1024.jpg\" alt=\"\" class=\"wp-image-19244\" srcset=\"https:\/\/mdkoswiecim.pl\/wp-content\/uploads\/2024\/05\/llcO53rl-768x1024.jpg 768w, https:\/\/mdkoswiecim.pl\/wp-content\/uploads\/2024\/05\/llcO53rl-225x300.jpg 225w, https:\/\/mdkoswiecim.pl\/wp-content\/uploads\/2024\/05\/llcO53rl-1152x1536.jpg 1152w, https:\/\/mdkoswiecim.pl\/wp-content\/uploads\/2024\/05\/llcO53rl.jpg 1500w\" sizes=\"auto, (max-width: 768px) 100vw, 768px\" \/><\/a><\/figure>\n<\/figure>\n","protected":false},"excerpt":{"rendered":"<p>W dniu 7.05.2024 r. w M\u0142odzie\u017cowym Domu Kultury w O\u015bwi\u0119cimiu zosta\u0142y przeprowadzone Eliminacje Rejonowe XL Wojew\u00f3dzkiego Konkursu Recytatorskiego \u201eEcha Poetica\u201d. Komisjaw sk\u0142adzie: Alina Kwarciak, Dagmara Koczur oraz Miros\u0142awa Pawlica zakwalifikowa\u0142ado Fina\u0142u Wojew\u00f3dzkiego 9 recytator\u00f3w: w grupie wiekowej uczniowie klas I \u2013 III: Miejsce Nazwisko i imi\u0119 Klasa Szko\u0142a (plac\u00f3wka) Repertuar I MIROCHA LILIANA II Dom [&hellip;]<\/p>\n","protected":false},"author":3,"featured_media":19229,"comment_status":"closed","ping_status":"closed","sticky":false,"template":"","format":"standard","meta":{"footnotes":""},"categories":[107,108],"tags":[],"class_list":["post-19220","post","type-post","status-publish","format-standard","has-post-thumbnail","hentry","category-konkursy","category-aktualnosci"],"yoast_head":"<!-- This site is optimized with the Yoast SEO plugin v16.1.1 - https:\/\/yoast.com\/wordpress\/plugins\/seo\/ -->\n<title>Eliminacje rejonowe Wojew\u00f3dzkiego Konkursu Recytatorskiego &quot;Echa Poetica&quot; - MDK<\/title>\n<link rel=\"canonical\" href=\"https:\/\/mdkoswiecim.pl\/index.php\/2024\/05\/09\/eliminacje-rejonowe-wojewodzkiego-konkursu-recytatorskiego-echa-poetica\/\" \/>\n<meta property=\"og:locale\" content=\"pl_PL\" \/>\n<meta property=\"og:type\" content=\"article\" \/>\n<meta property=\"og:title\" content=\"Eliminacje rejonowe Wojew\u00f3dzkiego Konkursu Recytatorskiego &quot;Echa Poetica&quot; - MDK\" \/>\n<meta property=\"og:description\" content=\"W dniu 7.05.2024 r. w M\u0142odzie\u017cowym Domu Kultury w O\u015bwi\u0119cimiu zosta\u0142y przeprowadzone Eliminacje Rejonowe XL Wojew\u00f3dzkiego Konkursu Recytatorskiego \u201eEcha Poetica\u201d. Komisjaw sk\u0142adzie: Alina Kwarciak, Dagmara Koczur oraz Miros\u0142awa Pawlica zakwalifikowa\u0142ado Fina\u0142u Wojew\u00f3dzkiego 9 recytator\u00f3w: w grupie wiekowej uczniowie klas I \u2013 III: Miejsce Nazwisko i imi\u0119 Klasa Szko\u0142a (plac\u00f3wka) Repertuar I MIROCHA LILIANA II Dom [&hellip;]\" \/>\n<meta property=\"og:url\" content=\"https:\/\/mdkoswiecim.pl\/index.php\/2024\/05\/09\/eliminacje-rejonowe-wojewodzkiego-konkursu-recytatorskiego-echa-poetica\/\" \/>\n<meta property=\"og:site_name\" content=\"MDK\" \/>\n<meta property=\"article:published_time\" content=\"2024-05-09T09:35:14+00:00\" \/>\n<meta property=\"article:modified_time\" content=\"2024-05-10T05:31:27+00:00\" \/>\n<meta property=\"og:image\" content=\"https:\/\/mdkoswiecim.pl\/wp-content\/uploads\/2024\/05\/NZqKACWe.jpg\" \/>\n\t<meta property=\"og:image:width\" content=\"1984\" \/>\n\t<meta property=\"og:image:height\" content=\"1488\" \/>\n<meta name=\"twitter:card\" content=\"summary_large_image\" \/>\n<meta name=\"twitter:label1\" content=\"Szacowany czas czytania\">\n\t<meta name=\"twitter:data1\" content=\"7 minut\">\n<script type=\"application\/ld+json\" class=\"yoast-schema-graph\">{\"@context\":\"https:\/\/schema.org\",\"@graph\":[{\"@type\":\"WebSite\",\"@id\":\"https:\/\/mdkoswiecim.pl\/#website\",\"url\":\"https:\/\/mdkoswiecim.pl\/\",\"name\":\"MDK\",\"description\":\"M\\u0142odzie\\u017cowy Dom Kultury w O\\u015bwi\\u0119cimiu\",\"potentialAction\":[{\"@type\":\"SearchAction\",\"target\":\"https:\/\/mdkoswiecim.pl\/?s={search_term_string}\",\"query-input\":\"required name=search_term_string\"}],\"inLanguage\":\"pl-PL\"},{\"@type\":\"ImageObject\",\"@id\":\"https:\/\/mdkoswiecim.pl\/index.php\/2024\/05\/09\/eliminacje-rejonowe-wojewodzkiego-konkursu-recytatorskiego-echa-poetica\/#primaryimage\",\"inLanguage\":\"pl-PL\",\"url\":\"https:\/\/mdkoswiecim.pl\/wp-content\/uploads\/2024\/05\/NZqKACWe.jpg\",\"contentUrl\":\"https:\/\/mdkoswiecim.pl\/wp-content\/uploads\/2024\/05\/NZqKACWe.jpg\",\"width\":1984,\"height\":1488},{\"@type\":\"WebPage\",\"@id\":\"https:\/\/mdkoswiecim.pl\/index.php\/2024\/05\/09\/eliminacje-rejonowe-wojewodzkiego-konkursu-recytatorskiego-echa-poetica\/#webpage\",\"url\":\"https:\/\/mdkoswiecim.pl\/index.php\/2024\/05\/09\/eliminacje-rejonowe-wojewodzkiego-konkursu-recytatorskiego-echa-poetica\/\",\"name\":\"Eliminacje rejonowe Wojew\\u00f3dzkiego Konkursu Recytatorskiego \\\"Echa Poetica\\\" - MDK\",\"isPartOf\":{\"@id\":\"https:\/\/mdkoswiecim.pl\/#website\"},\"primaryImageOfPage\":{\"@id\":\"https:\/\/mdkoswiecim.pl\/index.php\/2024\/05\/09\/eliminacje-rejonowe-wojewodzkiego-konkursu-recytatorskiego-echa-poetica\/#primaryimage\"},\"datePublished\":\"2024-05-09T09:35:14+00:00\",\"dateModified\":\"2024-05-10T05:31:27+00:00\",\"author\":{\"@id\":\"https:\/\/mdkoswiecim.pl\/#\/schema\/person\/d9c1081e4cfefcbccad7ec11fa250f7a\"},\"breadcrumb\":{\"@id\":\"https:\/\/mdkoswiecim.pl\/index.php\/2024\/05\/09\/eliminacje-rejonowe-wojewodzkiego-konkursu-recytatorskiego-echa-poetica\/#breadcrumb\"},\"inLanguage\":\"pl-PL\",\"potentialAction\":[{\"@type\":\"ReadAction\",\"target\":[\"https:\/\/mdkoswiecim.pl\/index.php\/2024\/05\/09\/eliminacje-rejonowe-wojewodzkiego-konkursu-recytatorskiego-echa-poetica\/\"]}]},{\"@type\":\"BreadcrumbList\",\"@id\":\"https:\/\/mdkoswiecim.pl\/index.php\/2024\/05\/09\/eliminacje-rejonowe-wojewodzkiego-konkursu-recytatorskiego-echa-poetica\/#breadcrumb\",\"itemListElement\":[{\"@type\":\"ListItem\",\"position\":1,\"item\":{\"@type\":\"WebPage\",\"@id\":\"https:\/\/mdkoswiecim.pl\/\",\"url\":\"https:\/\/mdkoswiecim.pl\/\",\"name\":\"Strona g\\u0142\\u00f3wna\"}},{\"@type\":\"ListItem\",\"position\":2,\"item\":{\"@type\":\"WebPage\",\"@id\":\"https:\/\/mdkoswiecim.pl\/index.php\/2024\/05\/09\/eliminacje-rejonowe-wojewodzkiego-konkursu-recytatorskiego-echa-poetica\/\",\"url\":\"https:\/\/mdkoswiecim.pl\/index.php\/2024\/05\/09\/eliminacje-rejonowe-wojewodzkiego-konkursu-recytatorskiego-echa-poetica\/\",\"name\":\"Eliminacje rejonowe Wojew\\u00f3dzkiego Konkursu Recytatorskiego &#8220;Echa Poetica&#8221;\"}}]},{\"@type\":\"Person\",\"@id\":\"https:\/\/mdkoswiecim.pl\/#\/schema\/person\/d9c1081e4cfefcbccad7ec11fa250f7a\",\"name\":\"alina.kwarciak\",\"image\":{\"@type\":\"ImageObject\",\"@id\":\"https:\/\/mdkoswiecim.pl\/#personlogo\",\"inLanguage\":\"pl-PL\",\"url\":\"https:\/\/secure.gravatar.com\/avatar\/cce8f640650bbd69c0efc0afd2dddb7945a94129b978796401e58cac1eb8b87b?s=96&d=mm&r=g\",\"contentUrl\":\"https:\/\/secure.gravatar.com\/avatar\/cce8f640650bbd69c0efc0afd2dddb7945a94129b978796401e58cac1eb8b87b?s=96&d=mm&r=g\",\"caption\":\"alina.kwarciak\"}}]}<\/script>\n<!-- \/ Yoast SEO plugin. -->","_links":{"self":[{"href":"https:\/\/mdkoswiecim.pl\/index.php\/wp-json\/wp\/v2\/posts\/19220","targetHints":{"allow":["GET"]}}],"collection":[{"href":"https:\/\/mdkoswiecim.pl\/index.php\/wp-json\/wp\/v2\/posts"}],"about":[{"href":"https:\/\/mdkoswiecim.pl\/index.php\/wp-json\/wp\/v2\/types\/post"}],"author":[{"embeddable":true,"href":"https:\/\/mdkoswiecim.pl\/index.php\/wp-json\/wp\/v2\/users\/3"}],"replies":[{"embeddable":true,"href":"https:\/\/mdkoswiecim.pl\/index.php\/wp-json\/wp\/v2\/comments?post=19220"}],"version-history":[{"count":2,"href":"https:\/\/mdkoswiecim.pl\/index.php\/wp-json\/wp\/v2\/posts\/19220\/revisions"}],"predecessor-version":[{"id":19263,"href":"https:\/\/mdkoswiecim.pl\/index.php\/wp-json\/wp\/v2\/posts\/19220\/revisions\/19263"}],"wp:featuredmedia":[{"embeddable":true,"href":"https:\/\/mdkoswiecim.pl\/index.php\/wp-json\/wp\/v2\/media\/19229"}],"wp:attachment":[{"href":"https:\/\/mdkoswiecim.pl\/index.php\/wp-json\/wp\/v2\/media?parent=19220"}],"wp:term":[{"taxonomy":"category","embeddable":true,"href":"https:\/\/mdkoswiecim.pl\/index.php\/wp-json\/wp\/v2\/categories?post=19220"},{"taxonomy":"post_tag","embeddable":true,"href":"https:\/\/mdkoswiecim.pl\/index.php\/wp-json\/wp\/v2\/tags?post=19220"}],"curies":[{"name":"wp","href":"https:\/\/api.w.org\/{rel}","templated":true}]}}