{"id":19204,"date":"2024-04-26T10:58:35","date_gmt":"2024-04-26T08:58:35","guid":{"rendered":"https:\/\/mdkoswiecim.pl\/?p=19204"},"modified":"2024-04-26T10:58:36","modified_gmt":"2024-04-26T08:58:36","slug":"wystepy-naszego-zespolu-gitarowego-krzywe-choinki","status":"publish","type":"post","link":"https:\/\/mdkoswiecim.pl\/index.php\/2024\/04\/26\/wystepy-naszego-zespolu-gitarowego-krzywe-choinki\/","title":{"rendered":"Wyst\u0119py naszego zespo\u0142u gitarowego &#8220;Krzywe choinki&#8221;"},"content":{"rendered":"\n<p>W tym tygodniu nasza grupa gitarowa pod nazw\u0105 &#8220;Krzywe choinki&#8221; u\u015bwietni\u0142a swoimi wyst\u0119pami dwie imprezy. <\/p>\n\n\n\n<p>w poniedzia\u0142ek 22 kwietnia dziewczyny wyst\u0105pi\u0142y podczas uroczysto\u015bci ods\u0142oni\u0119cia naszego muralu autorstwa artysty \u0141ukasza Majerowskiego, a 25 kwietnia w czwartek zagra\u0142y podczas otwarcia Festiwalu Piosenki Szkolnej w SOSW w O\u015bwi\u0119cimiu. <\/p>\n\n\n\n<p>Zesp\u00f3\u0142 jest prowadzony przez nasz\u0105 nauczycielk\u0119 pani\u0105 Kamil\u0119 Sibik, a w sk\u0142ad zespo\u0142u wchodz\u0105: Julia Kowalik, Patrycja Ko\u017amin, Julia B\u0105k, Laura Kramarczyk, Natalia Smoter, Martyna Mleczek oraz Antonina Fularz. <\/p>\n\n\n\n<figure class=\"wp-block-video\"><video height=\"368\" style=\"aspect-ratio: 640 \/ 368;\" width=\"640\" controls src=\"https:\/\/mdkoswiecim.pl\/wp-content\/uploads\/2024\/04\/Messenger_creation_70d8ee58-d4bd-4f7b-8358-517beb9ff3b4.mp4\"><\/video><\/figure>\n\n\n\n<figure class=\"wp-block-video\"><video height=\"368\" style=\"aspect-ratio: 640 \/ 368;\" width=\"640\" controls src=\"https:\/\/mdkoswiecim.pl\/wp-content\/uploads\/2024\/04\/Messenger_creation_cee38968-fd26-4828-b2cb-77fb8683a0d3.mp4\"><\/video><\/figure>\n\n\n\n<figure class=\"wp-block-video\"><video height=\"640\" style=\"aspect-ratio: 368 \/ 640;\" width=\"368\" controls src=\"https:\/\/mdkoswiecim.pl\/wp-content\/uploads\/2024\/04\/Messenger_creation_baccd378-4b7b-469e-9f50-b878dd89b4ec.mp4\"><\/video><\/figure>\n","protected":false},"excerpt":{"rendered":"<p>W tym tygodniu nasza grupa gitarowa pod nazw\u0105 &#8220;Krzywe choinki&#8221; u\u015bwietni\u0142a swoimi wyst\u0119pami dwie imprezy. w poniedzia\u0142ek 22 kwietnia dziewczyny wyst\u0105pi\u0142y podczas uroczysto\u015bci ods\u0142oni\u0119cia naszego muralu autorstwa artysty \u0141ukasza Majerowskiego, a 25 kwietnia w czwartek zagra\u0142y podczas otwarcia Festiwalu Piosenki Szkolnej w SOSW w O\u015bwi\u0119cimiu. Zesp\u00f3\u0142 jest prowadzony przez nasz\u0105 nauczycielk\u0119 pani\u0105 Kamil\u0119 Sibik, a [&hellip;]<\/p>\n","protected":false},"author":2,"featured_media":19208,"comment_status":"closed","ping_status":"closed","sticky":false,"template":"","format":"standard","meta":{"footnotes":""},"categories":[108],"tags":[],"class_list":["post-19204","post","type-post","status-publish","format-standard","has-post-thumbnail","hentry","category-aktualnosci"],"yoast_head":"<!-- This site is optimized with the Yoast SEO plugin v16.1.1 - https:\/\/yoast.com\/wordpress\/plugins\/seo\/ -->\n<title>Wyst\u0119py naszego zespo\u0142u gitarowego &quot;Krzywe choinki&quot; - MDK<\/title>\n<link rel=\"canonical\" href=\"https:\/\/mdkoswiecim.pl\/index.php\/2024\/04\/26\/wystepy-naszego-zespolu-gitarowego-krzywe-choinki\/\" \/>\n<meta property=\"og:locale\" content=\"pl_PL\" \/>\n<meta property=\"og:type\" content=\"article\" \/>\n<meta property=\"og:title\" content=\"Wyst\u0119py naszego zespo\u0142u gitarowego &quot;Krzywe choinki&quot; - MDK\" \/>\n<meta property=\"og:description\" content=\"W tym tygodniu nasza grupa gitarowa pod nazw\u0105 &#8220;Krzywe choinki&#8221; u\u015bwietni\u0142a swoimi wyst\u0119pami dwie imprezy. w poniedzia\u0142ek 22 kwietnia dziewczyny wyst\u0105pi\u0142y podczas uroczysto\u015bci ods\u0142oni\u0119cia naszego muralu autorstwa artysty \u0141ukasza Majerowskiego, a 25 kwietnia w czwartek zagra\u0142y podczas otwarcia Festiwalu Piosenki Szkolnej w SOSW w O\u015bwi\u0119cimiu. Zesp\u00f3\u0142 jest prowadzony przez nasz\u0105 nauczycielk\u0119 pani\u0105 Kamil\u0119 Sibik, a [&hellip;]\" \/>\n<meta property=\"og:url\" content=\"https:\/\/mdkoswiecim.pl\/index.php\/2024\/04\/26\/wystepy-naszego-zespolu-gitarowego-krzywe-choinki\/\" \/>\n<meta property=\"og:site_name\" content=\"MDK\" \/>\n<meta property=\"article:published_time\" content=\"2024-04-26T08:58:35+00:00\" \/>\n<meta property=\"article:modified_time\" content=\"2024-04-26T08:58:36+00:00\" \/>\n<meta property=\"og:image\" content=\"https:\/\/mdkoswiecim.pl\/wp-content\/uploads\/2024\/04\/krzywe.jpg\" \/>\n\t<meta property=\"og:image:width\" content=\"1279\" \/>\n\t<meta property=\"og:image:height\" content=\"812\" \/>\n<meta name=\"twitter:card\" content=\"summary_large_image\" \/>\n<meta name=\"twitter:label1\" content=\"Szacowany czas czytania\">\n\t<meta name=\"twitter:data1\" content=\"1 minuta\">\n<script type=\"application\/ld+json\" class=\"yoast-schema-graph\">{\"@context\":\"https:\/\/schema.org\",\"@graph\":[{\"@type\":\"WebSite\",\"@id\":\"https:\/\/mdkoswiecim.pl\/#website\",\"url\":\"https:\/\/mdkoswiecim.pl\/\",\"name\":\"MDK\",\"description\":\"M\\u0142odzie\\u017cowy Dom Kultury w O\\u015bwi\\u0119cimiu\",\"potentialAction\":[{\"@type\":\"SearchAction\",\"target\":\"https:\/\/mdkoswiecim.pl\/?s={search_term_string}\",\"query-input\":\"required name=search_term_string\"}],\"inLanguage\":\"pl-PL\"},{\"@type\":\"ImageObject\",\"@id\":\"https:\/\/mdkoswiecim.pl\/index.php\/2024\/04\/26\/wystepy-naszego-zespolu-gitarowego-krzywe-choinki\/#primaryimage\",\"inLanguage\":\"pl-PL\",\"url\":\"https:\/\/mdkoswiecim.pl\/wp-content\/uploads\/2024\/04\/krzywe.jpg\",\"contentUrl\":\"https:\/\/mdkoswiecim.pl\/wp-content\/uploads\/2024\/04\/krzywe.jpg\",\"width\":1279,\"height\":812},{\"@type\":\"WebPage\",\"@id\":\"https:\/\/mdkoswiecim.pl\/index.php\/2024\/04\/26\/wystepy-naszego-zespolu-gitarowego-krzywe-choinki\/#webpage\",\"url\":\"https:\/\/mdkoswiecim.pl\/index.php\/2024\/04\/26\/wystepy-naszego-zespolu-gitarowego-krzywe-choinki\/\",\"name\":\"Wyst\\u0119py naszego zespo\\u0142u gitarowego \\\"Krzywe choinki\\\" - MDK\",\"isPartOf\":{\"@id\":\"https:\/\/mdkoswiecim.pl\/#website\"},\"primaryImageOfPage\":{\"@id\":\"https:\/\/mdkoswiecim.pl\/index.php\/2024\/04\/26\/wystepy-naszego-zespolu-gitarowego-krzywe-choinki\/#primaryimage\"},\"datePublished\":\"2024-04-26T08:58:35+00:00\",\"dateModified\":\"2024-04-26T08:58:36+00:00\",\"author\":{\"@id\":\"https:\/\/mdkoswiecim.pl\/#\/schema\/person\/de4e1c3f9f9805d4834a83cd933e83a4\"},\"breadcrumb\":{\"@id\":\"https:\/\/mdkoswiecim.pl\/index.php\/2024\/04\/26\/wystepy-naszego-zespolu-gitarowego-krzywe-choinki\/#breadcrumb\"},\"inLanguage\":\"pl-PL\",\"potentialAction\":[{\"@type\":\"ReadAction\",\"target\":[\"https:\/\/mdkoswiecim.pl\/index.php\/2024\/04\/26\/wystepy-naszego-zespolu-gitarowego-krzywe-choinki\/\"]}]},{\"@type\":\"BreadcrumbList\",\"@id\":\"https:\/\/mdkoswiecim.pl\/index.php\/2024\/04\/26\/wystepy-naszego-zespolu-gitarowego-krzywe-choinki\/#breadcrumb\",\"itemListElement\":[{\"@type\":\"ListItem\",\"position\":1,\"item\":{\"@type\":\"WebPage\",\"@id\":\"https:\/\/mdkoswiecim.pl\/\",\"url\":\"https:\/\/mdkoswiecim.pl\/\",\"name\":\"Strona g\\u0142\\u00f3wna\"}},{\"@type\":\"ListItem\",\"position\":2,\"item\":{\"@type\":\"WebPage\",\"@id\":\"https:\/\/mdkoswiecim.pl\/index.php\/2024\/04\/26\/wystepy-naszego-zespolu-gitarowego-krzywe-choinki\/\",\"url\":\"https:\/\/mdkoswiecim.pl\/index.php\/2024\/04\/26\/wystepy-naszego-zespolu-gitarowego-krzywe-choinki\/\",\"name\":\"Wyst\\u0119py naszego zespo\\u0142u gitarowego &#8220;Krzywe choinki&#8221;\"}}]},{\"@type\":\"Person\",\"@id\":\"https:\/\/mdkoswiecim.pl\/#\/schema\/person\/de4e1c3f9f9805d4834a83cd933e83a4\",\"name\":\"janusz.majcherek\",\"image\":{\"@type\":\"ImageObject\",\"@id\":\"https:\/\/mdkoswiecim.pl\/#personlogo\",\"inLanguage\":\"pl-PL\",\"url\":\"https:\/\/secure.gravatar.com\/avatar\/841ee0bdfc0ec9800cdb49de086063cd2bdca44d52221b7fee4d6a2db5eafb17?s=96&d=mm&r=g\",\"contentUrl\":\"https:\/\/secure.gravatar.com\/avatar\/841ee0bdfc0ec9800cdb49de086063cd2bdca44d52221b7fee4d6a2db5eafb17?s=96&d=mm&r=g\",\"caption\":\"janusz.majcherek\"}}]}<\/script>\n<!-- \/ Yoast SEO plugin. -->","_links":{"self":[{"href":"https:\/\/mdkoswiecim.pl\/index.php\/wp-json\/wp\/v2\/posts\/19204","targetHints":{"allow":["GET"]}}],"collection":[{"href":"https:\/\/mdkoswiecim.pl\/index.php\/wp-json\/wp\/v2\/posts"}],"about":[{"href":"https:\/\/mdkoswiecim.pl\/index.php\/wp-json\/wp\/v2\/types\/post"}],"author":[{"embeddable":true,"href":"https:\/\/mdkoswiecim.pl\/index.php\/wp-json\/wp\/v2\/users\/2"}],"replies":[{"embeddable":true,"href":"https:\/\/mdkoswiecim.pl\/index.php\/wp-json\/wp\/v2\/comments?post=19204"}],"version-history":[{"count":1,"href":"https:\/\/mdkoswiecim.pl\/index.php\/wp-json\/wp\/v2\/posts\/19204\/revisions"}],"predecessor-version":[{"id":19209,"href":"https:\/\/mdkoswiecim.pl\/index.php\/wp-json\/wp\/v2\/posts\/19204\/revisions\/19209"}],"wp:featuredmedia":[{"embeddable":true,"href":"https:\/\/mdkoswiecim.pl\/index.php\/wp-json\/wp\/v2\/media\/19208"}],"wp:attachment":[{"href":"https:\/\/mdkoswiecim.pl\/index.php\/wp-json\/wp\/v2\/media?parent=19204"}],"wp:term":[{"taxonomy":"category","embeddable":true,"href":"https:\/\/mdkoswiecim.pl\/index.php\/wp-json\/wp\/v2\/categories?post=19204"},{"taxonomy":"post_tag","embeddable":true,"href":"https:\/\/mdkoswiecim.pl\/index.php\/wp-json\/wp\/v2\/tags?post=19204"}],"curies":[{"name":"wp","href":"https:\/\/api.w.org\/{rel}","templated":true}]}}