{"id":19098,"date":"2024-04-16T13:27:00","date_gmt":"2024-04-16T11:27:00","guid":{"rendered":"https:\/\/mdkoswiecim.pl\/?p=19098"},"modified":"2024-04-19T14:38:19","modified_gmt":"2024-04-19T12:38:19","slug":"wyniki-po-4-etapie-oraz-wyniki-koncowe-konkursu-czytelniczego-nasze-lektury-dla-uczniow-szkol-srednich","status":"publish","type":"post","link":"https:\/\/mdkoswiecim.pl\/index.php\/2024\/04\/16\/wyniki-po-4-etapie-oraz-wyniki-koncowe-konkursu-czytelniczego-nasze-lektury-dla-uczniow-szkol-srednich\/","title":{"rendered":"WYNIKI PO 4. ETAPIE ORAZ WYNIKI KO\u0143COWE KONKURSU CZYTELNICZEGO &#8220;NASZE LEKTURY&#8221; DLA UCZNI\u00d3W SZK\u00d3\u0141 \u015aREDNICH"},"content":{"rendered":"\n<p>W dniu 05.04.2024 r. odby\u0142 si\u0119 IV etap II Powiatowego Konkursu Czytelniczego \u201eNasze lektury\u201d dla uczni\u00f3w szk\u00f3\u0142 \u015brednich. Tematem konkursu by\u0142 dramat &#8220;Lilia Weneda&#8221; Juliusza S\u0142owackiego.<\/p>\n\n\n\n<p>Do Konkursu przyst\u0105pi\u0142o 83 uczni\u00f3w z 7 szk\u00f3\u0142 z powiatu o\u015bwi\u0119cimskiego.<\/p>\n\n\n\n<p>Uczestnicy odpowiadali na pytania testu. Maksymalna ilo\u015b\u0107 punkt\u00f3w: 30<\/p>\n\n\n\n<p>Zwyci\u0119\u017cczyniami etapu zosta\u0142y ex aequo: GRA\u017bYNA CHROSTEK, EMILIA KRAMARCZYK i VICTORIA VOGLER z I LO w K\u0119tach oraz JULIA TATAR z PZ nr 2 SOMSiT w O\u015bwi\u0119cimiu, zdobywaj\u0105c 30 punkt\u00f3w.<\/p>\n\n\n\n<p>Gratulujemy.<\/p>\n\n\n\n<p><strong>Pozosta\u0142e wyniki 4. etapu zostan\u0105 przekazane szko\u0142om.<\/strong><\/p>\n\n\n\n<p>KWALIFIKACJA KO\u0143COWA:<\/p>\n\n\n\n<figure class=\"wp-block-table\"><table><tbody><tr><td><strong>NAZWISKO I IMI\u0118<\/strong><\/td><td><strong>SZKO\u0141A<\/strong><\/td><td><strong>SUMA PUNKT\u00d3W<\/strong><\/td><td><\/td><\/tr><tr><td>WIERO\u0143SKA NATALIA<\/td><td>PZ nr 9 K\u0119ty<\/td><td>130<\/td><td>I miejsce<\/td><\/tr><tr><td>HA\u0141AT KATARZYNA<\/td><td>ZSZTS<\/td><td>130<\/td><td>I miejsce<\/td><\/tr><tr><td>WIERO\u0143SKA PATRYCJA<\/td><td>PZ nr 9 K\u0119ty<\/td><td>127<\/td><td>II miejsce<\/td><\/tr><tr><td>CHROSTEK GRA\u017bYNA<\/td><td>I LO K\u0119ty<\/td><td>126<\/td><td>III miejsce<\/td><\/tr><tr><td>SIKORA KARINA<\/td><td>I LO K\u0119ty<\/td><td>122<\/td><td>WYR\u00d3\u017bNIENIE<\/td><\/tr><tr><td>KULAWIK AMELIA<\/td><td>ZSZTS<\/td><td>122<\/td><td>WYR\u00d3\u017bNIENIE<\/td><\/tr><tr><td>BIESIK MILENA<\/td><td>I LO K\u0119ty<\/td><td>120<\/td><td>WYR\u00d3\u017bNIENIE<\/td><\/tr><tr><td>SIKORA PAULINA<\/td><td>I LO K\u0119ty<\/td><td>120<\/td><td>WYR\u00d3\u017bNIENIE<\/td><\/tr><tr><td>KUBICZEK MA\u0141GORZATA<\/td><td>PZ nr 1 w O\u015bwi\u0119cimiu<\/td><td>119<\/td><td>WYR\u00d3\u017bNIENIE<\/td><\/tr><tr><td>JASIENIAK ALICJA<\/td><td>ZSZTS<\/td><td>119<\/td><td>WYR\u00d3\u017bNIENIE<\/td><\/tr><\/tbody><\/table><\/figure>\n\n\n\n<p>Wszystkim uczestnikom gratulujemy wiedzy.<\/p>\n\n\n\n<p><strong>W dniu 29 KWIETNIA 2024 r. o godz. 10.00 w sali kukie\u0142kowej O\u015bwi\u0119cimskiego Centrum Kultury odb\u0119dzie si\u0119 wr\u0119czenie nagr\u00f3d, na kt\u00f3re zapraszamy zwyci\u0119zc\u00f3w wszystkich etap\u00f3w, osoby, kt\u00f3re zaj\u0119\u0142y I, II i III miejsce oraz osoby wyr\u00f3\u017cnione.<\/strong><\/p>\n","protected":false},"excerpt":{"rendered":"<p>W dniu 05.04.2024 r. odby\u0142 si\u0119 IV etap II Powiatowego Konkursu Czytelniczego \u201eNasze lektury\u201d dla uczni\u00f3w szk\u00f3\u0142 \u015brednich. Tematem konkursu by\u0142 dramat &#8220;Lilia Weneda&#8221; Juliusza S\u0142owackiego. Do Konkursu przyst\u0105pi\u0142o 83 uczni\u00f3w z 7 szk\u00f3\u0142 z powiatu o\u015bwi\u0119cimskiego. Uczestnicy odpowiadali na pytania testu. Maksymalna ilo\u015b\u0107 punkt\u00f3w: 30 Zwyci\u0119\u017cczyniami etapu zosta\u0142y ex aequo: GRA\u017bYNA CHROSTEK, EMILIA KRAMARCZYK [&hellip;]<\/p>\n","protected":false},"author":3,"featured_media":19099,"comment_status":"closed","ping_status":"closed","sticky":false,"template":"","format":"standard","meta":{"footnotes":""},"categories":[107,108],"tags":[],"class_list":["post-19098","post","type-post","status-publish","format-standard","has-post-thumbnail","hentry","category-konkursy","category-aktualnosci"],"yoast_head":"<!-- This site is optimized with the Yoast SEO plugin v16.1.1 - https:\/\/yoast.com\/wordpress\/plugins\/seo\/ -->\n<title>WYNIKI PO 4. ETAPIE ORAZ WYNIKI KO\u0143COWE KONKURSU CZYTELNICZEGO &quot;NASZE LEKTURY&quot; DLA UCZNI\u00d3W SZK\u00d3\u0141 \u015aREDNICH - MDK<\/title>\n<link rel=\"canonical\" href=\"https:\/\/mdkoswiecim.pl\/index.php\/2024\/04\/16\/wyniki-po-4-etapie-oraz-wyniki-koncowe-konkursu-czytelniczego-nasze-lektury-dla-uczniow-szkol-srednich\/\" \/>\n<meta property=\"og:locale\" content=\"pl_PL\" \/>\n<meta property=\"og:type\" content=\"article\" \/>\n<meta property=\"og:title\" content=\"WYNIKI PO 4. ETAPIE ORAZ WYNIKI KO\u0143COWE KONKURSU CZYTELNICZEGO &quot;NASZE LEKTURY&quot; DLA UCZNI\u00d3W SZK\u00d3\u0141 \u015aREDNICH - MDK\" \/>\n<meta property=\"og:description\" content=\"W dniu 05.04.2024 r. odby\u0142 si\u0119 IV etap II Powiatowego Konkursu Czytelniczego \u201eNasze lektury\u201d dla uczni\u00f3w szk\u00f3\u0142 \u015brednich. Tematem konkursu by\u0142 dramat &#8220;Lilia Weneda&#8221; Juliusza S\u0142owackiego. Do Konkursu przyst\u0105pi\u0142o 83 uczni\u00f3w z 7 szk\u00f3\u0142 z powiatu o\u015bwi\u0119cimskiego. Uczestnicy odpowiadali na pytania testu. Maksymalna ilo\u015b\u0107 punkt\u00f3w: 30 Zwyci\u0119\u017cczyniami etapu zosta\u0142y ex aequo: GRA\u017bYNA CHROSTEK, EMILIA KRAMARCZYK [&hellip;]\" \/>\n<meta property=\"og:url\" content=\"https:\/\/mdkoswiecim.pl\/index.php\/2024\/04\/16\/wyniki-po-4-etapie-oraz-wyniki-koncowe-konkursu-czytelniczego-nasze-lektury-dla-uczniow-szkol-srednich\/\" \/>\n<meta property=\"og:site_name\" content=\"MDK\" \/>\n<meta property=\"article:published_time\" content=\"2024-04-16T11:27:00+00:00\" \/>\n<meta property=\"article:modified_time\" content=\"2024-04-19T12:38:19+00:00\" \/>\n<meta property=\"og:image\" content=\"https:\/\/mdkoswiecim.pl\/wp-content\/uploads\/2024\/04\/plakat-etap-III-srednie_page-0001-scaled-e1713266751479.jpg\" \/>\n\t<meta property=\"og:image:width\" content=\"1809\" \/>\n\t<meta property=\"og:image:height\" content=\"1280\" \/>\n<meta name=\"twitter:card\" content=\"summary_large_image\" \/>\n<meta name=\"twitter:label1\" content=\"Szacowany czas czytania\">\n\t<meta name=\"twitter:data1\" content=\"1 minuta\">\n<script type=\"application\/ld+json\" class=\"yoast-schema-graph\">{\"@context\":\"https:\/\/schema.org\",\"@graph\":[{\"@type\":\"WebSite\",\"@id\":\"https:\/\/mdkoswiecim.pl\/#website\",\"url\":\"https:\/\/mdkoswiecim.pl\/\",\"name\":\"MDK\",\"description\":\"M\\u0142odzie\\u017cowy Dom Kultury w O\\u015bwi\\u0119cimiu\",\"potentialAction\":[{\"@type\":\"SearchAction\",\"target\":\"https:\/\/mdkoswiecim.pl\/?s={search_term_string}\",\"query-input\":\"required name=search_term_string\"}],\"inLanguage\":\"pl-PL\"},{\"@type\":\"ImageObject\",\"@id\":\"https:\/\/mdkoswiecim.pl\/index.php\/2024\/04\/16\/wyniki-po-4-etapie-oraz-wyniki-koncowe-konkursu-czytelniczego-nasze-lektury-dla-uczniow-szkol-srednich\/#primaryimage\",\"inLanguage\":\"pl-PL\",\"url\":\"https:\/\/mdkoswiecim.pl\/wp-content\/uploads\/2024\/04\/plakat-etap-III-srednie_page-0001-scaled-e1713266751479.jpg\",\"contentUrl\":\"https:\/\/mdkoswiecim.pl\/wp-content\/uploads\/2024\/04\/plakat-etap-III-srednie_page-0001-scaled-e1713266751479.jpg\",\"width\":1809,\"height\":1280},{\"@type\":\"WebPage\",\"@id\":\"https:\/\/mdkoswiecim.pl\/index.php\/2024\/04\/16\/wyniki-po-4-etapie-oraz-wyniki-koncowe-konkursu-czytelniczego-nasze-lektury-dla-uczniow-szkol-srednich\/#webpage\",\"url\":\"https:\/\/mdkoswiecim.pl\/index.php\/2024\/04\/16\/wyniki-po-4-etapie-oraz-wyniki-koncowe-konkursu-czytelniczego-nasze-lektury-dla-uczniow-szkol-srednich\/\",\"name\":\"WYNIKI PO 4. ETAPIE ORAZ WYNIKI KO\\u0143COWE KONKURSU CZYTELNICZEGO \\\"NASZE LEKTURY\\\" DLA UCZNI\\u00d3W SZK\\u00d3\\u0141 \\u015aREDNICH - MDK\",\"isPartOf\":{\"@id\":\"https:\/\/mdkoswiecim.pl\/#website\"},\"primaryImageOfPage\":{\"@id\":\"https:\/\/mdkoswiecim.pl\/index.php\/2024\/04\/16\/wyniki-po-4-etapie-oraz-wyniki-koncowe-konkursu-czytelniczego-nasze-lektury-dla-uczniow-szkol-srednich\/#primaryimage\"},\"datePublished\":\"2024-04-16T11:27:00+00:00\",\"dateModified\":\"2024-04-19T12:38:19+00:00\",\"author\":{\"@id\":\"https:\/\/mdkoswiecim.pl\/#\/schema\/person\/d9c1081e4cfefcbccad7ec11fa250f7a\"},\"breadcrumb\":{\"@id\":\"https:\/\/mdkoswiecim.pl\/index.php\/2024\/04\/16\/wyniki-po-4-etapie-oraz-wyniki-koncowe-konkursu-czytelniczego-nasze-lektury-dla-uczniow-szkol-srednich\/#breadcrumb\"},\"inLanguage\":\"pl-PL\",\"potentialAction\":[{\"@type\":\"ReadAction\",\"target\":[\"https:\/\/mdkoswiecim.pl\/index.php\/2024\/04\/16\/wyniki-po-4-etapie-oraz-wyniki-koncowe-konkursu-czytelniczego-nasze-lektury-dla-uczniow-szkol-srednich\/\"]}]},{\"@type\":\"BreadcrumbList\",\"@id\":\"https:\/\/mdkoswiecim.pl\/index.php\/2024\/04\/16\/wyniki-po-4-etapie-oraz-wyniki-koncowe-konkursu-czytelniczego-nasze-lektury-dla-uczniow-szkol-srednich\/#breadcrumb\",\"itemListElement\":[{\"@type\":\"ListItem\",\"position\":1,\"item\":{\"@type\":\"WebPage\",\"@id\":\"https:\/\/mdkoswiecim.pl\/\",\"url\":\"https:\/\/mdkoswiecim.pl\/\",\"name\":\"Strona g\\u0142\\u00f3wna\"}},{\"@type\":\"ListItem\",\"position\":2,\"item\":{\"@type\":\"WebPage\",\"@id\":\"https:\/\/mdkoswiecim.pl\/index.php\/2024\/04\/16\/wyniki-po-4-etapie-oraz-wyniki-koncowe-konkursu-czytelniczego-nasze-lektury-dla-uczniow-szkol-srednich\/\",\"url\":\"https:\/\/mdkoswiecim.pl\/index.php\/2024\/04\/16\/wyniki-po-4-etapie-oraz-wyniki-koncowe-konkursu-czytelniczego-nasze-lektury-dla-uczniow-szkol-srednich\/\",\"name\":\"WYNIKI PO 4. ETAPIE ORAZ WYNIKI KO\\u0143COWE KONKURSU CZYTELNICZEGO &#8220;NASZE LEKTURY&#8221; DLA UCZNI\\u00d3W SZK\\u00d3\\u0141 \\u015aREDNICH\"}}]},{\"@type\":\"Person\",\"@id\":\"https:\/\/mdkoswiecim.pl\/#\/schema\/person\/d9c1081e4cfefcbccad7ec11fa250f7a\",\"name\":\"alina.kwarciak\",\"image\":{\"@type\":\"ImageObject\",\"@id\":\"https:\/\/mdkoswiecim.pl\/#personlogo\",\"inLanguage\":\"pl-PL\",\"url\":\"https:\/\/secure.gravatar.com\/avatar\/cce8f640650bbd69c0efc0afd2dddb7945a94129b978796401e58cac1eb8b87b?s=96&d=mm&r=g\",\"contentUrl\":\"https:\/\/secure.gravatar.com\/avatar\/cce8f640650bbd69c0efc0afd2dddb7945a94129b978796401e58cac1eb8b87b?s=96&d=mm&r=g\",\"caption\":\"alina.kwarciak\"}}]}<\/script>\n<!-- \/ Yoast SEO plugin. -->","_links":{"self":[{"href":"https:\/\/mdkoswiecim.pl\/index.php\/wp-json\/wp\/v2\/posts\/19098","targetHints":{"allow":["GET"]}}],"collection":[{"href":"https:\/\/mdkoswiecim.pl\/index.php\/wp-json\/wp\/v2\/posts"}],"about":[{"href":"https:\/\/mdkoswiecim.pl\/index.php\/wp-json\/wp\/v2\/types\/post"}],"author":[{"embeddable":true,"href":"https:\/\/mdkoswiecim.pl\/index.php\/wp-json\/wp\/v2\/users\/3"}],"replies":[{"embeddable":true,"href":"https:\/\/mdkoswiecim.pl\/index.php\/wp-json\/wp\/v2\/comments?post=19098"}],"version-history":[{"count":4,"href":"https:\/\/mdkoswiecim.pl\/index.php\/wp-json\/wp\/v2\/posts\/19098\/revisions"}],"predecessor-version":[{"id":19190,"href":"https:\/\/mdkoswiecim.pl\/index.php\/wp-json\/wp\/v2\/posts\/19098\/revisions\/19190"}],"wp:featuredmedia":[{"embeddable":true,"href":"https:\/\/mdkoswiecim.pl\/index.php\/wp-json\/wp\/v2\/media\/19099"}],"wp:attachment":[{"href":"https:\/\/mdkoswiecim.pl\/index.php\/wp-json\/wp\/v2\/media?parent=19098"}],"wp:term":[{"taxonomy":"category","embeddable":true,"href":"https:\/\/mdkoswiecim.pl\/index.php\/wp-json\/wp\/v2\/categories?post=19098"},{"taxonomy":"post_tag","embeddable":true,"href":"https:\/\/mdkoswiecim.pl\/index.php\/wp-json\/wp\/v2\/tags?post=19098"}],"curies":[{"name":"wp","href":"https:\/\/api.w.org\/{rel}","templated":true}]}}