{"id":19094,"date":"2024-04-12T09:59:18","date_gmt":"2024-04-12T07:59:18","guid":{"rendered":"https:\/\/mdkoswiecim.pl\/?p=19094"},"modified":"2024-04-12T09:59:18","modified_gmt":"2024-04-12T07:59:18","slug":"konkurs-plastyczny-kufer-wyobrazni-rozdanie-nagrod","status":"publish","type":"post","link":"https:\/\/mdkoswiecim.pl\/index.php\/2024\/04\/12\/konkurs-plastyczny-kufer-wyobrazni-rozdanie-nagrod\/","title":{"rendered":"Konkurs plastyczny &#8220;Kufer Wyobra\u017ani&#8221; &#8211; rozdanie nagr\u00f3d."},"content":{"rendered":"\n<p>Serdecznie zapraszamy na rozdanie nagr\u00f3d w konkursie plastycznym &#8220;Kufer Wyobra\u017ani&#8221;, kt\u00f3re odb\u0119dzie si\u0119 23 kwietnia o g. 15:30 w O\u015bwi\u0119cimskim Centrum Kultury.  <\/p>\n","protected":false},"excerpt":{"rendered":"<p>Serdecznie zapraszamy na rozdanie nagr\u00f3d w konkursie plastycznym &#8220;Kufer Wyobra\u017ani&#8221;, kt\u00f3re odb\u0119dzie si\u0119 23 kwietnia o g. 15:30 w O\u015bwi\u0119cimskim Centrum Kultury.<\/p>\n","protected":false},"author":2,"featured_media":19080,"comment_status":"closed","ping_status":"closed","sticky":false,"template":"","format":"standard","meta":{"footnotes":""},"categories":[107,108],"tags":[],"class_list":["post-19094","post","type-post","status-publish","format-standard","has-post-thumbnail","hentry","category-konkursy","category-aktualnosci"],"yoast_head":"<!-- This site is optimized with the Yoast SEO plugin v16.1.1 - https:\/\/yoast.com\/wordpress\/plugins\/seo\/ -->\n<title>Konkurs plastyczny &quot;Kufer Wyobra\u017ani&quot; - rozdanie nagr\u00f3d. - MDK<\/title>\n<link rel=\"canonical\" href=\"https:\/\/mdkoswiecim.pl\/index.php\/2024\/04\/12\/konkurs-plastyczny-kufer-wyobrazni-rozdanie-nagrod\/\" \/>\n<meta property=\"og:locale\" content=\"pl_PL\" \/>\n<meta property=\"og:type\" content=\"article\" \/>\n<meta property=\"og:title\" content=\"Konkurs plastyczny &quot;Kufer Wyobra\u017ani&quot; - rozdanie nagr\u00f3d. - MDK\" \/>\n<meta property=\"og:description\" content=\"Serdecznie zapraszamy na rozdanie nagr\u00f3d w konkursie plastycznym &#8220;Kufer Wyobra\u017ani&#8221;, kt\u00f3re odb\u0119dzie si\u0119 23 kwietnia o g. 15:30 w O\u015bwi\u0119cimskim Centrum Kultury.\" \/>\n<meta property=\"og:url\" content=\"https:\/\/mdkoswiecim.pl\/index.php\/2024\/04\/12\/konkurs-plastyczny-kufer-wyobrazni-rozdanie-nagrod\/\" \/>\n<meta property=\"og:site_name\" content=\"MDK\" \/>\n<meta property=\"article:published_time\" content=\"2024-04-12T07:59:18+00:00\" \/>\n<meta property=\"og:image\" content=\"https:\/\/mdkoswiecim.pl\/wp-content\/uploads\/2024\/04\/plakat1-2_page-000111.jpg\" \/>\n\t<meta property=\"og:image:width\" content=\"2481\" \/>\n\t<meta property=\"og:image:height\" content=\"1455\" \/>\n<meta name=\"twitter:card\" content=\"summary_large_image\" \/>\n<meta name=\"twitter:label1\" content=\"Szacowany czas czytania\">\n\t<meta name=\"twitter:data1\" content=\"1 minuta\">\n<script type=\"application\/ld+json\" class=\"yoast-schema-graph\">{\"@context\":\"https:\/\/schema.org\",\"@graph\":[{\"@type\":\"WebSite\",\"@id\":\"https:\/\/mdkoswiecim.pl\/#website\",\"url\":\"https:\/\/mdkoswiecim.pl\/\",\"name\":\"MDK\",\"description\":\"M\\u0142odzie\\u017cowy Dom Kultury w O\\u015bwi\\u0119cimiu\",\"potentialAction\":[{\"@type\":\"SearchAction\",\"target\":\"https:\/\/mdkoswiecim.pl\/?s={search_term_string}\",\"query-input\":\"required name=search_term_string\"}],\"inLanguage\":\"pl-PL\"},{\"@type\":\"ImageObject\",\"@id\":\"https:\/\/mdkoswiecim.pl\/index.php\/2024\/04\/12\/konkurs-plastyczny-kufer-wyobrazni-rozdanie-nagrod\/#primaryimage\",\"inLanguage\":\"pl-PL\",\"url\":\"https:\/\/mdkoswiecim.pl\/wp-content\/uploads\/2024\/04\/plakat1-2_page-000111.jpg\",\"contentUrl\":\"https:\/\/mdkoswiecim.pl\/wp-content\/uploads\/2024\/04\/plakat1-2_page-000111.jpg\",\"width\":2481,\"height\":1455},{\"@type\":\"WebPage\",\"@id\":\"https:\/\/mdkoswiecim.pl\/index.php\/2024\/04\/12\/konkurs-plastyczny-kufer-wyobrazni-rozdanie-nagrod\/#webpage\",\"url\":\"https:\/\/mdkoswiecim.pl\/index.php\/2024\/04\/12\/konkurs-plastyczny-kufer-wyobrazni-rozdanie-nagrod\/\",\"name\":\"Konkurs plastyczny \\\"Kufer Wyobra\\u017ani\\\" - rozdanie nagr\\u00f3d. - MDK\",\"isPartOf\":{\"@id\":\"https:\/\/mdkoswiecim.pl\/#website\"},\"primaryImageOfPage\":{\"@id\":\"https:\/\/mdkoswiecim.pl\/index.php\/2024\/04\/12\/konkurs-plastyczny-kufer-wyobrazni-rozdanie-nagrod\/#primaryimage\"},\"datePublished\":\"2024-04-12T07:59:18+00:00\",\"dateModified\":\"2024-04-12T07:59:18+00:00\",\"author\":{\"@id\":\"https:\/\/mdkoswiecim.pl\/#\/schema\/person\/de4e1c3f9f9805d4834a83cd933e83a4\"},\"breadcrumb\":{\"@id\":\"https:\/\/mdkoswiecim.pl\/index.php\/2024\/04\/12\/konkurs-plastyczny-kufer-wyobrazni-rozdanie-nagrod\/#breadcrumb\"},\"inLanguage\":\"pl-PL\",\"potentialAction\":[{\"@type\":\"ReadAction\",\"target\":[\"https:\/\/mdkoswiecim.pl\/index.php\/2024\/04\/12\/konkurs-plastyczny-kufer-wyobrazni-rozdanie-nagrod\/\"]}]},{\"@type\":\"BreadcrumbList\",\"@id\":\"https:\/\/mdkoswiecim.pl\/index.php\/2024\/04\/12\/konkurs-plastyczny-kufer-wyobrazni-rozdanie-nagrod\/#breadcrumb\",\"itemListElement\":[{\"@type\":\"ListItem\",\"position\":1,\"item\":{\"@type\":\"WebPage\",\"@id\":\"https:\/\/mdkoswiecim.pl\/\",\"url\":\"https:\/\/mdkoswiecim.pl\/\",\"name\":\"Strona g\\u0142\\u00f3wna\"}},{\"@type\":\"ListItem\",\"position\":2,\"item\":{\"@type\":\"WebPage\",\"@id\":\"https:\/\/mdkoswiecim.pl\/index.php\/2024\/04\/12\/konkurs-plastyczny-kufer-wyobrazni-rozdanie-nagrod\/\",\"url\":\"https:\/\/mdkoswiecim.pl\/index.php\/2024\/04\/12\/konkurs-plastyczny-kufer-wyobrazni-rozdanie-nagrod\/\",\"name\":\"Konkurs plastyczny &#8220;Kufer Wyobra\\u017ani&#8221; &#8211; rozdanie nagr\\u00f3d.\"}}]},{\"@type\":\"Person\",\"@id\":\"https:\/\/mdkoswiecim.pl\/#\/schema\/person\/de4e1c3f9f9805d4834a83cd933e83a4\",\"name\":\"janusz.majcherek\",\"image\":{\"@type\":\"ImageObject\",\"@id\":\"https:\/\/mdkoswiecim.pl\/#personlogo\",\"inLanguage\":\"pl-PL\",\"url\":\"https:\/\/secure.gravatar.com\/avatar\/841ee0bdfc0ec9800cdb49de086063cd2bdca44d52221b7fee4d6a2db5eafb17?s=96&d=mm&r=g\",\"contentUrl\":\"https:\/\/secure.gravatar.com\/avatar\/841ee0bdfc0ec9800cdb49de086063cd2bdca44d52221b7fee4d6a2db5eafb17?s=96&d=mm&r=g\",\"caption\":\"janusz.majcherek\"}}]}<\/script>\n<!-- \/ Yoast SEO plugin. -->","_links":{"self":[{"href":"https:\/\/mdkoswiecim.pl\/index.php\/wp-json\/wp\/v2\/posts\/19094","targetHints":{"allow":["GET"]}}],"collection":[{"href":"https:\/\/mdkoswiecim.pl\/index.php\/wp-json\/wp\/v2\/posts"}],"about":[{"href":"https:\/\/mdkoswiecim.pl\/index.php\/wp-json\/wp\/v2\/types\/post"}],"author":[{"embeddable":true,"href":"https:\/\/mdkoswiecim.pl\/index.php\/wp-json\/wp\/v2\/users\/2"}],"replies":[{"embeddable":true,"href":"https:\/\/mdkoswiecim.pl\/index.php\/wp-json\/wp\/v2\/comments?post=19094"}],"version-history":[{"count":1,"href":"https:\/\/mdkoswiecim.pl\/index.php\/wp-json\/wp\/v2\/posts\/19094\/revisions"}],"predecessor-version":[{"id":19095,"href":"https:\/\/mdkoswiecim.pl\/index.php\/wp-json\/wp\/v2\/posts\/19094\/revisions\/19095"}],"wp:featuredmedia":[{"embeddable":true,"href":"https:\/\/mdkoswiecim.pl\/index.php\/wp-json\/wp\/v2\/media\/19080"}],"wp:attachment":[{"href":"https:\/\/mdkoswiecim.pl\/index.php\/wp-json\/wp\/v2\/media?parent=19094"}],"wp:term":[{"taxonomy":"category","embeddable":true,"href":"https:\/\/mdkoswiecim.pl\/index.php\/wp-json\/wp\/v2\/categories?post=19094"},{"taxonomy":"post_tag","embeddable":true,"href":"https:\/\/mdkoswiecim.pl\/index.php\/wp-json\/wp\/v2\/tags?post=19094"}],"curies":[{"name":"wp","href":"https:\/\/api.w.org\/{rel}","templated":true}]}}