{"id":19079,"date":"2024-04-11T13:33:57","date_gmt":"2024-04-11T11:33:57","guid":{"rendered":"https:\/\/mdkoswiecim.pl\/?p=19079"},"modified":"2024-04-12T10:01:36","modified_gmt":"2024-04-12T08:01:36","slug":"wyniki-v-powiatowego-konkursu-plastycznego-kufer-wyobraznipod-haslem-w-moim-snie","status":"publish","type":"post","link":"https:\/\/mdkoswiecim.pl\/index.php\/2024\/04\/11\/wyniki-v-powiatowego-konkursu-plastycznego-kufer-wyobraznipod-haslem-w-moim-snie\/","title":{"rendered":"Wyniki V Powiatowego Konkursu Plastycznego \u201eKufer Wyobra\u017ani\u201dpod has\u0142em \u201eW moim \u015bnie\u201d"},"content":{"rendered":"\n<p>O\u015bwi\u0119cim, 2.04.2024<\/p>\n\n\n\n<p>Wyniki V Powiatowego Konkursu Plastycznego \u201eKufer Wyobra\u017ani\u201d<\/p>\n\n\n\n<p>pod has\u0142em \u201eW moim \u015bnie\u201d<\/p>\n\n\n\n<p>Na konkurs wp\u0142yn\u0119\u0142y 762 prace. Komisja konkursowa pod przewodnictwem pani Magdaleny Prochowskiej postanowi\u0142a przyzna\u0107 nagrody i wyr\u00f3\u017cnienia w nast\u0119puj\u0105cych kategoriach wiekowych:<\/p>\n\n\n\n<p><strong>SZKO\u0141Y<\/strong><\/p>\n\n\n\n<p><strong>Kategoria I \u2013 Nagrody<\/strong><\/p>\n\n\n\n<figure class=\"wp-block-table\"><table><tbody><tr><td><em>Lp.<\/em><\/td><td><em>Imi\u0119 i nazwisko<\/em><\/td><td><em>Szko\u0142a (plac\u00f3wka)<\/em><\/td><td><em>Nauczyciel<\/em><\/td><\/tr><tr><td>1.<\/td><td>POLA BALCEREK<\/td><td>SZS nr 1 w Che\u0142mku<\/td><td>Agnieszka Mucha<\/td><\/tr><tr><td>2.<\/td><td>IGA BIZO\u0143<\/td><td>SP w Brzezince<\/td><td>Barbara Waliczek<\/td><\/tr><tr><td>3.<\/td><td>JAKUB FUDALA<\/td><td>ZSP nr 1 w Osieku<\/td><td>Agata Wr\u00f3bel<\/td><\/tr><\/tbody><\/table><\/figure>\n\n\n\n<p><strong>Kategoria I &#8211; Wyr\u00f3\u017cnienia<\/strong><\/p>\n\n\n\n<figure class=\"wp-block-table\"><table><tbody><tr><td><em>Lp.<\/em><\/td><td><em>Imi\u0119 i nazwisko<\/em><\/td><td><em>Szko\u0142a (plac\u00f3wka)<\/em><\/td><td><em>Nauczyciel<\/em><\/td><\/tr><tr><td>1.<\/td><td>ALEKSANDRA WO\u0179NICKA<\/td><td>SP nr 8 w O\u015bwi\u0119cimiu<\/td><td>Anetta Sanak<\/td><\/tr><tr><td>2.<\/td><td>ALEKSANDER ADAMUS<\/td><td>ZSP nr 1 w Osieku<\/td><td>Agata Wr\u00f3bel<\/td><\/tr><tr><td>3.<\/td><td>MARCEL LEGIERSKI<\/td><td>ZSP nr 1 w Osieku<\/td><td>Agata Wr\u00f3bel<\/td><\/tr><tr><td>4.<\/td><td>MARIA ZIMA<\/td><td>SP nr 8 w O\u015bwi\u0119cimiu<\/td><td>Anetta Sanak<\/td><\/tr><\/tbody><\/table><\/figure>\n\n\n\n<p>Kategoria II &#8211; Nagrody<\/p>\n\n\n\n<figure class=\"wp-block-table\"><table><tbody><tr><td><em>Lp.<\/em><\/td><td><em>Imi\u0119 i nazwisko<\/em><\/td><td><em>Szko\u0142a (plac\u00f3wka)<\/em><\/td><td><em>Nauczyciel<\/em><\/td><\/tr><tr><td>1.<\/td><td>KALEN MENTEL<\/td><td>SP nr 2 w O\u015bwi\u0119cimiu<\/td><td>Jolanta Brandys<\/td><\/tr><tr><td>2.<\/td><td>CYRYL \u0141UCZAK<\/td><td>SP nr 9 w O\u015bwi\u0119cimiu<\/td><td>Joanna Knurowska<\/td><\/tr><tr><td>3.<\/td><td>ROKSANA BIZIOREK<\/td><td>SP nr 9 w O\u015bwi\u0119cimiu<\/td><td>Joanna Knurowska<\/td><\/tr><\/tbody><\/table><\/figure>\n\n\n\n<p>Kategoria II &#8211; Wyr\u00f3\u017cnienia<\/p>\n\n\n\n<figure class=\"wp-block-table\"><table><tbody><tr><td><em>Lp.<\/em><\/td><td><em>Imi\u0119 i nazwisko<\/em><\/td><td><em>Szko\u0142a (plac\u00f3wka)<\/em><\/td><td><em>Nauczyciel<\/em><\/td><\/tr><tr><td>1.<\/td><td>MARIA JANS<\/td><td>SP nr 1 w O\u015bwi\u0119cimiu<\/td><td>Jolanta Brandys<\/td><\/tr><tr><td>2.<\/td><td>GAJA LOREK<\/td><td>SP nr 11 w O\u015bwi\u0119cimiu<\/td><td>Beata Baran<\/td><\/tr><tr><td>3.<\/td><td>ALBERT KUSZNERUT<\/td><td>SP nr 1 w O\u015bwi\u0119cimiu<\/td><td>Jolanta Brandys<\/td><\/tr><tr><td>4.<\/td><td>D\u017bASMINA PIETRUSZKA<\/td><td>SP nr 2 w O\u015bwi\u0119cimiu<\/td><td>Jolanta Brandys<\/td><\/tr><tr><td>5.<\/td><td>MARCIN WO\u0141PIUK<\/td><td>SP nr 8 w O\u015bwi\u0119cimiu<\/td><td>Anetta Sanak<\/td><\/tr><\/tbody><\/table><\/figure>\n\n\n\n<p>Kategoria III &#8211; Nagrody<\/p>\n\n\n\n<figure class=\"wp-block-table\"><table><tbody><tr><td><em>Lp.<\/em><\/td><td><em>Imi\u0119 i nazwisko<\/em><\/td><td><em>Szko\u0142a (plac\u00f3wka)<\/em><\/td><td><em>Nauczyciel<\/em><\/td><\/tr><tr><td>1.<\/td><td>DOMINIKA GW\u00d3\u0179D\u0179<\/td><td>SP nr 4 w O\u015bwi\u0119cimiu<\/td><td>Jolanta Brandys<\/td><\/tr><tr><td>2.<\/td><td>ANNA GA\u017bA<\/td><td>ZSZ TS w O\u015bwi\u0119cimiu<\/td><td>El\u017cbieta Wardza\u0142a-Sere\u015b<\/td><\/tr><tr><td>3.<\/td><td>WIKTORIA KOVACS<\/td><td>ZSZ TS w O\u015bwi\u0119cimiu<\/td><td>El\u017cbieta Wardza\u0142a-Sere\u015b<\/td><\/tr><\/tbody><\/table><\/figure>\n\n\n\n<p>Kategoria III &#8211; Wyr\u00f3\u017cnienia<\/p>\n\n\n\n<figure class=\"wp-block-table\"><table><tbody><tr><td><em>Lp.<\/em><\/td><td><em>Imi\u0119 i nazwisko<\/em><\/td><td><em>Szko\u0142a (plac\u00f3wka)<\/em><\/td><td><em>Nauczyciel<\/em><\/td><\/tr><tr><td>1.<\/td><td>KORNELIA BOROWCZYK<\/td><td>ZSP nr 4 w Brzeszczach<\/td><td>Joanna Wenda<\/td><\/tr><tr><td>2.<\/td><td>MILENA \u0106WIEK<\/td><td>SP nr 1 w O\u015bwi\u0119cimiu<\/td><td>Jolanta Brandys<\/td><\/tr><tr><td>3.<\/td><td>AURELIA MIKA<\/td><td>ZSZ TS w O\u015bwi\u0119cimiu<\/td><td>El\u017cbieta Wardza\u0142a-Sere\u015b<\/td><\/tr><tr><td>4.<\/td><td>MATYLDA WAC\u0141AWEK<\/td><td>ZSZ TS w O\u015bwi\u0119cimiu<\/td><td>El\u017cbieta Wardza\u0142a-Sere\u015b<\/td><\/tr><\/tbody><\/table><\/figure>\n\n\n\n<p><strong>PLAC\u00d3WKI POZASZKOLNE<\/strong><\/p>\n\n\n\n<p><strong>Kategoria I &#8211; Nagrody<\/strong><\/p>\n\n\n\n<figure class=\"wp-block-table\"><table><tbody><tr><td><em>Lp.<\/em><\/td><td><em>Imi\u0119 i nazwisko<\/em><\/td><td><em>Szko\u0142a (plac\u00f3wka)<\/em><\/td><td><em>Nauczyciel<\/em><\/td><\/tr><tr><td>1.<\/td><td>MICHA\u0141 D\u017bON<\/td><td>M\u0142odzie\u017cowy Dom Kultury w O\u015bwi\u0119cimiu<\/td><td>El\u017cbieta Wardza\u0142a-Sere\u015b<\/td><\/tr><tr><td>2.<\/td><td>MAJA SZYJKA<\/td><td>M\u0142odzie\u017cowy Dom Kultury w O\u015bwi\u0119cimiu<\/td><td>Anetta Sanak<\/td><\/tr><tr><td>3.<\/td><td>MELANIA HNATKOVYCH<\/td><td>M\u0142odzie\u017cowy Dom Kultury w O\u015bwi\u0119cimiu<\/td><td>Ma\u0142gorzata Dom\u017ca\u0142<\/td><\/tr><tr><td>4.<\/td><td>ZUZANNA SZCZUREK<\/td><td>M\u0142odzie\u017cowy Dom Kultury w O\u015bwi\u0119cimiu<\/td><td>Agnieszka Mucha<\/td><\/tr><tr><td>5.<\/td><td>AMELIA W\u0141OSZEK<\/td><td>O\u015bwi\u0119cimskie Centrum Kultury<\/td><td><br><\/td><\/tr><\/tbody><\/table><\/figure>\n\n\n\n<p><strong>Kategoria I<\/strong> &#8211; Wyr\u00f3\u017cnienia<\/p>\n\n\n\n<figure class=\"wp-block-table\"><table><tbody><tr><td><em>Lp.<\/em><\/td><td><em>Imi\u0119 i nazwisko<\/em><\/td><td><em>Szko\u0142a (plac\u00f3wka)<\/em><\/td><td><em>Nauczyciel<\/em><\/td><\/tr><tr><td>1.<\/td><td>MAJA KUCZNIK<\/td><td>M\u0142odzie\u017cowy Dom Kultury w O\u015bwi\u0119cimiu<\/td><td>Agnieszka Mucha<\/td><\/tr><tr><td>2.<\/td><td>OLGA CZARNOCKA<\/td><td>M\u0142odzie\u017cowy Dom Kultury w O\u015bwi\u0119cimiu<\/td><td>Agnieszka Mucha<\/td><\/tr><tr><td>3.<\/td><td>JAGODA NAWALANY<\/td><td>M\u0142odzie\u017cowy Dom Kultury w O\u015bwi\u0119cimiu<\/td><td>Anetta Sanak<\/td><\/tr><tr><td>4.<\/td><td>ALEKSANDRA SZCZYGIE\u0141<\/td><td>M\u0142odzie\u017cowy Dom Kultury w O\u015bwi\u0119cimiu<\/td><td>Anetta Sanak<\/td><\/tr><\/tbody><\/table><\/figure>\n\n\n\n<p>Kategoria II &#8211; Nagrody<\/p>\n\n\n\n<figure class=\"wp-block-table\"><table><tbody><tr><td><em>Lp.<\/em><\/td><td><em>Imi\u0119 i nazwisko<\/em><\/td><td><em>Szko\u0142a (plac\u00f3wka)<\/em><\/td><td><em>Nauczyciel<\/em><\/td><\/tr><tr><td>1.<\/td><td>BART\u0141OMIEJ M\u0104DRALA<\/td><td>M\u0142odzie\u017cowy Dom Kultury w O\u015bwi\u0119cimiu<\/td><td>Agnieszka Mucha<\/td><\/tr><tr><td>2.<\/td><td>EMILIA KRAWCZYK<\/td><td>M\u0142odzie\u017cowy Dom Kultury w O\u015bwi\u0119cimiu<\/td><td>El\u017cbieta Wardza\u0142a-Sere\u015b<\/td><\/tr><tr><td>3.<\/td><td>EMILIA HANUSZEK<\/td><td>M\u0142odzie\u017cowy Dom Kultury w O\u015bwi\u0119cimiu<\/td><td>El\u017cbieta Wardza\u0142a-Sere\u015b<\/td><\/tr><\/tbody><\/table><\/figure>\n\n\n\n<p>Kategoria II &#8211; Wyr\u00f3\u017cnienia<\/p>\n\n\n\n<figure class=\"wp-block-table\"><table><tbody><tr><td><em>Lp.<\/em><\/td><td><em>Imi\u0119 i nazwisko<\/em><\/td><td><em>Szko\u0142a (plac\u00f3wka)<\/em><\/td><td><em>Nauczyciel<\/em><\/td><\/tr><tr><td>1.<\/td><td>AMADEUSZ B\u0118GZIAK<\/td><td>Laboratorium Sztuki O\u015bwi\u0119cim<\/td><td>Agnieszka Ko\u0142odziej-Ry\u015b<\/td><\/tr><tr><td>2.<\/td><td>ADAM KULPA<\/td><td>M\u0142odzie\u017cowy Dom Kultury w O\u015bwi\u0119cimiu<\/td><td>El\u017cbieta Wardza\u0142a-Sere\u015b<\/td><\/tr><\/tbody><\/table><\/figure>\n\n\n\n<p><strong>Kategoria III<\/strong> &#8211; Nagrody<\/p>\n\n\n\n<figure class=\"wp-block-table\"><table><tbody><tr><td><em>Lp.<\/em><\/td><td><em>Imi\u0119 i nazwisko<\/em><\/td><td><em>Szko\u0142a (plac\u00f3wka)<\/em><\/td><td><em>Nauczyciel<\/em><\/td><\/tr><tr><td>1.<\/td><td>MATEUSZ CHUDY<\/td><td>M\u0142odzie\u017cowy Dom Kultury w O\u015bwi\u0119cimiu<\/td><td>El\u017cbieta Wardza\u0142a-Sere\u015b<\/td><\/tr><tr><td>2.<\/td><td>KRZYSZTOF MI\u0141O\u0143<\/td><td>M\u0142odzie\u017cowy Dom Kultury w O\u015bwi\u0119cimiu<\/td><td>El\u017cbieta Wardza\u0142a-Sere\u015b<\/td><\/tr><tr><td>3.<\/td><td>WERONIKA SZOJDA<\/td><td>O\u015bwi\u0119cimskie Centrum Kultury<\/td><td>W\u0142adys\u0142awa Kapci\u0144ska<\/td><\/tr><\/tbody><\/table><\/figure>\n\n\n\n<p>Kategoria III &#8211; Wyr\u00f3\u017cnienia<\/p>\n\n\n\n<figure class=\"wp-block-table\"><table><tbody><tr><td><em>Lp.<\/em><\/td><td><em>Imi\u0119 i nazwisko<\/em><\/td><td><em>Szko\u0142a (plac\u00f3wka)<\/em><\/td><td><em>Nauczyciel<\/em><\/td><\/tr><tr><td>1.<\/td><td>KALINA SMREK<\/td><td>M\u0142odzie\u017cowy Dom Kultury w O\u015bwi\u0119cimiu<\/td><td>El\u017cbieta Wardza\u0142a-Sere\u015b<\/td><\/tr><tr><td>2.<\/td><td>HELENA DRZY\u017bD\u017bYK<\/td><td>Laboratorium Sztuki O\u015bwi\u0119cim<\/td><td>Agnieszka Ko\u0142odziej-Ry\u015b<\/td><\/tr><tr><td>3.<\/td><td>MAGDALENA M\u0104SIOR<\/td><td>M\u0142odzie\u017cowy Dom Kultury w O\u015bwi\u0119cimiu<\/td><td>El\u017cbieta Wardza\u0142a-Sere\u015b<\/td><\/tr><tr><td>4.<\/td><td>ZUZANNA W\u0104SIK<\/td><td>M\u0142odzie\u017cowy Dom Kultury w O\u015bwi\u0119cimiu<\/td><td>El\u017cbieta Wardza\u0142a-Sere\u015b<\/td><\/tr><\/tbody><\/table><\/figure>\n\n\n\n<p><strong>KATEGORIA IV \u2013 szko\u0142y specjalne<\/strong><\/p>\n\n\n\n<p>Nagrody<\/p>\n\n\n\n<figure class=\"wp-block-table\"><table><tbody><tr><td><em>Lp.<\/em><\/td><td><em>Imi\u0119 i nazwisko<\/em><\/td><td><em>Szko\u0142a (plac\u00f3wka)<\/em><\/td><td><em>Nauczyciel<\/em><\/td><\/tr><tr><td>1.<\/td><td>KACPER MICHA\u0141OWSKI<\/td><td>Specjalny O\u015brodek Szkolno-Wychowawczy w O\u015bwi\u0119cimiu<\/td><td>Jowita Greczner<\/td><\/tr><tr><td>2.<\/td><td>JAKUB G\u0141\u0104B<\/td><td>Specjalny O\u015brodek Szkolno-Wychowawczy w O\u015bwi\u0119cimiu<\/td><td>Adrianna Gniadek<\/td><\/tr><tr><td>3.<\/td><td>EMILIA \u0141AWCZYS<\/td><td>M\u0142odzie\u017cowy Dom Kultury w O\u015bwi\u0119cimiu<\/td><td>Ma\u0142gorzata Dom\u017ca\u0142<\/td><\/tr><\/tbody><\/table><\/figure>\n\n\n\n<p>Wyr\u00f3\u017cnienia<\/p>\n\n\n\n<figure class=\"wp-block-table\"><table><tbody><tr><td><em>Lp.<\/em><\/td><td><em>Imi\u0119 i nazwisko<\/em><\/td><td><em>Szko\u0142a (plac\u00f3wka)<\/em><\/td><td><em>Nauczyciel<\/em><\/td><\/tr><tr><td>1.<\/td><td>GABRIEL IWANICKI<\/td><td>Specjalny O\u015brodek Szkolno-Wychowawczy w O\u015bwi\u0119cimiu<\/td><td>Monika Ko\u0142odziejczyk<\/td><\/tr><tr><td>2.<\/td><td>ANGELIKA JAKUBIK<\/td><td>Specjalny O\u015brodek Szkolno-Wychowawczy w O\u015bwi\u0119cimiu<\/td><td>Jowita Greczner<\/td><\/tr><tr><td>3.<\/td><td>JULIA MACHOWSKA<\/td><td>Specjalny O\u015brodek Szkolno-Wychowawczy w O\u015bwi\u0119cimiu<\/td><td>Adrianna Gniadek<\/td><\/tr><tr><td>4.<\/td><td>KACPER CZUBA<\/td><td>Specjalny O\u015brodek Szkolno-Wychowawczy w O\u015bwi\u0119cimiu<\/td><td>Adrianna Gniadek<\/td><\/tr><tr><td>5.<\/td><td>ZDZIS\u0141AW HRAPKOWICZ<\/td><td>Specjalny O\u015brodek Szkolno-Wychowawczy w O\u015bwi\u0119cimiu<\/td><td>Adrianna Gniadek<\/td><\/tr><\/tbody><\/table><\/figure>\n\n\n\n<p>KWALIFIKACJE DO WYSTAWY<\/p>\n\n\n\n<figure class=\"wp-block-table\"><table><tbody><tr><td><em>Lp.<\/em><\/td><td><em>Imi\u0119 i nazwisko<\/em><\/td><td><em>Szko\u0142a (plac\u00f3wka)<\/em><\/td><td><em>Nauczyciel<\/em><\/td><\/tr><tr><td>1.<\/td><td>AMELIA GAJDEMSKA<\/td><td>Specjalny O\u015brodek Szkolno-Wychowawczy w O\u015bwi\u0119cimiu<\/td><td>Monika Ko\u0142odziejczyk<\/td><\/tr><tr><td>2.<\/td><td>BARTOSZ SEROCKI<\/td><td>Specjalny O\u015brodek Szkolno-Wychowawczy w O\u015bwi\u0119cimiu<\/td><td>Adrianna Gniadek<\/td><\/tr><tr><td>3.<\/td><td>SANDRA JANUSZYK<\/td><td>Specjalny O\u015brodek Szkolno-Wychowawczy w O\u015bwi\u0119cimiu<\/td><td>Adrianna Gniadek<\/td><\/tr><\/tbody><\/table><\/figure>\n\n\n\n<p><strong>KWALIFIKACJE DO WYSTAWY<\/strong><\/p>\n\n\n\n<p><strong>SZKO\u0141Y<\/strong><\/p>\n\n\n\n<p>Kategoria I<\/p>\n\n\n\n<figure class=\"wp-block-table\"><table><tbody><tr><td><em>Lp.<\/em><\/td><td><em>Imi\u0119 i nazwisko<\/em><\/td><td><em>Szko\u0142a (plac\u00f3wka)<\/em><\/td><td><em>Nauczyciel<\/em><\/td><\/tr><tr><td>1.<\/td><td>FILIP DZIEDZIC<\/td><td>ZSP nr 1 w Osieku<\/td><td>Agata Wr\u00f3bel<\/td><\/tr><tr><td>2.<\/td><td>GABRIELA KULKA<\/td><td>SP w Brzezince<\/td><td>Barbara Waliczek<\/td><\/tr><tr><td>3.<\/td><td>FABIAN SOSNOWSKI<\/td><td>SP w Brzezince<\/td><td>Barbara Waliczek<\/td><\/tr><tr><td>4.<\/td><td>MAJA GUZY<\/td><td>SZS-P nr 2 w Che\u0142mku<\/td><td>Ewa Raczek<\/td><\/tr><tr><td>5.<\/td><td>KAMILA KO\u0106WIN<\/td><td>ZSP nr 1 w Przecieszynie<\/td><td>Dorota Chrapek<\/td><\/tr><tr><td>6.<\/td><td>MARTYNA PACYGA<\/td><td>ZSP nr 1 w Osieku<\/td><td>Anna Kacorzyk<\/td><\/tr><\/tbody><\/table><\/figure>\n\n\n\n<p>Kategoria II<\/p>\n\n\n\n<figure class=\"wp-block-table\"><table><tbody><tr><td><em>Lp.<\/em><\/td><td><em>Imi\u0119 i nazwisko<\/em><\/td><td><em>Szko\u0142a (plac\u00f3wka)<\/em><\/td><td><em>Nauczyciel<\/em><\/td><\/tr><tr><td>1.<\/td><td>MARIA KASPEREK<\/td><td>ZSP nr 1 w Osieku<\/td><td>Justyna K\u0142ys<\/td><\/tr><tr><td>2.<\/td><td>LENA KOLBER<\/td><td>SP nr 4 w O\u015bwi\u0119cimiu<\/td><td>Jolanta Brandys<\/td><\/tr><tr><td>3.<\/td><td>ANTONINA JEKIE\u0141EK<\/td><td>SP nr 4 w O\u015bwi\u0119cimiu<\/td><td>Jolanta Brandys<\/td><\/tr><tr><td>4.<\/td><td>AGATA KUKOWSKA<\/td><td>SP nr 2 w O\u015bwi\u0119cimiu<\/td><td>Jolanta Brandys<\/td><\/tr><tr><td>5.<\/td><td>IGA TOCZEK<\/td><td>SP w Rajsku<\/td><td>Beata Baran<\/td><\/tr><tr><td>6.<\/td><td>ALEKSANDRA SZNAJDER<\/td><td>ZSP nr 1 w Osieku<\/td><td>Justyna K\u0142ys<\/td><\/tr><tr><td>7.<\/td><td>MAJA MAZUR<\/td><td>SP w Rajsku<\/td><td>Beata Baran<\/td><\/tr><tr><td>8.<\/td><td>HANNA KOCZUR<\/td><td>SP nr 9 w O\u015bwi\u0119cimiu<\/td><td>Joanna Knurowska<\/td><\/tr><tr><td>9.<\/td><td>MARTYNA MROCZKA<\/td><td>SP nr 1 w O\u015bwi\u0119cimiu<\/td><td>Jolanta Brandys<\/td><\/tr><tr><td>10.<\/td><td>ZOFIA \u017bMUDA<\/td><td>SP nr 2 w O\u015bwi\u0119cimiu<\/td><td>Jolanta Brandys<\/td><\/tr><tr><td>11.<\/td><td>ALICJA NOWAK<\/td><td>SP nr 1 w O\u015bwi\u0119cimiu<\/td><td>Jolanta Brandys<\/td><\/tr><tr><td>12.<\/td><td>DANUTA JASTRZ\u0118BIOWSKA<\/td><td>SP w Rajsku<\/td><td>Beata Baran<\/td><\/tr><\/tbody><\/table><\/figure>\n\n\n\n<p>Kategoria III<\/p>\n\n\n\n<figure class=\"wp-block-table\"><table><tbody><tr><td><em>Lp.<\/em><\/td><td><em>Imi\u0119 i nazwisko<\/em><\/td><td><em>Szko\u0142a (plac\u00f3wka)<\/em><\/td><td><em>Nauczyciel<\/em><\/td><\/tr><tr><td>1.<\/td><td>KRZYSZTOF MI\u0141O\u0143<\/td><td>SP nr 8 w O\u015bwi\u0119cimiu<\/td><td>Anetta Sanak<\/td><\/tr><tr><td>2.<\/td><td>SZYMON GA\u017bA<\/td><td>ZSZ TS w O\u015bwi\u0119cimiu<\/td><td>El\u017cbieta Wardza\u0142a-Sere\u015b<\/td><\/tr><tr><td>3.<\/td><td>JULIA SZYMECZKO<\/td><td>SP nr 11 w O\u015bwi\u0119cimiu<\/td><td>Beata Baran<\/td><\/tr><tr><td>4.<\/td><td>MARTYNA MITORAJ<\/td><td>ZSP nr 1 w Osieku<\/td><td>Justyna K\u0142ys<\/td><\/tr><tr><td>5.<\/td><td>PATRYCJA WILCZAK<\/td><td>SP nr 2 w O\u015bwi\u0119cimiu<\/td><td>Jolanta Brandys<\/td><\/tr><\/tbody><\/table><\/figure>\n\n\n\n<p><strong>PLAC\u00d3WKI POZASZKOLNE<\/strong><\/p>\n\n\n\n<p>Kategoria I<\/p>\n\n\n\n<figure class=\"wp-block-table\"><table><tbody><tr><td><em>Lp.<\/em><\/td><td><em>Imi\u0119 i nazwisko<\/em><\/td><td><em>Szko\u0142a (plac\u00f3wka)<\/em><\/td><td><em>Nauczyciel<\/em><\/td><\/tr><tr><td>1.<\/td><td>WERONIKA WALICZEK<\/td><td>M\u0142odzie\u017cowy Dom Kultury w O\u015bwi\u0119cimiu<\/td><td>Anetta Sanak<\/td><\/tr><tr><td>2.<\/td><td>KORNELIA MIKA<\/td><td>M\u0142odzie\u017cowy Dom Kultury w O\u015bwi\u0119cimiu<\/td><td>Anetta Sanak<\/td><\/tr><tr><td>3.<\/td><td>OLIWIA KASZUBA<\/td><td>M\u0142odzie\u017cowy Dom Kultury w O\u015bwi\u0119cimiu<\/td><td>Anetta Sanak<\/td><\/tr><tr><td>4.<\/td><td>KAROLINA GWIZDO\u0143<\/td><td>M\u0142odzie\u017cowy Dom Kultury w O\u015bwi\u0119cimiu<\/td><td>Ma\u0142gorzata Dom\u017ca\u0142<\/td><\/tr><tr><td>5.<\/td><td>KAJA DWORECKA<\/td><td>M\u0142odzie\u017cowy Dom Kultury w O\u015bwi\u0119cimiu<\/td><td>Ma\u0142gorzata Dom\u017ca\u0142<\/td><\/tr><tr><td>6.<\/td><td>ZUZA BRANDYS<\/td><td>M\u0142odzie\u017cowy Dom Kultury w O\u015bwi\u0119cimiu<\/td><td>Ma\u0142gorzata Dom\u017ca\u0142<\/td><\/tr><tr><td>7.<\/td><td>HUBERT PIWOWARCZYK<\/td><td>M\u0142odzie\u017cowy Dom Kultury w O\u015bwi\u0119cimiu<\/td><td>Agnieszka Mucha<\/td><\/tr><tr><td>8.<\/td><td>WIKTOR ANDRYSZAK<\/td><td>M\u0142odzie\u017cowy Dom Kultury w O\u015bwi\u0119cimiu<\/td><td>Agnieszka Mucha<\/td><\/tr><tr><td>9.<\/td><td>MIKO\u0141AJ CHALCARZ<\/td><td>M\u0142odzie\u017cowy Dom Kultury w O\u015bwi\u0119cimiu<\/td><td>Anetta Sanak<\/td><\/tr><\/tbody><\/table><\/figure>\n\n\n\n<p>Kategoria II<\/p>\n\n\n\n<figure class=\"wp-block-table\"><table><tbody><tr><td><em>Lp.<\/em><\/td><td><em>Imi\u0119 i nazwisko<\/em><\/td><td><em>Szko\u0142a (plac\u00f3wka)<\/em><\/td><td><em>Nauczyciel<\/em><\/td><\/tr><tr><td>1.<\/td><td>BARBARA CZERW<\/td><td>M\u0142odzie\u017cowy Dom Kultury w O\u015bwi\u0119cimiu<\/td><td>Agnieszka Mucha<\/td><\/tr><tr><td>2.<\/td><td>ANTONINA KOWALCZYK<\/td><td>M\u0142odzie\u017cowy Dom Kultury w O\u015bwi\u0119cimiu<\/td><td>Agnieszka Mucha<\/td><\/tr><\/tbody><\/table><\/figure>\n\n\n\n<p>Kategoria III<\/p>\n\n\n\n<figure class=\"wp-block-table\"><table><tbody><tr><td><em>Lp.<\/em><\/td><td><em>Imi\u0119 i nazwisko<\/em><\/td><td><em>Szko\u0142a (plac\u00f3wka)<\/em><\/td><td><em>Nauczyciel<\/em><\/td><\/tr><tr><td>1.<\/td><td>ANHELINA BORYSOWSKA<\/td><td>M\u0142odzie\u017cowy Dom Kultury w O\u015bwi\u0119cimiu<\/td><td>El\u017cbieta Wardza\u0142a-Sere\u015b<\/td><\/tr><tr><td>2.<\/td><td>MARTA BRZ\u0118K<\/td><td>M\u0142odzie\u017cowy Dom Kultury w O\u015bwi\u0119cimiu<\/td><td>El\u017cbieta Wardza\u0142a-Sere\u015b<\/td><\/tr><tr><td>3.<\/td><td>MARTYNA HRYNCYSZYN<\/td><td>O\u015bwi\u0119cimskie Centrum Kultury<\/td><td>W\u0142adys\u0142awa Kapci\u0144ska<\/td><\/tr><tr><td>4.<\/td><td>MAJA \u017bYDZIK<\/td><td>M\u0142odzie\u017cowy Dom Kultury w O\u015bwi\u0119cimiu<\/td><td>Agnieszka Mucha<\/td><\/tr><\/tbody><\/table><figcaption class=\"wp-element-caption\">Serdecznie zapraszamy na rozdanie nagr\u00f3d, kt\u00f3re odb\u0119dzie si\u0119 23 kwietnia o g. 15:30 w O\u015bwi\u0119cimskim Centrum Kultury.<\/figcaption><\/figure>\n\n\n\n<p>SERDECZNIE GRATULUJEMY!!!<\/p>\n\n\n","protected":false},"excerpt":{"rendered":"<p>O\u015bwi\u0119cim, 2.04.2024 Wyniki V Powiatowego Konkursu Plastycznego \u201eKufer Wyobra\u017ani\u201d pod has\u0142em \u201eW moim \u015bnie\u201d Na konkurs wp\u0142yn\u0119\u0142y 762 prace. Komisja konkursowa pod przewodnictwem pani Magdaleny Prochowskiej postanowi\u0142a przyzna\u0107 nagrody i wyr\u00f3\u017cnienia w nast\u0119puj\u0105cych kategoriach wiekowych: SZKO\u0141Y Kategoria I \u2013 Nagrody Lp. Imi\u0119 i nazwisko Szko\u0142a (plac\u00f3wka) Nauczyciel 1. POLA BALCEREK SZS nr 1 w Che\u0142mku [&hellip;]<\/p>\n","protected":false},"author":2,"featured_media":19080,"comment_status":"closed","ping_status":"closed","sticky":false,"template":"","format":"standard","meta":{"footnotes":""},"categories":[107,108],"tags":[],"class_list":["post-19079","post","type-post","status-publish","format-standard","has-post-thumbnail","hentry","category-konkursy","category-aktualnosci"],"yoast_head":"<!-- This site is optimized with the Yoast SEO plugin v16.1.1 - https:\/\/yoast.com\/wordpress\/plugins\/seo\/ -->\n<title>Wyniki V Powiatowego Konkursu Plastycznego \u201eKufer Wyobra\u017ani\u201dpod has\u0142em \u201eW moim \u015bnie\u201d - MDK<\/title>\n<link rel=\"canonical\" href=\"https:\/\/mdkoswiecim.pl\/index.php\/2024\/04\/11\/wyniki-v-powiatowego-konkursu-plastycznego-kufer-wyobraznipod-haslem-w-moim-snie\/\" \/>\n<meta property=\"og:locale\" content=\"pl_PL\" \/>\n<meta property=\"og:type\" content=\"article\" \/>\n<meta property=\"og:title\" content=\"Wyniki V Powiatowego Konkursu Plastycznego \u201eKufer Wyobra\u017ani\u201dpod has\u0142em \u201eW moim \u015bnie\u201d - MDK\" \/>\n<meta property=\"og:description\" content=\"O\u015bwi\u0119cim, 2.04.2024 Wyniki V Powiatowego Konkursu Plastycznego \u201eKufer Wyobra\u017ani\u201d pod has\u0142em \u201eW moim \u015bnie\u201d Na konkurs wp\u0142yn\u0119\u0142y 762 prace. Komisja konkursowa pod przewodnictwem pani Magdaleny Prochowskiej postanowi\u0142a przyzna\u0107 nagrody i wyr\u00f3\u017cnienia w nast\u0119puj\u0105cych kategoriach wiekowych: SZKO\u0141Y Kategoria I \u2013 Nagrody Lp. Imi\u0119 i nazwisko Szko\u0142a (plac\u00f3wka) Nauczyciel 1. POLA BALCEREK SZS nr 1 w Che\u0142mku [&hellip;]\" \/>\n<meta property=\"og:url\" content=\"https:\/\/mdkoswiecim.pl\/index.php\/2024\/04\/11\/wyniki-v-powiatowego-konkursu-plastycznego-kufer-wyobraznipod-haslem-w-moim-snie\/\" \/>\n<meta property=\"og:site_name\" content=\"MDK\" \/>\n<meta property=\"article:published_time\" content=\"2024-04-11T11:33:57+00:00\" \/>\n<meta property=\"article:modified_time\" content=\"2024-04-12T08:01:36+00:00\" \/>\n<meta property=\"og:image\" content=\"https:\/\/mdkoswiecim.pl\/wp-content\/uploads\/2024\/04\/plakat1-2_page-000111.jpg\" \/>\n\t<meta property=\"og:image:width\" content=\"2481\" \/>\n\t<meta property=\"og:image:height\" content=\"1455\" \/>\n<meta name=\"twitter:card\" content=\"summary_large_image\" \/>\n<meta name=\"twitter:label1\" content=\"Szacowany czas czytania\">\n\t<meta name=\"twitter:data1\" content=\"6 minut\">\n<script type=\"application\/ld+json\" class=\"yoast-schema-graph\">{\"@context\":\"https:\/\/schema.org\",\"@graph\":[{\"@type\":\"WebSite\",\"@id\":\"https:\/\/mdkoswiecim.pl\/#website\",\"url\":\"https:\/\/mdkoswiecim.pl\/\",\"name\":\"MDK\",\"description\":\"M\\u0142odzie\\u017cowy Dom Kultury w O\\u015bwi\\u0119cimiu\",\"potentialAction\":[{\"@type\":\"SearchAction\",\"target\":\"https:\/\/mdkoswiecim.pl\/?s={search_term_string}\",\"query-input\":\"required name=search_term_string\"}],\"inLanguage\":\"pl-PL\"},{\"@type\":\"ImageObject\",\"@id\":\"https:\/\/mdkoswiecim.pl\/index.php\/2024\/04\/11\/wyniki-v-powiatowego-konkursu-plastycznego-kufer-wyobraznipod-haslem-w-moim-snie\/#primaryimage\",\"inLanguage\":\"pl-PL\",\"url\":\"https:\/\/mdkoswiecim.pl\/wp-content\/uploads\/2024\/04\/plakat1-2_page-000111.jpg\",\"contentUrl\":\"https:\/\/mdkoswiecim.pl\/wp-content\/uploads\/2024\/04\/plakat1-2_page-000111.jpg\",\"width\":2481,\"height\":1455},{\"@type\":\"WebPage\",\"@id\":\"https:\/\/mdkoswiecim.pl\/index.php\/2024\/04\/11\/wyniki-v-powiatowego-konkursu-plastycznego-kufer-wyobraznipod-haslem-w-moim-snie\/#webpage\",\"url\":\"https:\/\/mdkoswiecim.pl\/index.php\/2024\/04\/11\/wyniki-v-powiatowego-konkursu-plastycznego-kufer-wyobraznipod-haslem-w-moim-snie\/\",\"name\":\"Wyniki V Powiatowego Konkursu Plastycznego \\u201eKufer Wyobra\\u017ani\\u201dpod has\\u0142em \\u201eW moim \\u015bnie\\u201d - MDK\",\"isPartOf\":{\"@id\":\"https:\/\/mdkoswiecim.pl\/#website\"},\"primaryImageOfPage\":{\"@id\":\"https:\/\/mdkoswiecim.pl\/index.php\/2024\/04\/11\/wyniki-v-powiatowego-konkursu-plastycznego-kufer-wyobraznipod-haslem-w-moim-snie\/#primaryimage\"},\"datePublished\":\"2024-04-11T11:33:57+00:00\",\"dateModified\":\"2024-04-12T08:01:36+00:00\",\"author\":{\"@id\":\"https:\/\/mdkoswiecim.pl\/#\/schema\/person\/de4e1c3f9f9805d4834a83cd933e83a4\"},\"breadcrumb\":{\"@id\":\"https:\/\/mdkoswiecim.pl\/index.php\/2024\/04\/11\/wyniki-v-powiatowego-konkursu-plastycznego-kufer-wyobraznipod-haslem-w-moim-snie\/#breadcrumb\"},\"inLanguage\":\"pl-PL\",\"potentialAction\":[{\"@type\":\"ReadAction\",\"target\":[\"https:\/\/mdkoswiecim.pl\/index.php\/2024\/04\/11\/wyniki-v-powiatowego-konkursu-plastycznego-kufer-wyobraznipod-haslem-w-moim-snie\/\"]}]},{\"@type\":\"BreadcrumbList\",\"@id\":\"https:\/\/mdkoswiecim.pl\/index.php\/2024\/04\/11\/wyniki-v-powiatowego-konkursu-plastycznego-kufer-wyobraznipod-haslem-w-moim-snie\/#breadcrumb\",\"itemListElement\":[{\"@type\":\"ListItem\",\"position\":1,\"item\":{\"@type\":\"WebPage\",\"@id\":\"https:\/\/mdkoswiecim.pl\/\",\"url\":\"https:\/\/mdkoswiecim.pl\/\",\"name\":\"Strona g\\u0142\\u00f3wna\"}},{\"@type\":\"ListItem\",\"position\":2,\"item\":{\"@type\":\"WebPage\",\"@id\":\"https:\/\/mdkoswiecim.pl\/index.php\/2024\/04\/11\/wyniki-v-powiatowego-konkursu-plastycznego-kufer-wyobraznipod-haslem-w-moim-snie\/\",\"url\":\"https:\/\/mdkoswiecim.pl\/index.php\/2024\/04\/11\/wyniki-v-powiatowego-konkursu-plastycznego-kufer-wyobraznipod-haslem-w-moim-snie\/\",\"name\":\"Wyniki V Powiatowego Konkursu Plastycznego \\u201eKufer Wyobra\\u017ani\\u201dpod has\\u0142em \\u201eW moim \\u015bnie\\u201d\"}}]},{\"@type\":\"Person\",\"@id\":\"https:\/\/mdkoswiecim.pl\/#\/schema\/person\/de4e1c3f9f9805d4834a83cd933e83a4\",\"name\":\"janusz.majcherek\",\"image\":{\"@type\":\"ImageObject\",\"@id\":\"https:\/\/mdkoswiecim.pl\/#personlogo\",\"inLanguage\":\"pl-PL\",\"url\":\"https:\/\/secure.gravatar.com\/avatar\/841ee0bdfc0ec9800cdb49de086063cd2bdca44d52221b7fee4d6a2db5eafb17?s=96&d=mm&r=g\",\"contentUrl\":\"https:\/\/secure.gravatar.com\/avatar\/841ee0bdfc0ec9800cdb49de086063cd2bdca44d52221b7fee4d6a2db5eafb17?s=96&d=mm&r=g\",\"caption\":\"janusz.majcherek\"}}]}<\/script>\n<!-- \/ Yoast SEO plugin. -->","_links":{"self":[{"href":"https:\/\/mdkoswiecim.pl\/index.php\/wp-json\/wp\/v2\/posts\/19079","targetHints":{"allow":["GET"]}}],"collection":[{"href":"https:\/\/mdkoswiecim.pl\/index.php\/wp-json\/wp\/v2\/posts"}],"about":[{"href":"https:\/\/mdkoswiecim.pl\/index.php\/wp-json\/wp\/v2\/types\/post"}],"author":[{"embeddable":true,"href":"https:\/\/mdkoswiecim.pl\/index.php\/wp-json\/wp\/v2\/users\/2"}],"replies":[{"embeddable":true,"href":"https:\/\/mdkoswiecim.pl\/index.php\/wp-json\/wp\/v2\/comments?post=19079"}],"version-history":[{"count":4,"href":"https:\/\/mdkoswiecim.pl\/index.php\/wp-json\/wp\/v2\/posts\/19079\/revisions"}],"predecessor-version":[{"id":19096,"href":"https:\/\/mdkoswiecim.pl\/index.php\/wp-json\/wp\/v2\/posts\/19079\/revisions\/19096"}],"wp:featuredmedia":[{"embeddable":true,"href":"https:\/\/mdkoswiecim.pl\/index.php\/wp-json\/wp\/v2\/media\/19080"}],"wp:attachment":[{"href":"https:\/\/mdkoswiecim.pl\/index.php\/wp-json\/wp\/v2\/media?parent=19079"}],"wp:term":[{"taxonomy":"category","embeddable":true,"href":"https:\/\/mdkoswiecim.pl\/index.php\/wp-json\/wp\/v2\/categories?post=19079"},{"taxonomy":"post_tag","embeddable":true,"href":"https:\/\/mdkoswiecim.pl\/index.php\/wp-json\/wp\/v2\/tags?post=19079"}],"curies":[{"name":"wp","href":"https:\/\/api.w.org\/{rel}","templated":true}]}}