{"id":19021,"date":"2024-03-20T12:30:51","date_gmt":"2024-03-20T11:30:51","guid":{"rendered":"https:\/\/mdkoswiecim.pl\/?p=19021"},"modified":"2024-03-20T12:35:13","modified_gmt":"2024-03-20T11:35:13","slug":"zmiana-terminu-przesluchan-xxxx-wojewodzkiego-konkursurecytatorskiego-echa-poetica","status":"publish","type":"post","link":"https:\/\/mdkoswiecim.pl\/index.php\/2024\/03\/20\/zmiana-terminu-przesluchan-xxxx-wojewodzkiego-konkursurecytatorskiego-echa-poetica\/","title":{"rendered":"Zmiana terminu przes\u0142ucha\u0144 XXXX WOJEW\u00d3DZKIEGO KONKURSU RECYTATORSKIEGO \u201eECHA POETICA\u201d"},"content":{"rendered":"\n<p><\/p>\n\n\n\n<p>ze wzgl\u0119du na egzamin \u00f3smoklasisty i pro\u015bby nauczycieli o zmian\u0119 terminu przes\u0142ucha\u0144 etapu rejonowego Konkursu Recytatorskiego Echa Poetica, informujemy, \u017ce przes\u0142uchania odb\u0119d\u0105 si\u0119 <strong>7 maja 2024 (wtorek) <\/strong>o godzinie 10.00 w M\u0142odzie\u017cowej Piwnicy Artystycznej ul. Bema 4 w O\u015bwi\u0119cimiu.<\/p>\n\n\n\n<p>W za\u0142\u0105czeniu znajduje si\u0119 aktualny regulamin.<\/p>\n\n\n\n<p>Karty zg\u0142osze\u0144 prosimy przes\u0142a\u0107 do MDK do dnia <strong>26 kwietnia 2024.<\/strong><\/p>\n\n\n\n<div class=\"wp-block-file\"><a id=\"wp-block-file--media-48572fc8-c133-459c-83bd-9c49dc52771d\" href=\"https:\/\/mdkoswiecim.pl\/wp-content\/uploads\/2024\/03\/Echa-Poetica-regulami-rejonowy-2024-poprawiony.docx\">Echa-Poetica-regulami-rejonowy-2024-poprawiony<\/a><a href=\"https:\/\/mdkoswiecim.pl\/wp-content\/uploads\/2024\/03\/Echa-Poetica-regulami-rejonowy-2024-poprawiony.docx\" class=\"wp-block-file__button wp-element-button\" download aria-describedby=\"wp-block-file--media-48572fc8-c133-459c-83bd-9c49dc52771d\">Pobierz<\/a><\/div>\n","protected":false},"excerpt":{"rendered":"<p>ze wzgl\u0119du na egzamin \u00f3smoklasisty i pro\u015bby nauczycieli o zmian\u0119 terminu przes\u0142ucha\u0144 etapu rejonowego Konkursu Recytatorskiego Echa Poetica, informujemy, \u017ce przes\u0142uchania odb\u0119d\u0105 si\u0119 7 maja 2024 (wtorek) o godzinie 10.00 w M\u0142odzie\u017cowej Piwnicy Artystycznej ul. Bema 4 w O\u015bwi\u0119cimiu. W za\u0142\u0105czeniu znajduje si\u0119 aktualny regulamin. Karty zg\u0142osze\u0144 prosimy przes\u0142a\u0107 do MDK do dnia 26 kwietnia [&hellip;]<\/p>\n","protected":false},"author":2,"featured_media":19010,"comment_status":"closed","ping_status":"closed","sticky":false,"template":"","format":"standard","meta":{"footnotes":""},"categories":[107,108],"tags":[],"class_list":["post-19021","post","type-post","status-publish","format-standard","has-post-thumbnail","hentry","category-konkursy","category-aktualnosci"],"yoast_head":"<!-- This site is optimized with the Yoast SEO plugin v16.1.1 - https:\/\/yoast.com\/wordpress\/plugins\/seo\/ -->\n<title>Zmiana terminu przes\u0142ucha\u0144 XXXX WOJEW\u00d3DZKIEGO KONKURSU RECYTATORSKIEGO \u201eECHA POETICA\u201d - MDK<\/title>\n<link rel=\"canonical\" href=\"https:\/\/mdkoswiecim.pl\/index.php\/2024\/03\/20\/zmiana-terminu-przesluchan-xxxx-wojewodzkiego-konkursurecytatorskiego-echa-poetica\/\" \/>\n<meta property=\"og:locale\" content=\"pl_PL\" \/>\n<meta property=\"og:type\" content=\"article\" \/>\n<meta property=\"og:title\" content=\"Zmiana terminu przes\u0142ucha\u0144 XXXX WOJEW\u00d3DZKIEGO KONKURSU RECYTATORSKIEGO \u201eECHA POETICA\u201d - MDK\" \/>\n<meta property=\"og:description\" content=\"ze wzgl\u0119du na egzamin \u00f3smoklasisty i pro\u015bby nauczycieli o zmian\u0119 terminu przes\u0142ucha\u0144 etapu rejonowego Konkursu Recytatorskiego Echa Poetica, informujemy, \u017ce przes\u0142uchania odb\u0119d\u0105 si\u0119 7 maja 2024 (wtorek) o godzinie 10.00 w M\u0142odzie\u017cowej Piwnicy Artystycznej ul. Bema 4 w O\u015bwi\u0119cimiu. W za\u0142\u0105czeniu znajduje si\u0119 aktualny regulamin. Karty zg\u0142osze\u0144 prosimy przes\u0142a\u0107 do MDK do dnia 26 kwietnia [&hellip;]\" \/>\n<meta property=\"og:url\" content=\"https:\/\/mdkoswiecim.pl\/index.php\/2024\/03\/20\/zmiana-terminu-przesluchan-xxxx-wojewodzkiego-konkursurecytatorskiego-echa-poetica\/\" \/>\n<meta property=\"og:site_name\" content=\"MDK\" \/>\n<meta property=\"article:published_time\" content=\"2024-03-20T11:30:51+00:00\" \/>\n<meta property=\"article:modified_time\" content=\"2024-03-20T11:35:13+00:00\" \/>\n<meta property=\"og:image\" content=\"https:\/\/mdkoswiecim.pl\/wp-content\/uploads\/2024\/03\/Poetica-e1526470756287.png\" \/>\n\t<meta property=\"og:image:width\" content=\"700\" \/>\n\t<meta property=\"og:image:height\" content=\"410\" \/>\n<meta name=\"twitter:card\" content=\"summary_large_image\" \/>\n<meta name=\"twitter:label1\" content=\"Szacowany czas czytania\">\n\t<meta name=\"twitter:data1\" content=\"1 minuta\">\n<script type=\"application\/ld+json\" class=\"yoast-schema-graph\">{\"@context\":\"https:\/\/schema.org\",\"@graph\":[{\"@type\":\"WebSite\",\"@id\":\"https:\/\/mdkoswiecim.pl\/#website\",\"url\":\"https:\/\/mdkoswiecim.pl\/\",\"name\":\"MDK\",\"description\":\"M\\u0142odzie\\u017cowy Dom Kultury w O\\u015bwi\\u0119cimiu\",\"potentialAction\":[{\"@type\":\"SearchAction\",\"target\":\"https:\/\/mdkoswiecim.pl\/?s={search_term_string}\",\"query-input\":\"required name=search_term_string\"}],\"inLanguage\":\"pl-PL\"},{\"@type\":\"ImageObject\",\"@id\":\"https:\/\/mdkoswiecim.pl\/index.php\/2024\/03\/20\/zmiana-terminu-przesluchan-xxxx-wojewodzkiego-konkursurecytatorskiego-echa-poetica\/#primaryimage\",\"inLanguage\":\"pl-PL\",\"url\":\"https:\/\/mdkoswiecim.pl\/wp-content\/uploads\/2024\/03\/Poetica-e1526470756287.png\",\"contentUrl\":\"https:\/\/mdkoswiecim.pl\/wp-content\/uploads\/2024\/03\/Poetica-e1526470756287.png\",\"width\":700,\"height\":410},{\"@type\":\"WebPage\",\"@id\":\"https:\/\/mdkoswiecim.pl\/index.php\/2024\/03\/20\/zmiana-terminu-przesluchan-xxxx-wojewodzkiego-konkursurecytatorskiego-echa-poetica\/#webpage\",\"url\":\"https:\/\/mdkoswiecim.pl\/index.php\/2024\/03\/20\/zmiana-terminu-przesluchan-xxxx-wojewodzkiego-konkursurecytatorskiego-echa-poetica\/\",\"name\":\"Zmiana terminu przes\\u0142ucha\\u0144 XXXX WOJEW\\u00d3DZKIEGO KONKURSU RECYTATORSKIEGO \\u201eECHA POETICA\\u201d - MDK\",\"isPartOf\":{\"@id\":\"https:\/\/mdkoswiecim.pl\/#website\"},\"primaryImageOfPage\":{\"@id\":\"https:\/\/mdkoswiecim.pl\/index.php\/2024\/03\/20\/zmiana-terminu-przesluchan-xxxx-wojewodzkiego-konkursurecytatorskiego-echa-poetica\/#primaryimage\"},\"datePublished\":\"2024-03-20T11:30:51+00:00\",\"dateModified\":\"2024-03-20T11:35:13+00:00\",\"author\":{\"@id\":\"https:\/\/mdkoswiecim.pl\/#\/schema\/person\/de4e1c3f9f9805d4834a83cd933e83a4\"},\"breadcrumb\":{\"@id\":\"https:\/\/mdkoswiecim.pl\/index.php\/2024\/03\/20\/zmiana-terminu-przesluchan-xxxx-wojewodzkiego-konkursurecytatorskiego-echa-poetica\/#breadcrumb\"},\"inLanguage\":\"pl-PL\",\"potentialAction\":[{\"@type\":\"ReadAction\",\"target\":[\"https:\/\/mdkoswiecim.pl\/index.php\/2024\/03\/20\/zmiana-terminu-przesluchan-xxxx-wojewodzkiego-konkursurecytatorskiego-echa-poetica\/\"]}]},{\"@type\":\"BreadcrumbList\",\"@id\":\"https:\/\/mdkoswiecim.pl\/index.php\/2024\/03\/20\/zmiana-terminu-przesluchan-xxxx-wojewodzkiego-konkursurecytatorskiego-echa-poetica\/#breadcrumb\",\"itemListElement\":[{\"@type\":\"ListItem\",\"position\":1,\"item\":{\"@type\":\"WebPage\",\"@id\":\"https:\/\/mdkoswiecim.pl\/\",\"url\":\"https:\/\/mdkoswiecim.pl\/\",\"name\":\"Strona g\\u0142\\u00f3wna\"}},{\"@type\":\"ListItem\",\"position\":2,\"item\":{\"@type\":\"WebPage\",\"@id\":\"https:\/\/mdkoswiecim.pl\/index.php\/2024\/03\/20\/zmiana-terminu-przesluchan-xxxx-wojewodzkiego-konkursurecytatorskiego-echa-poetica\/\",\"url\":\"https:\/\/mdkoswiecim.pl\/index.php\/2024\/03\/20\/zmiana-terminu-przesluchan-xxxx-wojewodzkiego-konkursurecytatorskiego-echa-poetica\/\",\"name\":\"Zmiana terminu przes\\u0142ucha\\u0144 XXXX WOJEW\\u00d3DZKIEGO KONKURSU RECYTATORSKIEGO \\u201eECHA POETICA\\u201d\"}}]},{\"@type\":\"Person\",\"@id\":\"https:\/\/mdkoswiecim.pl\/#\/schema\/person\/de4e1c3f9f9805d4834a83cd933e83a4\",\"name\":\"janusz.majcherek\",\"image\":{\"@type\":\"ImageObject\",\"@id\":\"https:\/\/mdkoswiecim.pl\/#personlogo\",\"inLanguage\":\"pl-PL\",\"url\":\"https:\/\/secure.gravatar.com\/avatar\/841ee0bdfc0ec9800cdb49de086063cd2bdca44d52221b7fee4d6a2db5eafb17?s=96&d=mm&r=g\",\"contentUrl\":\"https:\/\/secure.gravatar.com\/avatar\/841ee0bdfc0ec9800cdb49de086063cd2bdca44d52221b7fee4d6a2db5eafb17?s=96&d=mm&r=g\",\"caption\":\"janusz.majcherek\"}}]}<\/script>\n<!-- \/ Yoast SEO plugin. -->","_links":{"self":[{"href":"https:\/\/mdkoswiecim.pl\/index.php\/wp-json\/wp\/v2\/posts\/19021","targetHints":{"allow":["GET"]}}],"collection":[{"href":"https:\/\/mdkoswiecim.pl\/index.php\/wp-json\/wp\/v2\/posts"}],"about":[{"href":"https:\/\/mdkoswiecim.pl\/index.php\/wp-json\/wp\/v2\/types\/post"}],"author":[{"embeddable":true,"href":"https:\/\/mdkoswiecim.pl\/index.php\/wp-json\/wp\/v2\/users\/2"}],"replies":[{"embeddable":true,"href":"https:\/\/mdkoswiecim.pl\/index.php\/wp-json\/wp\/v2\/comments?post=19021"}],"version-history":[{"count":2,"href":"https:\/\/mdkoswiecim.pl\/index.php\/wp-json\/wp\/v2\/posts\/19021\/revisions"}],"predecessor-version":[{"id":19024,"href":"https:\/\/mdkoswiecim.pl\/index.php\/wp-json\/wp\/v2\/posts\/19021\/revisions\/19024"}],"wp:featuredmedia":[{"embeddable":true,"href":"https:\/\/mdkoswiecim.pl\/index.php\/wp-json\/wp\/v2\/media\/19010"}],"wp:attachment":[{"href":"https:\/\/mdkoswiecim.pl\/index.php\/wp-json\/wp\/v2\/media?parent=19021"}],"wp:term":[{"taxonomy":"category","embeddable":true,"href":"https:\/\/mdkoswiecim.pl\/index.php\/wp-json\/wp\/v2\/categories?post=19021"},{"taxonomy":"post_tag","embeddable":true,"href":"https:\/\/mdkoswiecim.pl\/index.php\/wp-json\/wp\/v2\/tags?post=19021"}],"curies":[{"name":"wp","href":"https:\/\/api.w.org\/{rel}","templated":true}]}}