{"id":19014,"date":"2024-03-19T14:37:49","date_gmt":"2024-03-19T13:37:49","guid":{"rendered":"https:\/\/mdkoswiecim.pl\/?p=19014"},"modified":"2024-03-19T14:37:49","modified_gmt":"2024-03-19T13:37:49","slug":"konkurs-plastyczny-eko-oswiecim-moje-miasto-przyszlosci","status":"publish","type":"post","link":"https:\/\/mdkoswiecim.pl\/index.php\/2024\/03\/19\/konkurs-plastyczny-eko-oswiecim-moje-miasto-przyszlosci\/","title":{"rendered":"Konkurs plastyczny \u201eEko-O\u015bwi\u0119cim. Moje Miasto Przysz\u0142o\u015bci\u201d"},"content":{"rendered":"\n<figure class=\"wp-block-image size-large is-resized\"><img decoding=\"async\" src=\"https:\/\/mdkoswiecim.pl\/wp-content\/uploads\/2024\/03\/431572321_1185870849483746_5158495443364578916_n-722x1024.jpg\" alt=\"\" class=\"wp-image-19015\" style=\"width:875px;height:auto\"\/><\/figure>\n\n\n\n<p>Zapraszamy uczni\u00f3w szk\u00f3\u0142 podstawowych z miasta O\u015bwi\u0119cim do udzia\u0142u w konkursie plastycznym \u201eEko-O\u015bwi\u0119cim. Moje Miasto Przysz\u0142o\u015bci\u201d. Zach\u0119camy dzieci i m\u0142odzie\u017c do wyra\u017cenia swojej wizji zr\u00f3wnowa\u017conego i ekologicznego O\u015bwi\u0119cimia <img loading=\"lazy\" decoding=\"async\" height=\"16\" width=\"16\" alt=\"\u267b\ufe0f\" src=\"https:\/\/static.xx.fbcdn.net\/images\/emoji.php\/v9\/t7f\/1.5\/16\/267b.png\"><\/p>\n\n\n\n<p>Prace konkursowe zbierane s\u0105 do 8 kwietnia. Mo\u017cna je sk\u0142ada\u0107 w <strong>O\u015bwi\u0119cimskim Centrum Kultury.<\/strong><\/p>\n\n\n\n<p>Na zwyci\u0119zc\u00f3w czeka atrakcyjna nagroda \u2013 wyjazd do Pary\u017ca! <img loading=\"lazy\" decoding=\"async\" height=\"16\" width=\"16\" src=\"https:\/\/static.xx.fbcdn.net\/images\/emoji.php\/v9\/t61\/1.5\/16\/1f1e8_1f1f5.png\" alt=\"\ud83c\udde8\ud83c\uddf5\"><\/p>\n\n\n\n<p>Szczeg\u00f3\u0142y oraz regulamin konkursu dost\u0119pne s\u0105 na stronie: <a href=\"https:\/\/www.synthosgroup.com\/konkurs_plastyczny?fbclid=IwAR2G9RasjXC4iYlJw2lhCfA4FHke6QmfqGeLC-_SQ8i8JLCBVSdV9b33uL0\" target=\"_blank\" rel=\"noreferrer noopener\">https:\/\/www.synthosgroup.com\/konkurs_plastyczny<\/a><\/p>\n","protected":false},"excerpt":{"rendered":"<p>Zapraszamy uczni\u00f3w szk\u00f3\u0142 podstawowych z miasta O\u015bwi\u0119cim do udzia\u0142u w konkursie plastycznym \u201eEko-O\u015bwi\u0119cim. Moje Miasto Przysz\u0142o\u015bci\u201d. Zach\u0119camy dzieci i m\u0142odzie\u017c do wyra\u017cenia swojej wizji zr\u00f3wnowa\u017conego i ekologicznego O\u015bwi\u0119cimia Prace konkursowe zbierane s\u0105 do 8 kwietnia. Mo\u017cna je sk\u0142ada\u0107 w O\u015bwi\u0119cimskim Centrum Kultury. Na zwyci\u0119zc\u00f3w czeka atrakcyjna nagroda \u2013 wyjazd do Pary\u017ca! Szczeg\u00f3\u0142y oraz regulamin konkursu [&hellip;]<\/p>\n","protected":false},"author":2,"featured_media":19015,"comment_status":"closed","ping_status":"closed","sticky":false,"template":"","format":"standard","meta":{"footnotes":""},"categories":[107,108],"tags":[],"class_list":["post-19014","post","type-post","status-publish","format-standard","has-post-thumbnail","hentry","category-konkursy","category-aktualnosci"],"yoast_head":"<!-- This site is optimized with the Yoast SEO plugin v16.1.1 - https:\/\/yoast.com\/wordpress\/plugins\/seo\/ -->\n<title>Konkurs plastyczny \u201eEko-O\u015bwi\u0119cim. Moje Miasto Przysz\u0142o\u015bci\u201d - MDK<\/title>\n<link rel=\"canonical\" href=\"https:\/\/mdkoswiecim.pl\/index.php\/2024\/03\/19\/konkurs-plastyczny-eko-oswiecim-moje-miasto-przyszlosci\/\" \/>\n<meta property=\"og:locale\" content=\"pl_PL\" \/>\n<meta property=\"og:type\" content=\"article\" \/>\n<meta property=\"og:title\" content=\"Konkurs plastyczny \u201eEko-O\u015bwi\u0119cim. Moje Miasto Przysz\u0142o\u015bci\u201d - MDK\" \/>\n<meta property=\"og:description\" content=\"Zapraszamy uczni\u00f3w szk\u00f3\u0142 podstawowych z miasta O\u015bwi\u0119cim do udzia\u0142u w konkursie plastycznym \u201eEko-O\u015bwi\u0119cim. Moje Miasto Przysz\u0142o\u015bci\u201d. Zach\u0119camy dzieci i m\u0142odzie\u017c do wyra\u017cenia swojej wizji zr\u00f3wnowa\u017conego i ekologicznego O\u015bwi\u0119cimia Prace konkursowe zbierane s\u0105 do 8 kwietnia. Mo\u017cna je sk\u0142ada\u0107 w O\u015bwi\u0119cimskim Centrum Kultury. Na zwyci\u0119zc\u00f3w czeka atrakcyjna nagroda \u2013 wyjazd do Pary\u017ca! Szczeg\u00f3\u0142y oraz regulamin konkursu [&hellip;]\" \/>\n<meta property=\"og:url\" content=\"https:\/\/mdkoswiecim.pl\/index.php\/2024\/03\/19\/konkurs-plastyczny-eko-oswiecim-moje-miasto-przyszlosci\/\" \/>\n<meta property=\"og:site_name\" content=\"MDK\" \/>\n<meta property=\"article:published_time\" content=\"2024-03-19T13:37:49+00:00\" \/>\n<meta property=\"og:image\" content=\"https:\/\/mdkoswiecim.pl\/wp-content\/uploads\/2024\/03\/431572321_1185870849483746_5158495443364578916_n-e1710855453315.jpg\" \/>\n\t<meta property=\"og:image:width\" content=\"1443\" \/>\n\t<meta property=\"og:image:height\" content=\"907\" \/>\n<meta name=\"twitter:card\" content=\"summary_large_image\" \/>\n<meta name=\"twitter:label1\" content=\"Szacowany czas czytania\">\n\t<meta name=\"twitter:data1\" content=\"1 minuta\">\n<script type=\"application\/ld+json\" class=\"yoast-schema-graph\">{\"@context\":\"https:\/\/schema.org\",\"@graph\":[{\"@type\":\"WebSite\",\"@id\":\"https:\/\/mdkoswiecim.pl\/#website\",\"url\":\"https:\/\/mdkoswiecim.pl\/\",\"name\":\"MDK\",\"description\":\"M\\u0142odzie\\u017cowy Dom Kultury w O\\u015bwi\\u0119cimiu\",\"potentialAction\":[{\"@type\":\"SearchAction\",\"target\":\"https:\/\/mdkoswiecim.pl\/?s={search_term_string}\",\"query-input\":\"required name=search_term_string\"}],\"inLanguage\":\"pl-PL\"},{\"@type\":\"ImageObject\",\"@id\":\"https:\/\/mdkoswiecim.pl\/index.php\/2024\/03\/19\/konkurs-plastyczny-eko-oswiecim-moje-miasto-przyszlosci\/#primaryimage\",\"inLanguage\":\"pl-PL\",\"url\":\"https:\/\/mdkoswiecim.pl\/wp-content\/uploads\/2024\/03\/431572321_1185870849483746_5158495443364578916_n-e1710855453315.jpg\",\"contentUrl\":\"https:\/\/mdkoswiecim.pl\/wp-content\/uploads\/2024\/03\/431572321_1185870849483746_5158495443364578916_n-e1710855453315.jpg\",\"width\":1443,\"height\":907},{\"@type\":\"WebPage\",\"@id\":\"https:\/\/mdkoswiecim.pl\/index.php\/2024\/03\/19\/konkurs-plastyczny-eko-oswiecim-moje-miasto-przyszlosci\/#webpage\",\"url\":\"https:\/\/mdkoswiecim.pl\/index.php\/2024\/03\/19\/konkurs-plastyczny-eko-oswiecim-moje-miasto-przyszlosci\/\",\"name\":\"Konkurs plastyczny \\u201eEko-O\\u015bwi\\u0119cim. Moje Miasto Przysz\\u0142o\\u015bci\\u201d - MDK\",\"isPartOf\":{\"@id\":\"https:\/\/mdkoswiecim.pl\/#website\"},\"primaryImageOfPage\":{\"@id\":\"https:\/\/mdkoswiecim.pl\/index.php\/2024\/03\/19\/konkurs-plastyczny-eko-oswiecim-moje-miasto-przyszlosci\/#primaryimage\"},\"datePublished\":\"2024-03-19T13:37:49+00:00\",\"dateModified\":\"2024-03-19T13:37:49+00:00\",\"author\":{\"@id\":\"https:\/\/mdkoswiecim.pl\/#\/schema\/person\/de4e1c3f9f9805d4834a83cd933e83a4\"},\"breadcrumb\":{\"@id\":\"https:\/\/mdkoswiecim.pl\/index.php\/2024\/03\/19\/konkurs-plastyczny-eko-oswiecim-moje-miasto-przyszlosci\/#breadcrumb\"},\"inLanguage\":\"pl-PL\",\"potentialAction\":[{\"@type\":\"ReadAction\",\"target\":[\"https:\/\/mdkoswiecim.pl\/index.php\/2024\/03\/19\/konkurs-plastyczny-eko-oswiecim-moje-miasto-przyszlosci\/\"]}]},{\"@type\":\"BreadcrumbList\",\"@id\":\"https:\/\/mdkoswiecim.pl\/index.php\/2024\/03\/19\/konkurs-plastyczny-eko-oswiecim-moje-miasto-przyszlosci\/#breadcrumb\",\"itemListElement\":[{\"@type\":\"ListItem\",\"position\":1,\"item\":{\"@type\":\"WebPage\",\"@id\":\"https:\/\/mdkoswiecim.pl\/\",\"url\":\"https:\/\/mdkoswiecim.pl\/\",\"name\":\"Strona g\\u0142\\u00f3wna\"}},{\"@type\":\"ListItem\",\"position\":2,\"item\":{\"@type\":\"WebPage\",\"@id\":\"https:\/\/mdkoswiecim.pl\/index.php\/2024\/03\/19\/konkurs-plastyczny-eko-oswiecim-moje-miasto-przyszlosci\/\",\"url\":\"https:\/\/mdkoswiecim.pl\/index.php\/2024\/03\/19\/konkurs-plastyczny-eko-oswiecim-moje-miasto-przyszlosci\/\",\"name\":\"Konkurs plastyczny \\u201eEko-O\\u015bwi\\u0119cim. Moje Miasto Przysz\\u0142o\\u015bci\\u201d\"}}]},{\"@type\":\"Person\",\"@id\":\"https:\/\/mdkoswiecim.pl\/#\/schema\/person\/de4e1c3f9f9805d4834a83cd933e83a4\",\"name\":\"janusz.majcherek\",\"image\":{\"@type\":\"ImageObject\",\"@id\":\"https:\/\/mdkoswiecim.pl\/#personlogo\",\"inLanguage\":\"pl-PL\",\"url\":\"https:\/\/secure.gravatar.com\/avatar\/841ee0bdfc0ec9800cdb49de086063cd2bdca44d52221b7fee4d6a2db5eafb17?s=96&d=mm&r=g\",\"contentUrl\":\"https:\/\/secure.gravatar.com\/avatar\/841ee0bdfc0ec9800cdb49de086063cd2bdca44d52221b7fee4d6a2db5eafb17?s=96&d=mm&r=g\",\"caption\":\"janusz.majcherek\"}}]}<\/script>\n<!-- \/ Yoast SEO plugin. -->","_links":{"self":[{"href":"https:\/\/mdkoswiecim.pl\/index.php\/wp-json\/wp\/v2\/posts\/19014","targetHints":{"allow":["GET"]}}],"collection":[{"href":"https:\/\/mdkoswiecim.pl\/index.php\/wp-json\/wp\/v2\/posts"}],"about":[{"href":"https:\/\/mdkoswiecim.pl\/index.php\/wp-json\/wp\/v2\/types\/post"}],"author":[{"embeddable":true,"href":"https:\/\/mdkoswiecim.pl\/index.php\/wp-json\/wp\/v2\/users\/2"}],"replies":[{"embeddable":true,"href":"https:\/\/mdkoswiecim.pl\/index.php\/wp-json\/wp\/v2\/comments?post=19014"}],"version-history":[{"count":1,"href":"https:\/\/mdkoswiecim.pl\/index.php\/wp-json\/wp\/v2\/posts\/19014\/revisions"}],"predecessor-version":[{"id":19016,"href":"https:\/\/mdkoswiecim.pl\/index.php\/wp-json\/wp\/v2\/posts\/19014\/revisions\/19016"}],"wp:featuredmedia":[{"embeddable":true,"href":"https:\/\/mdkoswiecim.pl\/index.php\/wp-json\/wp\/v2\/media\/19015"}],"wp:attachment":[{"href":"https:\/\/mdkoswiecim.pl\/index.php\/wp-json\/wp\/v2\/media?parent=19014"}],"wp:term":[{"taxonomy":"category","embeddable":true,"href":"https:\/\/mdkoswiecim.pl\/index.php\/wp-json\/wp\/v2\/categories?post=19014"},{"taxonomy":"post_tag","embeddable":true,"href":"https:\/\/mdkoswiecim.pl\/index.php\/wp-json\/wp\/v2\/tags?post=19014"}],"curies":[{"name":"wp","href":"https:\/\/api.w.org\/{rel}","templated":true}]}}