{"id":19003,"date":"2024-03-15T12:39:25","date_gmt":"2024-03-15T11:39:25","guid":{"rendered":"https:\/\/mdkoswiecim.pl\/?p=19003"},"modified":"2024-03-15T12:39:26","modified_gmt":"2024-03-15T11:39:26","slug":"xxvii-konkurs-wiedzy-o-oswiecimiu","status":"publish","type":"post","link":"https:\/\/mdkoswiecim.pl\/index.php\/2024\/03\/15\/xxvii-konkurs-wiedzy-o-oswiecimiu\/","title":{"rendered":"XXVII KONKURS WIEDZY O O\u015aWI\u0118CIMIU"},"content":{"rendered":"\n<p>Serdecznie zapraszamy uczni\u00f3w klas 4-8 szk\u00f3\u0142 podstawowych z powiatu o\u015bwi\u0119cimskiego do udzia\u0142u w XXVII Konkursie Wiedzy o O\u015bwi\u0119cimiu. Regulamin do pobrania poni\u017cej \ud83d\ude42<\/p>\n\n\n\n<div data-wp-interactive=\"core\/file\" class=\"wp-block-file\"><object data-wp-bind--hidden=\"!state.hasPdfPreview\" hidden class=\"wp-block-file__embed\" data=\"https:\/\/mdkoswiecim.pl\/wp-content\/uploads\/2024\/03\/Regulamin-K.-Wiedzy-o-Oswiecimiu-2024.pdf\" type=\"application\/pdf\" style=\"width:100%;height:600px\" aria-label=\"Osadzone z Regulamin-K.-Wiedzy-o-Oswiecimiu-2024.\"><\/object><a id=\"wp-block-file--media-35d18a94-8781-49e1-89eb-9947a77d85e5\" href=\"https:\/\/mdkoswiecim.pl\/wp-content\/uploads\/2024\/03\/Regulamin-K.-Wiedzy-o-Oswiecimiu-2024.pdf\">Regulamin-K.-Wiedzy-o-Oswiecimiu-2024<\/a><a href=\"https:\/\/mdkoswiecim.pl\/wp-content\/uploads\/2024\/03\/Regulamin-K.-Wiedzy-o-Oswiecimiu-2024.pdf\" class=\"wp-block-file__button wp-element-button\" download aria-describedby=\"wp-block-file--media-35d18a94-8781-49e1-89eb-9947a77d85e5\">Pobierz<\/a><\/div>\n\n\n\n<div class=\"wp-block-file\"><a id=\"wp-block-file--media-ec852de2-bd93-4fac-92b6-27fac0295970\" href=\"https:\/\/mdkoswiecim.pl\/wp-content\/uploads\/2024\/03\/PLAKAT_page-0001.jpg\">PLAKAT_page-0001<\/a><a href=\"https:\/\/mdkoswiecim.pl\/wp-content\/uploads\/2024\/03\/PLAKAT_page-0001.jpg\" class=\"wp-block-file__button wp-element-button\" download aria-describedby=\"wp-block-file--media-ec852de2-bd93-4fac-92b6-27fac0295970\">Pobierz<\/a><\/div>\n","protected":false},"excerpt":{"rendered":"<p>Serdecznie zapraszamy uczni\u00f3w klas 4-8 szk\u00f3\u0142 podstawowych z powiatu o\u015bwi\u0119cimskiego do udzia\u0142u w XXVII Konkursie Wiedzy o O\u015bwi\u0119cimiu. Regulamin do pobrania poni\u017cej \ud83d\ude42<\/p>\n","protected":false},"author":3,"featured_media":19005,"comment_status":"closed","ping_status":"closed","sticky":false,"template":"","format":"standard","meta":{"footnotes":""},"categories":[107,108],"tags":[],"class_list":["post-19003","post","type-post","status-publish","format-standard","has-post-thumbnail","hentry","category-konkursy","category-aktualnosci"],"yoast_head":"<!-- This site is optimized with the Yoast SEO plugin v16.1.1 - https:\/\/yoast.com\/wordpress\/plugins\/seo\/ -->\n<title>XXVII KONKURS WIEDZY O O\u015aWI\u0118CIMIU - MDK<\/title>\n<link rel=\"canonical\" href=\"https:\/\/mdkoswiecim.pl\/index.php\/2024\/03\/15\/xxvii-konkurs-wiedzy-o-oswiecimiu\/\" \/>\n<meta property=\"og:locale\" content=\"pl_PL\" \/>\n<meta property=\"og:type\" content=\"article\" \/>\n<meta property=\"og:title\" content=\"XXVII KONKURS WIEDZY O O\u015aWI\u0118CIMIU - MDK\" \/>\n<meta property=\"og:description\" content=\"Serdecznie zapraszamy uczni\u00f3w klas 4-8 szk\u00f3\u0142 podstawowych z powiatu o\u015bwi\u0119cimskiego do udzia\u0142u w XXVII Konkursie Wiedzy o O\u015bwi\u0119cimiu. Regulamin do pobrania poni\u017cej \ud83d\ude42\" \/>\n<meta property=\"og:url\" content=\"https:\/\/mdkoswiecim.pl\/index.php\/2024\/03\/15\/xxvii-konkurs-wiedzy-o-oswiecimiu\/\" \/>\n<meta property=\"og:site_name\" content=\"MDK\" \/>\n<meta property=\"article:published_time\" content=\"2024-03-15T11:39:25+00:00\" \/>\n<meta property=\"article:modified_time\" content=\"2024-03-15T11:39:26+00:00\" \/>\n<meta property=\"og:image\" content=\"https:\/\/mdkoswiecim.pl\/wp-content\/uploads\/2024\/03\/PLAKAT_page-0001-e1726665091273.jpg\" \/>\n\t<meta property=\"og:image:width\" content=\"1753\" \/>\n\t<meta property=\"og:image:height\" content=\"1004\" \/>\n<meta name=\"twitter:card\" content=\"summary_large_image\" \/>\n<meta name=\"twitter:label1\" content=\"Szacowany czas czytania\">\n\t<meta name=\"twitter:data1\" content=\"1 minuta\">\n<script type=\"application\/ld+json\" class=\"yoast-schema-graph\">{\"@context\":\"https:\/\/schema.org\",\"@graph\":[{\"@type\":\"WebSite\",\"@id\":\"https:\/\/mdkoswiecim.pl\/#website\",\"url\":\"https:\/\/mdkoswiecim.pl\/\",\"name\":\"MDK\",\"description\":\"M\\u0142odzie\\u017cowy Dom Kultury w O\\u015bwi\\u0119cimiu\",\"potentialAction\":[{\"@type\":\"SearchAction\",\"target\":\"https:\/\/mdkoswiecim.pl\/?s={search_term_string}\",\"query-input\":\"required name=search_term_string\"}],\"inLanguage\":\"pl-PL\"},{\"@type\":\"ImageObject\",\"@id\":\"https:\/\/mdkoswiecim.pl\/index.php\/2024\/03\/15\/xxvii-konkurs-wiedzy-o-oswiecimiu\/#primaryimage\",\"inLanguage\":\"pl-PL\",\"url\":\"https:\/\/mdkoswiecim.pl\/wp-content\/uploads\/2024\/03\/PLAKAT_page-0001-e1726665091273.jpg\",\"contentUrl\":\"https:\/\/mdkoswiecim.pl\/wp-content\/uploads\/2024\/03\/PLAKAT_page-0001-e1726665091273.jpg\",\"width\":1753,\"height\":1004},{\"@type\":\"WebPage\",\"@id\":\"https:\/\/mdkoswiecim.pl\/index.php\/2024\/03\/15\/xxvii-konkurs-wiedzy-o-oswiecimiu\/#webpage\",\"url\":\"https:\/\/mdkoswiecim.pl\/index.php\/2024\/03\/15\/xxvii-konkurs-wiedzy-o-oswiecimiu\/\",\"name\":\"XXVII KONKURS WIEDZY O O\\u015aWI\\u0118CIMIU - MDK\",\"isPartOf\":{\"@id\":\"https:\/\/mdkoswiecim.pl\/#website\"},\"primaryImageOfPage\":{\"@id\":\"https:\/\/mdkoswiecim.pl\/index.php\/2024\/03\/15\/xxvii-konkurs-wiedzy-o-oswiecimiu\/#primaryimage\"},\"datePublished\":\"2024-03-15T11:39:25+00:00\",\"dateModified\":\"2024-03-15T11:39:26+00:00\",\"author\":{\"@id\":\"https:\/\/mdkoswiecim.pl\/#\/schema\/person\/d9c1081e4cfefcbccad7ec11fa250f7a\"},\"breadcrumb\":{\"@id\":\"https:\/\/mdkoswiecim.pl\/index.php\/2024\/03\/15\/xxvii-konkurs-wiedzy-o-oswiecimiu\/#breadcrumb\"},\"inLanguage\":\"pl-PL\",\"potentialAction\":[{\"@type\":\"ReadAction\",\"target\":[\"https:\/\/mdkoswiecim.pl\/index.php\/2024\/03\/15\/xxvii-konkurs-wiedzy-o-oswiecimiu\/\"]}]},{\"@type\":\"BreadcrumbList\",\"@id\":\"https:\/\/mdkoswiecim.pl\/index.php\/2024\/03\/15\/xxvii-konkurs-wiedzy-o-oswiecimiu\/#breadcrumb\",\"itemListElement\":[{\"@type\":\"ListItem\",\"position\":1,\"item\":{\"@type\":\"WebPage\",\"@id\":\"https:\/\/mdkoswiecim.pl\/\",\"url\":\"https:\/\/mdkoswiecim.pl\/\",\"name\":\"Strona g\\u0142\\u00f3wna\"}},{\"@type\":\"ListItem\",\"position\":2,\"item\":{\"@type\":\"WebPage\",\"@id\":\"https:\/\/mdkoswiecim.pl\/index.php\/2024\/03\/15\/xxvii-konkurs-wiedzy-o-oswiecimiu\/\",\"url\":\"https:\/\/mdkoswiecim.pl\/index.php\/2024\/03\/15\/xxvii-konkurs-wiedzy-o-oswiecimiu\/\",\"name\":\"XXVII KONKURS WIEDZY O O\\u015aWI\\u0118CIMIU\"}}]},{\"@type\":\"Person\",\"@id\":\"https:\/\/mdkoswiecim.pl\/#\/schema\/person\/d9c1081e4cfefcbccad7ec11fa250f7a\",\"name\":\"alina.kwarciak\",\"image\":{\"@type\":\"ImageObject\",\"@id\":\"https:\/\/mdkoswiecim.pl\/#personlogo\",\"inLanguage\":\"pl-PL\",\"url\":\"https:\/\/secure.gravatar.com\/avatar\/cce8f640650bbd69c0efc0afd2dddb7945a94129b978796401e58cac1eb8b87b?s=96&d=mm&r=g\",\"contentUrl\":\"https:\/\/secure.gravatar.com\/avatar\/cce8f640650bbd69c0efc0afd2dddb7945a94129b978796401e58cac1eb8b87b?s=96&d=mm&r=g\",\"caption\":\"alina.kwarciak\"}}]}<\/script>\n<!-- \/ Yoast SEO plugin. -->","_links":{"self":[{"href":"https:\/\/mdkoswiecim.pl\/index.php\/wp-json\/wp\/v2\/posts\/19003","targetHints":{"allow":["GET"]}}],"collection":[{"href":"https:\/\/mdkoswiecim.pl\/index.php\/wp-json\/wp\/v2\/posts"}],"about":[{"href":"https:\/\/mdkoswiecim.pl\/index.php\/wp-json\/wp\/v2\/types\/post"}],"author":[{"embeddable":true,"href":"https:\/\/mdkoswiecim.pl\/index.php\/wp-json\/wp\/v2\/users\/3"}],"replies":[{"embeddable":true,"href":"https:\/\/mdkoswiecim.pl\/index.php\/wp-json\/wp\/v2\/comments?post=19003"}],"version-history":[{"count":1,"href":"https:\/\/mdkoswiecim.pl\/index.php\/wp-json\/wp\/v2\/posts\/19003\/revisions"}],"predecessor-version":[{"id":19006,"href":"https:\/\/mdkoswiecim.pl\/index.php\/wp-json\/wp\/v2\/posts\/19003\/revisions\/19006"}],"wp:featuredmedia":[{"embeddable":true,"href":"https:\/\/mdkoswiecim.pl\/index.php\/wp-json\/wp\/v2\/media\/19005"}],"wp:attachment":[{"href":"https:\/\/mdkoswiecim.pl\/index.php\/wp-json\/wp\/v2\/media?parent=19003"}],"wp:term":[{"taxonomy":"category","embeddable":true,"href":"https:\/\/mdkoswiecim.pl\/index.php\/wp-json\/wp\/v2\/categories?post=19003"},{"taxonomy":"post_tag","embeddable":true,"href":"https:\/\/mdkoswiecim.pl\/index.php\/wp-json\/wp\/v2\/tags?post=19003"}],"curies":[{"name":"wp","href":"https:\/\/api.w.org\/{rel}","templated":true}]}}