{"id":18984,"date":"2024-02-23T13:35:02","date_gmt":"2024-02-23T12:35:02","guid":{"rendered":"https:\/\/mdkoswiecim.pl\/?p=18984"},"modified":"2024-02-23T13:35:41","modified_gmt":"2024-02-23T12:35:41","slug":"nasze-lektury-dla-szkol-srednich-wyniki-iii-etapu","status":"publish","type":"post","link":"https:\/\/mdkoswiecim.pl\/index.php\/2024\/02\/23\/nasze-lektury-dla-szkol-srednich-wyniki-iii-etapu\/","title":{"rendered":"NASZE LEKTURY DLA SZK\u00d3\u0141 \u015aREDNICH \u2013 WYNIKI III ETAPU"},"content":{"rendered":"\n<p>W dniu 09.02.2024 r. odby\u0142 si\u0119 III etap II Powiatowego Konkursu Czytelniczego \u201eNasze lektury\u201d dla uczni\u00f3w szk\u00f3\u0142 \u015brednich. Tematem konkursu by\u0142a lektura \u201eZd\u0105\u017cy\u0107 przed Panem Bogiem\u201d Hanny Krall.<\/p>\n\n\n\n<p>Do Konkursu przyst\u0105pi\u0142o 78 uczni\u00f3w z 7 szk\u00f3\u0142 z powiatu o\u015bwi\u0119cimskiego.<\/p>\n\n\n\n<p>Uczestnicy odpowiadali na pytania testu. Maksymalna ilo\u015b\u0107 punkt\u00f3w: 37<\/p>\n\n\n\n<p>Zwyci\u0119\u017cczyni\u0105 etapu zosta\u0142a NATALIA WIERO\u0143SKA z Powiatowego Zespo\u0142u nr 9<br>w K\u0119tach, zdobywaj\u0105c 35 punkt\u00f3w.<\/p>\n\n\n\n<p>Gratulujemy.<\/p>\n\n\n\n<p><strong>Osoby, kt\u00f3re zdoby\u0142y nie mniej, ni\u017c 27 pkt to:<\/strong><\/p>\n\n\n\n<figure class=\"wp-block-table\"><table><tbody><tr><td><strong>Nazwisko i imi\u0119<\/strong><\/td><td><strong>Szko\u0142a (plac\u00f3wka)<\/strong><\/td><td><strong>Liczba punkt\u00f3w<\/strong><\/td><\/tr><tr><td>HA\u0141AT KATARZYNA<\/td><td>ZSZTS<\/td><td>34<\/td><\/tr><tr><td>KUBICZEK MA\u0141GORZATA<\/td><td>PZ nr 1<\/td><td>33<\/td><\/tr><tr><td>FORMAS GABRIELA<\/td><td>PZ nr 2 SOMSiT<\/td><td>33<\/td><\/tr><tr><td>WIERO\u0143SKA PATRYCJA<\/td><td>PZ nr 9 K\u0119ty<\/td><td>33<\/td><\/tr><tr><td>KULAWIK AMELIA<\/td><td>ZSZTS<\/td><td>33<\/td><\/tr><tr><td>MATYAS AMELIA<\/td><td>PZ nr 1<\/td><td>32<\/td><\/tr><tr><td>CHROSTEK GRA\u017bYNA<\/td><td>I LO K\u0119ty<\/td><td>31<\/td><\/tr><tr><td>SIKORA PAULINA<\/td><td>I LO K\u0119ty<\/td><td>31<\/td><\/tr><tr><td>SIKORA KARINA<\/td><td>I LO K\u0119ty<\/td><td>31<\/td><\/tr><tr><td>MA\u0143DOK JAKUB<\/td><td>ZSZTS<\/td><td>30<\/td><\/tr><tr><td>BIESIK MILENA<\/td><td>I LO K\u0119ty<\/td><td>29<\/td><\/tr><tr><td>ZIELI\u0143SKA MARTYNA<\/td><td>I LO K\u0119ty<\/td><td>29<\/td><\/tr><tr><td>SZETY\u0143SKA KINGA<\/td><td>PZ nr 2 SOMSiT<\/td><td>29<\/td><\/tr><tr><td>KACZY\u0143SKA JAGODA<\/td><td>PZ nr 9 K\u0119ty<\/td><td>29<\/td><\/tr><tr><td>BOROWCZYK WERONIKA<\/td><td>ZSZTS<\/td><td>29<\/td><\/tr><tr><td>STARZEC OLIWIA<\/td><td>PZ nr 2 SOMSiT<\/td><td>28<\/td><\/tr><tr><td>S\u0141ONISZKO MARTYNA<\/td><td>PZ nr 2 SOMSiT<\/td><td>28<\/td><\/tr><tr><td>ZIAJA ANNA<\/td><td>PZ nr 9 K\u0119ty<\/td><td>28<\/td><\/tr><tr><td>JASIENIAK ALICJA<\/td><td>ZSZTS<\/td><td>28<\/td><\/tr><tr><td>NALEPKA NATALIA<\/td><td>ZSZTS<\/td><td>28<\/td><\/tr><tr><td>GUZDEK ZOFIA<\/td><td>I LO K\u0119ty<\/td><td>27<\/td><\/tr><tr><td>HA\u0141AT JULIA<\/td><td>I LO K\u0119ty<\/td><td>27<\/td><\/tr><tr><td>KUSAK KATARZYNA<\/td><td>I LO K\u0119ty<\/td><td>27<\/td><\/tr><tr><td>ZEMLAK JUDYTA<\/td><td>I LO K\u0119ty<\/td><td>27<\/td><\/tr><tr><td>LASEK DOMINIKA<\/td><td>PZ 4 SEG<\/td><td>27<\/td><\/tr><tr><td>JAROSZ MILENA<\/td><td>PZ nr 2 SOMSiT<\/td><td>27<\/td><\/tr><tr><td>GASZMAN MARTYNA<\/td><td>PZ nr 9 K\u0119ty<\/td><td>27<\/td><\/tr><tr><td>GRYKSA ZOFIA<\/td><td>ZSZTS<\/td><td>27<\/td><\/tr><tr><td>POMIETLAK JAKUB<\/td><td>ZSZTS<\/td><td>27<\/td><\/tr><\/tbody><\/table><\/figure>\n\n\n\n<p><strong>Pierwsze 10 miejsc po trzech etapach konkursu zaj\u0119li uczniowie:<\/strong><\/p>\n\n\n\n<figure class=\"wp-block-table\"><table><tbody><tr><td><strong>MIEJSCE<\/strong><\/td><td><strong>NAZWISKO I IMI\u0118<\/strong><\/td><td><strong>SZKO\u0141A<\/strong><\/td><td><strong>SUMA PUNKT\u00d3W<\/strong><\/td><\/tr><tr><td>1.<\/td><td>WIERO\u0143SKA NATALIA<\/td><td>PZ nr 9 K\u0119ty<\/td><td>101<\/td><\/tr><tr><td>1.<\/td><td>HA\u0141AT KATARZYNA<\/td><td>ZSZTS<\/td><td>101<\/td><\/tr><tr><td>2.<\/td><td>WIERO\u0143SKA PATRYCJA<\/td><td>PZ nr 9 K\u0119ty<\/td><td>99<\/td><\/tr><tr><td>3.<\/td><td>KULAWIK AMELIA<\/td><td>ZSZTS<\/td><td>97<\/td><\/tr><tr><td>4.<\/td><td>CHROSTEK GRA\u017bYNA<\/td><td>I LO K\u0119ty<\/td><td>96<\/td><\/tr><tr><td>5.<\/td><td>SIKORA PAULINA<\/td><td>I LO K\u0119ty<\/td><td>94<\/td><\/tr><tr><td>5.<\/td><td>JASIENIAK ALICJA<\/td><td>ZSZTS<\/td><td>94<\/td><\/tr><tr><td>6.<\/td><td>SIKORA KARINA<\/td><td>I LO K\u0119ty<\/td><td>93<\/td><\/tr><tr><td>7.<\/td><td>BIESIK MILENA<\/td><td>I LO K\u0119ty<\/td><td>92<\/td><\/tr><tr><td>8.<\/td><td>NALEPKA NATALIA<\/td><td>ZSZTS<\/td><td>91<\/td><\/tr><tr><td>9.<\/td><td>KUBICZEK MA\u0141GORZATA<\/td><td>PZ nr 1 w O\u015bwi\u0119cimiu<\/td><td>90<\/td><\/tr><tr><td>9.<\/td><td>MATYAS AMELIA<\/td><td>PZ nr 1 w O\u015bwi\u0119cimiu<\/td><td>90<\/td><\/tr><tr><td>9.<\/td><td>KACZY\u0143SKA JAGODA<\/td><td>PZ nr 9 K\u0119ty<\/td><td>90<\/td><\/tr><tr><td>10.<\/td><td>GUMIENNY SZYMON<\/td><td>PZ nr 1 w O\u015bwi\u0119cimiu<\/td><td>89<\/td><\/tr><tr><td>10.<\/td><td>GASZMAN MARTYNA<\/td><td>PZ nr 9 K\u0119ty<\/td><td>89<\/td><\/tr><\/tbody><\/table><\/figure>\n\n\n\n<p>Wszystkim uczestnikom gratulujemy wiedzy.<\/p>\n\n\n\n<p>Kolejny etap ju\u017c 5 kwietnia, a w nim dramat JULIUSZA S\u0141OWACKIEGO &#8220;LILIA WENEDA&#8221;. Zapraszamy \ud83d\ude42<\/p>\n","protected":false},"excerpt":{"rendered":"<p>W dniu 09.02.2024 r. odby\u0142 si\u0119 III etap II Powiatowego Konkursu Czytelniczego \u201eNasze lektury\u201d dla uczni\u00f3w szk\u00f3\u0142 \u015brednich. Tematem konkursu by\u0142a lektura \u201eZd\u0105\u017cy\u0107 przed Panem Bogiem\u201d Hanny Krall. Do Konkursu przyst\u0105pi\u0142o 78 uczni\u00f3w z 7 szk\u00f3\u0142 z powiatu o\u015bwi\u0119cimskiego. Uczestnicy odpowiadali na pytania testu. Maksymalna ilo\u015b\u0107 punkt\u00f3w: 37 Zwyci\u0119\u017cczyni\u0105 etapu zosta\u0142a NATALIA WIERO\u0143SKA z Powiatowego [&hellip;]<\/p>\n","protected":false},"author":3,"featured_media":18985,"comment_status":"closed","ping_status":"closed","sticky":false,"template":"","format":"standard","meta":{"footnotes":""},"categories":[107,108],"tags":[],"class_list":["post-18984","post","type-post","status-publish","format-standard","has-post-thumbnail","hentry","category-konkursy","category-aktualnosci"],"yoast_head":"<!-- This site is optimized with the Yoast SEO plugin v16.1.1 - https:\/\/yoast.com\/wordpress\/plugins\/seo\/ -->\n<title>NASZE LEKTURY DLA SZK\u00d3\u0141 \u015aREDNICH \u2013 WYNIKI III ETAPU - MDK<\/title>\n<link rel=\"canonical\" href=\"https:\/\/mdkoswiecim.pl\/index.php\/2024\/02\/23\/nasze-lektury-dla-szkol-srednich-wyniki-iii-etapu\/\" \/>\n<meta property=\"og:locale\" content=\"pl_PL\" \/>\n<meta property=\"og:type\" content=\"article\" \/>\n<meta property=\"og:title\" content=\"NASZE LEKTURY DLA SZK\u00d3\u0141 \u015aREDNICH \u2013 WYNIKI III ETAPU - MDK\" \/>\n<meta property=\"og:description\" content=\"W dniu 09.02.2024 r. odby\u0142 si\u0119 III etap II Powiatowego Konkursu Czytelniczego \u201eNasze lektury\u201d dla uczni\u00f3w szk\u00f3\u0142 \u015brednich. Tematem konkursu by\u0142a lektura \u201eZd\u0105\u017cy\u0107 przed Panem Bogiem\u201d Hanny Krall. Do Konkursu przyst\u0105pi\u0142o 78 uczni\u00f3w z 7 szk\u00f3\u0142 z powiatu o\u015bwi\u0119cimskiego. Uczestnicy odpowiadali na pytania testu. Maksymalna ilo\u015b\u0107 punkt\u00f3w: 37 Zwyci\u0119\u017cczyni\u0105 etapu zosta\u0142a NATALIA WIERO\u0143SKA z Powiatowego [&hellip;]\" \/>\n<meta property=\"og:url\" content=\"https:\/\/mdkoswiecim.pl\/index.php\/2024\/02\/23\/nasze-lektury-dla-szkol-srednich-wyniki-iii-etapu\/\" \/>\n<meta property=\"og:site_name\" content=\"MDK\" \/>\n<meta property=\"article:published_time\" content=\"2024-02-23T12:35:02+00:00\" \/>\n<meta property=\"article:modified_time\" content=\"2024-02-23T12:35:41+00:00\" \/>\n<meta property=\"og:image\" content=\"https:\/\/mdkoswiecim.pl\/wp-content\/uploads\/2024\/02\/plakat-etap-III-srednie_page-0001-scaled.jpg\" \/>\n\t<meta property=\"og:image:width\" content=\"1811\" \/>\n\t<meta property=\"og:image:height\" content=\"2560\" \/>\n<meta name=\"twitter:card\" content=\"summary_large_image\" \/>\n<meta name=\"twitter:label1\" content=\"Szacowany czas czytania\">\n\t<meta name=\"twitter:data1\" content=\"2 minuty\">\n<script type=\"application\/ld+json\" class=\"yoast-schema-graph\">{\"@context\":\"https:\/\/schema.org\",\"@graph\":[{\"@type\":\"WebSite\",\"@id\":\"https:\/\/mdkoswiecim.pl\/#website\",\"url\":\"https:\/\/mdkoswiecim.pl\/\",\"name\":\"MDK\",\"description\":\"M\\u0142odzie\\u017cowy Dom Kultury w O\\u015bwi\\u0119cimiu\",\"potentialAction\":[{\"@type\":\"SearchAction\",\"target\":\"https:\/\/mdkoswiecim.pl\/?s={search_term_string}\",\"query-input\":\"required name=search_term_string\"}],\"inLanguage\":\"pl-PL\"},{\"@type\":\"ImageObject\",\"@id\":\"https:\/\/mdkoswiecim.pl\/index.php\/2024\/02\/23\/nasze-lektury-dla-szkol-srednich-wyniki-iii-etapu\/#primaryimage\",\"inLanguage\":\"pl-PL\",\"url\":\"https:\/\/mdkoswiecim.pl\/wp-content\/uploads\/2024\/02\/plakat-etap-III-srednie_page-0001-scaled.jpg\",\"contentUrl\":\"https:\/\/mdkoswiecim.pl\/wp-content\/uploads\/2024\/02\/plakat-etap-III-srednie_page-0001-scaled.jpg\",\"width\":1811,\"height\":2560},{\"@type\":\"WebPage\",\"@id\":\"https:\/\/mdkoswiecim.pl\/index.php\/2024\/02\/23\/nasze-lektury-dla-szkol-srednich-wyniki-iii-etapu\/#webpage\",\"url\":\"https:\/\/mdkoswiecim.pl\/index.php\/2024\/02\/23\/nasze-lektury-dla-szkol-srednich-wyniki-iii-etapu\/\",\"name\":\"NASZE LEKTURY DLA SZK\\u00d3\\u0141 \\u015aREDNICH \\u2013 WYNIKI III ETAPU - MDK\",\"isPartOf\":{\"@id\":\"https:\/\/mdkoswiecim.pl\/#website\"},\"primaryImageOfPage\":{\"@id\":\"https:\/\/mdkoswiecim.pl\/index.php\/2024\/02\/23\/nasze-lektury-dla-szkol-srednich-wyniki-iii-etapu\/#primaryimage\"},\"datePublished\":\"2024-02-23T12:35:02+00:00\",\"dateModified\":\"2024-02-23T12:35:41+00:00\",\"author\":{\"@id\":\"https:\/\/mdkoswiecim.pl\/#\/schema\/person\/d9c1081e4cfefcbccad7ec11fa250f7a\"},\"breadcrumb\":{\"@id\":\"https:\/\/mdkoswiecim.pl\/index.php\/2024\/02\/23\/nasze-lektury-dla-szkol-srednich-wyniki-iii-etapu\/#breadcrumb\"},\"inLanguage\":\"pl-PL\",\"potentialAction\":[{\"@type\":\"ReadAction\",\"target\":[\"https:\/\/mdkoswiecim.pl\/index.php\/2024\/02\/23\/nasze-lektury-dla-szkol-srednich-wyniki-iii-etapu\/\"]}]},{\"@type\":\"BreadcrumbList\",\"@id\":\"https:\/\/mdkoswiecim.pl\/index.php\/2024\/02\/23\/nasze-lektury-dla-szkol-srednich-wyniki-iii-etapu\/#breadcrumb\",\"itemListElement\":[{\"@type\":\"ListItem\",\"position\":1,\"item\":{\"@type\":\"WebPage\",\"@id\":\"https:\/\/mdkoswiecim.pl\/\",\"url\":\"https:\/\/mdkoswiecim.pl\/\",\"name\":\"Strona g\\u0142\\u00f3wna\"}},{\"@type\":\"ListItem\",\"position\":2,\"item\":{\"@type\":\"WebPage\",\"@id\":\"https:\/\/mdkoswiecim.pl\/index.php\/2024\/02\/23\/nasze-lektury-dla-szkol-srednich-wyniki-iii-etapu\/\",\"url\":\"https:\/\/mdkoswiecim.pl\/index.php\/2024\/02\/23\/nasze-lektury-dla-szkol-srednich-wyniki-iii-etapu\/\",\"name\":\"NASZE LEKTURY DLA SZK\\u00d3\\u0141 \\u015aREDNICH \\u2013 WYNIKI III ETAPU\"}}]},{\"@type\":\"Person\",\"@id\":\"https:\/\/mdkoswiecim.pl\/#\/schema\/person\/d9c1081e4cfefcbccad7ec11fa250f7a\",\"name\":\"alina.kwarciak\",\"image\":{\"@type\":\"ImageObject\",\"@id\":\"https:\/\/mdkoswiecim.pl\/#personlogo\",\"inLanguage\":\"pl-PL\",\"url\":\"https:\/\/secure.gravatar.com\/avatar\/cce8f640650bbd69c0efc0afd2dddb7945a94129b978796401e58cac1eb8b87b?s=96&d=mm&r=g\",\"contentUrl\":\"https:\/\/secure.gravatar.com\/avatar\/cce8f640650bbd69c0efc0afd2dddb7945a94129b978796401e58cac1eb8b87b?s=96&d=mm&r=g\",\"caption\":\"alina.kwarciak\"}}]}<\/script>\n<!-- \/ Yoast SEO plugin. -->","_links":{"self":[{"href":"https:\/\/mdkoswiecim.pl\/index.php\/wp-json\/wp\/v2\/posts\/18984","targetHints":{"allow":["GET"]}}],"collection":[{"href":"https:\/\/mdkoswiecim.pl\/index.php\/wp-json\/wp\/v2\/posts"}],"about":[{"href":"https:\/\/mdkoswiecim.pl\/index.php\/wp-json\/wp\/v2\/types\/post"}],"author":[{"embeddable":true,"href":"https:\/\/mdkoswiecim.pl\/index.php\/wp-json\/wp\/v2\/users\/3"}],"replies":[{"embeddable":true,"href":"https:\/\/mdkoswiecim.pl\/index.php\/wp-json\/wp\/v2\/comments?post=18984"}],"version-history":[{"count":2,"href":"https:\/\/mdkoswiecim.pl\/index.php\/wp-json\/wp\/v2\/posts\/18984\/revisions"}],"predecessor-version":[{"id":18987,"href":"https:\/\/mdkoswiecim.pl\/index.php\/wp-json\/wp\/v2\/posts\/18984\/revisions\/18987"}],"wp:featuredmedia":[{"embeddable":true,"href":"https:\/\/mdkoswiecim.pl\/index.php\/wp-json\/wp\/v2\/media\/18985"}],"wp:attachment":[{"href":"https:\/\/mdkoswiecim.pl\/index.php\/wp-json\/wp\/v2\/media?parent=18984"}],"wp:term":[{"taxonomy":"category","embeddable":true,"href":"https:\/\/mdkoswiecim.pl\/index.php\/wp-json\/wp\/v2\/categories?post=18984"},{"taxonomy":"post_tag","embeddable":true,"href":"https:\/\/mdkoswiecim.pl\/index.php\/wp-json\/wp\/v2\/tags?post=18984"}],"curies":[{"name":"wp","href":"https:\/\/api.w.org\/{rel}","templated":true}]}}