{"id":18981,"date":"2024-02-23T13:10:05","date_gmt":"2024-02-23T12:10:05","guid":{"rendered":"https:\/\/mdkoswiecim.pl\/?p=18981"},"modified":"2024-02-23T13:10:06","modified_gmt":"2024-02-23T12:10:06","slug":"wyniki-iii-etapu-konkursu-czytelniczego-nasze-lektury-dla-szkol-podstawowych-2","status":"publish","type":"post","link":"https:\/\/mdkoswiecim.pl\/index.php\/2024\/02\/23\/wyniki-iii-etapu-konkursu-czytelniczego-nasze-lektury-dla-szkol-podstawowych-2\/","title":{"rendered":"WYNIKI III ETAPU KONKURSU CZYTELNICZEGO &#8220;NASZE LEKTURY&#8221; DLA SZK\u00d3\u0141 PODSTAWOWYCH"},"content":{"rendered":"\n<p>W dniu 9 lutego 2024 r. odby\u0142 si\u0119 III etap XIV Powiatowego Konkursu Czytelniczego \u201eNasze lektury\u201d dla uczni\u00f3w szk\u00f3\u0142 podstawowych. Tematem konkursu by\u0142a lektura \u201e\u017bona modna\u201d Ignacego Krasickiego.<\/p>\n\n\n\n<p>Do Konkursu przyst\u0105pi\u0142o 164 uczni\u00f3w z 16 szk\u00f3\u0142 z powiatu o\u015bwi\u0119cimskiego.<\/p>\n\n\n\n<p>Uczestnicy odpowiadali na pytania testu. Maksymalna ilo\u015b\u0107 punkt\u00f3w: 20<\/p>\n\n\n\n<p>Zwyci\u0119zcami etapu, zdobywaj\u0105c komplet punkt\u00f3w, zostali ex equo: <\/p>\n\n\n\n<figure class=\"wp-block-table\"><table><tbody><tr><td><strong>NAZWISKO I IMI\u0118<\/strong><\/td><td><strong>SZKO\u0141A<\/strong><\/td><\/tr><tr><td>LISOWSKI ADRIAN<\/td><td>SP nr 2 w Osieku<\/td><\/tr><tr><td>KWA\u015aNIAK AGATA<\/td><td>SP nr 2 w Osieku<\/td><\/tr><tr><td>KOZ\u0141OWSKA JULIA<\/td><td>SP nr 2 w Osieku<\/td><\/tr><tr><td>LISOWSKI BART\u0141OMIEJ<\/td><td>SP nr 2 w Osieku<\/td><\/tr><tr><td>KO\u017bUCH KAROLINA<\/td><td>SP nr 2 w Przeciszowie<\/td><\/tr><tr><td>KAROLCZAK SOPHIA<\/td><td>SP nr 9 w O\u015bwi\u0119cimiu<\/td><\/tr><tr><td>STRZA\u0141A EWA<\/td><td>SP nr 9 w O\u015bwi\u0119cimiu<\/td><\/tr><tr><td>KOCZUR HANNA<\/td><td>SP nr 9 w O\u015bwi\u0119cimiu<\/td><\/tr><tr><td>BOBI\u0143SKI KRZYSZTOF<\/td><td>SP nr 9 w O\u015bwi\u0119cimiu<\/td><\/tr><tr><td>KOTYLA ADAM<\/td><td>SP nr 9 w O\u015bwi\u0119cimiu<\/td><\/tr><tr><td>SZCZERBOWSKA OLIWIA<\/td><td>SP nr 9 w O\u015bwi\u0119cimiu<\/td><\/tr><tr><td>SPORYSZ KLAUDIA<\/td><td>SP nr 9 w O\u015bwi\u0119cimiu<\/td><\/tr><tr><td>\u0141AZI\u0143SKA NIKOLA<\/td><td>SP nr 9 w O\u015bwi\u0119cimiu<\/td><\/tr><tr><td>ROMA\u0143CZUK-FIEDOROWICZ OLGA<\/td><td>SP nr 9 w O\u015bwi\u0119cimiu<\/td><\/tr><tr><td>NYKIEL HANNA<\/td><td>SP w Bielanach<\/td><\/tr><tr><td>JASI\u0143SKA MAJA<\/td><td>SP w Bielanach<\/td><\/tr><tr><td>GABRY\u015a KAMILA<\/td><td>SP w Bielanach<\/td><\/tr><tr><td>KRAWCZYK EMILIA<\/td><td>SP w Grojcu<\/td><\/tr><tr><td>CHOWANIEC AMELIA<\/td><td>SP w Grojcu<\/td><\/tr><tr><td>KO\u0141AKOWSKA ZUZANNA<\/td><td>SP w Zaborzu<\/td><\/tr><tr><td>KAROLUS MARTA<\/td><td>SP w Zaborzu<\/td><\/tr><tr><td>STRAMA MICHA\u0141<\/td><td>SP w Zaborzu<\/td><\/tr><tr><td>PIETRUSZKA FRANCISZEK<\/td><td>SZS nr 1 w Che\u0142mku<\/td><\/tr><\/tbody><\/table><\/figure>\n\n\n\n<p><strong>Osoby, kt\u00f3re zdoby\u0142y nie mniej, ni\u017c 15 pkt to:<\/strong><\/p>\n\n\n\n<figure class=\"wp-block-table\"><table><tbody><tr><td><strong>NAZWISKO I IMI\u0118<\/strong><\/td><td><strong>SZKO\u0141A<\/strong><\/td><td><strong>LICZBA PUNKT\u00d3W<\/strong><\/td><\/tr><tr><td>DACZY\u0143SKI ANTONI<\/td><td>SP Fundacji \u015bw. J\u00f3zefa w O\u015bwi\u0119cimiu<\/td><td>19<\/td><\/tr><tr><td>DRABCZYK POLA<\/td><td>SP nr 1 w Przeciszowie<\/td><td>19<\/td><\/tr><tr><td>MOMOT ALEKS<\/td><td>ZSP nr 1 w Przecieszynie<\/td><td>19<\/td><\/tr><tr><td>JEKIE\u0141EK ADRIANNA<\/td><td>SP nr 2 w Osieku<\/td><td>19<\/td><\/tr><tr><td>BIES WERONIKA<\/td><td>SP nr 2 w Osieku<\/td><td>19<\/td><\/tr><tr><td>MITORAJ PAULINA<\/td><td>SP nr 2 w Osieku<\/td><td>19<\/td><\/tr><tr><td>JURECKI KAMIL<\/td><td>SP nr 2 w Osieku<\/td><td>19<\/td><\/tr><tr><td>PIEGZA HANNA<\/td><td>SP nr 2 w Przeciszowie<\/td><td>19<\/td><\/tr><tr><td>SPORYSZ ZUZANNA<\/td><td>SP nr 2 w Przeciszowie<\/td><td>19<\/td><\/tr><tr><td>LITWI\u0143SKA GABRIELA<\/td><td>SP nr 2 w Przeciszowie<\/td><td>19<\/td><\/tr><tr><td>BULEK ANTONINA<\/td><td>SP nr 4 w O\u015bwi\u0119cimiu<\/td><td>19<\/td><\/tr><tr><td>ZONTEK PATRYCJA<\/td><td>SP nr 9 w O\u015bwi\u0119cimiu<\/td><td>19<\/td><\/tr><tr><td>TARABU\u0141A JAKUB<\/td><td>SP nr 9 w O\u015bwi\u0119cimiu<\/td><td>19<\/td><\/tr><tr><td>MATUSIAK ANTONI<\/td><td>SP w Bielanach<\/td><td>19<\/td><\/tr><tr><td>WR\u00d3BEL PATRYCJA<\/td><td>SP w Bielanach<\/td><td>19<\/td><\/tr><tr><td>M\u0104DRO ALEK<\/td><td>SP w Bielanach<\/td><td>19<\/td><\/tr><tr><td>RADOSZ GABRIELA<\/td><td>SP w Bielanach<\/td><td>19<\/td><\/tr><tr><td>SMOLARCZYK MILENA<\/td><td>SP w Bielanach<\/td><td>19<\/td><\/tr><tr><td>CHWIERUT NIKOLA<\/td><td>SP w Bielanach<\/td><td>19<\/td><\/tr><tr><td>GRUNWALD LENA<\/td><td>SP w Bielanach<\/td><td>19<\/td><\/tr><tr><td>B\u0118GZIAK JULIA<\/td><td>SP w Grojcu<\/td><td>19<\/td><\/tr><tr><td>MELON EMILIA<\/td><td>SZS w Gorzowie<\/td><td>19<\/td><\/tr><tr><td>OSTROWSKA OLIWIA<\/td><td>SZS w Gorzowie<\/td><td>19<\/td><\/tr><tr><td>KONIK \u0141UCJA<\/td><td>ZSO w Zatorze<\/td><td>19<\/td><\/tr><tr><td>IWANEK NATALIA<\/td><td>ZSO w Zatorze<\/td><td>19<\/td><\/tr><tr><td>BA\u0141YS ELIZA<\/td><td>ZSO w Zatorze<\/td><td>19<\/td><\/tr><tr><td>B\u0104K ZOFIA<\/td><td>SP nr 1 w Przeciszowie<\/td><td>18<\/td><\/tr><tr><td>GRABECKA LENA<\/td><td>SP nr 1 w Przeciszowie<\/td><td>18<\/td><\/tr><tr><td>HYCNAR MARIA<\/td><td>SP nr 2 w Przeciszowie<\/td><td>18<\/td><\/tr><tr><td>CHRZAN MATEUSZ<\/td><td>SP nr 2 w Przeciszowie<\/td><td>18<\/td><\/tr><tr><td>MISIK KORNELIA<\/td><td>SP nr 4 w O\u015bwi\u0119cimiu<\/td><td>18<\/td><\/tr><tr><td>K\u0118DRACKA MAJA<\/td><td>SP w Grojcu<\/td><td>18<\/td><\/tr><tr><td>KU\u0179MA MILENA<\/td><td>SP w Grojcu<\/td><td>18<\/td><\/tr><tr><td>\u0141ACHETA SZYMON<\/td><td>SP w Grojcu<\/td><td>18<\/td><\/tr><tr><td>PIWOWARSKI-OLEJAK KSAWERY<\/td><td>SP w Grojcu<\/td><td>18<\/td><\/tr><tr><td>S\u0141OWIK ADAM<\/td><td>SP w Zaborzu<\/td><td>18<\/td><\/tr><tr><td>W\u00d3JCICKA JULIA<\/td><td>SP w Zaborzu<\/td><td>18<\/td><\/tr><tr><td>WILCZAK NADIA<\/td><td>SZS nr 1 w Che\u0142mku<\/td><td>18<\/td><\/tr><tr><td>PARZYMI\u0118SO MICHALINA<\/td><td>SP nr 1 w Przeciszowie<\/td><td>17<\/td><\/tr><tr><td>ADAMSKI JAKUB<\/td><td>ZSP nr 1 w Przecieszynie<\/td><td>17<\/td><\/tr><tr><td>JAKUBCZYK KAMILA<\/td><td>SP nr 2 w Przeciszowie<\/td><td>17<\/td><\/tr><tr><td>PIEKARCZYK MIKO\u0141AJ<\/td><td>SP nr 2 w Przeciszowie<\/td><td>17<\/td><\/tr><tr><td>JAKUBOWSKA EMILIA<\/td><td>SP nr 2 w Przeciszowie<\/td><td>17<\/td><\/tr><tr><td>KOLBER LENA<\/td><td>SP nr 4 w O\u015bwi\u0119cimiu<\/td><td>17<\/td><\/tr><tr><td>W\u0118GRZYN MILENA<\/td><td>SP nr 9 w O\u015bwi\u0119cimiu<\/td><td>17<\/td><\/tr><tr><td>HACZEK LENA<\/td><td>SP w Bielanach<\/td><td>17<\/td><\/tr><tr><td>BRZECZKOWSKA ZUZANNA<\/td><td>SP w Grojcu<\/td><td>17<\/td><\/tr><tr><td>\u0106WIKLICKA JULIA<\/td><td>SP w Grojcu<\/td><td>17<\/td><\/tr><tr><td>GR\u0104DZIEL SARA<\/td><td>SP w Grojcu<\/td><td>17<\/td><\/tr><tr><td>KLESZCZ MIKO\u0141AJ<\/td><td>SP w Grojcu<\/td><td>17<\/td><\/tr><tr><td>KRASKA MIKO\u0141AJ<\/td><td>SP w Grojcu<\/td><td>17<\/td><\/tr><tr><td>P\u0141OSZCZYCA ANNA<\/td><td>SP w Zaborzu<\/td><td>17<\/td><\/tr><tr><td>SMOTER NATALIA<\/td><td>SZS nr 1 w Che\u0142mku<\/td><td>17<\/td><\/tr><tr><td>KO\u0179MIN PATRYCJA<\/td><td>SZS nr 1 w Che\u0142mku<\/td><td>17<\/td><\/tr><tr><td>MICHA\u0141EK WERONIKA<\/td><td>ZSO w Zatorze<\/td><td>17<\/td><\/tr><tr><td>BARTU\u015a MILENA<\/td><td>SP nr 1 w Przeciszowie<\/td><td>16<\/td><\/tr><tr><td>MIESZCZAK EMILIA<\/td><td>SP nr 4 w O\u015bwi\u0119cimiu<\/td><td>16<\/td><\/tr><tr><td>PID\u0141O SZYMON<\/td><td>SP nr 4 w O\u015bwi\u0119cimiu<\/td><td>16<\/td><\/tr><tr><td>KEMPKA MAJA<\/td><td>SP nr 7 w O\u015bwi\u0119cimiu<\/td><td>16<\/td><\/tr><tr><td>PAJ\u0104K JULIAN<\/td><td>SP w Grojcu<\/td><td>16<\/td><\/tr><tr><td>GRABOWSKA AMELIA<\/td><td>SP w Grojcu<\/td><td>16<\/td><\/tr><tr><td>HA\u0141ATEK MICHA\u0141<\/td><td>SP w Zaborzu<\/td><td>16<\/td><\/tr><tr><td>MEDUNA MICHA\u0141<\/td><td>SP w Zaborzu<\/td><td>16<\/td><\/tr><tr><td>PIEKIE\u0141KO PATRYK<\/td><td>SP w Zaborzu<\/td><td>16<\/td><\/tr><tr><td>W\u00d3JCIK MAGDALENA<\/td><td>SZS nr 1 w Che\u0142mku<\/td><td>16<\/td><\/tr><tr><td>GRABOWSKA NADIA<\/td><td>SZS nr 1 w Che\u0142mku<\/td><td>16<\/td><\/tr><tr><td>MACA MILENA<\/td><td>SZS nr 1 w Che\u0142mku<\/td><td>16<\/td><\/tr><tr><td>PYTEL ZUZANNA<\/td><td>ZSO w Zatorze<\/td><td>16<\/td><\/tr><tr><td>SIEMEK ADAM<\/td><td>SP nr 2 w Przeciszowie<\/td><td>16<\/td><\/tr><tr><td>BIERNAT DAWID<\/td><td>SP nr 2 w Przeciszowie<\/td><td>15<\/td><\/tr><tr><td>KLIMCZYK KAROL<\/td><td>SP nr 2 w Przeciszowie<\/td><td>15<\/td><\/tr><tr><td>MAZGAJ MATEUSZ<\/td><td>SP nr 4 w O\u015bwi\u0119cimiu<\/td><td>15<\/td><\/tr><tr><td>CHRAPCZY\u0143SKA OLA<\/td><td>SP w Grojcu<\/td><td>15<\/td><\/tr><tr><td>STEFA\u0143SKI MI\u0141OSZ<\/td><td>SP w Zaborzu<\/td><td>15<\/td><\/tr><tr><td>PISKORZ AMELIA<\/td><td>SZS nr 1 w Che\u0142mku<\/td><td>15<\/td><\/tr><tr><td>\u017bYDZIK MAJKA<\/td><td>SZS nr 1 w Che\u0142mku<\/td><td>15<\/td><\/tr><tr><td>KORCZYK MAJA<\/td><td>ZSO w Zatorze<\/td><td>15<\/td><\/tr><\/tbody><\/table><\/figure>\n\n\n\n<p>Po trzech etapach pierwsze 10 miejsc zajmuj\u0105 uczniowie:<\/p>\n\n\n\n<figure class=\"wp-block-table\"><table><tbody><tr><td><\/td><td><strong>NAZWISKO I IMI\u0118<\/strong><\/td><td><strong>SZKO\u0141A<\/strong><\/td><td><strong>SUMA PUNKT\u00d3W<\/strong><\/td><\/tr><tr><td>1.<\/td><td>KAROLCZAK SOPHIA<\/td><td>SP nr 9 w O\u015bwi\u0119cimiu<\/td><td>99<\/td><\/tr><tr><td>1.<\/td><td>STRZA\u0141A EWA<\/td><td>SP nr 9 w O\u015bwi\u0119cimiu<\/td><td>99<\/td><\/tr><tr><td>2.<\/td><td>KOCZUR HANNA<\/td><td>SP nr 9 w O\u015bwi\u0119cimiu<\/td><td>98<\/td><\/tr><tr><td>3.<\/td><td>ZONTEK PATRYCJA<\/td><td>SP nr 9 w O\u015bwi\u0119cimiu<\/td><td>97<\/td><\/tr><tr><td>3.<\/td><td>BOBI\u0143SKI KRZYSZTOF<\/td><td>SP nr 9 w O\u015bwi\u0119cimiu<\/td><td>97<\/td><\/tr><tr><td>4.<\/td><td>KOTYLA ADAM<\/td><td>SP nr 9 w O\u015bwi\u0119cimiu<\/td><td>96<\/td><\/tr><tr><td>4.<\/td><td>PIETRUSZKA FRANCISZEK<\/td><td>SZS nr 1 w Che\u0142mku<\/td><td>96<\/td><\/tr><tr><td>5.<\/td><td>SZCZERBOWSKA OLIWIA<\/td><td>SP nr 9 w O\u015bwi\u0119cimiu<\/td><td>95<\/td><\/tr><tr><td>6.<\/td><td>LISOWSKI ADRIAN<\/td><td>SP nr 2 w Osieku<\/td><td>93<\/td><\/tr><tr><td>6.<\/td><td>SPORYSZ KLAUDIA<\/td><td>SP nr 9 w O\u015bwi\u0119cimiu<\/td><td>93<\/td><\/tr><tr><td>7.<\/td><td>MELON EMILIA<\/td><td>SZS w Gorzowie<\/td><td>91<\/td><\/tr><tr><td>8.<\/td><td>JEKIE\u0141EK ADRIANNA<\/td><td>SP nr 2 w Osieku<\/td><td>90<\/td><\/tr><tr><td>8.<\/td><td>KO\u0141AKOWSKA ZUZANNA<\/td><td>SP w Zaborzu<\/td><td>90<\/td><\/tr><tr><td>9.<\/td><td>\u0141AZI\u0143SKA NIKOLA<\/td><td>SP nr 9 w O\u015bwi\u0119cimiu<\/td><td>88<\/td><\/tr><tr><td>9.<\/td><td>TARABU\u0141\u0104 JAKUB<\/td><td>SP nr 9 w O\u015bwi\u0119cimiu<\/td><td>88<\/td><\/tr><tr><td>9.<\/td><td>KONIK \u0141UCJA<\/td><td>ZSO w Zatorze<\/td><td>88<\/td><\/tr><tr><td>9.<\/td><td>OSTROWSKA OLIWIA<\/td><td>SZS w Gorzowie<\/td><td>88<\/td><\/tr><tr><td>10.<\/td><td>BIES WERONIKA<\/td><td>SP nr 2 w Osieku<\/td><td>86<\/td><\/tr><\/tbody><\/table><\/figure>\n\n\n\n<p>Wszystkim uczestnikom gratulujemy wiedzy.<\/p>\n\n\n\n<p>Kolejny etap ju\u017c 5 kwietnia, a w nim powie\u015b\u0107 L.M.Montgomery &#8220;Ania z Zielonego wzg\u00f3rza&#8221;. Zapraszamy \ud83d\ude42<\/p>\n","protected":false},"excerpt":{"rendered":"<p>W dniu 9 lutego 2024 r. odby\u0142 si\u0119 III etap XIV Powiatowego Konkursu Czytelniczego \u201eNasze lektury\u201d dla uczni\u00f3w szk\u00f3\u0142 podstawowych. Tematem konkursu by\u0142a lektura \u201e\u017bona modna\u201d Ignacego Krasickiego. Do Konkursu przyst\u0105pi\u0142o 164 uczni\u00f3w z 16 szk\u00f3\u0142 z powiatu o\u015bwi\u0119cimskiego. Uczestnicy odpowiadali na pytania testu. Maksymalna ilo\u015b\u0107 punkt\u00f3w: 20 Zwyci\u0119zcami etapu, zdobywaj\u0105c komplet punkt\u00f3w, zostali ex [&hellip;]<\/p>\n","protected":false},"author":3,"featured_media":18982,"comment_status":"closed","ping_status":"closed","sticky":false,"template":"","format":"standard","meta":{"footnotes":""},"categories":[107,108],"tags":[],"class_list":["post-18981","post","type-post","status-publish","format-standard","has-post-thumbnail","hentry","category-konkursy","category-aktualnosci"],"yoast_head":"<!-- This site is optimized with the Yoast SEO plugin v16.1.1 - https:\/\/yoast.com\/wordpress\/plugins\/seo\/ -->\n<title>WYNIKI III ETAPU KONKURSU CZYTELNICZEGO &quot;NASZE LEKTURY&quot; DLA SZK\u00d3\u0141 PODSTAWOWYCH - MDK<\/title>\n<link rel=\"canonical\" href=\"https:\/\/mdkoswiecim.pl\/index.php\/2024\/02\/23\/wyniki-iii-etapu-konkursu-czytelniczego-nasze-lektury-dla-szkol-podstawowych-2\/\" \/>\n<meta property=\"og:locale\" content=\"pl_PL\" \/>\n<meta property=\"og:type\" content=\"article\" \/>\n<meta property=\"og:title\" content=\"WYNIKI III ETAPU KONKURSU CZYTELNICZEGO &quot;NASZE LEKTURY&quot; DLA SZK\u00d3\u0141 PODSTAWOWYCH - MDK\" \/>\n<meta property=\"og:description\" content=\"W dniu 9 lutego 2024 r. odby\u0142 si\u0119 III etap XIV Powiatowego Konkursu Czytelniczego \u201eNasze lektury\u201d dla uczni\u00f3w szk\u00f3\u0142 podstawowych. Tematem konkursu by\u0142a lektura \u201e\u017bona modna\u201d Ignacego Krasickiego. Do Konkursu przyst\u0105pi\u0142o 164 uczni\u00f3w z 16 szk\u00f3\u0142 z powiatu o\u015bwi\u0119cimskiego. Uczestnicy odpowiadali na pytania testu. Maksymalna ilo\u015b\u0107 punkt\u00f3w: 20 Zwyci\u0119zcami etapu, zdobywaj\u0105c komplet punkt\u00f3w, zostali ex [&hellip;]\" \/>\n<meta property=\"og:url\" content=\"https:\/\/mdkoswiecim.pl\/index.php\/2024\/02\/23\/wyniki-iii-etapu-konkursu-czytelniczego-nasze-lektury-dla-szkol-podstawowych-2\/\" \/>\n<meta property=\"og:site_name\" content=\"MDK\" \/>\n<meta property=\"article:published_time\" content=\"2024-02-23T12:10:05+00:00\" \/>\n<meta property=\"article:modified_time\" content=\"2024-02-23T12:10:06+00:00\" \/>\n<meta property=\"og:image\" content=\"https:\/\/mdkoswiecim.pl\/wp-content\/uploads\/2024\/02\/plakat-etap-III-SP_page-0001-scaled.jpg\" \/>\n\t<meta property=\"og:image:width\" content=\"1811\" \/>\n\t<meta property=\"og:image:height\" content=\"2560\" \/>\n<meta name=\"twitter:card\" content=\"summary_large_image\" \/>\n<meta name=\"twitter:label1\" content=\"Szacowany czas czytania\">\n\t<meta name=\"twitter:data1\" content=\"5 minut\">\n<script type=\"application\/ld+json\" class=\"yoast-schema-graph\">{\"@context\":\"https:\/\/schema.org\",\"@graph\":[{\"@type\":\"WebSite\",\"@id\":\"https:\/\/mdkoswiecim.pl\/#website\",\"url\":\"https:\/\/mdkoswiecim.pl\/\",\"name\":\"MDK\",\"description\":\"M\\u0142odzie\\u017cowy Dom Kultury w O\\u015bwi\\u0119cimiu\",\"potentialAction\":[{\"@type\":\"SearchAction\",\"target\":\"https:\/\/mdkoswiecim.pl\/?s={search_term_string}\",\"query-input\":\"required name=search_term_string\"}],\"inLanguage\":\"pl-PL\"},{\"@type\":\"ImageObject\",\"@id\":\"https:\/\/mdkoswiecim.pl\/index.php\/2024\/02\/23\/wyniki-iii-etapu-konkursu-czytelniczego-nasze-lektury-dla-szkol-podstawowych-2\/#primaryimage\",\"inLanguage\":\"pl-PL\",\"url\":\"https:\/\/mdkoswiecim.pl\/wp-content\/uploads\/2024\/02\/plakat-etap-III-SP_page-0001-scaled.jpg\",\"contentUrl\":\"https:\/\/mdkoswiecim.pl\/wp-content\/uploads\/2024\/02\/plakat-etap-III-SP_page-0001-scaled.jpg\",\"width\":1811,\"height\":2560},{\"@type\":\"WebPage\",\"@id\":\"https:\/\/mdkoswiecim.pl\/index.php\/2024\/02\/23\/wyniki-iii-etapu-konkursu-czytelniczego-nasze-lektury-dla-szkol-podstawowych-2\/#webpage\",\"url\":\"https:\/\/mdkoswiecim.pl\/index.php\/2024\/02\/23\/wyniki-iii-etapu-konkursu-czytelniczego-nasze-lektury-dla-szkol-podstawowych-2\/\",\"name\":\"WYNIKI III ETAPU KONKURSU CZYTELNICZEGO \\\"NASZE LEKTURY\\\" DLA SZK\\u00d3\\u0141 PODSTAWOWYCH - MDK\",\"isPartOf\":{\"@id\":\"https:\/\/mdkoswiecim.pl\/#website\"},\"primaryImageOfPage\":{\"@id\":\"https:\/\/mdkoswiecim.pl\/index.php\/2024\/02\/23\/wyniki-iii-etapu-konkursu-czytelniczego-nasze-lektury-dla-szkol-podstawowych-2\/#primaryimage\"},\"datePublished\":\"2024-02-23T12:10:05+00:00\",\"dateModified\":\"2024-02-23T12:10:06+00:00\",\"author\":{\"@id\":\"https:\/\/mdkoswiecim.pl\/#\/schema\/person\/d9c1081e4cfefcbccad7ec11fa250f7a\"},\"breadcrumb\":{\"@id\":\"https:\/\/mdkoswiecim.pl\/index.php\/2024\/02\/23\/wyniki-iii-etapu-konkursu-czytelniczego-nasze-lektury-dla-szkol-podstawowych-2\/#breadcrumb\"},\"inLanguage\":\"pl-PL\",\"potentialAction\":[{\"@type\":\"ReadAction\",\"target\":[\"https:\/\/mdkoswiecim.pl\/index.php\/2024\/02\/23\/wyniki-iii-etapu-konkursu-czytelniczego-nasze-lektury-dla-szkol-podstawowych-2\/\"]}]},{\"@type\":\"BreadcrumbList\",\"@id\":\"https:\/\/mdkoswiecim.pl\/index.php\/2024\/02\/23\/wyniki-iii-etapu-konkursu-czytelniczego-nasze-lektury-dla-szkol-podstawowych-2\/#breadcrumb\",\"itemListElement\":[{\"@type\":\"ListItem\",\"position\":1,\"item\":{\"@type\":\"WebPage\",\"@id\":\"https:\/\/mdkoswiecim.pl\/\",\"url\":\"https:\/\/mdkoswiecim.pl\/\",\"name\":\"Strona g\\u0142\\u00f3wna\"}},{\"@type\":\"ListItem\",\"position\":2,\"item\":{\"@type\":\"WebPage\",\"@id\":\"https:\/\/mdkoswiecim.pl\/index.php\/2024\/02\/23\/wyniki-iii-etapu-konkursu-czytelniczego-nasze-lektury-dla-szkol-podstawowych-2\/\",\"url\":\"https:\/\/mdkoswiecim.pl\/index.php\/2024\/02\/23\/wyniki-iii-etapu-konkursu-czytelniczego-nasze-lektury-dla-szkol-podstawowych-2\/\",\"name\":\"WYNIKI III ETAPU KONKURSU CZYTELNICZEGO &#8220;NASZE LEKTURY&#8221; DLA SZK\\u00d3\\u0141 PODSTAWOWYCH\"}}]},{\"@type\":\"Person\",\"@id\":\"https:\/\/mdkoswiecim.pl\/#\/schema\/person\/d9c1081e4cfefcbccad7ec11fa250f7a\",\"name\":\"alina.kwarciak\",\"image\":{\"@type\":\"ImageObject\",\"@id\":\"https:\/\/mdkoswiecim.pl\/#personlogo\",\"inLanguage\":\"pl-PL\",\"url\":\"https:\/\/secure.gravatar.com\/avatar\/cce8f640650bbd69c0efc0afd2dddb7945a94129b978796401e58cac1eb8b87b?s=96&d=mm&r=g\",\"contentUrl\":\"https:\/\/secure.gravatar.com\/avatar\/cce8f640650bbd69c0efc0afd2dddb7945a94129b978796401e58cac1eb8b87b?s=96&d=mm&r=g\",\"caption\":\"alina.kwarciak\"}}]}<\/script>\n<!-- \/ Yoast SEO plugin. -->","_links":{"self":[{"href":"https:\/\/mdkoswiecim.pl\/index.php\/wp-json\/wp\/v2\/posts\/18981","targetHints":{"allow":["GET"]}}],"collection":[{"href":"https:\/\/mdkoswiecim.pl\/index.php\/wp-json\/wp\/v2\/posts"}],"about":[{"href":"https:\/\/mdkoswiecim.pl\/index.php\/wp-json\/wp\/v2\/types\/post"}],"author":[{"embeddable":true,"href":"https:\/\/mdkoswiecim.pl\/index.php\/wp-json\/wp\/v2\/users\/3"}],"replies":[{"embeddable":true,"href":"https:\/\/mdkoswiecim.pl\/index.php\/wp-json\/wp\/v2\/comments?post=18981"}],"version-history":[{"count":1,"href":"https:\/\/mdkoswiecim.pl\/index.php\/wp-json\/wp\/v2\/posts\/18981\/revisions"}],"predecessor-version":[{"id":18983,"href":"https:\/\/mdkoswiecim.pl\/index.php\/wp-json\/wp\/v2\/posts\/18981\/revisions\/18983"}],"wp:featuredmedia":[{"embeddable":true,"href":"https:\/\/mdkoswiecim.pl\/index.php\/wp-json\/wp\/v2\/media\/18982"}],"wp:attachment":[{"href":"https:\/\/mdkoswiecim.pl\/index.php\/wp-json\/wp\/v2\/media?parent=18981"}],"wp:term":[{"taxonomy":"category","embeddable":true,"href":"https:\/\/mdkoswiecim.pl\/index.php\/wp-json\/wp\/v2\/categories?post=18981"},{"taxonomy":"post_tag","embeddable":true,"href":"https:\/\/mdkoswiecim.pl\/index.php\/wp-json\/wp\/v2\/tags?post=18981"}],"curies":[{"name":"wp","href":"https:\/\/api.w.org\/{rel}","templated":true}]}}