{"id":18926,"date":"2024-02-16T13:44:03","date_gmt":"2024-02-16T12:44:03","guid":{"rendered":"https:\/\/mdkoswiecim.pl\/?p=18926"},"modified":"2024-02-16T13:44:04","modified_gmt":"2024-02-16T12:44:04","slug":"podroz-przez-czas-i-przestrzen-czyli-kreatywni-w-sosw","status":"publish","type":"post","link":"https:\/\/mdkoswiecim.pl\/index.php\/2024\/02\/16\/podroz-przez-czas-i-przestrzen-czyli-kreatywni-w-sosw\/","title":{"rendered":"Podr\u00f3\u017c przez czas i przestrze\u0144 czyli &#8220;KREATYWNI&#8221; w SOSW."},"content":{"rendered":"\n<p>Pi\u0105tek 9 lutego by\u0142 ostatnim dniem przes\u0142ucha\u0144 Powiatowego Przegl\u0105du Artystycznego &#8220;KREATYWNI&#8221;. <\/p>\n\n\n\n<p>Komisja MDK w sk\u0142adzie Alina Kwarciak, El\u017cbieta Wardza\u0142a-Sere\u015b, Kamila Sibik i Janusz Majcherek odwiedzi\u0142a Specjalny O\u015brodek Szkolno Wychowawczy w O\u015bwi\u0119cimiu. Tym razem wychowankowie  ( jak zawsze z wielkim rozmachem ) przygotowali  przepi\u0119kny spektakl inspirowany \u017cyciem Miko\u0142aja Kopernika. Na scenie pojawi\u0142o si\u0119 mn\u00f3stwo rekwizyt\u00f3w, doskonale dobrane stroje i efektowne wizualizacje jako t\u0142o. Blisko p\u00f3\u0142godzinny spektakl zrobi\u0142 na jurorach ogromne wra\u017cenie. Opr\u00f3cz spektaklu na scenie zaprezentowa\u0142a si\u0119 r\u00f3wnie\u017c wokalistka. Po zako\u0144czeniu cz\u0119\u015bci scenicznej, komisja zapozna\u0142a si\u0119 z pracami plastycznymi jednego z wychowank\u00f3w. By\u0142y to  grafiki w technice mangi. <\/p>\n\n\n\n<p><strong>LAUREATAMI <\/strong>przegl\u0105du zostali:<\/p>\n\n\n\n<p>Wojciech Miko\u0142ajko &#8211; grafiki komputerowe<\/p>\n\n\n\n<p>Karolina Zem\u0142a &#8211; \u015bpiew<\/p>\n\n\n\n<p>Grupa Teatralna w sk\u0142adzie: Julita Piwowar, Pawe\u0142 Szyma\u0144ski, Amelia Gajdemska, Tomasz \u017bukowski-Sawicki, Jan Migda\u0142.<\/p>\n\n\n\n<p>Serdecznie Gratulujemy!!!<\/p>\n\n\n\n<p>  <\/p>\n\n\n\n<figure class=\"wp-block-gallery has-nested-images columns-default is-cropped wp-block-gallery-1 is-layout-flex wp-block-gallery-is-layout-flex\">\n<figure class=\"wp-block-image size-large\"><a href=\"https:\/\/mdkoswiecim.pl\/wp-content\/uploads\/2024\/02\/2SszZghN.jpg\"><img loading=\"lazy\" decoding=\"async\" width=\"1024\" height=\"768\" data-id=\"18928\" src=\"https:\/\/mdkoswiecim.pl\/wp-content\/uploads\/2024\/02\/2SszZghN-1024x768.jpg\" alt=\"\" class=\"wp-image-18928\" srcset=\"https:\/\/mdkoswiecim.pl\/wp-content\/uploads\/2024\/02\/2SszZghN-1024x768.jpg 1024w, https:\/\/mdkoswiecim.pl\/wp-content\/uploads\/2024\/02\/2SszZghN-300x225.jpg 300w, https:\/\/mdkoswiecim.pl\/wp-content\/uploads\/2024\/02\/2SszZghN-768x576.jpg 768w, https:\/\/mdkoswiecim.pl\/wp-content\/uploads\/2024\/02\/2SszZghN-1536x1152.jpg 1536w, https:\/\/mdkoswiecim.pl\/wp-content\/uploads\/2024\/02\/2SszZghN.jpg 2048w\" sizes=\"auto, (max-width: 1024px) 100vw, 1024px\" \/><\/a><\/figure>\n\n\n\n<figure class=\"wp-block-image size-large\"><a href=\"https:\/\/mdkoswiecim.pl\/wp-content\/uploads\/2024\/02\/0S8sP6fr.jpg\"><img loading=\"lazy\" decoding=\"async\" width=\"1024\" height=\"768\" data-id=\"18927\" src=\"https:\/\/mdkoswiecim.pl\/wp-content\/uploads\/2024\/02\/0S8sP6fr-1024x768.jpg\" alt=\"\" class=\"wp-image-18927\" srcset=\"https:\/\/mdkoswiecim.pl\/wp-content\/uploads\/2024\/02\/0S8sP6fr-1024x768.jpg 1024w, https:\/\/mdkoswiecim.pl\/wp-content\/uploads\/2024\/02\/0S8sP6fr-300x225.jpg 300w, https:\/\/mdkoswiecim.pl\/wp-content\/uploads\/2024\/02\/0S8sP6fr-768x576.jpg 768w, https:\/\/mdkoswiecim.pl\/wp-content\/uploads\/2024\/02\/0S8sP6fr-1536x1152.jpg 1536w, https:\/\/mdkoswiecim.pl\/wp-content\/uploads\/2024\/02\/0S8sP6fr.jpg 2048w\" sizes=\"auto, (max-width: 1024px) 100vw, 1024px\" \/><\/a><\/figure>\n\n\n\n<figure class=\"wp-block-image size-large\"><a href=\"https:\/\/mdkoswiecim.pl\/wp-content\/uploads\/2024\/02\/5EcpPoni.jpg\"><img loading=\"lazy\" decoding=\"async\" width=\"1024\" height=\"768\" data-id=\"18929\" src=\"https:\/\/mdkoswiecim.pl\/wp-content\/uploads\/2024\/02\/5EcpPoni-1024x768.jpg\" alt=\"\" class=\"wp-image-18929\" srcset=\"https:\/\/mdkoswiecim.pl\/wp-content\/uploads\/2024\/02\/5EcpPoni-1024x768.jpg 1024w, https:\/\/mdkoswiecim.pl\/wp-content\/uploads\/2024\/02\/5EcpPoni-300x225.jpg 300w, https:\/\/mdkoswiecim.pl\/wp-content\/uploads\/2024\/02\/5EcpPoni-768x576.jpg 768w, https:\/\/mdkoswiecim.pl\/wp-content\/uploads\/2024\/02\/5EcpPoni-1536x1152.jpg 1536w, https:\/\/mdkoswiecim.pl\/wp-content\/uploads\/2024\/02\/5EcpPoni.jpg 2048w\" sizes=\"auto, (max-width: 1024px) 100vw, 1024px\" \/><\/a><\/figure>\n\n\n\n<figure class=\"wp-block-image size-large\"><a href=\"https:\/\/mdkoswiecim.pl\/wp-content\/uploads\/2024\/02\/eey9iQJ5.jpg\"><img loading=\"lazy\" decoding=\"async\" width=\"1024\" height=\"768\" data-id=\"18931\" src=\"https:\/\/mdkoswiecim.pl\/wp-content\/uploads\/2024\/02\/eey9iQJ5-1024x768.jpg\" alt=\"\" class=\"wp-image-18931\" srcset=\"https:\/\/mdkoswiecim.pl\/wp-content\/uploads\/2024\/02\/eey9iQJ5-1024x768.jpg 1024w, https:\/\/mdkoswiecim.pl\/wp-content\/uploads\/2024\/02\/eey9iQJ5-300x225.jpg 300w, https:\/\/mdkoswiecim.pl\/wp-content\/uploads\/2024\/02\/eey9iQJ5-768x576.jpg 768w, https:\/\/mdkoswiecim.pl\/wp-content\/uploads\/2024\/02\/eey9iQJ5-1536x1152.jpg 1536w, https:\/\/mdkoswiecim.pl\/wp-content\/uploads\/2024\/02\/eey9iQJ5.jpg 2048w\" sizes=\"auto, (max-width: 1024px) 100vw, 1024px\" \/><\/a><\/figure>\n\n\n\n<figure class=\"wp-block-image size-large\"><a href=\"https:\/\/mdkoswiecim.pl\/wp-content\/uploads\/2024\/02\/TuptUEQ2.jpg\"><img loading=\"lazy\" decoding=\"async\" width=\"768\" height=\"1024\" data-id=\"18943\" src=\"https:\/\/mdkoswiecim.pl\/wp-content\/uploads\/2024\/02\/TuptUEQ2-768x1024.jpg\" alt=\"\" class=\"wp-image-18943\" srcset=\"https:\/\/mdkoswiecim.pl\/wp-content\/uploads\/2024\/02\/TuptUEQ2-768x1024.jpg 768w, https:\/\/mdkoswiecim.pl\/wp-content\/uploads\/2024\/02\/TuptUEQ2-225x300.jpg 225w, https:\/\/mdkoswiecim.pl\/wp-content\/uploads\/2024\/02\/TuptUEQ2-1152x1536.jpg 1152w, https:\/\/mdkoswiecim.pl\/wp-content\/uploads\/2024\/02\/TuptUEQ2.jpg 1536w\" sizes=\"auto, (max-width: 768px) 100vw, 768px\" \/><\/a><\/figure>\n\n\n\n<figure class=\"wp-block-image size-large\"><a href=\"https:\/\/mdkoswiecim.pl\/wp-content\/uploads\/2024\/02\/IekQJndF.jpg\"><img loading=\"lazy\" decoding=\"async\" width=\"1024\" height=\"768\" data-id=\"18936\" src=\"https:\/\/mdkoswiecim.pl\/wp-content\/uploads\/2024\/02\/IekQJndF-1024x768.jpg\" alt=\"\" class=\"wp-image-18936\" srcset=\"https:\/\/mdkoswiecim.pl\/wp-content\/uploads\/2024\/02\/IekQJndF-1024x768.jpg 1024w, https:\/\/mdkoswiecim.pl\/wp-content\/uploads\/2024\/02\/IekQJndF-300x225.jpg 300w, https:\/\/mdkoswiecim.pl\/wp-content\/uploads\/2024\/02\/IekQJndF-768x576.jpg 768w, https:\/\/mdkoswiecim.pl\/wp-content\/uploads\/2024\/02\/IekQJndF-1536x1152.jpg 1536w, https:\/\/mdkoswiecim.pl\/wp-content\/uploads\/2024\/02\/IekQJndF.jpg 2048w\" sizes=\"auto, (max-width: 1024px) 100vw, 1024px\" \/><\/a><\/figure>\n\n\n\n<figure class=\"wp-block-image size-large\"><a href=\"https:\/\/mdkoswiecim.pl\/wp-content\/uploads\/2024\/02\/iOv-KPmh.jpg\"><img loading=\"lazy\" decoding=\"async\" width=\"1024\" height=\"768\" data-id=\"18938\" src=\"https:\/\/mdkoswiecim.pl\/wp-content\/uploads\/2024\/02\/iOv-KPmh-1024x768.jpg\" alt=\"\" class=\"wp-image-18938\" srcset=\"https:\/\/mdkoswiecim.pl\/wp-content\/uploads\/2024\/02\/iOv-KPmh-1024x768.jpg 1024w, https:\/\/mdkoswiecim.pl\/wp-content\/uploads\/2024\/02\/iOv-KPmh-300x225.jpg 300w, https:\/\/mdkoswiecim.pl\/wp-content\/uploads\/2024\/02\/iOv-KPmh-768x576.jpg 768w, https:\/\/mdkoswiecim.pl\/wp-content\/uploads\/2024\/02\/iOv-KPmh-1536x1152.jpg 1536w, https:\/\/mdkoswiecim.pl\/wp-content\/uploads\/2024\/02\/iOv-KPmh.jpg 2048w\" sizes=\"auto, (max-width: 1024px) 100vw, 1024px\" \/><\/a><\/figure>\n\n\n\n<figure class=\"wp-block-image size-large\"><a href=\"https:\/\/mdkoswiecim.pl\/wp-content\/uploads\/2024\/02\/SVRKrUlY.jpg\"><img loading=\"lazy\" decoding=\"async\" width=\"1024\" height=\"768\" data-id=\"18941\" src=\"https:\/\/mdkoswiecim.pl\/wp-content\/uploads\/2024\/02\/SVRKrUlY-1024x768.jpg\" alt=\"\" class=\"wp-image-18941\" srcset=\"https:\/\/mdkoswiecim.pl\/wp-content\/uploads\/2024\/02\/SVRKrUlY-1024x768.jpg 1024w, https:\/\/mdkoswiecim.pl\/wp-content\/uploads\/2024\/02\/SVRKrUlY-300x225.jpg 300w, https:\/\/mdkoswiecim.pl\/wp-content\/uploads\/2024\/02\/SVRKrUlY-768x576.jpg 768w, https:\/\/mdkoswiecim.pl\/wp-content\/uploads\/2024\/02\/SVRKrUlY-1536x1152.jpg 1536w, https:\/\/mdkoswiecim.pl\/wp-content\/uploads\/2024\/02\/SVRKrUlY.jpg 2048w\" sizes=\"auto, (max-width: 1024px) 100vw, 1024px\" \/><\/a><\/figure>\n\n\n\n<figure class=\"wp-block-image size-large\"><a href=\"https:\/\/mdkoswiecim.pl\/wp-content\/uploads\/2024\/02\/q3WGSsuu.jpg\"><img loading=\"lazy\" decoding=\"async\" width=\"1024\" height=\"768\" data-id=\"18939\" src=\"https:\/\/mdkoswiecim.pl\/wp-content\/uploads\/2024\/02\/q3WGSsuu-1024x768.jpg\" alt=\"\" class=\"wp-image-18939\" srcset=\"https:\/\/mdkoswiecim.pl\/wp-content\/uploads\/2024\/02\/q3WGSsuu-1024x768.jpg 1024w, https:\/\/mdkoswiecim.pl\/wp-content\/uploads\/2024\/02\/q3WGSsuu-300x225.jpg 300w, https:\/\/mdkoswiecim.pl\/wp-content\/uploads\/2024\/02\/q3WGSsuu-768x576.jpg 768w, https:\/\/mdkoswiecim.pl\/wp-content\/uploads\/2024\/02\/q3WGSsuu-1536x1152.jpg 1536w, https:\/\/mdkoswiecim.pl\/wp-content\/uploads\/2024\/02\/q3WGSsuu.jpg 2048w\" sizes=\"auto, (max-width: 1024px) 100vw, 1024px\" \/><\/a><\/figure>\n\n\n\n<figure class=\"wp-block-image size-large\"><a href=\"https:\/\/mdkoswiecim.pl\/wp-content\/uploads\/2024\/02\/t19mMgfR.jpg\"><img loading=\"lazy\" decoding=\"async\" width=\"1024\" height=\"768\" data-id=\"18942\" src=\"https:\/\/mdkoswiecim.pl\/wp-content\/uploads\/2024\/02\/t19mMgfR-1024x768.jpg\" alt=\"\" class=\"wp-image-18942\" srcset=\"https:\/\/mdkoswiecim.pl\/wp-content\/uploads\/2024\/02\/t19mMgfR-1024x768.jpg 1024w, https:\/\/mdkoswiecim.pl\/wp-content\/uploads\/2024\/02\/t19mMgfR-300x225.jpg 300w, https:\/\/mdkoswiecim.pl\/wp-content\/uploads\/2024\/02\/t19mMgfR-768x576.jpg 768w, https:\/\/mdkoswiecim.pl\/wp-content\/uploads\/2024\/02\/t19mMgfR-1536x1152.jpg 1536w, https:\/\/mdkoswiecim.pl\/wp-content\/uploads\/2024\/02\/t19mMgfR.jpg 2048w\" sizes=\"auto, (max-width: 1024px) 100vw, 1024px\" \/><\/a><\/figure>\n\n\n\n<figure class=\"wp-block-image size-large\"><a href=\"https:\/\/mdkoswiecim.pl\/wp-content\/uploads\/2024\/02\/wdR5sC8-.jpg\"><img loading=\"lazy\" decoding=\"async\" width=\"1024\" height=\"768\" data-id=\"18944\" src=\"https:\/\/mdkoswiecim.pl\/wp-content\/uploads\/2024\/02\/wdR5sC8--1024x768.jpg\" alt=\"\" class=\"wp-image-18944\" srcset=\"https:\/\/mdkoswiecim.pl\/wp-content\/uploads\/2024\/02\/wdR5sC8--1024x768.jpg 1024w, https:\/\/mdkoswiecim.pl\/wp-content\/uploads\/2024\/02\/wdR5sC8--300x225.jpg 300w, https:\/\/mdkoswiecim.pl\/wp-content\/uploads\/2024\/02\/wdR5sC8--768x576.jpg 768w, https:\/\/mdkoswiecim.pl\/wp-content\/uploads\/2024\/02\/wdR5sC8--1536x1152.jpg 1536w, https:\/\/mdkoswiecim.pl\/wp-content\/uploads\/2024\/02\/wdR5sC8-.jpg 2048w\" sizes=\"auto, (max-width: 1024px) 100vw, 1024px\" \/><\/a><\/figure>\n\n\n\n<figure class=\"wp-block-image size-large\"><a href=\"https:\/\/mdkoswiecim.pl\/wp-content\/uploads\/2024\/02\/Z2HE9tua.jpg\"><img loading=\"lazy\" decoding=\"async\" width=\"1024\" height=\"768\" data-id=\"18947\" src=\"https:\/\/mdkoswiecim.pl\/wp-content\/uploads\/2024\/02\/Z2HE9tua-1024x768.jpg\" alt=\"\" class=\"wp-image-18947\" srcset=\"https:\/\/mdkoswiecim.pl\/wp-content\/uploads\/2024\/02\/Z2HE9tua-1024x768.jpg 1024w, https:\/\/mdkoswiecim.pl\/wp-content\/uploads\/2024\/02\/Z2HE9tua-300x225.jpg 300w, https:\/\/mdkoswiecim.pl\/wp-content\/uploads\/2024\/02\/Z2HE9tua-768x576.jpg 768w, https:\/\/mdkoswiecim.pl\/wp-content\/uploads\/2024\/02\/Z2HE9tua-1536x1152.jpg 1536w, https:\/\/mdkoswiecim.pl\/wp-content\/uploads\/2024\/02\/Z2HE9tua.jpg 2048w\" sizes=\"auto, (max-width: 1024px) 100vw, 1024px\" \/><\/a><\/figure>\n\n\n\n<figure class=\"wp-block-image size-large\"><a href=\"https:\/\/mdkoswiecim.pl\/wp-content\/uploads\/2024\/02\/zu7-ELS-.jpg\"><img loading=\"lazy\" decoding=\"async\" width=\"1024\" height=\"768\" data-id=\"18948\" src=\"https:\/\/mdkoswiecim.pl\/wp-content\/uploads\/2024\/02\/zu7-ELS--1024x768.jpg\" alt=\"\" class=\"wp-image-18948\" srcset=\"https:\/\/mdkoswiecim.pl\/wp-content\/uploads\/2024\/02\/zu7-ELS--1024x768.jpg 1024w, https:\/\/mdkoswiecim.pl\/wp-content\/uploads\/2024\/02\/zu7-ELS--300x225.jpg 300w, https:\/\/mdkoswiecim.pl\/wp-content\/uploads\/2024\/02\/zu7-ELS--768x576.jpg 768w, https:\/\/mdkoswiecim.pl\/wp-content\/uploads\/2024\/02\/zu7-ELS--1536x1152.jpg 1536w, https:\/\/mdkoswiecim.pl\/wp-content\/uploads\/2024\/02\/zu7-ELS-.jpg 2048w\" sizes=\"auto, (max-width: 1024px) 100vw, 1024px\" \/><\/a><\/figure>\n\n\n\n<figure class=\"wp-block-image size-large\"><a href=\"https:\/\/mdkoswiecim.pl\/wp-content\/uploads\/2024\/02\/fHDo3hqI.jpg\"><img loading=\"lazy\" decoding=\"async\" width=\"1024\" height=\"768\" data-id=\"18933\" src=\"https:\/\/mdkoswiecim.pl\/wp-content\/uploads\/2024\/02\/fHDo3hqI-1024x768.jpg\" alt=\"\" class=\"wp-image-18933\" srcset=\"https:\/\/mdkoswiecim.pl\/wp-content\/uploads\/2024\/02\/fHDo3hqI-1024x768.jpg 1024w, https:\/\/mdkoswiecim.pl\/wp-content\/uploads\/2024\/02\/fHDo3hqI-300x225.jpg 300w, https:\/\/mdkoswiecim.pl\/wp-content\/uploads\/2024\/02\/fHDo3hqI-768x576.jpg 768w, https:\/\/mdkoswiecim.pl\/wp-content\/uploads\/2024\/02\/fHDo3hqI-1536x1152.jpg 1536w, https:\/\/mdkoswiecim.pl\/wp-content\/uploads\/2024\/02\/fHDo3hqI.jpg 2048w\" sizes=\"auto, (max-width: 1024px) 100vw, 1024px\" \/><\/a><\/figure>\n\n\n\n<figure class=\"wp-block-image size-large\"><a href=\"https:\/\/mdkoswiecim.pl\/wp-content\/uploads\/2024\/02\/jnpIxg3v.jpg\"><img loading=\"lazy\" decoding=\"async\" width=\"768\" height=\"1024\" data-id=\"18937\" src=\"https:\/\/mdkoswiecim.pl\/wp-content\/uploads\/2024\/02\/jnpIxg3v-768x1024.jpg\" alt=\"\" class=\"wp-image-18937\" srcset=\"https:\/\/mdkoswiecim.pl\/wp-content\/uploads\/2024\/02\/jnpIxg3v-768x1024.jpg 768w, https:\/\/mdkoswiecim.pl\/wp-content\/uploads\/2024\/02\/jnpIxg3v-225x300.jpg 225w, https:\/\/mdkoswiecim.pl\/wp-content\/uploads\/2024\/02\/jnpIxg3v-1152x1536.jpg 1152w, https:\/\/mdkoswiecim.pl\/wp-content\/uploads\/2024\/02\/jnpIxg3v.jpg 1536w\" sizes=\"auto, (max-width: 768px) 100vw, 768px\" \/><\/a><\/figure>\n\n\n\n<figure class=\"wp-block-image size-large\"><a href=\"https:\/\/mdkoswiecim.pl\/wp-content\/uploads\/2024\/02\/HeW1f3Cp.jpg\"><img loading=\"lazy\" decoding=\"async\" width=\"581\" height=\"1024\" data-id=\"18935\" src=\"https:\/\/mdkoswiecim.pl\/wp-content\/uploads\/2024\/02\/HeW1f3Cp-581x1024.jpg\" alt=\"\" class=\"wp-image-18935\" srcset=\"https:\/\/mdkoswiecim.pl\/wp-content\/uploads\/2024\/02\/HeW1f3Cp-581x1024.jpg 581w, https:\/\/mdkoswiecim.pl\/wp-content\/uploads\/2024\/02\/HeW1f3Cp-170x300.jpg 170w, https:\/\/mdkoswiecim.pl\/wp-content\/uploads\/2024\/02\/HeW1f3Cp-768x1354.jpg 768w, https:\/\/mdkoswiecim.pl\/wp-content\/uploads\/2024\/02\/HeW1f3Cp-872x1536.jpg 872w, https:\/\/mdkoswiecim.pl\/wp-content\/uploads\/2024\/02\/HeW1f3Cp.jpg 1162w\" sizes=\"auto, (max-width: 581px) 100vw, 581px\" \/><\/a><\/figure>\n\n\n\n<figure class=\"wp-block-image size-large\"><a href=\"https:\/\/mdkoswiecim.pl\/wp-content\/uploads\/2024\/02\/bMidRxzZ.jpg\"><img loading=\"lazy\" decoding=\"async\" width=\"683\" height=\"1024\" data-id=\"18930\" src=\"https:\/\/mdkoswiecim.pl\/wp-content\/uploads\/2024\/02\/bMidRxzZ-683x1024.jpg\" alt=\"\" class=\"wp-image-18930\" srcset=\"https:\/\/mdkoswiecim.pl\/wp-content\/uploads\/2024\/02\/bMidRxzZ-683x1024.jpg 683w, https:\/\/mdkoswiecim.pl\/wp-content\/uploads\/2024\/02\/bMidRxzZ-200x300.jpg 200w, https:\/\/mdkoswiecim.pl\/wp-content\/uploads\/2024\/02\/bMidRxzZ-768x1151.jpg 768w, https:\/\/mdkoswiecim.pl\/wp-content\/uploads\/2024\/02\/bMidRxzZ-1025x1536.jpg 1025w, https:\/\/mdkoswiecim.pl\/wp-content\/uploads\/2024\/02\/bMidRxzZ.jpg 1348w\" sizes=\"auto, (max-width: 683px) 100vw, 683px\" \/><\/a><\/figure>\n\n\n\n<figure class=\"wp-block-image size-large\"><a href=\"https:\/\/mdkoswiecim.pl\/wp-content\/uploads\/2024\/02\/r0U2eiPE.jpg\"><img loading=\"lazy\" decoding=\"async\" width=\"542\" height=\"1024\" data-id=\"18940\" src=\"https:\/\/mdkoswiecim.pl\/wp-content\/uploads\/2024\/02\/r0U2eiPE-542x1024.jpg\" alt=\"\" class=\"wp-image-18940\" srcset=\"https:\/\/mdkoswiecim.pl\/wp-content\/uploads\/2024\/02\/r0U2eiPE-542x1024.jpg 542w, https:\/\/mdkoswiecim.pl\/wp-content\/uploads\/2024\/02\/r0U2eiPE-159x300.jpg 159w, https:\/\/mdkoswiecim.pl\/wp-content\/uploads\/2024\/02\/r0U2eiPE-768x1451.jpg 768w, https:\/\/mdkoswiecim.pl\/wp-content\/uploads\/2024\/02\/r0U2eiPE-813x1536.jpg 813w, https:\/\/mdkoswiecim.pl\/wp-content\/uploads\/2024\/02\/r0U2eiPE.jpg 1084w\" sizes=\"auto, (max-width: 542px) 100vw, 542px\" \/><\/a><\/figure>\n\n\n\n<figure class=\"wp-block-image size-large\"><a href=\"https:\/\/mdkoswiecim.pl\/wp-content\/uploads\/2024\/02\/yXRWoTsA.jpg\"><img loading=\"lazy\" decoding=\"async\" width=\"736\" height=\"1024\" data-id=\"18946\" src=\"https:\/\/mdkoswiecim.pl\/wp-content\/uploads\/2024\/02\/yXRWoTsA-736x1024.jpg\" alt=\"\" class=\"wp-image-18946\" srcset=\"https:\/\/mdkoswiecim.pl\/wp-content\/uploads\/2024\/02\/yXRWoTsA-736x1024.jpg 736w, https:\/\/mdkoswiecim.pl\/wp-content\/uploads\/2024\/02\/yXRWoTsA-215x300.jpg 215w, https:\/\/mdkoswiecim.pl\/wp-content\/uploads\/2024\/02\/yXRWoTsA-768x1069.jpg 768w, https:\/\/mdkoswiecim.pl\/wp-content\/uploads\/2024\/02\/yXRWoTsA.jpg 1020w\" sizes=\"auto, (max-width: 736px) 100vw, 736px\" \/><\/a><\/figure>\n\n\n\n<figure class=\"wp-block-image size-large\"><a href=\"https:\/\/mdkoswiecim.pl\/wp-content\/uploads\/2024\/02\/zuRGCWwJ.jpg\"><img loading=\"lazy\" decoding=\"async\" width=\"741\" height=\"1024\" data-id=\"18949\" src=\"https:\/\/mdkoswiecim.pl\/wp-content\/uploads\/2024\/02\/zuRGCWwJ-741x1024.jpg\" alt=\"\" class=\"wp-image-18949\" srcset=\"https:\/\/mdkoswiecim.pl\/wp-content\/uploads\/2024\/02\/zuRGCWwJ-741x1024.jpg 741w, https:\/\/mdkoswiecim.pl\/wp-content\/uploads\/2024\/02\/zuRGCWwJ-217x300.jpg 217w, https:\/\/mdkoswiecim.pl\/wp-content\/uploads\/2024\/02\/zuRGCWwJ-768x1061.jpg 768w, https:\/\/mdkoswiecim.pl\/wp-content\/uploads\/2024\/02\/zuRGCWwJ.jpg 1002w\" sizes=\"auto, (max-width: 741px) 100vw, 741px\" \/><\/a><\/figure>\n\n\n\n<figure class=\"wp-block-image size-large\"><a href=\"https:\/\/mdkoswiecim.pl\/wp-content\/uploads\/2024\/02\/et3Qy0WL.jpg\"><img loading=\"lazy\" decoding=\"async\" width=\"1024\" height=\"766\" data-id=\"18934\" src=\"https:\/\/mdkoswiecim.pl\/wp-content\/uploads\/2024\/02\/et3Qy0WL-1024x766.jpg\" alt=\"\" class=\"wp-image-18934\" srcset=\"https:\/\/mdkoswiecim.pl\/wp-content\/uploads\/2024\/02\/et3Qy0WL-1024x766.jpg 1024w, https:\/\/mdkoswiecim.pl\/wp-content\/uploads\/2024\/02\/et3Qy0WL-300x224.jpg 300w, https:\/\/mdkoswiecim.pl\/wp-content\/uploads\/2024\/02\/et3Qy0WL-768x574.jpg 768w, https:\/\/mdkoswiecim.pl\/wp-content\/uploads\/2024\/02\/et3Qy0WL-1536x1149.jpg 1536w, https:\/\/mdkoswiecim.pl\/wp-content\/uploads\/2024\/02\/et3Qy0WL.jpg 2010w\" sizes=\"auto, (max-width: 1024px) 100vw, 1024px\" \/><\/a><\/figure>\n<\/figure>\n","protected":false},"excerpt":{"rendered":"<p>Pi\u0105tek 9 lutego by\u0142 ostatnim dniem przes\u0142ucha\u0144 Powiatowego Przegl\u0105du Artystycznego &#8220;KREATYWNI&#8221;. Komisja MDK w sk\u0142adzie Alina Kwarciak, El\u017cbieta Wardza\u0142a-Sere\u015b, Kamila Sibik i Janusz Majcherek odwiedzi\u0142a Specjalny O\u015brodek Szkolno Wychowawczy w O\u015bwi\u0119cimiu. Tym razem wychowankowie ( jak zawsze z wielkim rozmachem ) przygotowali przepi\u0119kny spektakl inspirowany \u017cyciem Miko\u0142aja Kopernika. Na scenie pojawi\u0142o si\u0119 mn\u00f3stwo rekwizyt\u00f3w, doskonale [&hellip;]<\/p>\n","protected":false},"author":2,"featured_media":18939,"comment_status":"closed","ping_status":"closed","sticky":false,"template":"","format":"standard","meta":{"footnotes":""},"categories":[107,108],"tags":[],"class_list":["post-18926","post","type-post","status-publish","format-standard","has-post-thumbnail","hentry","category-konkursy","category-aktualnosci"],"yoast_head":"<!-- This site is optimized with the Yoast SEO plugin v16.1.1 - https:\/\/yoast.com\/wordpress\/plugins\/seo\/ -->\n<title>Podr\u00f3\u017c przez czas i przestrze\u0144 czyli &quot;KREATYWNI&quot; w SOSW. - MDK<\/title>\n<link rel=\"canonical\" href=\"https:\/\/mdkoswiecim.pl\/index.php\/2024\/02\/16\/podroz-przez-czas-i-przestrzen-czyli-kreatywni-w-sosw\/\" \/>\n<meta property=\"og:locale\" content=\"pl_PL\" \/>\n<meta property=\"og:type\" content=\"article\" \/>\n<meta property=\"og:title\" content=\"Podr\u00f3\u017c przez czas i przestrze\u0144 czyli &quot;KREATYWNI&quot; w SOSW. - MDK\" \/>\n<meta property=\"og:description\" content=\"Pi\u0105tek 9 lutego by\u0142 ostatnim dniem przes\u0142ucha\u0144 Powiatowego Przegl\u0105du Artystycznego &#8220;KREATYWNI&#8221;. Komisja MDK w sk\u0142adzie Alina Kwarciak, El\u017cbieta Wardza\u0142a-Sere\u015b, Kamila Sibik i Janusz Majcherek odwiedzi\u0142a Specjalny O\u015brodek Szkolno Wychowawczy w O\u015bwi\u0119cimiu. Tym razem wychowankowie ( jak zawsze z wielkim rozmachem ) przygotowali przepi\u0119kny spektakl inspirowany \u017cyciem Miko\u0142aja Kopernika. Na scenie pojawi\u0142o si\u0119 mn\u00f3stwo rekwizyt\u00f3w, doskonale [&hellip;]\" \/>\n<meta property=\"og:url\" content=\"https:\/\/mdkoswiecim.pl\/index.php\/2024\/02\/16\/podroz-przez-czas-i-przestrzen-czyli-kreatywni-w-sosw\/\" \/>\n<meta property=\"og:site_name\" content=\"MDK\" \/>\n<meta property=\"article:published_time\" content=\"2024-02-16T12:44:03+00:00\" \/>\n<meta property=\"article:modified_time\" content=\"2024-02-16T12:44:04+00:00\" \/>\n<meta property=\"og:image\" content=\"https:\/\/mdkoswiecim.pl\/wp-content\/uploads\/2024\/02\/q3WGSsuu.jpg\" \/>\n\t<meta property=\"og:image:width\" content=\"2048\" \/>\n\t<meta property=\"og:image:height\" content=\"1536\" \/>\n<meta name=\"twitter:card\" content=\"summary_large_image\" \/>\n<meta name=\"twitter:label1\" content=\"Szacowany czas czytania\">\n\t<meta name=\"twitter:data1\" content=\"5 minut\">\n<script type=\"application\/ld+json\" class=\"yoast-schema-graph\">{\"@context\":\"https:\/\/schema.org\",\"@graph\":[{\"@type\":\"WebSite\",\"@id\":\"https:\/\/mdkoswiecim.pl\/#website\",\"url\":\"https:\/\/mdkoswiecim.pl\/\",\"name\":\"MDK\",\"description\":\"M\\u0142odzie\\u017cowy Dom Kultury w O\\u015bwi\\u0119cimiu\",\"potentialAction\":[{\"@type\":\"SearchAction\",\"target\":\"https:\/\/mdkoswiecim.pl\/?s={search_term_string}\",\"query-input\":\"required name=search_term_string\"}],\"inLanguage\":\"pl-PL\"},{\"@type\":\"ImageObject\",\"@id\":\"https:\/\/mdkoswiecim.pl\/index.php\/2024\/02\/16\/podroz-przez-czas-i-przestrzen-czyli-kreatywni-w-sosw\/#primaryimage\",\"inLanguage\":\"pl-PL\",\"url\":\"https:\/\/mdkoswiecim.pl\/wp-content\/uploads\/2024\/02\/q3WGSsuu.jpg\",\"contentUrl\":\"https:\/\/mdkoswiecim.pl\/wp-content\/uploads\/2024\/02\/q3WGSsuu.jpg\",\"width\":2048,\"height\":1536},{\"@type\":\"WebPage\",\"@id\":\"https:\/\/mdkoswiecim.pl\/index.php\/2024\/02\/16\/podroz-przez-czas-i-przestrzen-czyli-kreatywni-w-sosw\/#webpage\",\"url\":\"https:\/\/mdkoswiecim.pl\/index.php\/2024\/02\/16\/podroz-przez-czas-i-przestrzen-czyli-kreatywni-w-sosw\/\",\"name\":\"Podr\\u00f3\\u017c przez czas i przestrze\\u0144 czyli \\\"KREATYWNI\\\" w SOSW. - MDK\",\"isPartOf\":{\"@id\":\"https:\/\/mdkoswiecim.pl\/#website\"},\"primaryImageOfPage\":{\"@id\":\"https:\/\/mdkoswiecim.pl\/index.php\/2024\/02\/16\/podroz-przez-czas-i-przestrzen-czyli-kreatywni-w-sosw\/#primaryimage\"},\"datePublished\":\"2024-02-16T12:44:03+00:00\",\"dateModified\":\"2024-02-16T12:44:04+00:00\",\"author\":{\"@id\":\"https:\/\/mdkoswiecim.pl\/#\/schema\/person\/de4e1c3f9f9805d4834a83cd933e83a4\"},\"breadcrumb\":{\"@id\":\"https:\/\/mdkoswiecim.pl\/index.php\/2024\/02\/16\/podroz-przez-czas-i-przestrzen-czyli-kreatywni-w-sosw\/#breadcrumb\"},\"inLanguage\":\"pl-PL\",\"potentialAction\":[{\"@type\":\"ReadAction\",\"target\":[\"https:\/\/mdkoswiecim.pl\/index.php\/2024\/02\/16\/podroz-przez-czas-i-przestrzen-czyli-kreatywni-w-sosw\/\"]}]},{\"@type\":\"BreadcrumbList\",\"@id\":\"https:\/\/mdkoswiecim.pl\/index.php\/2024\/02\/16\/podroz-przez-czas-i-przestrzen-czyli-kreatywni-w-sosw\/#breadcrumb\",\"itemListElement\":[{\"@type\":\"ListItem\",\"position\":1,\"item\":{\"@type\":\"WebPage\",\"@id\":\"https:\/\/mdkoswiecim.pl\/\",\"url\":\"https:\/\/mdkoswiecim.pl\/\",\"name\":\"Strona g\\u0142\\u00f3wna\"}},{\"@type\":\"ListItem\",\"position\":2,\"item\":{\"@type\":\"WebPage\",\"@id\":\"https:\/\/mdkoswiecim.pl\/index.php\/2024\/02\/16\/podroz-przez-czas-i-przestrzen-czyli-kreatywni-w-sosw\/\",\"url\":\"https:\/\/mdkoswiecim.pl\/index.php\/2024\/02\/16\/podroz-przez-czas-i-przestrzen-czyli-kreatywni-w-sosw\/\",\"name\":\"Podr\\u00f3\\u017c przez czas i przestrze\\u0144 czyli &#8220;KREATYWNI&#8221; w SOSW.\"}}]},{\"@type\":\"Person\",\"@id\":\"https:\/\/mdkoswiecim.pl\/#\/schema\/person\/de4e1c3f9f9805d4834a83cd933e83a4\",\"name\":\"janusz.majcherek\",\"image\":{\"@type\":\"ImageObject\",\"@id\":\"https:\/\/mdkoswiecim.pl\/#personlogo\",\"inLanguage\":\"pl-PL\",\"url\":\"https:\/\/secure.gravatar.com\/avatar\/841ee0bdfc0ec9800cdb49de086063cd2bdca44d52221b7fee4d6a2db5eafb17?s=96&d=mm&r=g\",\"contentUrl\":\"https:\/\/secure.gravatar.com\/avatar\/841ee0bdfc0ec9800cdb49de086063cd2bdca44d52221b7fee4d6a2db5eafb17?s=96&d=mm&r=g\",\"caption\":\"janusz.majcherek\"}}]}<\/script>\n<!-- \/ Yoast SEO plugin. -->","_links":{"self":[{"href":"https:\/\/mdkoswiecim.pl\/index.php\/wp-json\/wp\/v2\/posts\/18926","targetHints":{"allow":["GET"]}}],"collection":[{"href":"https:\/\/mdkoswiecim.pl\/index.php\/wp-json\/wp\/v2\/posts"}],"about":[{"href":"https:\/\/mdkoswiecim.pl\/index.php\/wp-json\/wp\/v2\/types\/post"}],"author":[{"embeddable":true,"href":"https:\/\/mdkoswiecim.pl\/index.php\/wp-json\/wp\/v2\/users\/2"}],"replies":[{"embeddable":true,"href":"https:\/\/mdkoswiecim.pl\/index.php\/wp-json\/wp\/v2\/comments?post=18926"}],"version-history":[{"count":1,"href":"https:\/\/mdkoswiecim.pl\/index.php\/wp-json\/wp\/v2\/posts\/18926\/revisions"}],"predecessor-version":[{"id":18950,"href":"https:\/\/mdkoswiecim.pl\/index.php\/wp-json\/wp\/v2\/posts\/18926\/revisions\/18950"}],"wp:featuredmedia":[{"embeddable":true,"href":"https:\/\/mdkoswiecim.pl\/index.php\/wp-json\/wp\/v2\/media\/18939"}],"wp:attachment":[{"href":"https:\/\/mdkoswiecim.pl\/index.php\/wp-json\/wp\/v2\/media?parent=18926"}],"wp:term":[{"taxonomy":"category","embeddable":true,"href":"https:\/\/mdkoswiecim.pl\/index.php\/wp-json\/wp\/v2\/categories?post=18926"},{"taxonomy":"post_tag","embeddable":true,"href":"https:\/\/mdkoswiecim.pl\/index.php\/wp-json\/wp\/v2\/tags?post=18926"}],"curies":[{"name":"wp","href":"https:\/\/api.w.org\/{rel}","templated":true}]}}