{"id":18881,"date":"2024-02-13T14:14:05","date_gmt":"2024-02-13T13:14:05","guid":{"rendered":"https:\/\/mdkoswiecim.pl\/?p=18881"},"modified":"2024-02-13T14:15:13","modified_gmt":"2024-02-13T13:15:13","slug":"zabawa-karnawalowa-w-piwnicy-artystycznej","status":"publish","type":"post","link":"https:\/\/mdkoswiecim.pl\/index.php\/2024\/02\/13\/zabawa-karnawalowa-w-piwnicy-artystycznej\/","title":{"rendered":"Zabawa Karnawa\u0142owa w Piwnicy Artystycznej."},"content":{"rendered":"\n<p>2 lutego w naszej Piwnicy Artystycznej odby\u0142a si\u0119 zabawa karnawa\u0142owa dla naszych najm\u0142odszych wychowank\u00f3w. Imprez\u0119 zorganizowa\u0142y i poprowadzi\u0142y nasze panie nauczycielki Ma\u0142gorzata Dom\u017ca\u0142 oraz Magdalena Szewczuk. Zabawa by\u0142a znakomita. Od  samego pocz\u0105tku parkiet zdominowa\u0142y &#8220;ksi\u0119\u017cniczki&#8221;, &#8220;kr\u00f3lewny&#8221; &#8220;czarodzieje&#8221; oraz &#8220;Wednesday Adams&#8221;.<\/p>\n\n\n\n<p>Poni\u017cej kilka fotek oraz filmik\u00f3w z zabawy. Oczywi\u015bcie zapraszamy na kolejne nasze imprezy \ud83d\ude42<\/p>\n\n\n\n<p><\/p>\n\n\n\n<figure class=\"wp-block-gallery has-nested-images columns-default is-cropped wp-block-gallery-1 is-layout-flex wp-block-gallery-is-layout-flex\">\n<figure class=\"wp-block-image size-large\"><a href=\"https:\/\/mdkoswiecim.pl\/wp-content\/uploads\/2024\/02\/Yd5T9eYM.jpg\"><img loading=\"lazy\" decoding=\"async\" width=\"1024\" height=\"768\" data-id=\"18886\" src=\"https:\/\/mdkoswiecim.pl\/wp-content\/uploads\/2024\/02\/Yd5T9eYM-1024x768.jpg\" alt=\"\" class=\"wp-image-18886\" srcset=\"https:\/\/mdkoswiecim.pl\/wp-content\/uploads\/2024\/02\/Yd5T9eYM-1024x768.jpg 1024w, https:\/\/mdkoswiecim.pl\/wp-content\/uploads\/2024\/02\/Yd5T9eYM-300x225.jpg 300w, https:\/\/mdkoswiecim.pl\/wp-content\/uploads\/2024\/02\/Yd5T9eYM-768x576.jpg 768w, https:\/\/mdkoswiecim.pl\/wp-content\/uploads\/2024\/02\/Yd5T9eYM-1536x1152.jpg 1536w, https:\/\/mdkoswiecim.pl\/wp-content\/uploads\/2024\/02\/Yd5T9eYM.jpg 1600w\" sizes=\"auto, (max-width: 1024px) 100vw, 1024px\" \/><\/a><\/figure>\n\n\n\n<figure class=\"wp-block-image size-large\"><a href=\"https:\/\/mdkoswiecim.pl\/wp-content\/uploads\/2024\/02\/r3Iv4M6S.jpg\"><img loading=\"lazy\" decoding=\"async\" width=\"1024\" height=\"768\" data-id=\"18888\" src=\"https:\/\/mdkoswiecim.pl\/wp-content\/uploads\/2024\/02\/r3Iv4M6S-1024x768.jpg\" alt=\"\" class=\"wp-image-18888\" srcset=\"https:\/\/mdkoswiecim.pl\/wp-content\/uploads\/2024\/02\/r3Iv4M6S-1024x768.jpg 1024w, https:\/\/mdkoswiecim.pl\/wp-content\/uploads\/2024\/02\/r3Iv4M6S-300x225.jpg 300w, https:\/\/mdkoswiecim.pl\/wp-content\/uploads\/2024\/02\/r3Iv4M6S-768x576.jpg 768w, https:\/\/mdkoswiecim.pl\/wp-content\/uploads\/2024\/02\/r3Iv4M6S-1536x1152.jpg 1536w, https:\/\/mdkoswiecim.pl\/wp-content\/uploads\/2024\/02\/r3Iv4M6S.jpg 1600w\" sizes=\"auto, (max-width: 1024px) 100vw, 1024px\" \/><\/a><\/figure>\n\n\n\n<figure class=\"wp-block-image size-large\"><a href=\"https:\/\/mdkoswiecim.pl\/wp-content\/uploads\/2024\/02\/qipBLtpO.jpg\"><img loading=\"lazy\" decoding=\"async\" width=\"1024\" height=\"768\" data-id=\"18890\" src=\"https:\/\/mdkoswiecim.pl\/wp-content\/uploads\/2024\/02\/qipBLtpO-1024x768.jpg\" alt=\"\" class=\"wp-image-18890\" srcset=\"https:\/\/mdkoswiecim.pl\/wp-content\/uploads\/2024\/02\/qipBLtpO-1024x768.jpg 1024w, https:\/\/mdkoswiecim.pl\/wp-content\/uploads\/2024\/02\/qipBLtpO-300x225.jpg 300w, https:\/\/mdkoswiecim.pl\/wp-content\/uploads\/2024\/02\/qipBLtpO-768x576.jpg 768w, https:\/\/mdkoswiecim.pl\/wp-content\/uploads\/2024\/02\/qipBLtpO.jpg 1395w\" sizes=\"auto, (max-width: 1024px) 100vw, 1024px\" \/><\/a><\/figure>\n\n\n\n<figure class=\"wp-block-image size-large\"><a href=\"https:\/\/mdkoswiecim.pl\/wp-content\/uploads\/2024\/02\/hvi5nXg-.jpg\"><img loading=\"lazy\" decoding=\"async\" width=\"1024\" height=\"576\" data-id=\"18883\" src=\"https:\/\/mdkoswiecim.pl\/wp-content\/uploads\/2024\/02\/hvi5nXg--1024x576.jpg\" alt=\"\" class=\"wp-image-18883\" srcset=\"https:\/\/mdkoswiecim.pl\/wp-content\/uploads\/2024\/02\/hvi5nXg--1024x576.jpg 1024w, https:\/\/mdkoswiecim.pl\/wp-content\/uploads\/2024\/02\/hvi5nXg--300x169.jpg 300w, https:\/\/mdkoswiecim.pl\/wp-content\/uploads\/2024\/02\/hvi5nXg--768x432.jpg 768w, https:\/\/mdkoswiecim.pl\/wp-content\/uploads\/2024\/02\/hvi5nXg--1536x864.jpg 1536w, https:\/\/mdkoswiecim.pl\/wp-content\/uploads\/2024\/02\/hvi5nXg-.jpg 1600w\" sizes=\"auto, (max-width: 1024px) 100vw, 1024px\" \/><\/a><\/figure>\n\n\n\n<figure class=\"wp-block-image size-large\"><a href=\"https:\/\/mdkoswiecim.pl\/wp-content\/uploads\/2024\/02\/5ZgDbun_.jpg\"><img loading=\"lazy\" decoding=\"async\" width=\"1024\" height=\"768\" data-id=\"18884\" src=\"https:\/\/mdkoswiecim.pl\/wp-content\/uploads\/2024\/02\/5ZgDbun_-1024x768.jpg\" alt=\"\" class=\"wp-image-18884\" srcset=\"https:\/\/mdkoswiecim.pl\/wp-content\/uploads\/2024\/02\/5ZgDbun_-1024x768.jpg 1024w, https:\/\/mdkoswiecim.pl\/wp-content\/uploads\/2024\/02\/5ZgDbun_-300x225.jpg 300w, https:\/\/mdkoswiecim.pl\/wp-content\/uploads\/2024\/02\/5ZgDbun_-768x576.jpg 768w, https:\/\/mdkoswiecim.pl\/wp-content\/uploads\/2024\/02\/5ZgDbun_-1536x1152.jpg 1536w, https:\/\/mdkoswiecim.pl\/wp-content\/uploads\/2024\/02\/5ZgDbun_.jpg 1600w\" sizes=\"auto, (max-width: 1024px) 100vw, 1024px\" \/><\/a><\/figure>\n\n\n\n<figure class=\"wp-block-image size-large\"><a href=\"https:\/\/mdkoswiecim.pl\/wp-content\/uploads\/2024\/02\/T8dhz3ar.jpg\"><img loading=\"lazy\" decoding=\"async\" width=\"768\" height=\"1024\" data-id=\"18885\" src=\"https:\/\/mdkoswiecim.pl\/wp-content\/uploads\/2024\/02\/T8dhz3ar-768x1024.jpg\" alt=\"\" class=\"wp-image-18885\" srcset=\"https:\/\/mdkoswiecim.pl\/wp-content\/uploads\/2024\/02\/T8dhz3ar-768x1024.jpg 768w, https:\/\/mdkoswiecim.pl\/wp-content\/uploads\/2024\/02\/T8dhz3ar-225x300.jpg 225w, https:\/\/mdkoswiecim.pl\/wp-content\/uploads\/2024\/02\/T8dhz3ar-1152x1536.jpg 1152w, https:\/\/mdkoswiecim.pl\/wp-content\/uploads\/2024\/02\/T8dhz3ar.jpg 1200w\" sizes=\"auto, (max-width: 768px) 100vw, 768px\" \/><\/a><\/figure>\n\n\n\n<figure class=\"wp-block-image size-large\"><a href=\"https:\/\/mdkoswiecim.pl\/wp-content\/uploads\/2024\/02\/1pYfYjM4.jpg\"><img loading=\"lazy\" decoding=\"async\" width=\"1024\" height=\"768\" data-id=\"18882\" src=\"https:\/\/mdkoswiecim.pl\/wp-content\/uploads\/2024\/02\/1pYfYjM4-1024x768.jpg\" alt=\"\" class=\"wp-image-18882\" srcset=\"https:\/\/mdkoswiecim.pl\/wp-content\/uploads\/2024\/02\/1pYfYjM4-1024x768.jpg 1024w, https:\/\/mdkoswiecim.pl\/wp-content\/uploads\/2024\/02\/1pYfYjM4-300x225.jpg 300w, https:\/\/mdkoswiecim.pl\/wp-content\/uploads\/2024\/02\/1pYfYjM4-768x576.jpg 768w, https:\/\/mdkoswiecim.pl\/wp-content\/uploads\/2024\/02\/1pYfYjM4-1536x1152.jpg 1536w, https:\/\/mdkoswiecim.pl\/wp-content\/uploads\/2024\/02\/1pYfYjM4.jpg 1600w\" sizes=\"auto, (max-width: 1024px) 100vw, 1024px\" \/><\/a><\/figure>\n\n\n\n<figure class=\"wp-block-image size-large\"><a href=\"https:\/\/mdkoswiecim.pl\/wp-content\/uploads\/2024\/02\/GHpZwe6j.jpg\"><img loading=\"lazy\" decoding=\"async\" width=\"1024\" height=\"660\" data-id=\"18889\" src=\"https:\/\/mdkoswiecim.pl\/wp-content\/uploads\/2024\/02\/GHpZwe6j-1024x660.jpg\" alt=\"\" class=\"wp-image-18889\" srcset=\"https:\/\/mdkoswiecim.pl\/wp-content\/uploads\/2024\/02\/GHpZwe6j-1024x660.jpg 1024w, https:\/\/mdkoswiecim.pl\/wp-content\/uploads\/2024\/02\/GHpZwe6j-300x193.jpg 300w, https:\/\/mdkoswiecim.pl\/wp-content\/uploads\/2024\/02\/GHpZwe6j-768x495.jpg 768w, https:\/\/mdkoswiecim.pl\/wp-content\/uploads\/2024\/02\/GHpZwe6j-1536x990.jpg 1536w, https:\/\/mdkoswiecim.pl\/wp-content\/uploads\/2024\/02\/GHpZwe6j.jpg 1600w\" sizes=\"auto, (max-width: 1024px) 100vw, 1024px\" \/><\/a><\/figure>\n\n\n\n<figure class=\"wp-block-image size-large\"><a href=\"https:\/\/mdkoswiecim.pl\/wp-content\/uploads\/2024\/02\/mU_fDoq6.jpg\"><img loading=\"lazy\" decoding=\"async\" width=\"1024\" height=\"531\" data-id=\"18887\" src=\"https:\/\/mdkoswiecim.pl\/wp-content\/uploads\/2024\/02\/mU_fDoq6-1024x531.jpg\" alt=\"\" class=\"wp-image-18887\" srcset=\"https:\/\/mdkoswiecim.pl\/wp-content\/uploads\/2024\/02\/mU_fDoq6-1024x531.jpg 1024w, https:\/\/mdkoswiecim.pl\/wp-content\/uploads\/2024\/02\/mU_fDoq6-300x156.jpg 300w, https:\/\/mdkoswiecim.pl\/wp-content\/uploads\/2024\/02\/mU_fDoq6-768x398.jpg 768w, https:\/\/mdkoswiecim.pl\/wp-content\/uploads\/2024\/02\/mU_fDoq6-1536x797.jpg 1536w, https:\/\/mdkoswiecim.pl\/wp-content\/uploads\/2024\/02\/mU_fDoq6.jpg 1600w\" sizes=\"auto, (max-width: 1024px) 100vw, 1024px\" \/><\/a><\/figure>\n<\/figure>\n\n\n\n<figure class=\"wp-block-video\"><video height=\"368\" style=\"aspect-ratio: 640 \/ 368;\" width=\"640\" controls src=\"https:\/\/mdkoswiecim.pl\/wp-content\/uploads\/2024\/02\/iqLSuw5b.mp4\"><\/video><\/figure>\n\n\n\n<figure class=\"wp-block-video\"><video height=\"368\" style=\"aspect-ratio: 640 \/ 368;\" width=\"640\" controls src=\"https:\/\/mdkoswiecim.pl\/wp-content\/uploads\/2024\/02\/GKDu70fH.mp4\"><\/video><\/figure>\n","protected":false},"excerpt":{"rendered":"<p>2 lutego w naszej Piwnicy Artystycznej odby\u0142a si\u0119 zabawa karnawa\u0142owa dla naszych najm\u0142odszych wychowank\u00f3w. Imprez\u0119 zorganizowa\u0142y i poprowadzi\u0142y nasze panie nauczycielki Ma\u0142gorzata Dom\u017ca\u0142 oraz Magdalena Szewczuk. Zabawa by\u0142a znakomita. Od samego pocz\u0105tku parkiet zdominowa\u0142y &#8220;ksi\u0119\u017cniczki&#8221;, &#8220;kr\u00f3lewny&#8221; &#8220;czarodzieje&#8221; oraz &#8220;Wednesday Adams&#8221;. Poni\u017cej kilka fotek oraz filmik\u00f3w z zabawy. Oczywi\u015bcie zapraszamy na kolejne nasze imprezy \ud83d\ude42<\/p>\n","protected":false},"author":2,"featured_media":18889,"comment_status":"closed","ping_status":"closed","sticky":false,"template":"","format":"standard","meta":{"footnotes":""},"categories":[108],"tags":[],"class_list":["post-18881","post","type-post","status-publish","format-standard","has-post-thumbnail","hentry","category-aktualnosci"],"yoast_head":"<!-- This site is optimized with the Yoast SEO plugin v16.1.1 - https:\/\/yoast.com\/wordpress\/plugins\/seo\/ -->\n<title>Zabawa Karnawa\u0142owa w Piwnicy Artystycznej. - MDK<\/title>\n<link rel=\"canonical\" href=\"https:\/\/mdkoswiecim.pl\/index.php\/2024\/02\/13\/zabawa-karnawalowa-w-piwnicy-artystycznej\/\" \/>\n<meta property=\"og:locale\" content=\"pl_PL\" \/>\n<meta property=\"og:type\" content=\"article\" \/>\n<meta property=\"og:title\" content=\"Zabawa Karnawa\u0142owa w Piwnicy Artystycznej. - MDK\" \/>\n<meta property=\"og:description\" content=\"2 lutego w naszej Piwnicy Artystycznej odby\u0142a si\u0119 zabawa karnawa\u0142owa dla naszych najm\u0142odszych wychowank\u00f3w. Imprez\u0119 zorganizowa\u0142y i poprowadzi\u0142y nasze panie nauczycielki Ma\u0142gorzata Dom\u017ca\u0142 oraz Magdalena Szewczuk. Zabawa by\u0142a znakomita. Od samego pocz\u0105tku parkiet zdominowa\u0142y &#8220;ksi\u0119\u017cniczki&#8221;, &#8220;kr\u00f3lewny&#8221; &#8220;czarodzieje&#8221; oraz &#8220;Wednesday Adams&#8221;. Poni\u017cej kilka fotek oraz filmik\u00f3w z zabawy. Oczywi\u015bcie zapraszamy na kolejne nasze imprezy \ud83d\ude42\" \/>\n<meta property=\"og:url\" content=\"https:\/\/mdkoswiecim.pl\/index.php\/2024\/02\/13\/zabawa-karnawalowa-w-piwnicy-artystycznej\/\" \/>\n<meta property=\"og:site_name\" content=\"MDK\" \/>\n<meta property=\"article:published_time\" content=\"2024-02-13T13:14:05+00:00\" \/>\n<meta property=\"article:modified_time\" content=\"2024-02-13T13:15:13+00:00\" \/>\n<meta property=\"og:image\" content=\"https:\/\/mdkoswiecim.pl\/wp-content\/uploads\/2024\/02\/GHpZwe6j.jpg\" \/>\n\t<meta property=\"og:image:width\" content=\"1600\" \/>\n\t<meta property=\"og:image:height\" content=\"1031\" \/>\n<meta name=\"twitter:card\" content=\"summary_large_image\" \/>\n<meta name=\"twitter:label1\" content=\"Szacowany czas czytania\">\n\t<meta name=\"twitter:data1\" content=\"3 minuty\">\n<script type=\"application\/ld+json\" class=\"yoast-schema-graph\">{\"@context\":\"https:\/\/schema.org\",\"@graph\":[{\"@type\":\"WebSite\",\"@id\":\"https:\/\/mdkoswiecim.pl\/#website\",\"url\":\"https:\/\/mdkoswiecim.pl\/\",\"name\":\"MDK\",\"description\":\"M\\u0142odzie\\u017cowy Dom Kultury w O\\u015bwi\\u0119cimiu\",\"potentialAction\":[{\"@type\":\"SearchAction\",\"target\":\"https:\/\/mdkoswiecim.pl\/?s={search_term_string}\",\"query-input\":\"required name=search_term_string\"}],\"inLanguage\":\"pl-PL\"},{\"@type\":\"ImageObject\",\"@id\":\"https:\/\/mdkoswiecim.pl\/index.php\/2024\/02\/13\/zabawa-karnawalowa-w-piwnicy-artystycznej\/#primaryimage\",\"inLanguage\":\"pl-PL\",\"url\":\"https:\/\/mdkoswiecim.pl\/wp-content\/uploads\/2024\/02\/GHpZwe6j.jpg\",\"contentUrl\":\"https:\/\/mdkoswiecim.pl\/wp-content\/uploads\/2024\/02\/GHpZwe6j.jpg\",\"width\":1600,\"height\":1031},{\"@type\":\"WebPage\",\"@id\":\"https:\/\/mdkoswiecim.pl\/index.php\/2024\/02\/13\/zabawa-karnawalowa-w-piwnicy-artystycznej\/#webpage\",\"url\":\"https:\/\/mdkoswiecim.pl\/index.php\/2024\/02\/13\/zabawa-karnawalowa-w-piwnicy-artystycznej\/\",\"name\":\"Zabawa Karnawa\\u0142owa w Piwnicy Artystycznej. - MDK\",\"isPartOf\":{\"@id\":\"https:\/\/mdkoswiecim.pl\/#website\"},\"primaryImageOfPage\":{\"@id\":\"https:\/\/mdkoswiecim.pl\/index.php\/2024\/02\/13\/zabawa-karnawalowa-w-piwnicy-artystycznej\/#primaryimage\"},\"datePublished\":\"2024-02-13T13:14:05+00:00\",\"dateModified\":\"2024-02-13T13:15:13+00:00\",\"author\":{\"@id\":\"https:\/\/mdkoswiecim.pl\/#\/schema\/person\/de4e1c3f9f9805d4834a83cd933e83a4\"},\"breadcrumb\":{\"@id\":\"https:\/\/mdkoswiecim.pl\/index.php\/2024\/02\/13\/zabawa-karnawalowa-w-piwnicy-artystycznej\/#breadcrumb\"},\"inLanguage\":\"pl-PL\",\"potentialAction\":[{\"@type\":\"ReadAction\",\"target\":[\"https:\/\/mdkoswiecim.pl\/index.php\/2024\/02\/13\/zabawa-karnawalowa-w-piwnicy-artystycznej\/\"]}]},{\"@type\":\"BreadcrumbList\",\"@id\":\"https:\/\/mdkoswiecim.pl\/index.php\/2024\/02\/13\/zabawa-karnawalowa-w-piwnicy-artystycznej\/#breadcrumb\",\"itemListElement\":[{\"@type\":\"ListItem\",\"position\":1,\"item\":{\"@type\":\"WebPage\",\"@id\":\"https:\/\/mdkoswiecim.pl\/\",\"url\":\"https:\/\/mdkoswiecim.pl\/\",\"name\":\"Strona g\\u0142\\u00f3wna\"}},{\"@type\":\"ListItem\",\"position\":2,\"item\":{\"@type\":\"WebPage\",\"@id\":\"https:\/\/mdkoswiecim.pl\/index.php\/2024\/02\/13\/zabawa-karnawalowa-w-piwnicy-artystycznej\/\",\"url\":\"https:\/\/mdkoswiecim.pl\/index.php\/2024\/02\/13\/zabawa-karnawalowa-w-piwnicy-artystycznej\/\",\"name\":\"Zabawa Karnawa\\u0142owa w Piwnicy Artystycznej.\"}}]},{\"@type\":\"Person\",\"@id\":\"https:\/\/mdkoswiecim.pl\/#\/schema\/person\/de4e1c3f9f9805d4834a83cd933e83a4\",\"name\":\"janusz.majcherek\",\"image\":{\"@type\":\"ImageObject\",\"@id\":\"https:\/\/mdkoswiecim.pl\/#personlogo\",\"inLanguage\":\"pl-PL\",\"url\":\"https:\/\/secure.gravatar.com\/avatar\/841ee0bdfc0ec9800cdb49de086063cd2bdca44d52221b7fee4d6a2db5eafb17?s=96&d=mm&r=g\",\"contentUrl\":\"https:\/\/secure.gravatar.com\/avatar\/841ee0bdfc0ec9800cdb49de086063cd2bdca44d52221b7fee4d6a2db5eafb17?s=96&d=mm&r=g\",\"caption\":\"janusz.majcherek\"}}]}<\/script>\n<!-- \/ Yoast SEO plugin. -->","_links":{"self":[{"href":"https:\/\/mdkoswiecim.pl\/index.php\/wp-json\/wp\/v2\/posts\/18881","targetHints":{"allow":["GET"]}}],"collection":[{"href":"https:\/\/mdkoswiecim.pl\/index.php\/wp-json\/wp\/v2\/posts"}],"about":[{"href":"https:\/\/mdkoswiecim.pl\/index.php\/wp-json\/wp\/v2\/types\/post"}],"author":[{"embeddable":true,"href":"https:\/\/mdkoswiecim.pl\/index.php\/wp-json\/wp\/v2\/users\/2"}],"replies":[{"embeddable":true,"href":"https:\/\/mdkoswiecim.pl\/index.php\/wp-json\/wp\/v2\/comments?post=18881"}],"version-history":[{"count":3,"href":"https:\/\/mdkoswiecim.pl\/index.php\/wp-json\/wp\/v2\/posts\/18881\/revisions"}],"predecessor-version":[{"id":18895,"href":"https:\/\/mdkoswiecim.pl\/index.php\/wp-json\/wp\/v2\/posts\/18881\/revisions\/18895"}],"wp:featuredmedia":[{"embeddable":true,"href":"https:\/\/mdkoswiecim.pl\/index.php\/wp-json\/wp\/v2\/media\/18889"}],"wp:attachment":[{"href":"https:\/\/mdkoswiecim.pl\/index.php\/wp-json\/wp\/v2\/media?parent=18881"}],"wp:term":[{"taxonomy":"category","embeddable":true,"href":"https:\/\/mdkoswiecim.pl\/index.php\/wp-json\/wp\/v2\/categories?post=18881"},{"taxonomy":"post_tag","embeddable":true,"href":"https:\/\/mdkoswiecim.pl\/index.php\/wp-json\/wp\/v2\/tags?post=18881"}],"curies":[{"name":"wp","href":"https:\/\/api.w.org\/{rel}","templated":true}]}}