{"id":18745,"date":"2024-02-08T15:10:31","date_gmt":"2024-02-08T14:10:31","guid":{"rendered":"https:\/\/mdkoswiecim.pl\/?p=18745"},"modified":"2024-02-08T15:11:27","modified_gmt":"2024-02-08T14:11:27","slug":"kreatywni-w-pz6-w-brzeszczach","status":"publish","type":"post","link":"https:\/\/mdkoswiecim.pl\/index.php\/2024\/02\/08\/kreatywni-w-pz6-w-brzeszczach\/","title":{"rendered":"KREATYWNI w PZ6 w BRZESZCZACH"},"content":{"rendered":"\n<p>W czwartek 7 lutego w Pz 6 w Brzeszczach, odby\u0142y si\u0119 przes\u0142uchania w ramach Powiatowego Przegl\u0105du Artystycznego KREATYWNI. Komisja w sk\u0142adzie: El\u017cbieta Wardza\u0142a-Sere\u015b, Ma\u0142gorzata Dom\u017ca\u0142, Kamila Sibik oraz Janusz Majcherek obejrza\u0142a wyst\u0119py sceniczne wokalistek oraz przygotowany przez rodze\u0144stwo artystyczny pokaz zapas\u00f3w. Na scenie zaprezentowali si\u0119 r\u00f3wnie\u017c autorzy prac literackich, kt\u00f3rzy odczytali swoje wiersze oraz fragment prozy. Jury oceni\u0142o r\u00f3wnie\u017c prace plastyczne oraz zdj\u0119cia.<\/p>\n\n\n\n<p><strong>LAUREATAMI <\/strong>zostali:<\/p>\n\n\n\n<p>Arkadiusz Ba\u0142a\u015b &#8211; literatura<\/p>\n\n\n\n<p>Milena Stachura &#8211; fotografia<\/p>\n\n\n\n<p>Amelia Tomala &#8211; zapasy<\/p>\n\n\n\n<p>Eryk Tomala &#8211; zapasy<\/p>\n\n\n\n<p><\/p>\n\n\n\n<p><strong>WYR\u00d3\u017bNIENIA  <\/strong>otrzymali:<\/p>\n\n\n\n<p>Anna Bujarek &#8211; rysunek, Jakub Grudniewicz &#8211; fotografia, Wiktor Pala &#8211; modelarstwo, Emilia W\u00f3jcik &#8211; \u015bpiew.<\/p>\n\n\n\n<p>Serdecznie Gratulujemy!!!<\/p>\n\n\n\n<figure class=\"wp-block-gallery has-nested-images columns-default is-cropped wp-block-gallery-1 is-layout-flex wp-block-gallery-is-layout-flex\">\n<figure class=\"wp-block-image size-large\"><a href=\"https:\/\/mdkoswiecim.pl\/wp-content\/uploads\/2024\/02\/LtmqCeQA.jpg\"><img loading=\"lazy\" decoding=\"async\" width=\"1024\" height=\"768\" data-id=\"18755\" src=\"https:\/\/mdkoswiecim.pl\/wp-content\/uploads\/2024\/02\/LtmqCeQA-1024x768.jpg\" alt=\"\" class=\"wp-image-18755\" srcset=\"https:\/\/mdkoswiecim.pl\/wp-content\/uploads\/2024\/02\/LtmqCeQA-1024x768.jpg 1024w, https:\/\/mdkoswiecim.pl\/wp-content\/uploads\/2024\/02\/LtmqCeQA-300x225.jpg 300w, https:\/\/mdkoswiecim.pl\/wp-content\/uploads\/2024\/02\/LtmqCeQA-768x576.jpg 768w, https:\/\/mdkoswiecim.pl\/wp-content\/uploads\/2024\/02\/LtmqCeQA-1536x1152.jpg 1536w, https:\/\/mdkoswiecim.pl\/wp-content\/uploads\/2024\/02\/LtmqCeQA.jpg 2048w\" sizes=\"auto, (max-width: 1024px) 100vw, 1024px\" \/><\/a><\/figure>\n\n\n\n<figure class=\"wp-block-image size-large\"><a href=\"https:\/\/mdkoswiecim.pl\/wp-content\/uploads\/2024\/02\/7QOA_mrd.jpg\"><img loading=\"lazy\" decoding=\"async\" width=\"768\" height=\"1024\" data-id=\"18750\" src=\"https:\/\/mdkoswiecim.pl\/wp-content\/uploads\/2024\/02\/7QOA_mrd-768x1024.jpg\" alt=\"\" class=\"wp-image-18750\" srcset=\"https:\/\/mdkoswiecim.pl\/wp-content\/uploads\/2024\/02\/7QOA_mrd-768x1024.jpg 768w, https:\/\/mdkoswiecim.pl\/wp-content\/uploads\/2024\/02\/7QOA_mrd-225x300.jpg 225w, https:\/\/mdkoswiecim.pl\/wp-content\/uploads\/2024\/02\/7QOA_mrd-1152x1536.jpg 1152w, https:\/\/mdkoswiecim.pl\/wp-content\/uploads\/2024\/02\/7QOA_mrd.jpg 1536w\" sizes=\"auto, (max-width: 768px) 100vw, 768px\" \/><\/a><\/figure>\n\n\n\n<figure class=\"wp-block-image size-large\"><a href=\"https:\/\/mdkoswiecim.pl\/wp-content\/uploads\/2024\/02\/hllwHdXO.jpg\"><img loading=\"lazy\" decoding=\"async\" width=\"768\" height=\"1024\" data-id=\"18749\" src=\"https:\/\/mdkoswiecim.pl\/wp-content\/uploads\/2024\/02\/hllwHdXO-768x1024.jpg\" alt=\"\" class=\"wp-image-18749\" srcset=\"https:\/\/mdkoswiecim.pl\/wp-content\/uploads\/2024\/02\/hllwHdXO-768x1024.jpg 768w, https:\/\/mdkoswiecim.pl\/wp-content\/uploads\/2024\/02\/hllwHdXO-225x300.jpg 225w, https:\/\/mdkoswiecim.pl\/wp-content\/uploads\/2024\/02\/hllwHdXO-1152x1536.jpg 1152w, https:\/\/mdkoswiecim.pl\/wp-content\/uploads\/2024\/02\/hllwHdXO.jpg 1536w\" sizes=\"auto, (max-width: 768px) 100vw, 768px\" \/><\/a><\/figure>\n\n\n\n<figure class=\"wp-block-image size-large\"><a href=\"https:\/\/mdkoswiecim.pl\/wp-content\/uploads\/2024\/02\/ADt287aS.jpg\"><img loading=\"lazy\" decoding=\"async\" width=\"768\" height=\"1024\" data-id=\"18752\" src=\"https:\/\/mdkoswiecim.pl\/wp-content\/uploads\/2024\/02\/ADt287aS-768x1024.jpg\" alt=\"\" class=\"wp-image-18752\" srcset=\"https:\/\/mdkoswiecim.pl\/wp-content\/uploads\/2024\/02\/ADt287aS-768x1024.jpg 768w, https:\/\/mdkoswiecim.pl\/wp-content\/uploads\/2024\/02\/ADt287aS-225x300.jpg 225w, https:\/\/mdkoswiecim.pl\/wp-content\/uploads\/2024\/02\/ADt287aS-1152x1536.jpg 1152w, https:\/\/mdkoswiecim.pl\/wp-content\/uploads\/2024\/02\/ADt287aS.jpg 1536w\" sizes=\"auto, (max-width: 768px) 100vw, 768px\" \/><\/a><\/figure>\n\n\n\n<figure class=\"wp-block-image size-large\"><a href=\"https:\/\/mdkoswiecim.pl\/wp-content\/uploads\/2024\/02\/vk92OZTo.jpg\"><img loading=\"lazy\" decoding=\"async\" width=\"768\" height=\"1024\" data-id=\"18758\" src=\"https:\/\/mdkoswiecim.pl\/wp-content\/uploads\/2024\/02\/vk92OZTo-768x1024.jpg\" alt=\"\" class=\"wp-image-18758\" srcset=\"https:\/\/mdkoswiecim.pl\/wp-content\/uploads\/2024\/02\/vk92OZTo-768x1024.jpg 768w, https:\/\/mdkoswiecim.pl\/wp-content\/uploads\/2024\/02\/vk92OZTo-225x300.jpg 225w, https:\/\/mdkoswiecim.pl\/wp-content\/uploads\/2024\/02\/vk92OZTo-1152x1536.jpg 1152w, https:\/\/mdkoswiecim.pl\/wp-content\/uploads\/2024\/02\/vk92OZTo.jpg 1536w\" sizes=\"auto, (max-width: 768px) 100vw, 768px\" \/><\/a><\/figure>\n\n\n\n<figure class=\"wp-block-image size-large\"><a href=\"https:\/\/mdkoswiecim.pl\/wp-content\/uploads\/2024\/02\/eVYleCip.jpg\"><img loading=\"lazy\" decoding=\"async\" width=\"1024\" height=\"768\" data-id=\"18748\" src=\"https:\/\/mdkoswiecim.pl\/wp-content\/uploads\/2024\/02\/eVYleCip-1024x768.jpg\" alt=\"\" class=\"wp-image-18748\" srcset=\"https:\/\/mdkoswiecim.pl\/wp-content\/uploads\/2024\/02\/eVYleCip-1024x768.jpg 1024w, https:\/\/mdkoswiecim.pl\/wp-content\/uploads\/2024\/02\/eVYleCip-300x225.jpg 300w, https:\/\/mdkoswiecim.pl\/wp-content\/uploads\/2024\/02\/eVYleCip-768x576.jpg 768w, https:\/\/mdkoswiecim.pl\/wp-content\/uploads\/2024\/02\/eVYleCip-1536x1152.jpg 1536w, https:\/\/mdkoswiecim.pl\/wp-content\/uploads\/2024\/02\/eVYleCip.jpg 2048w\" sizes=\"auto, (max-width: 1024px) 100vw, 1024px\" \/><\/a><\/figure>\n\n\n\n<figure class=\"wp-block-image size-large\"><a href=\"https:\/\/mdkoswiecim.pl\/wp-content\/uploads\/2024\/02\/uL73DS0h.jpg\"><img loading=\"lazy\" decoding=\"async\" width=\"1024\" height=\"768\" data-id=\"18757\" src=\"https:\/\/mdkoswiecim.pl\/wp-content\/uploads\/2024\/02\/uL73DS0h-1024x768.jpg\" alt=\"\" class=\"wp-image-18757\" srcset=\"https:\/\/mdkoswiecim.pl\/wp-content\/uploads\/2024\/02\/uL73DS0h-1024x768.jpg 1024w, https:\/\/mdkoswiecim.pl\/wp-content\/uploads\/2024\/02\/uL73DS0h-300x225.jpg 300w, https:\/\/mdkoswiecim.pl\/wp-content\/uploads\/2024\/02\/uL73DS0h-768x576.jpg 768w, https:\/\/mdkoswiecim.pl\/wp-content\/uploads\/2024\/02\/uL73DS0h-1536x1152.jpg 1536w, https:\/\/mdkoswiecim.pl\/wp-content\/uploads\/2024\/02\/uL73DS0h.jpg 2048w\" sizes=\"auto, (max-width: 1024px) 100vw, 1024px\" \/><\/a><\/figure>\n\n\n\n<figure class=\"wp-block-image size-large\"><a href=\"https:\/\/mdkoswiecim.pl\/wp-content\/uploads\/2024\/02\/k2U2pKGE.jpg\"><img loading=\"lazy\" decoding=\"async\" width=\"782\" height=\"1024\" data-id=\"18753\" src=\"https:\/\/mdkoswiecim.pl\/wp-content\/uploads\/2024\/02\/k2U2pKGE-782x1024.jpg\" alt=\"\" class=\"wp-image-18753\" srcset=\"https:\/\/mdkoswiecim.pl\/wp-content\/uploads\/2024\/02\/k2U2pKGE-782x1024.jpg 782w, https:\/\/mdkoswiecim.pl\/wp-content\/uploads\/2024\/02\/k2U2pKGE-229x300.jpg 229w, https:\/\/mdkoswiecim.pl\/wp-content\/uploads\/2024\/02\/k2U2pKGE-768x1005.jpg 768w, https:\/\/mdkoswiecim.pl\/wp-content\/uploads\/2024\/02\/k2U2pKGE-1174x1536.jpg 1174w, https:\/\/mdkoswiecim.pl\/wp-content\/uploads\/2024\/02\/k2U2pKGE.jpg 1532w\" sizes=\"auto, (max-width: 782px) 100vw, 782px\" \/><\/a><\/figure>\n\n\n\n<figure class=\"wp-block-image size-large\"><a href=\"https:\/\/mdkoswiecim.pl\/wp-content\/uploads\/2024\/02\/l5cqaLnX.jpg\"><img loading=\"lazy\" decoding=\"async\" width=\"768\" height=\"1024\" data-id=\"18754\" src=\"https:\/\/mdkoswiecim.pl\/wp-content\/uploads\/2024\/02\/l5cqaLnX-768x1024.jpg\" alt=\"\" class=\"wp-image-18754\" srcset=\"https:\/\/mdkoswiecim.pl\/wp-content\/uploads\/2024\/02\/l5cqaLnX-768x1024.jpg 768w, https:\/\/mdkoswiecim.pl\/wp-content\/uploads\/2024\/02\/l5cqaLnX-225x300.jpg 225w, https:\/\/mdkoswiecim.pl\/wp-content\/uploads\/2024\/02\/l5cqaLnX-1152x1536.jpg 1152w, https:\/\/mdkoswiecim.pl\/wp-content\/uploads\/2024\/02\/l5cqaLnX.jpg 1536w\" sizes=\"auto, (max-width: 768px) 100vw, 768px\" \/><\/a><\/figure>\n\n\n\n<figure class=\"wp-block-image size-large\"><a href=\"https:\/\/mdkoswiecim.pl\/wp-content\/uploads\/2024\/02\/r-mkczMd.jpg\"><img loading=\"lazy\" decoding=\"async\" width=\"1024\" height=\"768\" data-id=\"18756\" src=\"https:\/\/mdkoswiecim.pl\/wp-content\/uploads\/2024\/02\/r-mkczMd-1024x768.jpg\" alt=\"\" class=\"wp-image-18756\" srcset=\"https:\/\/mdkoswiecim.pl\/wp-content\/uploads\/2024\/02\/r-mkczMd-1024x768.jpg 1024w, https:\/\/mdkoswiecim.pl\/wp-content\/uploads\/2024\/02\/r-mkczMd-300x225.jpg 300w, https:\/\/mdkoswiecim.pl\/wp-content\/uploads\/2024\/02\/r-mkczMd-768x576.jpg 768w, https:\/\/mdkoswiecim.pl\/wp-content\/uploads\/2024\/02\/r-mkczMd-1536x1152.jpg 1536w, https:\/\/mdkoswiecim.pl\/wp-content\/uploads\/2024\/02\/r-mkczMd.jpg 2048w\" sizes=\"auto, (max-width: 1024px) 100vw, 1024px\" \/><\/a><\/figure>\n\n\n\n<figure class=\"wp-block-image size-large\"><a href=\"https:\/\/mdkoswiecim.pl\/wp-content\/uploads\/2024\/02\/CfhG4WAI.jpg\"><img loading=\"lazy\" decoding=\"async\" width=\"1024\" height=\"768\" data-id=\"18747\" src=\"https:\/\/mdkoswiecim.pl\/wp-content\/uploads\/2024\/02\/CfhG4WAI-1024x768.jpg\" alt=\"\" class=\"wp-image-18747\" srcset=\"https:\/\/mdkoswiecim.pl\/wp-content\/uploads\/2024\/02\/CfhG4WAI-1024x768.jpg 1024w, https:\/\/mdkoswiecim.pl\/wp-content\/uploads\/2024\/02\/CfhG4WAI-300x225.jpg 300w, https:\/\/mdkoswiecim.pl\/wp-content\/uploads\/2024\/02\/CfhG4WAI-768x576.jpg 768w, https:\/\/mdkoswiecim.pl\/wp-content\/uploads\/2024\/02\/CfhG4WAI-1536x1152.jpg 1536w, https:\/\/mdkoswiecim.pl\/wp-content\/uploads\/2024\/02\/CfhG4WAI.jpg 2048w\" sizes=\"auto, (max-width: 1024px) 100vw, 1024px\" \/><\/a><\/figure>\n<\/figure>\n","protected":false},"excerpt":{"rendered":"<p>W czwartek 7 lutego w Pz 6 w Brzeszczach, odby\u0142y si\u0119 przes\u0142uchania w ramach Powiatowego Przegl\u0105du Artystycznego KREATYWNI. Komisja w sk\u0142adzie: El\u017cbieta Wardza\u0142a-Sere\u015b, Ma\u0142gorzata Dom\u017ca\u0142, Kamila Sibik oraz Janusz Majcherek obejrza\u0142a wyst\u0119py sceniczne wokalistek oraz przygotowany przez rodze\u0144stwo artystyczny pokaz zapas\u00f3w. Na scenie zaprezentowali si\u0119 r\u00f3wnie\u017c autorzy prac literackich, kt\u00f3rzy odczytali swoje wiersze oraz fragment [&hellip;]<\/p>\n","protected":false},"author":2,"featured_media":18755,"comment_status":"closed","ping_status":"closed","sticky":false,"template":"","format":"standard","meta":{"footnotes":""},"categories":[107,108],"tags":[],"class_list":["post-18745","post","type-post","status-publish","format-standard","has-post-thumbnail","hentry","category-konkursy","category-aktualnosci"],"yoast_head":"<!-- This site is optimized with the Yoast SEO plugin v16.1.1 - https:\/\/yoast.com\/wordpress\/plugins\/seo\/ -->\n<title>KREATYWNI w PZ6 w BRZESZCZACH - MDK<\/title>\n<link rel=\"canonical\" href=\"https:\/\/mdkoswiecim.pl\/index.php\/2024\/02\/08\/kreatywni-w-pz6-w-brzeszczach\/\" \/>\n<meta property=\"og:locale\" content=\"pl_PL\" \/>\n<meta property=\"og:type\" content=\"article\" \/>\n<meta property=\"og:title\" content=\"KREATYWNI w PZ6 w BRZESZCZACH - MDK\" \/>\n<meta property=\"og:description\" content=\"W czwartek 7 lutego w Pz 6 w Brzeszczach, odby\u0142y si\u0119 przes\u0142uchania w ramach Powiatowego Przegl\u0105du Artystycznego KREATYWNI. Komisja w sk\u0142adzie: El\u017cbieta Wardza\u0142a-Sere\u015b, Ma\u0142gorzata Dom\u017ca\u0142, Kamila Sibik oraz Janusz Majcherek obejrza\u0142a wyst\u0119py sceniczne wokalistek oraz przygotowany przez rodze\u0144stwo artystyczny pokaz zapas\u00f3w. Na scenie zaprezentowali si\u0119 r\u00f3wnie\u017c autorzy prac literackich, kt\u00f3rzy odczytali swoje wiersze oraz fragment [&hellip;]\" \/>\n<meta property=\"og:url\" content=\"https:\/\/mdkoswiecim.pl\/index.php\/2024\/02\/08\/kreatywni-w-pz6-w-brzeszczach\/\" \/>\n<meta property=\"og:site_name\" content=\"MDK\" \/>\n<meta property=\"article:published_time\" content=\"2024-02-08T14:10:31+00:00\" \/>\n<meta property=\"article:modified_time\" content=\"2024-02-08T14:11:27+00:00\" \/>\n<meta property=\"og:image\" content=\"https:\/\/mdkoswiecim.pl\/wp-content\/uploads\/2024\/02\/LtmqCeQA.jpg\" \/>\n\t<meta property=\"og:image:width\" content=\"2048\" \/>\n\t<meta property=\"og:image:height\" content=\"1536\" \/>\n<meta name=\"twitter:card\" content=\"summary_large_image\" \/>\n<meta name=\"twitter:label1\" content=\"Szacowany czas czytania\">\n\t<meta name=\"twitter:data1\" content=\"3 minuty\">\n<script type=\"application\/ld+json\" class=\"yoast-schema-graph\">{\"@context\":\"https:\/\/schema.org\",\"@graph\":[{\"@type\":\"WebSite\",\"@id\":\"https:\/\/mdkoswiecim.pl\/#website\",\"url\":\"https:\/\/mdkoswiecim.pl\/\",\"name\":\"MDK\",\"description\":\"M\\u0142odzie\\u017cowy Dom Kultury w O\\u015bwi\\u0119cimiu\",\"potentialAction\":[{\"@type\":\"SearchAction\",\"target\":\"https:\/\/mdkoswiecim.pl\/?s={search_term_string}\",\"query-input\":\"required name=search_term_string\"}],\"inLanguage\":\"pl-PL\"},{\"@type\":\"ImageObject\",\"@id\":\"https:\/\/mdkoswiecim.pl\/index.php\/2024\/02\/08\/kreatywni-w-pz6-w-brzeszczach\/#primaryimage\",\"inLanguage\":\"pl-PL\",\"url\":\"https:\/\/mdkoswiecim.pl\/wp-content\/uploads\/2024\/02\/LtmqCeQA.jpg\",\"contentUrl\":\"https:\/\/mdkoswiecim.pl\/wp-content\/uploads\/2024\/02\/LtmqCeQA.jpg\",\"width\":2048,\"height\":1536},{\"@type\":\"WebPage\",\"@id\":\"https:\/\/mdkoswiecim.pl\/index.php\/2024\/02\/08\/kreatywni-w-pz6-w-brzeszczach\/#webpage\",\"url\":\"https:\/\/mdkoswiecim.pl\/index.php\/2024\/02\/08\/kreatywni-w-pz6-w-brzeszczach\/\",\"name\":\"KREATYWNI w PZ6 w BRZESZCZACH - MDK\",\"isPartOf\":{\"@id\":\"https:\/\/mdkoswiecim.pl\/#website\"},\"primaryImageOfPage\":{\"@id\":\"https:\/\/mdkoswiecim.pl\/index.php\/2024\/02\/08\/kreatywni-w-pz6-w-brzeszczach\/#primaryimage\"},\"datePublished\":\"2024-02-08T14:10:31+00:00\",\"dateModified\":\"2024-02-08T14:11:27+00:00\",\"author\":{\"@id\":\"https:\/\/mdkoswiecim.pl\/#\/schema\/person\/de4e1c3f9f9805d4834a83cd933e83a4\"},\"breadcrumb\":{\"@id\":\"https:\/\/mdkoswiecim.pl\/index.php\/2024\/02\/08\/kreatywni-w-pz6-w-brzeszczach\/#breadcrumb\"},\"inLanguage\":\"pl-PL\",\"potentialAction\":[{\"@type\":\"ReadAction\",\"target\":[\"https:\/\/mdkoswiecim.pl\/index.php\/2024\/02\/08\/kreatywni-w-pz6-w-brzeszczach\/\"]}]},{\"@type\":\"BreadcrumbList\",\"@id\":\"https:\/\/mdkoswiecim.pl\/index.php\/2024\/02\/08\/kreatywni-w-pz6-w-brzeszczach\/#breadcrumb\",\"itemListElement\":[{\"@type\":\"ListItem\",\"position\":1,\"item\":{\"@type\":\"WebPage\",\"@id\":\"https:\/\/mdkoswiecim.pl\/\",\"url\":\"https:\/\/mdkoswiecim.pl\/\",\"name\":\"Strona g\\u0142\\u00f3wna\"}},{\"@type\":\"ListItem\",\"position\":2,\"item\":{\"@type\":\"WebPage\",\"@id\":\"https:\/\/mdkoswiecim.pl\/index.php\/2024\/02\/08\/kreatywni-w-pz6-w-brzeszczach\/\",\"url\":\"https:\/\/mdkoswiecim.pl\/index.php\/2024\/02\/08\/kreatywni-w-pz6-w-brzeszczach\/\",\"name\":\"KREATYWNI w PZ6 w BRZESZCZACH\"}}]},{\"@type\":\"Person\",\"@id\":\"https:\/\/mdkoswiecim.pl\/#\/schema\/person\/de4e1c3f9f9805d4834a83cd933e83a4\",\"name\":\"janusz.majcherek\",\"image\":{\"@type\":\"ImageObject\",\"@id\":\"https:\/\/mdkoswiecim.pl\/#personlogo\",\"inLanguage\":\"pl-PL\",\"url\":\"https:\/\/secure.gravatar.com\/avatar\/841ee0bdfc0ec9800cdb49de086063cd2bdca44d52221b7fee4d6a2db5eafb17?s=96&d=mm&r=g\",\"contentUrl\":\"https:\/\/secure.gravatar.com\/avatar\/841ee0bdfc0ec9800cdb49de086063cd2bdca44d52221b7fee4d6a2db5eafb17?s=96&d=mm&r=g\",\"caption\":\"janusz.majcherek\"}}]}<\/script>\n<!-- \/ Yoast SEO plugin. -->","_links":{"self":[{"href":"https:\/\/mdkoswiecim.pl\/index.php\/wp-json\/wp\/v2\/posts\/18745","targetHints":{"allow":["GET"]}}],"collection":[{"href":"https:\/\/mdkoswiecim.pl\/index.php\/wp-json\/wp\/v2\/posts"}],"about":[{"href":"https:\/\/mdkoswiecim.pl\/index.php\/wp-json\/wp\/v2\/types\/post"}],"author":[{"embeddable":true,"href":"https:\/\/mdkoswiecim.pl\/index.php\/wp-json\/wp\/v2\/users\/2"}],"replies":[{"embeddable":true,"href":"https:\/\/mdkoswiecim.pl\/index.php\/wp-json\/wp\/v2\/comments?post=18745"}],"version-history":[{"count":3,"href":"https:\/\/mdkoswiecim.pl\/index.php\/wp-json\/wp\/v2\/posts\/18745\/revisions"}],"predecessor-version":[{"id":18762,"href":"https:\/\/mdkoswiecim.pl\/index.php\/wp-json\/wp\/v2\/posts\/18745\/revisions\/18762"}],"wp:featuredmedia":[{"embeddable":true,"href":"https:\/\/mdkoswiecim.pl\/index.php\/wp-json\/wp\/v2\/media\/18755"}],"wp:attachment":[{"href":"https:\/\/mdkoswiecim.pl\/index.php\/wp-json\/wp\/v2\/media?parent=18745"}],"wp:term":[{"taxonomy":"category","embeddable":true,"href":"https:\/\/mdkoswiecim.pl\/index.php\/wp-json\/wp\/v2\/categories?post=18745"},{"taxonomy":"post_tag","embeddable":true,"href":"https:\/\/mdkoswiecim.pl\/index.php\/wp-json\/wp\/v2\/tags?post=18745"}],"curies":[{"name":"wp","href":"https:\/\/api.w.org\/{rel}","templated":true}]}}