{"id":18733,"date":"2024-02-06T15:10:44","date_gmt":"2024-02-06T14:10:44","guid":{"rendered":"https:\/\/mdkoswiecim.pl\/?p=18733"},"modified":"2024-02-06T15:10:45","modified_gmt":"2024-02-06T14:10:45","slug":"kreatywni-w-keckim-wyspianie-3","status":"publish","type":"post","link":"https:\/\/mdkoswiecim.pl\/index.php\/2024\/02\/06\/kreatywni-w-keckim-wyspianie-3\/","title":{"rendered":"KREATYWNI w K\u0119ckim &#8220;Wyspianie&#8221;"},"content":{"rendered":"\n<p>W pi\u0105tek 2 lutego komisja MDK w sk\u0142adzie Alina Kwarciak, El\u017cbieta Wardza\u0142a-Sere\u015b, Kamila Sibik i Janusz Majcherek w ramach przes\u0142ucha\u0144 w Powiatowym Przegl\u0105dzie Artystycznym &#8220;Kreatywni&#8221;, odwiedzi\u0142a I Liceum Og\u00f3lnokszta\u0142c\u0105ce w K\u0119tach. Tym razem by\u0142o co\u015b dla fan\u00f3w rockowych brzmie\u0144 za spraw\u0105 wyst\u0119pu perkusisty i perkusistki oraz zesp\u00f3\u0142 wokalno instrumentalnego. Komisja oceni\u0142a r\u00f3wnie\u017c prace plastyczne m\u0142odych artyst\u00f3w.  <\/p>\n\n\n\n<p><\/p>\n\n\n\n<p><strong>WYNIKI:<\/strong><\/p>\n\n\n\n<p>Laureatami przegl\u0105du zostali:<\/p>\n\n\n\n<p>Milena Biesik \u2013 rysunek<\/p>\n\n\n\n<p>Tobiasz Kubica \u2013 rysunek<\/p>\n\n\n\n<p>Emilia P\u0142onka \u2013 r\u0119kodzie\u0142o<\/p>\n\n\n\n<p>Artur Wawak &#8211; perkusja<\/p>\n\n\n\n<p><\/p>\n\n\n\n<p><strong>Wyr\u00f3\u017cnienia:<\/strong><\/p>\n\n\n\n<p>Nadia Biegun \u2013 rysunek<\/p>\n\n\n\n<p>Julia Ko\u015bcielniak &#8211; perkusja<\/p>\n\n\n\n<figure class=\"wp-block-gallery has-nested-images columns-default is-cropped wp-block-gallery-1 is-layout-flex wp-block-gallery-is-layout-flex\">\n<figure class=\"wp-block-image size-large\"><a href=\"https:\/\/mdkoswiecim.pl\/wp-content\/uploads\/2024\/02\/bbsLUnyI.jpg\"><img decoding=\"async\" data-id=\"18737\" src=\"https:\/\/mdkoswiecim.pl\/wp-content\/uploads\/2024\/02\/bbsLUnyI-768x1024.jpg\" alt=\"\" class=\"wp-image-18737\"\/><\/a><\/figure>\n\n\n\n<figure class=\"wp-block-image size-large\"><a href=\"https:\/\/mdkoswiecim.pl\/wp-content\/uploads\/2024\/02\/9RidQXC.jpg\"><img loading=\"lazy\" decoding=\"async\" width=\"1024\" height=\"768\" data-id=\"18734\" src=\"https:\/\/mdkoswiecim.pl\/wp-content\/uploads\/2024\/02\/9RidQXC-1024x768.jpg\" alt=\"\" class=\"wp-image-18734\" srcset=\"https:\/\/mdkoswiecim.pl\/wp-content\/uploads\/2024\/02\/9RidQXC-1024x768.jpg 1024w, https:\/\/mdkoswiecim.pl\/wp-content\/uploads\/2024\/02\/9RidQXC-300x225.jpg 300w, https:\/\/mdkoswiecim.pl\/wp-content\/uploads\/2024\/02\/9RidQXC-768x576.jpg 768w, https:\/\/mdkoswiecim.pl\/wp-content\/uploads\/2024\/02\/9RidQXC-1536x1152.jpg 1536w, https:\/\/mdkoswiecim.pl\/wp-content\/uploads\/2024\/02\/9RidQXC.jpg 2048w\" sizes=\"auto, (max-width: 1024px) 100vw, 1024px\" \/><\/a><\/figure>\n\n\n\n<figure class=\"wp-block-image size-large\"><a href=\"https:\/\/mdkoswiecim.pl\/wp-content\/uploads\/2024\/02\/nxjgKRA0.jpg\"><img loading=\"lazy\" decoding=\"async\" width=\"768\" height=\"1024\" data-id=\"18741\" src=\"https:\/\/mdkoswiecim.pl\/wp-content\/uploads\/2024\/02\/nxjgKRA0-768x1024.jpg\" alt=\"\" class=\"wp-image-18741\" srcset=\"https:\/\/mdkoswiecim.pl\/wp-content\/uploads\/2024\/02\/nxjgKRA0-768x1024.jpg 768w, https:\/\/mdkoswiecim.pl\/wp-content\/uploads\/2024\/02\/nxjgKRA0-225x300.jpg 225w, https:\/\/mdkoswiecim.pl\/wp-content\/uploads\/2024\/02\/nxjgKRA0-1152x1536.jpg 1152w, https:\/\/mdkoswiecim.pl\/wp-content\/uploads\/2024\/02\/nxjgKRA0.jpg 1536w\" sizes=\"auto, (max-width: 768px) 100vw, 768px\" \/><\/a><\/figure>\n\n\n\n<figure class=\"wp-block-image size-large\"><a href=\"https:\/\/mdkoswiecim.pl\/wp-content\/uploads\/2024\/02\/802scWNq.jpg\"><img loading=\"lazy\" decoding=\"async\" width=\"768\" height=\"1024\" data-id=\"18735\" src=\"https:\/\/mdkoswiecim.pl\/wp-content\/uploads\/2024\/02\/802scWNq-768x1024.jpg\" alt=\"\" class=\"wp-image-18735\" srcset=\"https:\/\/mdkoswiecim.pl\/wp-content\/uploads\/2024\/02\/802scWNq-768x1024.jpg 768w, https:\/\/mdkoswiecim.pl\/wp-content\/uploads\/2024\/02\/802scWNq-225x300.jpg 225w, https:\/\/mdkoswiecim.pl\/wp-content\/uploads\/2024\/02\/802scWNq-1152x1536.jpg 1152w, https:\/\/mdkoswiecim.pl\/wp-content\/uploads\/2024\/02\/802scWNq.jpg 1536w\" sizes=\"auto, (max-width: 768px) 100vw, 768px\" \/><\/a><\/figure>\n\n\n\n<figure class=\"wp-block-image size-large\"><a href=\"https:\/\/mdkoswiecim.pl\/wp-content\/uploads\/2024\/02\/AKxz74Wo.jpg\"><img loading=\"lazy\" decoding=\"async\" width=\"768\" height=\"1024\" data-id=\"18736\" src=\"https:\/\/mdkoswiecim.pl\/wp-content\/uploads\/2024\/02\/AKxz74Wo-768x1024.jpg\" alt=\"\" class=\"wp-image-18736\" srcset=\"https:\/\/mdkoswiecim.pl\/wp-content\/uploads\/2024\/02\/AKxz74Wo-768x1024.jpg 768w, https:\/\/mdkoswiecim.pl\/wp-content\/uploads\/2024\/02\/AKxz74Wo-225x300.jpg 225w, https:\/\/mdkoswiecim.pl\/wp-content\/uploads\/2024\/02\/AKxz74Wo-1152x1536.jpg 1152w, https:\/\/mdkoswiecim.pl\/wp-content\/uploads\/2024\/02\/AKxz74Wo.jpg 1536w\" sizes=\"auto, (max-width: 768px) 100vw, 768px\" \/><\/a><\/figure>\n\n\n\n<figure class=\"wp-block-image size-large\"><a href=\"https:\/\/mdkoswiecim.pl\/wp-content\/uploads\/2024\/02\/gVlyCO5B.jpg\"><img loading=\"lazy\" decoding=\"async\" width=\"1024\" height=\"736\" data-id=\"18739\" src=\"https:\/\/mdkoswiecim.pl\/wp-content\/uploads\/2024\/02\/gVlyCO5B-1024x736.jpg\" alt=\"\" class=\"wp-image-18739\" srcset=\"https:\/\/mdkoswiecim.pl\/wp-content\/uploads\/2024\/02\/gVlyCO5B-1024x736.jpg 1024w, https:\/\/mdkoswiecim.pl\/wp-content\/uploads\/2024\/02\/gVlyCO5B-300x216.jpg 300w, https:\/\/mdkoswiecim.pl\/wp-content\/uploads\/2024\/02\/gVlyCO5B-768x552.jpg 768w, https:\/\/mdkoswiecim.pl\/wp-content\/uploads\/2024\/02\/gVlyCO5B-1536x1104.jpg 1536w, https:\/\/mdkoswiecim.pl\/wp-content\/uploads\/2024\/02\/gVlyCO5B.jpg 1811w\" sizes=\"auto, (max-width: 1024px) 100vw, 1024px\" \/><\/a><\/figure>\n\n\n\n<figure class=\"wp-block-image size-large\"><a href=\"https:\/\/mdkoswiecim.pl\/wp-content\/uploads\/2024\/02\/jqv0wMbW.jpg\"><img loading=\"lazy\" decoding=\"async\" width=\"768\" height=\"1024\" data-id=\"18738\" src=\"https:\/\/mdkoswiecim.pl\/wp-content\/uploads\/2024\/02\/jqv0wMbW-768x1024.jpg\" alt=\"\" class=\"wp-image-18738\" srcset=\"https:\/\/mdkoswiecim.pl\/wp-content\/uploads\/2024\/02\/jqv0wMbW-768x1024.jpg 768w, https:\/\/mdkoswiecim.pl\/wp-content\/uploads\/2024\/02\/jqv0wMbW-225x300.jpg 225w, https:\/\/mdkoswiecim.pl\/wp-content\/uploads\/2024\/02\/jqv0wMbW-1152x1536.jpg 1152w, https:\/\/mdkoswiecim.pl\/wp-content\/uploads\/2024\/02\/jqv0wMbW.jpg 1536w\" sizes=\"auto, (max-width: 768px) 100vw, 768px\" \/><\/a><\/figure>\n\n\n\n<figure class=\"wp-block-image size-large\"><a href=\"https:\/\/mdkoswiecim.pl\/wp-content\/uploads\/2024\/02\/MN-lUH8_.jpg\"><img loading=\"lazy\" decoding=\"async\" width=\"768\" height=\"1024\" data-id=\"18740\" src=\"https:\/\/mdkoswiecim.pl\/wp-content\/uploads\/2024\/02\/MN-lUH8_-768x1024.jpg\" alt=\"\" class=\"wp-image-18740\" srcset=\"https:\/\/mdkoswiecim.pl\/wp-content\/uploads\/2024\/02\/MN-lUH8_-768x1024.jpg 768w, https:\/\/mdkoswiecim.pl\/wp-content\/uploads\/2024\/02\/MN-lUH8_-225x300.jpg 225w, https:\/\/mdkoswiecim.pl\/wp-content\/uploads\/2024\/02\/MN-lUH8_-1152x1536.jpg 1152w, https:\/\/mdkoswiecim.pl\/wp-content\/uploads\/2024\/02\/MN-lUH8_.jpg 1536w\" sizes=\"auto, (max-width: 768px) 100vw, 768px\" \/><\/a><\/figure>\n\n\n\n<figure class=\"wp-block-image size-large\"><a href=\"https:\/\/mdkoswiecim.pl\/wp-content\/uploads\/2024\/02\/xpxIuFv8.jpg\"><img loading=\"lazy\" decoding=\"async\" width=\"768\" height=\"1024\" data-id=\"18743\" src=\"https:\/\/mdkoswiecim.pl\/wp-content\/uploads\/2024\/02\/xpxIuFv8-768x1024.jpg\" alt=\"\" class=\"wp-image-18743\" srcset=\"https:\/\/mdkoswiecim.pl\/wp-content\/uploads\/2024\/02\/xpxIuFv8-768x1024.jpg 768w, https:\/\/mdkoswiecim.pl\/wp-content\/uploads\/2024\/02\/xpxIuFv8-225x300.jpg 225w, https:\/\/mdkoswiecim.pl\/wp-content\/uploads\/2024\/02\/xpxIuFv8-1152x1536.jpg 1152w, https:\/\/mdkoswiecim.pl\/wp-content\/uploads\/2024\/02\/xpxIuFv8.jpg 1536w\" sizes=\"auto, (max-width: 768px) 100vw, 768px\" \/><\/a><\/figure>\n\n\n\n<figure class=\"wp-block-image size-large\"><a href=\"https:\/\/mdkoswiecim.pl\/wp-content\/uploads\/2024\/02\/PMV7NaKm.jpg\"><img loading=\"lazy\" decoding=\"async\" width=\"1024\" height=\"768\" data-id=\"18742\" src=\"https:\/\/mdkoswiecim.pl\/wp-content\/uploads\/2024\/02\/PMV7NaKm-1024x768.jpg\" alt=\"\" class=\"wp-image-18742\" srcset=\"https:\/\/mdkoswiecim.pl\/wp-content\/uploads\/2024\/02\/PMV7NaKm-1024x768.jpg 1024w, https:\/\/mdkoswiecim.pl\/wp-content\/uploads\/2024\/02\/PMV7NaKm-300x225.jpg 300w, https:\/\/mdkoswiecim.pl\/wp-content\/uploads\/2024\/02\/PMV7NaKm-768x576.jpg 768w, https:\/\/mdkoswiecim.pl\/wp-content\/uploads\/2024\/02\/PMV7NaKm-1536x1152.jpg 1536w, https:\/\/mdkoswiecim.pl\/wp-content\/uploads\/2024\/02\/PMV7NaKm.jpg 2048w\" sizes=\"auto, (max-width: 1024px) 100vw, 1024px\" \/><\/a><\/figure>\n<\/figure>\n","protected":false},"excerpt":{"rendered":"<p>W pi\u0105tek 2 lutego komisja MDK w sk\u0142adzie Alina Kwarciak, El\u017cbieta Wardza\u0142a-Sere\u015b, Kamila Sibik i Janusz Majcherek w ramach przes\u0142ucha\u0144 w Powiatowym Przegl\u0105dzie Artystycznym &#8220;Kreatywni&#8221;, odwiedzi\u0142a I Liceum Og\u00f3lnokszta\u0142c\u0105ce w K\u0119tach. Tym razem by\u0142o co\u015b dla fan\u00f3w rockowych brzmie\u0144 za spraw\u0105 wyst\u0119pu perkusisty i perkusistki oraz zesp\u00f3\u0142 wokalno instrumentalnego. Komisja oceni\u0142a r\u00f3wnie\u017c prace plastyczne m\u0142odych [&hellip;]<\/p>\n","protected":false},"author":2,"featured_media":18737,"comment_status":"closed","ping_status":"closed","sticky":false,"template":"","format":"standard","meta":{"footnotes":""},"categories":[107,108],"tags":[],"class_list":["post-18733","post","type-post","status-publish","format-standard","has-post-thumbnail","hentry","category-konkursy","category-aktualnosci"],"yoast_head":"<!-- This site is optimized with the Yoast SEO plugin v16.1.1 - https:\/\/yoast.com\/wordpress\/plugins\/seo\/ -->\n<title>KREATYWNI w K\u0119ckim &quot;Wyspianie&quot; - MDK<\/title>\n<link rel=\"canonical\" href=\"https:\/\/mdkoswiecim.pl\/index.php\/2024\/02\/06\/kreatywni-w-keckim-wyspianie-3\/\" \/>\n<meta property=\"og:locale\" content=\"pl_PL\" \/>\n<meta property=\"og:type\" content=\"article\" \/>\n<meta property=\"og:title\" content=\"KREATYWNI w K\u0119ckim &quot;Wyspianie&quot; - MDK\" \/>\n<meta property=\"og:description\" content=\"W pi\u0105tek 2 lutego komisja MDK w sk\u0142adzie Alina Kwarciak, El\u017cbieta Wardza\u0142a-Sere\u015b, Kamila Sibik i Janusz Majcherek w ramach przes\u0142ucha\u0144 w Powiatowym Przegl\u0105dzie Artystycznym &#8220;Kreatywni&#8221;, odwiedzi\u0142a I Liceum Og\u00f3lnokszta\u0142c\u0105ce w K\u0119tach. Tym razem by\u0142o co\u015b dla fan\u00f3w rockowych brzmie\u0144 za spraw\u0105 wyst\u0119pu perkusisty i perkusistki oraz zesp\u00f3\u0142 wokalno instrumentalnego. Komisja oceni\u0142a r\u00f3wnie\u017c prace plastyczne m\u0142odych [&hellip;]\" \/>\n<meta property=\"og:url\" content=\"https:\/\/mdkoswiecim.pl\/index.php\/2024\/02\/06\/kreatywni-w-keckim-wyspianie-3\/\" \/>\n<meta property=\"og:site_name\" content=\"MDK\" \/>\n<meta property=\"article:published_time\" content=\"2024-02-06T14:10:44+00:00\" \/>\n<meta property=\"article:modified_time\" content=\"2024-02-06T14:10:45+00:00\" \/>\n<meta property=\"og:image\" content=\"https:\/\/mdkoswiecim.pl\/wp-content\/uploads\/2024\/02\/bbsLUnyI-e1707228600853.jpg\" \/>\n\t<meta property=\"og:image:width\" content=\"1536\" \/>\n\t<meta property=\"og:image:height\" content=\"976\" \/>\n<meta name=\"twitter:card\" content=\"summary_large_image\" \/>\n<meta name=\"twitter:label1\" content=\"Szacowany czas czytania\">\n\t<meta name=\"twitter:data1\" content=\"3 minuty\">\n<script type=\"application\/ld+json\" class=\"yoast-schema-graph\">{\"@context\":\"https:\/\/schema.org\",\"@graph\":[{\"@type\":\"WebSite\",\"@id\":\"https:\/\/mdkoswiecim.pl\/#website\",\"url\":\"https:\/\/mdkoswiecim.pl\/\",\"name\":\"MDK\",\"description\":\"M\\u0142odzie\\u017cowy Dom Kultury w O\\u015bwi\\u0119cimiu\",\"potentialAction\":[{\"@type\":\"SearchAction\",\"target\":\"https:\/\/mdkoswiecim.pl\/?s={search_term_string}\",\"query-input\":\"required name=search_term_string\"}],\"inLanguage\":\"pl-PL\"},{\"@type\":\"ImageObject\",\"@id\":\"https:\/\/mdkoswiecim.pl\/index.php\/2024\/02\/06\/kreatywni-w-keckim-wyspianie-3\/#primaryimage\",\"inLanguage\":\"pl-PL\",\"url\":\"https:\/\/mdkoswiecim.pl\/wp-content\/uploads\/2024\/02\/bbsLUnyI-e1707228600853.jpg\",\"contentUrl\":\"https:\/\/mdkoswiecim.pl\/wp-content\/uploads\/2024\/02\/bbsLUnyI-e1707228600853.jpg\",\"width\":1536,\"height\":976},{\"@type\":\"WebPage\",\"@id\":\"https:\/\/mdkoswiecim.pl\/index.php\/2024\/02\/06\/kreatywni-w-keckim-wyspianie-3\/#webpage\",\"url\":\"https:\/\/mdkoswiecim.pl\/index.php\/2024\/02\/06\/kreatywni-w-keckim-wyspianie-3\/\",\"name\":\"KREATYWNI w K\\u0119ckim \\\"Wyspianie\\\" - MDK\",\"isPartOf\":{\"@id\":\"https:\/\/mdkoswiecim.pl\/#website\"},\"primaryImageOfPage\":{\"@id\":\"https:\/\/mdkoswiecim.pl\/index.php\/2024\/02\/06\/kreatywni-w-keckim-wyspianie-3\/#primaryimage\"},\"datePublished\":\"2024-02-06T14:10:44+00:00\",\"dateModified\":\"2024-02-06T14:10:45+00:00\",\"author\":{\"@id\":\"https:\/\/mdkoswiecim.pl\/#\/schema\/person\/de4e1c3f9f9805d4834a83cd933e83a4\"},\"breadcrumb\":{\"@id\":\"https:\/\/mdkoswiecim.pl\/index.php\/2024\/02\/06\/kreatywni-w-keckim-wyspianie-3\/#breadcrumb\"},\"inLanguage\":\"pl-PL\",\"potentialAction\":[{\"@type\":\"ReadAction\",\"target\":[\"https:\/\/mdkoswiecim.pl\/index.php\/2024\/02\/06\/kreatywni-w-keckim-wyspianie-3\/\"]}]},{\"@type\":\"BreadcrumbList\",\"@id\":\"https:\/\/mdkoswiecim.pl\/index.php\/2024\/02\/06\/kreatywni-w-keckim-wyspianie-3\/#breadcrumb\",\"itemListElement\":[{\"@type\":\"ListItem\",\"position\":1,\"item\":{\"@type\":\"WebPage\",\"@id\":\"https:\/\/mdkoswiecim.pl\/\",\"url\":\"https:\/\/mdkoswiecim.pl\/\",\"name\":\"Strona g\\u0142\\u00f3wna\"}},{\"@type\":\"ListItem\",\"position\":2,\"item\":{\"@type\":\"WebPage\",\"@id\":\"https:\/\/mdkoswiecim.pl\/index.php\/2024\/02\/06\/kreatywni-w-keckim-wyspianie-3\/\",\"url\":\"https:\/\/mdkoswiecim.pl\/index.php\/2024\/02\/06\/kreatywni-w-keckim-wyspianie-3\/\",\"name\":\"KREATYWNI w K\\u0119ckim &#8220;Wyspianie&#8221;\"}}]},{\"@type\":\"Person\",\"@id\":\"https:\/\/mdkoswiecim.pl\/#\/schema\/person\/de4e1c3f9f9805d4834a83cd933e83a4\",\"name\":\"janusz.majcherek\",\"image\":{\"@type\":\"ImageObject\",\"@id\":\"https:\/\/mdkoswiecim.pl\/#personlogo\",\"inLanguage\":\"pl-PL\",\"url\":\"https:\/\/secure.gravatar.com\/avatar\/841ee0bdfc0ec9800cdb49de086063cd2bdca44d52221b7fee4d6a2db5eafb17?s=96&d=mm&r=g\",\"contentUrl\":\"https:\/\/secure.gravatar.com\/avatar\/841ee0bdfc0ec9800cdb49de086063cd2bdca44d52221b7fee4d6a2db5eafb17?s=96&d=mm&r=g\",\"caption\":\"janusz.majcherek\"}}]}<\/script>\n<!-- \/ Yoast SEO plugin. -->","_links":{"self":[{"href":"https:\/\/mdkoswiecim.pl\/index.php\/wp-json\/wp\/v2\/posts\/18733","targetHints":{"allow":["GET"]}}],"collection":[{"href":"https:\/\/mdkoswiecim.pl\/index.php\/wp-json\/wp\/v2\/posts"}],"about":[{"href":"https:\/\/mdkoswiecim.pl\/index.php\/wp-json\/wp\/v2\/types\/post"}],"author":[{"embeddable":true,"href":"https:\/\/mdkoswiecim.pl\/index.php\/wp-json\/wp\/v2\/users\/2"}],"replies":[{"embeddable":true,"href":"https:\/\/mdkoswiecim.pl\/index.php\/wp-json\/wp\/v2\/comments?post=18733"}],"version-history":[{"count":1,"href":"https:\/\/mdkoswiecim.pl\/index.php\/wp-json\/wp\/v2\/posts\/18733\/revisions"}],"predecessor-version":[{"id":18744,"href":"https:\/\/mdkoswiecim.pl\/index.php\/wp-json\/wp\/v2\/posts\/18733\/revisions\/18744"}],"wp:featuredmedia":[{"embeddable":true,"href":"https:\/\/mdkoswiecim.pl\/index.php\/wp-json\/wp\/v2\/media\/18737"}],"wp:attachment":[{"href":"https:\/\/mdkoswiecim.pl\/index.php\/wp-json\/wp\/v2\/media?parent=18733"}],"wp:term":[{"taxonomy":"category","embeddable":true,"href":"https:\/\/mdkoswiecim.pl\/index.php\/wp-json\/wp\/v2\/categories?post=18733"},{"taxonomy":"post_tag","embeddable":true,"href":"https:\/\/mdkoswiecim.pl\/index.php\/wp-json\/wp\/v2\/tags?post=18733"}],"curies":[{"name":"wp","href":"https:\/\/api.w.org\/{rel}","templated":true}]}}