{"id":18675,"date":"2024-02-01T15:13:09","date_gmt":"2024-02-01T14:13:09","guid":{"rendered":"https:\/\/mdkoswiecim.pl\/?p=18675"},"modified":"2024-02-02T13:16:42","modified_gmt":"2024-02-02T12:16:42","slug":"powiatowy-przeglad-artystyczny-kreatywni-w-pcktib","status":"publish","type":"post","link":"https:\/\/mdkoswiecim.pl\/index.php\/2024\/02\/01\/powiatowy-przeglad-artystyczny-kreatywni-w-pcktib\/","title":{"rendered":"Powiatowy Przegl\u0105d Artystyczny &#8220;KREATYWNI&#8221; w PCKTiB."},"content":{"rendered":"\n<p>Dzi\u015b, 1 lutego 2024r. ruszy\u0142a kolejna edycja Powiatowego Przegl\u0105dy Artystycznego &#8220;KREATYWNI&#8221;. To przegl\u0105d skierowany do uzdolnionej artystycznie m\u0142odzie\u017cy szk\u00f3\u0142 \u015brednich z naszego powiatu. Przes\u0142uchania w tej edycji przegl\u0105du rozpocz\u0119li\u015bmy od o\u015bwi\u0119cimskiego PCKTiB. Komisja MDK w sk\u0142adzie Alina Kwarciak, El\u017cbieta Wardza\u0142a-Sere\u015b, Kamila Sibik i Janusz Majcherek obejrza\u0142a  wyst\u0119py sceniczne tancerek, wokalist\u00f3w, wokalistek oraz recytatorki. Do konkursu zg\u0142oszono r\u00f3wnie\u017c prace plastyczne oraz poezje. <\/p>\n\n\n\n<p><strong>LAUREATAMI <\/strong>przegl\u0105du zostali:<\/p>\n\n\n\n<p>Jacek Sitek &#8211; gitara, \u015bpiew<\/p>\n\n\n\n<p>Zuzanna Patyk &#8211; \u015bpiew<\/p>\n\n\n\n<p>Wojciech Lalik &#8211; rysunek<\/p>\n\n\n\n<p>Patrycja Chuchro &#8211; maska <\/p>\n\n\n\n<p>Aleksandra Szcz\u0119\u015bniak &#8211; rysunek<\/p>\n\n\n\n<p><strong>WYR\u00d3\u017bNIENI:<\/strong><\/p>\n\n\n\n<p>Roksana Pactwa &#8211; taniec<\/p>\n\n\n\n<p>Angelika Cie\u0144 &#8211; taniec<\/p>\n\n\n\n<p>Maja Pasternak &#8211; wiersz, recytacja<\/p>\n\n\n\n<p>Wiktoria Siemek &#8211; poezja<\/p>\n\n\n\n<p>SERDECZNIE GRATULUJEMY!<\/p>\n\n\n\n<figure class=\"wp-block-gallery has-nested-images columns-default is-cropped wp-block-gallery-1 is-layout-flex wp-block-gallery-is-layout-flex\">\n<figure class=\"wp-block-image size-large\"><a href=\"https:\/\/mdkoswiecim.pl\/wp-content\/uploads\/2024\/02\/0M_-Hl_8.jpg\"><img loading=\"lazy\" decoding=\"async\" width=\"768\" height=\"1024\" data-id=\"18684\" src=\"https:\/\/mdkoswiecim.pl\/wp-content\/uploads\/2024\/02\/0M_-Hl_8-768x1024.jpg\" alt=\"\" class=\"wp-image-18684\" srcset=\"https:\/\/mdkoswiecim.pl\/wp-content\/uploads\/2024\/02\/0M_-Hl_8-768x1024.jpg 768w, https:\/\/mdkoswiecim.pl\/wp-content\/uploads\/2024\/02\/0M_-Hl_8-225x300.jpg 225w, https:\/\/mdkoswiecim.pl\/wp-content\/uploads\/2024\/02\/0M_-Hl_8-1152x1536.jpg 1152w, https:\/\/mdkoswiecim.pl\/wp-content\/uploads\/2024\/02\/0M_-Hl_8.jpg 1500w\" sizes=\"auto, (max-width: 768px) 100vw, 768px\" \/><\/a><\/figure>\n\n\n\n<figure class=\"wp-block-image size-large\"><a href=\"https:\/\/mdkoswiecim.pl\/wp-content\/uploads\/2024\/02\/9hjp-dCV.jpg\"><img loading=\"lazy\" decoding=\"async\" width=\"768\" height=\"1024\" data-id=\"18678\" src=\"https:\/\/mdkoswiecim.pl\/wp-content\/uploads\/2024\/02\/9hjp-dCV-768x1024.jpg\" alt=\"\" class=\"wp-image-18678\" srcset=\"https:\/\/mdkoswiecim.pl\/wp-content\/uploads\/2024\/02\/9hjp-dCV-768x1024.jpg 768w, https:\/\/mdkoswiecim.pl\/wp-content\/uploads\/2024\/02\/9hjp-dCV-225x300.jpg 225w, https:\/\/mdkoswiecim.pl\/wp-content\/uploads\/2024\/02\/9hjp-dCV-1152x1536.jpg 1152w, https:\/\/mdkoswiecim.pl\/wp-content\/uploads\/2024\/02\/9hjp-dCV.jpg 1500w\" sizes=\"auto, (max-width: 768px) 100vw, 768px\" \/><\/a><\/figure>\n\n\n\n<figure class=\"wp-block-image size-large\"><a href=\"https:\/\/mdkoswiecim.pl\/wp-content\/uploads\/2024\/02\/eUD_1A42.jpg\"><img loading=\"lazy\" decoding=\"async\" width=\"1024\" height=\"768\" data-id=\"18679\" src=\"https:\/\/mdkoswiecim.pl\/wp-content\/uploads\/2024\/02\/eUD_1A42-1024x768.jpg\" alt=\"\" class=\"wp-image-18679\" srcset=\"https:\/\/mdkoswiecim.pl\/wp-content\/uploads\/2024\/02\/eUD_1A42-1024x768.jpg 1024w, https:\/\/mdkoswiecim.pl\/wp-content\/uploads\/2024\/02\/eUD_1A42-300x225.jpg 300w, https:\/\/mdkoswiecim.pl\/wp-content\/uploads\/2024\/02\/eUD_1A42-768x576.jpg 768w, https:\/\/mdkoswiecim.pl\/wp-content\/uploads\/2024\/02\/eUD_1A42-1536x1152.jpg 1536w, https:\/\/mdkoswiecim.pl\/wp-content\/uploads\/2024\/02\/eUD_1A42.jpg 2000w\" sizes=\"auto, (max-width: 1024px) 100vw, 1024px\" \/><\/a><\/figure>\n\n\n\n<figure class=\"wp-block-image size-large\"><a href=\"https:\/\/mdkoswiecim.pl\/wp-content\/uploads\/2024\/02\/kq92LVQP.jpg\"><img loading=\"lazy\" decoding=\"async\" width=\"825\" height=\"1024\" data-id=\"18682\" src=\"https:\/\/mdkoswiecim.pl\/wp-content\/uploads\/2024\/02\/kq92LVQP-825x1024.jpg\" alt=\"\" class=\"wp-image-18682\" srcset=\"https:\/\/mdkoswiecim.pl\/wp-content\/uploads\/2024\/02\/kq92LVQP-825x1024.jpg 825w, https:\/\/mdkoswiecim.pl\/wp-content\/uploads\/2024\/02\/kq92LVQP-242x300.jpg 242w, https:\/\/mdkoswiecim.pl\/wp-content\/uploads\/2024\/02\/kq92LVQP-768x953.jpg 768w, https:\/\/mdkoswiecim.pl\/wp-content\/uploads\/2024\/02\/kq92LVQP.jpg 1144w\" sizes=\"auto, (max-width: 825px) 100vw, 825px\" \/><\/a><\/figure>\n\n\n\n<figure class=\"wp-block-image size-large\"><a href=\"https:\/\/mdkoswiecim.pl\/wp-content\/uploads\/2024\/02\/QeocxkEH.jpg\"><img loading=\"lazy\" decoding=\"async\" width=\"615\" height=\"1024\" data-id=\"18683\" src=\"https:\/\/mdkoswiecim.pl\/wp-content\/uploads\/2024\/02\/QeocxkEH-615x1024.jpg\" alt=\"\" class=\"wp-image-18683\" srcset=\"https:\/\/mdkoswiecim.pl\/wp-content\/uploads\/2024\/02\/QeocxkEH-615x1024.jpg 615w, https:\/\/mdkoswiecim.pl\/wp-content\/uploads\/2024\/02\/QeocxkEH-180x300.jpg 180w, https:\/\/mdkoswiecim.pl\/wp-content\/uploads\/2024\/02\/QeocxkEH-768x1279.jpg 768w, https:\/\/mdkoswiecim.pl\/wp-content\/uploads\/2024\/02\/QeocxkEH-922x1536.jpg 922w, https:\/\/mdkoswiecim.pl\/wp-content\/uploads\/2024\/02\/QeocxkEH.jpg 1161w\" sizes=\"auto, (max-width: 615px) 100vw, 615px\" \/><\/a><\/figure>\n\n\n\n<figure class=\"wp-block-image size-large\"><a href=\"https:\/\/mdkoswiecim.pl\/wp-content\/uploads\/2024\/02\/sazUjD2K.jpg\"><img loading=\"lazy\" decoding=\"async\" width=\"1024\" height=\"768\" data-id=\"18687\" src=\"https:\/\/mdkoswiecim.pl\/wp-content\/uploads\/2024\/02\/sazUjD2K-1024x768.jpg\" alt=\"\" class=\"wp-image-18687\" srcset=\"https:\/\/mdkoswiecim.pl\/wp-content\/uploads\/2024\/02\/sazUjD2K-1024x768.jpg 1024w, https:\/\/mdkoswiecim.pl\/wp-content\/uploads\/2024\/02\/sazUjD2K-300x225.jpg 300w, https:\/\/mdkoswiecim.pl\/wp-content\/uploads\/2024\/02\/sazUjD2K-768x576.jpg 768w, https:\/\/mdkoswiecim.pl\/wp-content\/uploads\/2024\/02\/sazUjD2K-1536x1152.jpg 1536w, https:\/\/mdkoswiecim.pl\/wp-content\/uploads\/2024\/02\/sazUjD2K.jpg 2000w\" sizes=\"auto, (max-width: 1024px) 100vw, 1024px\" \/><\/a><\/figure>\n\n\n\n<figure class=\"wp-block-image size-large\"><img loading=\"lazy\" decoding=\"async\" width=\"768\" height=\"1024\" data-id=\"18691\" src=\"https:\/\/mdkoswiecim.pl\/wp-content\/uploads\/2024\/02\/J30gwE8C-768x1024.jpg\" alt=\"\" class=\"wp-image-18691\" srcset=\"https:\/\/mdkoswiecim.pl\/wp-content\/uploads\/2024\/02\/J30gwE8C-768x1024.jpg 768w, https:\/\/mdkoswiecim.pl\/wp-content\/uploads\/2024\/02\/J30gwE8C-225x300.jpg 225w, https:\/\/mdkoswiecim.pl\/wp-content\/uploads\/2024\/02\/J30gwE8C-1152x1536.jpg 1152w, https:\/\/mdkoswiecim.pl\/wp-content\/uploads\/2024\/02\/J30gwE8C.jpg 1500w\" sizes=\"auto, (max-width: 768px) 100vw, 768px\" \/><\/figure>\n\n\n\n<figure class=\"wp-block-image size-large\"><img loading=\"lazy\" decoding=\"async\" width=\"1024\" height=\"768\" data-id=\"18692\" src=\"https:\/\/mdkoswiecim.pl\/wp-content\/uploads\/2024\/02\/sJHWx3Nw-1024x768.jpg\" alt=\"\" class=\"wp-image-18692\" srcset=\"https:\/\/mdkoswiecim.pl\/wp-content\/uploads\/2024\/02\/sJHWx3Nw-1024x768.jpg 1024w, https:\/\/mdkoswiecim.pl\/wp-content\/uploads\/2024\/02\/sJHWx3Nw-300x225.jpg 300w, https:\/\/mdkoswiecim.pl\/wp-content\/uploads\/2024\/02\/sJHWx3Nw-768x576.jpg 768w, https:\/\/mdkoswiecim.pl\/wp-content\/uploads\/2024\/02\/sJHWx3Nw-1536x1152.jpg 1536w, https:\/\/mdkoswiecim.pl\/wp-content\/uploads\/2024\/02\/sJHWx3Nw.jpg 2000w\" sizes=\"auto, (max-width: 1024px) 100vw, 1024px\" \/><\/figure>\n\n\n\n<figure class=\"wp-block-image size-large\"><a href=\"https:\/\/mdkoswiecim.pl\/wp-content\/uploads\/2024\/02\/NxkGgyBF.jpg\"><img loading=\"lazy\" decoding=\"async\" width=\"768\" height=\"1024\" data-id=\"18681\" src=\"https:\/\/mdkoswiecim.pl\/wp-content\/uploads\/2024\/02\/NxkGgyBF-768x1024.jpg\" alt=\"\" class=\"wp-image-18681\" srcset=\"https:\/\/mdkoswiecim.pl\/wp-content\/uploads\/2024\/02\/NxkGgyBF-768x1024.jpg 768w, https:\/\/mdkoswiecim.pl\/wp-content\/uploads\/2024\/02\/NxkGgyBF-225x300.jpg 225w, https:\/\/mdkoswiecim.pl\/wp-content\/uploads\/2024\/02\/NxkGgyBF-1152x1536.jpg 1152w, https:\/\/mdkoswiecim.pl\/wp-content\/uploads\/2024\/02\/NxkGgyBF.jpg 1536w\" sizes=\"auto, (max-width: 768px) 100vw, 768px\" \/><\/a><\/figure>\n\n\n\n<figure class=\"wp-block-image size-large\"><a href=\"https:\/\/mdkoswiecim.pl\/wp-content\/uploads\/2024\/02\/HkgzjaLB-rotated.jpg\"><img loading=\"lazy\" decoding=\"async\" width=\"768\" height=\"1024\" data-id=\"18680\" src=\"https:\/\/mdkoswiecim.pl\/wp-content\/uploads\/2024\/02\/HkgzjaLB-768x1024.jpg\" alt=\"\" class=\"wp-image-18680\" srcset=\"https:\/\/mdkoswiecim.pl\/wp-content\/uploads\/2024\/02\/HkgzjaLB-768x1024.jpg 768w, https:\/\/mdkoswiecim.pl\/wp-content\/uploads\/2024\/02\/HkgzjaLB-225x300.jpg 225w, https:\/\/mdkoswiecim.pl\/wp-content\/uploads\/2024\/02\/HkgzjaLB-1152x1536.jpg 1152w, https:\/\/mdkoswiecim.pl\/wp-content\/uploads\/2024\/02\/HkgzjaLB-rotated.jpg 1536w\" sizes=\"auto, (max-width: 768px) 100vw, 768px\" \/><\/a><\/figure>\n\n\n\n<figure class=\"wp-block-image size-large\"><a href=\"https:\/\/mdkoswiecim.pl\/wp-content\/uploads\/2024\/02\/qpNtY_kU.jpg\"><img loading=\"lazy\" decoding=\"async\" width=\"768\" height=\"1024\" data-id=\"18685\" src=\"https:\/\/mdkoswiecim.pl\/wp-content\/uploads\/2024\/02\/qpNtY_kU-768x1024.jpg\" alt=\"\" class=\"wp-image-18685\" srcset=\"https:\/\/mdkoswiecim.pl\/wp-content\/uploads\/2024\/02\/qpNtY_kU-768x1024.jpg 768w, https:\/\/mdkoswiecim.pl\/wp-content\/uploads\/2024\/02\/qpNtY_kU-225x300.jpg 225w, https:\/\/mdkoswiecim.pl\/wp-content\/uploads\/2024\/02\/qpNtY_kU-1152x1536.jpg 1152w, https:\/\/mdkoswiecim.pl\/wp-content\/uploads\/2024\/02\/qpNtY_kU.jpg 1536w\" sizes=\"auto, (max-width: 768px) 100vw, 768px\" \/><\/a><\/figure>\n\n\n\n<figure class=\"wp-block-image size-large\"><a href=\"https:\/\/mdkoswiecim.pl\/wp-content\/uploads\/2024\/02\/RM8lVL0P.jpg\"><img loading=\"lazy\" decoding=\"async\" width=\"768\" height=\"1024\" data-id=\"18686\" src=\"https:\/\/mdkoswiecim.pl\/wp-content\/uploads\/2024\/02\/RM8lVL0P-768x1024.jpg\" alt=\"\" class=\"wp-image-18686\" srcset=\"https:\/\/mdkoswiecim.pl\/wp-content\/uploads\/2024\/02\/RM8lVL0P-768x1024.jpg 768w, https:\/\/mdkoswiecim.pl\/wp-content\/uploads\/2024\/02\/RM8lVL0P-225x300.jpg 225w, https:\/\/mdkoswiecim.pl\/wp-content\/uploads\/2024\/02\/RM8lVL0P-1152x1536.jpg 1152w, https:\/\/mdkoswiecim.pl\/wp-content\/uploads\/2024\/02\/RM8lVL0P.jpg 1536w\" sizes=\"auto, (max-width: 768px) 100vw, 768px\" \/><\/a><\/figure>\n\n\n\n<figure class=\"wp-block-image size-large\"><a href=\"https:\/\/mdkoswiecim.pl\/wp-content\/uploads\/2024\/02\/7MqbB_Au.jpg\"><img loading=\"lazy\" decoding=\"async\" width=\"768\" height=\"1024\" data-id=\"18677\" src=\"https:\/\/mdkoswiecim.pl\/wp-content\/uploads\/2024\/02\/7MqbB_Au-768x1024.jpg\" alt=\"\" class=\"wp-image-18677\" srcset=\"https:\/\/mdkoswiecim.pl\/wp-content\/uploads\/2024\/02\/7MqbB_Au-768x1024.jpg 768w, https:\/\/mdkoswiecim.pl\/wp-content\/uploads\/2024\/02\/7MqbB_Au-225x300.jpg 225w, https:\/\/mdkoswiecim.pl\/wp-content\/uploads\/2024\/02\/7MqbB_Au-1152x1536.jpg 1152w, https:\/\/mdkoswiecim.pl\/wp-content\/uploads\/2024\/02\/7MqbB_Au.jpg 1536w\" sizes=\"auto, (max-width: 768px) 100vw, 768px\" \/><\/a><\/figure>\n\n\n\n<figure class=\"wp-block-image size-large\"><a href=\"https:\/\/mdkoswiecim.pl\/wp-content\/uploads\/2024\/02\/XFKmRgIx.jpg\"><img loading=\"lazy\" decoding=\"async\" width=\"768\" height=\"1024\" data-id=\"18688\" src=\"https:\/\/mdkoswiecim.pl\/wp-content\/uploads\/2024\/02\/XFKmRgIx-768x1024.jpg\" alt=\"\" class=\"wp-image-18688\" srcset=\"https:\/\/mdkoswiecim.pl\/wp-content\/uploads\/2024\/02\/XFKmRgIx-768x1024.jpg 768w, https:\/\/mdkoswiecim.pl\/wp-content\/uploads\/2024\/02\/XFKmRgIx-225x300.jpg 225w, https:\/\/mdkoswiecim.pl\/wp-content\/uploads\/2024\/02\/XFKmRgIx-1152x1536.jpg 1152w, https:\/\/mdkoswiecim.pl\/wp-content\/uploads\/2024\/02\/XFKmRgIx.jpg 1536w\" sizes=\"auto, (max-width: 768px) 100vw, 768px\" \/><\/a><\/figure>\n<\/figure>\n","protected":false},"excerpt":{"rendered":"<p>Dzi\u015b, 1 lutego 2024r. ruszy\u0142a kolejna edycja Powiatowego Przegl\u0105dy Artystycznego &#8220;KREATYWNI&#8221;. To przegl\u0105d skierowany do uzdolnionej artystycznie m\u0142odzie\u017cy szk\u00f3\u0142 \u015brednich z naszego powiatu. Przes\u0142uchania w tej edycji przegl\u0105du rozpocz\u0119li\u015bmy od o\u015bwi\u0119cimskiego PCKTiB. Komisja MDK w sk\u0142adzie Alina Kwarciak, El\u017cbieta Wardza\u0142a-Sere\u015b, Kamila Sibik i Janusz Majcherek obejrza\u0142a wyst\u0119py sceniczne tancerek, wokalist\u00f3w, wokalistek oraz recytatorki. Do konkursu [&hellip;]<\/p>\n","protected":false},"author":2,"featured_media":18687,"comment_status":"closed","ping_status":"closed","sticky":false,"template":"","format":"standard","meta":{"footnotes":""},"categories":[107,108],"tags":[],"class_list":["post-18675","post","type-post","status-publish","format-standard","has-post-thumbnail","hentry","category-konkursy","category-aktualnosci"],"yoast_head":"<!-- This site is optimized with the Yoast SEO plugin v16.1.1 - https:\/\/yoast.com\/wordpress\/plugins\/seo\/ -->\n<title>Powiatowy Przegl\u0105d Artystyczny &quot;KREATYWNI&quot; w PCKTiB. - MDK<\/title>\n<link rel=\"canonical\" href=\"https:\/\/mdkoswiecim.pl\/index.php\/2024\/02\/01\/powiatowy-przeglad-artystyczny-kreatywni-w-pcktib\/\" \/>\n<meta property=\"og:locale\" content=\"pl_PL\" \/>\n<meta property=\"og:type\" content=\"article\" \/>\n<meta property=\"og:title\" content=\"Powiatowy Przegl\u0105d Artystyczny &quot;KREATYWNI&quot; w PCKTiB. - MDK\" \/>\n<meta property=\"og:description\" content=\"Dzi\u015b, 1 lutego 2024r. ruszy\u0142a kolejna edycja Powiatowego Przegl\u0105dy Artystycznego &#8220;KREATYWNI&#8221;. To przegl\u0105d skierowany do uzdolnionej artystycznie m\u0142odzie\u017cy szk\u00f3\u0142 \u015brednich z naszego powiatu. Przes\u0142uchania w tej edycji przegl\u0105du rozpocz\u0119li\u015bmy od o\u015bwi\u0119cimskiego PCKTiB. Komisja MDK w sk\u0142adzie Alina Kwarciak, El\u017cbieta Wardza\u0142a-Sere\u015b, Kamila Sibik i Janusz Majcherek obejrza\u0142a wyst\u0119py sceniczne tancerek, wokalist\u00f3w, wokalistek oraz recytatorki. Do konkursu [&hellip;]\" \/>\n<meta property=\"og:url\" content=\"https:\/\/mdkoswiecim.pl\/index.php\/2024\/02\/01\/powiatowy-przeglad-artystyczny-kreatywni-w-pcktib\/\" \/>\n<meta property=\"og:site_name\" content=\"MDK\" \/>\n<meta property=\"article:published_time\" content=\"2024-02-01T14:13:09+00:00\" \/>\n<meta property=\"article:modified_time\" content=\"2024-02-02T12:16:42+00:00\" \/>\n<meta property=\"og:image\" content=\"https:\/\/mdkoswiecim.pl\/wp-content\/uploads\/2024\/02\/sazUjD2K.jpg\" \/>\n\t<meta property=\"og:image:width\" content=\"2000\" \/>\n\t<meta property=\"og:image:height\" content=\"1500\" \/>\n<meta name=\"twitter:card\" content=\"summary_large_image\" \/>\n<meta name=\"twitter:label1\" content=\"Szacowany czas czytania\">\n\t<meta name=\"twitter:data1\" content=\"4 minuty\">\n<script type=\"application\/ld+json\" class=\"yoast-schema-graph\">{\"@context\":\"https:\/\/schema.org\",\"@graph\":[{\"@type\":\"WebSite\",\"@id\":\"https:\/\/mdkoswiecim.pl\/#website\",\"url\":\"https:\/\/mdkoswiecim.pl\/\",\"name\":\"MDK\",\"description\":\"M\\u0142odzie\\u017cowy Dom Kultury w O\\u015bwi\\u0119cimiu\",\"potentialAction\":[{\"@type\":\"SearchAction\",\"target\":\"https:\/\/mdkoswiecim.pl\/?s={search_term_string}\",\"query-input\":\"required name=search_term_string\"}],\"inLanguage\":\"pl-PL\"},{\"@type\":\"ImageObject\",\"@id\":\"https:\/\/mdkoswiecim.pl\/index.php\/2024\/02\/01\/powiatowy-przeglad-artystyczny-kreatywni-w-pcktib\/#primaryimage\",\"inLanguage\":\"pl-PL\",\"url\":\"https:\/\/mdkoswiecim.pl\/wp-content\/uploads\/2024\/02\/sazUjD2K.jpg\",\"contentUrl\":\"https:\/\/mdkoswiecim.pl\/wp-content\/uploads\/2024\/02\/sazUjD2K.jpg\",\"width\":2000,\"height\":1500},{\"@type\":\"WebPage\",\"@id\":\"https:\/\/mdkoswiecim.pl\/index.php\/2024\/02\/01\/powiatowy-przeglad-artystyczny-kreatywni-w-pcktib\/#webpage\",\"url\":\"https:\/\/mdkoswiecim.pl\/index.php\/2024\/02\/01\/powiatowy-przeglad-artystyczny-kreatywni-w-pcktib\/\",\"name\":\"Powiatowy Przegl\\u0105d Artystyczny \\\"KREATYWNI\\\" w PCKTiB. - MDK\",\"isPartOf\":{\"@id\":\"https:\/\/mdkoswiecim.pl\/#website\"},\"primaryImageOfPage\":{\"@id\":\"https:\/\/mdkoswiecim.pl\/index.php\/2024\/02\/01\/powiatowy-przeglad-artystyczny-kreatywni-w-pcktib\/#primaryimage\"},\"datePublished\":\"2024-02-01T14:13:09+00:00\",\"dateModified\":\"2024-02-02T12:16:42+00:00\",\"author\":{\"@id\":\"https:\/\/mdkoswiecim.pl\/#\/schema\/person\/de4e1c3f9f9805d4834a83cd933e83a4\"},\"breadcrumb\":{\"@id\":\"https:\/\/mdkoswiecim.pl\/index.php\/2024\/02\/01\/powiatowy-przeglad-artystyczny-kreatywni-w-pcktib\/#breadcrumb\"},\"inLanguage\":\"pl-PL\",\"potentialAction\":[{\"@type\":\"ReadAction\",\"target\":[\"https:\/\/mdkoswiecim.pl\/index.php\/2024\/02\/01\/powiatowy-przeglad-artystyczny-kreatywni-w-pcktib\/\"]}]},{\"@type\":\"BreadcrumbList\",\"@id\":\"https:\/\/mdkoswiecim.pl\/index.php\/2024\/02\/01\/powiatowy-przeglad-artystyczny-kreatywni-w-pcktib\/#breadcrumb\",\"itemListElement\":[{\"@type\":\"ListItem\",\"position\":1,\"item\":{\"@type\":\"WebPage\",\"@id\":\"https:\/\/mdkoswiecim.pl\/\",\"url\":\"https:\/\/mdkoswiecim.pl\/\",\"name\":\"Strona g\\u0142\\u00f3wna\"}},{\"@type\":\"ListItem\",\"position\":2,\"item\":{\"@type\":\"WebPage\",\"@id\":\"https:\/\/mdkoswiecim.pl\/index.php\/2024\/02\/01\/powiatowy-przeglad-artystyczny-kreatywni-w-pcktib\/\",\"url\":\"https:\/\/mdkoswiecim.pl\/index.php\/2024\/02\/01\/powiatowy-przeglad-artystyczny-kreatywni-w-pcktib\/\",\"name\":\"Powiatowy Przegl\\u0105d Artystyczny &#8220;KREATYWNI&#8221; w PCKTiB.\"}}]},{\"@type\":\"Person\",\"@id\":\"https:\/\/mdkoswiecim.pl\/#\/schema\/person\/de4e1c3f9f9805d4834a83cd933e83a4\",\"name\":\"janusz.majcherek\",\"image\":{\"@type\":\"ImageObject\",\"@id\":\"https:\/\/mdkoswiecim.pl\/#personlogo\",\"inLanguage\":\"pl-PL\",\"url\":\"https:\/\/secure.gravatar.com\/avatar\/841ee0bdfc0ec9800cdb49de086063cd2bdca44d52221b7fee4d6a2db5eafb17?s=96&d=mm&r=g\",\"contentUrl\":\"https:\/\/secure.gravatar.com\/avatar\/841ee0bdfc0ec9800cdb49de086063cd2bdca44d52221b7fee4d6a2db5eafb17?s=96&d=mm&r=g\",\"caption\":\"janusz.majcherek\"}}]}<\/script>\n<!-- \/ Yoast SEO plugin. -->","_links":{"self":[{"href":"https:\/\/mdkoswiecim.pl\/index.php\/wp-json\/wp\/v2\/posts\/18675","targetHints":{"allow":["GET"]}}],"collection":[{"href":"https:\/\/mdkoswiecim.pl\/index.php\/wp-json\/wp\/v2\/posts"}],"about":[{"href":"https:\/\/mdkoswiecim.pl\/index.php\/wp-json\/wp\/v2\/types\/post"}],"author":[{"embeddable":true,"href":"https:\/\/mdkoswiecim.pl\/index.php\/wp-json\/wp\/v2\/users\/2"}],"replies":[{"embeddable":true,"href":"https:\/\/mdkoswiecim.pl\/index.php\/wp-json\/wp\/v2\/comments?post=18675"}],"version-history":[{"count":2,"href":"https:\/\/mdkoswiecim.pl\/index.php\/wp-json\/wp\/v2\/posts\/18675\/revisions"}],"predecessor-version":[{"id":18693,"href":"https:\/\/mdkoswiecim.pl\/index.php\/wp-json\/wp\/v2\/posts\/18675\/revisions\/18693"}],"wp:featuredmedia":[{"embeddable":true,"href":"https:\/\/mdkoswiecim.pl\/index.php\/wp-json\/wp\/v2\/media\/18687"}],"wp:attachment":[{"href":"https:\/\/mdkoswiecim.pl\/index.php\/wp-json\/wp\/v2\/media?parent=18675"}],"wp:term":[{"taxonomy":"category","embeddable":true,"href":"https:\/\/mdkoswiecim.pl\/index.php\/wp-json\/wp\/v2\/categories?post=18675"},{"taxonomy":"post_tag","embeddable":true,"href":"https:\/\/mdkoswiecim.pl\/index.php\/wp-json\/wp\/v2\/tags?post=18675"}],"curies":[{"name":"wp","href":"https:\/\/api.w.org\/{rel}","templated":true}]}}