{"id":18511,"date":"2024-01-19T14:28:18","date_gmt":"2024-01-19T13:28:18","guid":{"rendered":"https:\/\/mdkoswiecim.pl\/?p=18511"},"modified":"2024-01-19T14:28:18","modified_gmt":"2024-01-19T13:28:18","slug":"nasza-uczeninica-laureatka-i-miejsca-xxii-wojewodzkiego-konkursu-plastycznego-boze-narodzenie-tradycje-i-wspolczesnosc","status":"publish","type":"post","link":"https:\/\/mdkoswiecim.pl\/index.php\/2024\/01\/19\/nasza-uczeninica-laureatka-i-miejsca-xxii-wojewodzkiego-konkursu-plastycznego-boze-narodzenie-tradycje-i-wspolczesnosc\/","title":{"rendered":"Nasza uczeninica laureatk\u0105 I miejsca XXII Wojew\u00f3dzkiego Konkursu Plastycznego &#8220;Bo\u017ce Narodzenie Tradycje i Wsp\u00f3\u0142czesno\u015b\u0107&#8221;."},"content":{"rendered":"\n<p> Mi\u0142o nam  poinformowa\u0107, \u017ce nasza uczennica Uliana Hres zdoby\u0142a I miejsce w finale XXII Wojew\u00f3dzkiego Konkursu Plastycznego &#8220;Bo\u017ce Narodzenie  Tradycje i Wsp\u00f3\u0142czesno\u015b\u0107&#8221; pod Patronatem Honorowym Starosty Powiatu Chrzanowskiego. Organizatorem konkursu by\u0142 PMDK w Trzebini, a wr\u0119czenie nagr\u00f3d odby\u0142o si\u0119 w Trzebi\u0144skim Centrum Kultury.<\/p>\n\n\n\n<p>GRATULUJEMY!<\/p>\n\n\n\n<figure class=\"wp-block-image size-large\"><img loading=\"lazy\" decoding=\"async\" width=\"1024\" height=\"789\" src=\"https:\/\/mdkoswiecim.pl\/wp-content\/uploads\/2024\/01\/lfDtksOL-2-1024x789.jpg\" alt=\"\" class=\"wp-image-18513\" srcset=\"https:\/\/mdkoswiecim.pl\/wp-content\/uploads\/2024\/01\/lfDtksOL-2-1024x789.jpg 1024w, https:\/\/mdkoswiecim.pl\/wp-content\/uploads\/2024\/01\/lfDtksOL-2-300x231.jpg 300w, https:\/\/mdkoswiecim.pl\/wp-content\/uploads\/2024\/01\/lfDtksOL-2-768x592.jpg 768w, https:\/\/mdkoswiecim.pl\/wp-content\/uploads\/2024\/01\/lfDtksOL-2.jpg 1397w\" sizes=\"auto, (max-width: 1024px) 100vw, 1024px\" \/><\/figure>\n","protected":false},"excerpt":{"rendered":"<p>Mi\u0142o nam poinformowa\u0107, \u017ce nasza uczennica Uliana Hres zdoby\u0142a I miejsce w finale XXII Wojew\u00f3dzkiego Konkursu Plastycznego &#8220;Bo\u017ce Narodzenie Tradycje i Wsp\u00f3\u0142czesno\u015b\u0107&#8221; pod Patronatem Honorowym Starosty Powiatu Chrzanowskiego. Organizatorem konkursu by\u0142 PMDK w Trzebini, a wr\u0119czenie nagr\u00f3d odby\u0142o si\u0119 w Trzebi\u0144skim Centrum Kultury. GRATULUJEMY!<\/p>\n","protected":false},"author":2,"featured_media":18512,"comment_status":"closed","ping_status":"closed","sticky":false,"template":"","format":"standard","meta":{"footnotes":""},"categories":[108],"tags":[],"class_list":["post-18511","post","type-post","status-publish","format-standard","has-post-thumbnail","hentry","category-aktualnosci"],"yoast_head":"<!-- This site is optimized with the Yoast SEO plugin v16.1.1 - https:\/\/yoast.com\/wordpress\/plugins\/seo\/ -->\n<title>Nasza uczeninica laureatk\u0105 I miejsca XXII Wojew\u00f3dzkiego Konkursu Plastycznego &quot;Bo\u017ce Narodzenie Tradycje i Wsp\u00f3\u0142czesno\u015b\u0107&quot;. - MDK<\/title>\n<link rel=\"canonical\" href=\"https:\/\/mdkoswiecim.pl\/index.php\/2024\/01\/19\/nasza-uczeninica-laureatka-i-miejsca-xxii-wojewodzkiego-konkursu-plastycznego-boze-narodzenie-tradycje-i-wspolczesnosc\/\" \/>\n<meta property=\"og:locale\" content=\"pl_PL\" \/>\n<meta property=\"og:type\" content=\"article\" \/>\n<meta property=\"og:title\" content=\"Nasza uczeninica laureatk\u0105 I miejsca XXII Wojew\u00f3dzkiego Konkursu Plastycznego &quot;Bo\u017ce Narodzenie Tradycje i Wsp\u00f3\u0142czesno\u015b\u0107&quot;. - MDK\" \/>\n<meta property=\"og:description\" content=\"Mi\u0142o nam poinformowa\u0107, \u017ce nasza uczennica Uliana Hres zdoby\u0142a I miejsce w finale XXII Wojew\u00f3dzkiego Konkursu Plastycznego &#8220;Bo\u017ce Narodzenie Tradycje i Wsp\u00f3\u0142czesno\u015b\u0107&#8221; pod Patronatem Honorowym Starosty Powiatu Chrzanowskiego. Organizatorem konkursu by\u0142 PMDK w Trzebini, a wr\u0119czenie nagr\u00f3d odby\u0142o si\u0119 w Trzebi\u0144skim Centrum Kultury. GRATULUJEMY!\" \/>\n<meta property=\"og:url\" content=\"https:\/\/mdkoswiecim.pl\/index.php\/2024\/01\/19\/nasza-uczeninica-laureatka-i-miejsca-xxii-wojewodzkiego-konkursu-plastycznego-boze-narodzenie-tradycje-i-wspolczesnosc\/\" \/>\n<meta property=\"og:site_name\" content=\"MDK\" \/>\n<meta property=\"article:published_time\" content=\"2024-01-19T13:28:18+00:00\" \/>\n<meta property=\"og:image\" content=\"https:\/\/mdkoswiecim.pl\/wp-content\/uploads\/2024\/01\/lfDtksOL-1-e1705670693353.jpg\" \/>\n\t<meta property=\"og:image:width\" content=\"1390\" \/>\n\t<meta property=\"og:image:height\" content=\"969\" \/>\n<meta name=\"twitter:card\" content=\"summary_large_image\" \/>\n<meta name=\"twitter:label1\" content=\"Szacowany czas czytania\">\n\t<meta name=\"twitter:data1\" content=\"1 minuta\">\n<script type=\"application\/ld+json\" class=\"yoast-schema-graph\">{\"@context\":\"https:\/\/schema.org\",\"@graph\":[{\"@type\":\"WebSite\",\"@id\":\"https:\/\/mdkoswiecim.pl\/#website\",\"url\":\"https:\/\/mdkoswiecim.pl\/\",\"name\":\"MDK\",\"description\":\"M\\u0142odzie\\u017cowy Dom Kultury w O\\u015bwi\\u0119cimiu\",\"potentialAction\":[{\"@type\":\"SearchAction\",\"target\":\"https:\/\/mdkoswiecim.pl\/?s={search_term_string}\",\"query-input\":\"required name=search_term_string\"}],\"inLanguage\":\"pl-PL\"},{\"@type\":\"ImageObject\",\"@id\":\"https:\/\/mdkoswiecim.pl\/index.php\/2024\/01\/19\/nasza-uczeninica-laureatka-i-miejsca-xxii-wojewodzkiego-konkursu-plastycznego-boze-narodzenie-tradycje-i-wspolczesnosc\/#primaryimage\",\"inLanguage\":\"pl-PL\",\"url\":\"https:\/\/mdkoswiecim.pl\/wp-content\/uploads\/2024\/01\/lfDtksOL-1-e1705670693353.jpg\",\"contentUrl\":\"https:\/\/mdkoswiecim.pl\/wp-content\/uploads\/2024\/01\/lfDtksOL-1-e1705670693353.jpg\",\"width\":1390,\"height\":969},{\"@type\":\"WebPage\",\"@id\":\"https:\/\/mdkoswiecim.pl\/index.php\/2024\/01\/19\/nasza-uczeninica-laureatka-i-miejsca-xxii-wojewodzkiego-konkursu-plastycznego-boze-narodzenie-tradycje-i-wspolczesnosc\/#webpage\",\"url\":\"https:\/\/mdkoswiecim.pl\/index.php\/2024\/01\/19\/nasza-uczeninica-laureatka-i-miejsca-xxii-wojewodzkiego-konkursu-plastycznego-boze-narodzenie-tradycje-i-wspolczesnosc\/\",\"name\":\"Nasza uczeninica laureatk\\u0105 I miejsca XXII Wojew\\u00f3dzkiego Konkursu Plastycznego \\\"Bo\\u017ce Narodzenie Tradycje i Wsp\\u00f3\\u0142czesno\\u015b\\u0107\\\". - MDK\",\"isPartOf\":{\"@id\":\"https:\/\/mdkoswiecim.pl\/#website\"},\"primaryImageOfPage\":{\"@id\":\"https:\/\/mdkoswiecim.pl\/index.php\/2024\/01\/19\/nasza-uczeninica-laureatka-i-miejsca-xxii-wojewodzkiego-konkursu-plastycznego-boze-narodzenie-tradycje-i-wspolczesnosc\/#primaryimage\"},\"datePublished\":\"2024-01-19T13:28:18+00:00\",\"dateModified\":\"2024-01-19T13:28:18+00:00\",\"author\":{\"@id\":\"https:\/\/mdkoswiecim.pl\/#\/schema\/person\/de4e1c3f9f9805d4834a83cd933e83a4\"},\"breadcrumb\":{\"@id\":\"https:\/\/mdkoswiecim.pl\/index.php\/2024\/01\/19\/nasza-uczeninica-laureatka-i-miejsca-xxii-wojewodzkiego-konkursu-plastycznego-boze-narodzenie-tradycje-i-wspolczesnosc\/#breadcrumb\"},\"inLanguage\":\"pl-PL\",\"potentialAction\":[{\"@type\":\"ReadAction\",\"target\":[\"https:\/\/mdkoswiecim.pl\/index.php\/2024\/01\/19\/nasza-uczeninica-laureatka-i-miejsca-xxii-wojewodzkiego-konkursu-plastycznego-boze-narodzenie-tradycje-i-wspolczesnosc\/\"]}]},{\"@type\":\"BreadcrumbList\",\"@id\":\"https:\/\/mdkoswiecim.pl\/index.php\/2024\/01\/19\/nasza-uczeninica-laureatka-i-miejsca-xxii-wojewodzkiego-konkursu-plastycznego-boze-narodzenie-tradycje-i-wspolczesnosc\/#breadcrumb\",\"itemListElement\":[{\"@type\":\"ListItem\",\"position\":1,\"item\":{\"@type\":\"WebPage\",\"@id\":\"https:\/\/mdkoswiecim.pl\/\",\"url\":\"https:\/\/mdkoswiecim.pl\/\",\"name\":\"Strona g\\u0142\\u00f3wna\"}},{\"@type\":\"ListItem\",\"position\":2,\"item\":{\"@type\":\"WebPage\",\"@id\":\"https:\/\/mdkoswiecim.pl\/index.php\/2024\/01\/19\/nasza-uczeninica-laureatka-i-miejsca-xxii-wojewodzkiego-konkursu-plastycznego-boze-narodzenie-tradycje-i-wspolczesnosc\/\",\"url\":\"https:\/\/mdkoswiecim.pl\/index.php\/2024\/01\/19\/nasza-uczeninica-laureatka-i-miejsca-xxii-wojewodzkiego-konkursu-plastycznego-boze-narodzenie-tradycje-i-wspolczesnosc\/\",\"name\":\"Nasza uczeninica laureatk\\u0105 I miejsca XXII Wojew\\u00f3dzkiego Konkursu Plastycznego &#8220;Bo\\u017ce Narodzenie Tradycje i Wsp\\u00f3\\u0142czesno\\u015b\\u0107&#8221;.\"}}]},{\"@type\":\"Person\",\"@id\":\"https:\/\/mdkoswiecim.pl\/#\/schema\/person\/de4e1c3f9f9805d4834a83cd933e83a4\",\"name\":\"janusz.majcherek\",\"image\":{\"@type\":\"ImageObject\",\"@id\":\"https:\/\/mdkoswiecim.pl\/#personlogo\",\"inLanguage\":\"pl-PL\",\"url\":\"https:\/\/secure.gravatar.com\/avatar\/841ee0bdfc0ec9800cdb49de086063cd2bdca44d52221b7fee4d6a2db5eafb17?s=96&d=mm&r=g\",\"contentUrl\":\"https:\/\/secure.gravatar.com\/avatar\/841ee0bdfc0ec9800cdb49de086063cd2bdca44d52221b7fee4d6a2db5eafb17?s=96&d=mm&r=g\",\"caption\":\"janusz.majcherek\"}}]}<\/script>\n<!-- \/ Yoast SEO plugin. -->","_links":{"self":[{"href":"https:\/\/mdkoswiecim.pl\/index.php\/wp-json\/wp\/v2\/posts\/18511","targetHints":{"allow":["GET"]}}],"collection":[{"href":"https:\/\/mdkoswiecim.pl\/index.php\/wp-json\/wp\/v2\/posts"}],"about":[{"href":"https:\/\/mdkoswiecim.pl\/index.php\/wp-json\/wp\/v2\/types\/post"}],"author":[{"embeddable":true,"href":"https:\/\/mdkoswiecim.pl\/index.php\/wp-json\/wp\/v2\/users\/2"}],"replies":[{"embeddable":true,"href":"https:\/\/mdkoswiecim.pl\/index.php\/wp-json\/wp\/v2\/comments?post=18511"}],"version-history":[{"count":1,"href":"https:\/\/mdkoswiecim.pl\/index.php\/wp-json\/wp\/v2\/posts\/18511\/revisions"}],"predecessor-version":[{"id":18514,"href":"https:\/\/mdkoswiecim.pl\/index.php\/wp-json\/wp\/v2\/posts\/18511\/revisions\/18514"}],"wp:featuredmedia":[{"embeddable":true,"href":"https:\/\/mdkoswiecim.pl\/index.php\/wp-json\/wp\/v2\/media\/18512"}],"wp:attachment":[{"href":"https:\/\/mdkoswiecim.pl\/index.php\/wp-json\/wp\/v2\/media?parent=18511"}],"wp:term":[{"taxonomy":"category","embeddable":true,"href":"https:\/\/mdkoswiecim.pl\/index.php\/wp-json\/wp\/v2\/categories?post=18511"},{"taxonomy":"post_tag","embeddable":true,"href":"https:\/\/mdkoswiecim.pl\/index.php\/wp-json\/wp\/v2\/tags?post=18511"}],"curies":[{"name":"wp","href":"https:\/\/api.w.org\/{rel}","templated":true}]}}