{"id":18382,"date":"2024-01-18T14:39:04","date_gmt":"2024-01-18T13:39:04","guid":{"rendered":"https:\/\/mdkoswiecim.pl\/?p=18382"},"modified":"2024-01-18T14:39:05","modified_gmt":"2024-01-18T13:39:05","slug":"zespol-krzywe-choinki-na-wystepach-w-sosw","status":"publish","type":"post","link":"https:\/\/mdkoswiecim.pl\/index.php\/2024\/01\/18\/zespol-krzywe-choinki-na-wystepach-w-sosw\/","title":{"rendered":"Zesp\u00f3\u0142 &#8220;Krzywe Choinki&#8221; na wyst\u0119pach w SOSW."},"content":{"rendered":"\n<p>W czwartek 18 stycznia zesp\u00f3\u0142 naszych gitarzystek pod nazw\u0105 &#8220;Krzywe Choinki&#8221; u\u015bwietni\u0142 swoim wyst\u0119pem Szkolny Konkurs Kol\u0119d i Pastora\u0142ek w SOSW w O\u015bwi\u0119cimiu. Opiekunk\u0105 zespo\u0142u jest pani Kamila Sibik. Dziewczyny otworzy\u0142y imprez\u0119 prezentuj\u0105c pi\u0119\u0107 znanych polskich kol\u0119d, a zgromadzona na sali  publiczno\u015b\u0107 bardzo \u017cywio\u0142owo w\u0142\u0105czy\u0142a si\u0119 do ich \u015bpiewu. Dzi\u0119kujemy organizatorom za wspania\u0142e przyj\u0119cie i wsp\u00f3lne kol\u0119dowanie. <\/p>\n\n\n\n<figure class=\"wp-block-image size-large\"><img loading=\"lazy\" decoding=\"async\" width=\"768\" height=\"1024\" src=\"https:\/\/mdkoswiecim.pl\/wp-content\/uploads\/2024\/01\/mXGl4R7P-768x1024.jpg\" alt=\"\" class=\"wp-image-18390\" srcset=\"https:\/\/mdkoswiecim.pl\/wp-content\/uploads\/2024\/01\/mXGl4R7P-768x1024.jpg 768w, https:\/\/mdkoswiecim.pl\/wp-content\/uploads\/2024\/01\/mXGl4R7P-225x300.jpg 225w, https:\/\/mdkoswiecim.pl\/wp-content\/uploads\/2024\/01\/mXGl4R7P-1152x1536.jpg 1152w, https:\/\/mdkoswiecim.pl\/wp-content\/uploads\/2024\/01\/mXGl4R7P.jpg 1200w\" sizes=\"auto, (max-width: 768px) 100vw, 768px\" \/><\/figure>\n\n\n\n<figure class=\"wp-block-gallery has-nested-images columns-default is-cropped wp-block-gallery-1 is-layout-flex wp-block-gallery-is-layout-flex\">\n<figure class=\"wp-block-image size-large\"><img loading=\"lazy\" decoding=\"async\" width=\"1024\" height=\"768\" data-id=\"18396\" src=\"https:\/\/mdkoswiecim.pl\/wp-content\/uploads\/2024\/01\/Nvfeowuc-1024x768.jpg\" alt=\"\" class=\"wp-image-18396\" srcset=\"https:\/\/mdkoswiecim.pl\/wp-content\/uploads\/2024\/01\/Nvfeowuc-1024x768.jpg 1024w, https:\/\/mdkoswiecim.pl\/wp-content\/uploads\/2024\/01\/Nvfeowuc-300x225.jpg 300w, https:\/\/mdkoswiecim.pl\/wp-content\/uploads\/2024\/01\/Nvfeowuc-768x576.jpg 768w, https:\/\/mdkoswiecim.pl\/wp-content\/uploads\/2024\/01\/Nvfeowuc-1536x1152.jpg 1536w, https:\/\/mdkoswiecim.pl\/wp-content\/uploads\/2024\/01\/Nvfeowuc.jpg 1600w\" sizes=\"auto, (max-width: 1024px) 100vw, 1024px\" \/><\/figure>\n\n\n\n<figure class=\"wp-block-image size-large\"><img loading=\"lazy\" decoding=\"async\" width=\"1024\" height=\"768\" data-id=\"18393\" src=\"https:\/\/mdkoswiecim.pl\/wp-content\/uploads\/2024\/01\/iLielEs9-1024x768.jpg\" alt=\"\" class=\"wp-image-18393\" srcset=\"https:\/\/mdkoswiecim.pl\/wp-content\/uploads\/2024\/01\/iLielEs9-1024x768.jpg 1024w, https:\/\/mdkoswiecim.pl\/wp-content\/uploads\/2024\/01\/iLielEs9-300x225.jpg 300w, https:\/\/mdkoswiecim.pl\/wp-content\/uploads\/2024\/01\/iLielEs9-768x576.jpg 768w, https:\/\/mdkoswiecim.pl\/wp-content\/uploads\/2024\/01\/iLielEs9-1536x1152.jpg 1536w, https:\/\/mdkoswiecim.pl\/wp-content\/uploads\/2024\/01\/iLielEs9.jpg 1600w\" sizes=\"auto, (max-width: 1024px) 100vw, 1024px\" \/><\/figure>\n\n\n\n<figure class=\"wp-block-image size-large\"><img loading=\"lazy\" decoding=\"async\" width=\"768\" height=\"1024\" data-id=\"18389\" src=\"https:\/\/mdkoswiecim.pl\/wp-content\/uploads\/2024\/01\/GfnenGUX-768x1024.jpg\" alt=\"\" class=\"wp-image-18389\" srcset=\"https:\/\/mdkoswiecim.pl\/wp-content\/uploads\/2024\/01\/GfnenGUX-768x1024.jpg 768w, https:\/\/mdkoswiecim.pl\/wp-content\/uploads\/2024\/01\/GfnenGUX-225x300.jpg 225w, https:\/\/mdkoswiecim.pl\/wp-content\/uploads\/2024\/01\/GfnenGUX-1152x1536.jpg 1152w, https:\/\/mdkoswiecim.pl\/wp-content\/uploads\/2024\/01\/GfnenGUX.jpg 1200w\" sizes=\"auto, (max-width: 768px) 100vw, 768px\" \/><\/figure>\n\n\n\n<figure class=\"wp-block-image size-large\"><img loading=\"lazy\" decoding=\"async\" width=\"768\" height=\"1024\" data-id=\"18383\" src=\"https:\/\/mdkoswiecim.pl\/wp-content\/uploads\/2024\/01\/W2qRJGg--768x1024.jpg\" alt=\"\" class=\"wp-image-18383\" srcset=\"https:\/\/mdkoswiecim.pl\/wp-content\/uploads\/2024\/01\/W2qRJGg--768x1024.jpg 768w, https:\/\/mdkoswiecim.pl\/wp-content\/uploads\/2024\/01\/W2qRJGg--225x300.jpg 225w, https:\/\/mdkoswiecim.pl\/wp-content\/uploads\/2024\/01\/W2qRJGg--1152x1536.jpg 1152w, https:\/\/mdkoswiecim.pl\/wp-content\/uploads\/2024\/01\/W2qRJGg-.jpg 1200w\" sizes=\"auto, (max-width: 768px) 100vw, 768px\" \/><\/figure>\n\n\n\n<figure class=\"wp-block-image size-large\"><img loading=\"lazy\" decoding=\"async\" width=\"1024\" height=\"768\" data-id=\"18384\" src=\"https:\/\/mdkoswiecim.pl\/wp-content\/uploads\/2024\/01\/eGCstjF_-1024x768.jpg\" alt=\"\" class=\"wp-image-18384\" srcset=\"https:\/\/mdkoswiecim.pl\/wp-content\/uploads\/2024\/01\/eGCstjF_-1024x768.jpg 1024w, https:\/\/mdkoswiecim.pl\/wp-content\/uploads\/2024\/01\/eGCstjF_-300x225.jpg 300w, https:\/\/mdkoswiecim.pl\/wp-content\/uploads\/2024\/01\/eGCstjF_-768x576.jpg 768w, https:\/\/mdkoswiecim.pl\/wp-content\/uploads\/2024\/01\/eGCstjF_-1536x1152.jpg 1536w, https:\/\/mdkoswiecim.pl\/wp-content\/uploads\/2024\/01\/eGCstjF_.jpg 1600w\" sizes=\"auto, (max-width: 1024px) 100vw, 1024px\" \/><\/figure>\n\n\n\n<figure class=\"wp-block-image size-large\"><img loading=\"lazy\" decoding=\"async\" width=\"1024\" height=\"768\" data-id=\"18385\" src=\"https:\/\/mdkoswiecim.pl\/wp-content\/uploads\/2024\/01\/NXOmc2mg-1024x768.jpg\" alt=\"\" class=\"wp-image-18385\" srcset=\"https:\/\/mdkoswiecim.pl\/wp-content\/uploads\/2024\/01\/NXOmc2mg-1024x768.jpg 1024w, https:\/\/mdkoswiecim.pl\/wp-content\/uploads\/2024\/01\/NXOmc2mg-300x225.jpg 300w, https:\/\/mdkoswiecim.pl\/wp-content\/uploads\/2024\/01\/NXOmc2mg-768x576.jpg 768w, https:\/\/mdkoswiecim.pl\/wp-content\/uploads\/2024\/01\/NXOmc2mg-1536x1152.jpg 1536w, https:\/\/mdkoswiecim.pl\/wp-content\/uploads\/2024\/01\/NXOmc2mg.jpg 1600w\" sizes=\"auto, (max-width: 1024px) 100vw, 1024px\" \/><\/figure>\n\n\n\n<figure class=\"wp-block-image size-large\"><img loading=\"lazy\" decoding=\"async\" width=\"768\" height=\"1024\" data-id=\"18387\" src=\"https:\/\/mdkoswiecim.pl\/wp-content\/uploads\/2024\/01\/CFLnsl0-768x1024.jpg\" alt=\"\" class=\"wp-image-18387\" srcset=\"https:\/\/mdkoswiecim.pl\/wp-content\/uploads\/2024\/01\/CFLnsl0-768x1024.jpg 768w, https:\/\/mdkoswiecim.pl\/wp-content\/uploads\/2024\/01\/CFLnsl0-225x300.jpg 225w, https:\/\/mdkoswiecim.pl\/wp-content\/uploads\/2024\/01\/CFLnsl0-1152x1536.jpg 1152w, https:\/\/mdkoswiecim.pl\/wp-content\/uploads\/2024\/01\/CFLnsl0.jpg 1200w\" sizes=\"auto, (max-width: 768px) 100vw, 768px\" \/><\/figure>\n\n\n\n<figure class=\"wp-block-image size-large\"><img loading=\"lazy\" decoding=\"async\" width=\"768\" height=\"1024\" data-id=\"18388\" src=\"https:\/\/mdkoswiecim.pl\/wp-content\/uploads\/2024\/01\/jGOmvfH-768x1024.jpg\" alt=\"\" class=\"wp-image-18388\" srcset=\"https:\/\/mdkoswiecim.pl\/wp-content\/uploads\/2024\/01\/jGOmvfH-768x1024.jpg 768w, https:\/\/mdkoswiecim.pl\/wp-content\/uploads\/2024\/01\/jGOmvfH-225x300.jpg 225w, https:\/\/mdkoswiecim.pl\/wp-content\/uploads\/2024\/01\/jGOmvfH-1152x1536.jpg 1152w, https:\/\/mdkoswiecim.pl\/wp-content\/uploads\/2024\/01\/jGOmvfH.jpg 1200w\" sizes=\"auto, (max-width: 768px) 100vw, 768px\" \/><\/figure>\n\n\n\n<figure class=\"wp-block-image size-large\"><img decoding=\"async\" data-id=\"18392\" src=\"https:\/\/mdkoswiecim.pl\/wp-content\/uploads\/2024\/01\/hDSFwiSR-768x1024.jpg\" alt=\"\" class=\"wp-image-18392\"\/><\/figure>\n<\/figure>\n\n\n\n<figure class=\"wp-block-video\"><video height=\"368\" style=\"aspect-ratio: 640 \/ 368;\" width=\"640\" controls src=\"https:\/\/mdkoswiecim.pl\/wp-content\/uploads\/2024\/01\/I-2qBCd_.mp4\"><\/video><\/figure>\n\n\n\n<figure class=\"wp-block-video\"><video height=\"368\" style=\"aspect-ratio: 640 \/ 368;\" width=\"640\" controls src=\"https:\/\/mdkoswiecim.pl\/wp-content\/uploads\/2024\/01\/EUJhlDWD.mp4\"><\/video><\/figure>\n","protected":false},"excerpt":{"rendered":"<p>W czwartek 18 stycznia zesp\u00f3\u0142 naszych gitarzystek pod nazw\u0105 &#8220;Krzywe Choinki&#8221; u\u015bwietni\u0142 swoim wyst\u0119pem Szkolny Konkurs Kol\u0119d i Pastora\u0142ek w SOSW w O\u015bwi\u0119cimiu. Opiekunk\u0105 zespo\u0142u jest pani Kamila Sibik. Dziewczyny otworzy\u0142y imprez\u0119 prezentuj\u0105c pi\u0119\u0107 znanych polskich kol\u0119d, a zgromadzona na sali publiczno\u015b\u0107 bardzo \u017cywio\u0142owo w\u0142\u0105czy\u0142a si\u0119 do ich \u015bpiewu. Dzi\u0119kujemy organizatorom za wspania\u0142e przyj\u0119cie i [&hellip;]<\/p>\n","protected":false},"author":2,"featured_media":18392,"comment_status":"closed","ping_status":"closed","sticky":false,"template":"","format":"standard","meta":{"footnotes":""},"categories":[108],"tags":[],"class_list":["post-18382","post","type-post","status-publish","format-standard","has-post-thumbnail","hentry","category-aktualnosci"],"yoast_head":"<!-- This site is optimized with the Yoast SEO plugin v16.1.1 - https:\/\/yoast.com\/wordpress\/plugins\/seo\/ -->\n<title>Zesp\u00f3\u0142 &quot;Krzywe Choinki&quot; na wyst\u0119pach w SOSW. - MDK<\/title>\n<link rel=\"canonical\" href=\"https:\/\/mdkoswiecim.pl\/index.php\/2024\/01\/18\/zespol-krzywe-choinki-na-wystepach-w-sosw\/\" \/>\n<meta property=\"og:locale\" content=\"pl_PL\" \/>\n<meta property=\"og:type\" content=\"article\" \/>\n<meta property=\"og:title\" content=\"Zesp\u00f3\u0142 &quot;Krzywe Choinki&quot; na wyst\u0119pach w SOSW. - MDK\" \/>\n<meta property=\"og:description\" content=\"W czwartek 18 stycznia zesp\u00f3\u0142 naszych gitarzystek pod nazw\u0105 &#8220;Krzywe Choinki&#8221; u\u015bwietni\u0142 swoim wyst\u0119pem Szkolny Konkurs Kol\u0119d i Pastora\u0142ek w SOSW w O\u015bwi\u0119cimiu. Opiekunk\u0105 zespo\u0142u jest pani Kamila Sibik. Dziewczyny otworzy\u0142y imprez\u0119 prezentuj\u0105c pi\u0119\u0107 znanych polskich kol\u0119d, a zgromadzona na sali publiczno\u015b\u0107 bardzo \u017cywio\u0142owo w\u0142\u0105czy\u0142a si\u0119 do ich \u015bpiewu. Dzi\u0119kujemy organizatorom za wspania\u0142e przyj\u0119cie i [&hellip;]\" \/>\n<meta property=\"og:url\" content=\"https:\/\/mdkoswiecim.pl\/index.php\/2024\/01\/18\/zespol-krzywe-choinki-na-wystepach-w-sosw\/\" \/>\n<meta property=\"og:site_name\" content=\"MDK\" \/>\n<meta property=\"article:published_time\" content=\"2024-01-18T13:39:04+00:00\" \/>\n<meta property=\"article:modified_time\" content=\"2024-01-18T13:39:05+00:00\" \/>\n<meta property=\"og:image\" content=\"https:\/\/mdkoswiecim.pl\/wp-content\/uploads\/2024\/01\/hDSFwiSR-e1705585114827.jpg\" \/>\n\t<meta property=\"og:image:width\" content=\"1200\" \/>\n\t<meta property=\"og:image:height\" content=\"800\" \/>\n<meta name=\"twitter:card\" content=\"summary_large_image\" \/>\n<meta name=\"twitter:label1\" content=\"Szacowany czas czytania\">\n\t<meta name=\"twitter:data1\" content=\"3 minuty\">\n<script type=\"application\/ld+json\" class=\"yoast-schema-graph\">{\"@context\":\"https:\/\/schema.org\",\"@graph\":[{\"@type\":\"WebSite\",\"@id\":\"https:\/\/mdkoswiecim.pl\/#website\",\"url\":\"https:\/\/mdkoswiecim.pl\/\",\"name\":\"MDK\",\"description\":\"M\\u0142odzie\\u017cowy Dom Kultury w O\\u015bwi\\u0119cimiu\",\"potentialAction\":[{\"@type\":\"SearchAction\",\"target\":\"https:\/\/mdkoswiecim.pl\/?s={search_term_string}\",\"query-input\":\"required name=search_term_string\"}],\"inLanguage\":\"pl-PL\"},{\"@type\":\"ImageObject\",\"@id\":\"https:\/\/mdkoswiecim.pl\/index.php\/2024\/01\/18\/zespol-krzywe-choinki-na-wystepach-w-sosw\/#primaryimage\",\"inLanguage\":\"pl-PL\",\"url\":\"https:\/\/mdkoswiecim.pl\/wp-content\/uploads\/2024\/01\/hDSFwiSR-e1705585114827.jpg\",\"contentUrl\":\"https:\/\/mdkoswiecim.pl\/wp-content\/uploads\/2024\/01\/hDSFwiSR-e1705585114827.jpg\",\"width\":1200,\"height\":800},{\"@type\":\"WebPage\",\"@id\":\"https:\/\/mdkoswiecim.pl\/index.php\/2024\/01\/18\/zespol-krzywe-choinki-na-wystepach-w-sosw\/#webpage\",\"url\":\"https:\/\/mdkoswiecim.pl\/index.php\/2024\/01\/18\/zespol-krzywe-choinki-na-wystepach-w-sosw\/\",\"name\":\"Zesp\\u00f3\\u0142 \\\"Krzywe Choinki\\\" na wyst\\u0119pach w SOSW. - MDK\",\"isPartOf\":{\"@id\":\"https:\/\/mdkoswiecim.pl\/#website\"},\"primaryImageOfPage\":{\"@id\":\"https:\/\/mdkoswiecim.pl\/index.php\/2024\/01\/18\/zespol-krzywe-choinki-na-wystepach-w-sosw\/#primaryimage\"},\"datePublished\":\"2024-01-18T13:39:04+00:00\",\"dateModified\":\"2024-01-18T13:39:05+00:00\",\"author\":{\"@id\":\"https:\/\/mdkoswiecim.pl\/#\/schema\/person\/de4e1c3f9f9805d4834a83cd933e83a4\"},\"breadcrumb\":{\"@id\":\"https:\/\/mdkoswiecim.pl\/index.php\/2024\/01\/18\/zespol-krzywe-choinki-na-wystepach-w-sosw\/#breadcrumb\"},\"inLanguage\":\"pl-PL\",\"potentialAction\":[{\"@type\":\"ReadAction\",\"target\":[\"https:\/\/mdkoswiecim.pl\/index.php\/2024\/01\/18\/zespol-krzywe-choinki-na-wystepach-w-sosw\/\"]}]},{\"@type\":\"BreadcrumbList\",\"@id\":\"https:\/\/mdkoswiecim.pl\/index.php\/2024\/01\/18\/zespol-krzywe-choinki-na-wystepach-w-sosw\/#breadcrumb\",\"itemListElement\":[{\"@type\":\"ListItem\",\"position\":1,\"item\":{\"@type\":\"WebPage\",\"@id\":\"https:\/\/mdkoswiecim.pl\/\",\"url\":\"https:\/\/mdkoswiecim.pl\/\",\"name\":\"Strona g\\u0142\\u00f3wna\"}},{\"@type\":\"ListItem\",\"position\":2,\"item\":{\"@type\":\"WebPage\",\"@id\":\"https:\/\/mdkoswiecim.pl\/index.php\/2024\/01\/18\/zespol-krzywe-choinki-na-wystepach-w-sosw\/\",\"url\":\"https:\/\/mdkoswiecim.pl\/index.php\/2024\/01\/18\/zespol-krzywe-choinki-na-wystepach-w-sosw\/\",\"name\":\"Zesp\\u00f3\\u0142 &#8220;Krzywe Choinki&#8221; na wyst\\u0119pach w SOSW.\"}}]},{\"@type\":\"Person\",\"@id\":\"https:\/\/mdkoswiecim.pl\/#\/schema\/person\/de4e1c3f9f9805d4834a83cd933e83a4\",\"name\":\"janusz.majcherek\",\"image\":{\"@type\":\"ImageObject\",\"@id\":\"https:\/\/mdkoswiecim.pl\/#personlogo\",\"inLanguage\":\"pl-PL\",\"url\":\"https:\/\/secure.gravatar.com\/avatar\/841ee0bdfc0ec9800cdb49de086063cd2bdca44d52221b7fee4d6a2db5eafb17?s=96&d=mm&r=g\",\"contentUrl\":\"https:\/\/secure.gravatar.com\/avatar\/841ee0bdfc0ec9800cdb49de086063cd2bdca44d52221b7fee4d6a2db5eafb17?s=96&d=mm&r=g\",\"caption\":\"janusz.majcherek\"}}]}<\/script>\n<!-- \/ Yoast SEO plugin. -->","_links":{"self":[{"href":"https:\/\/mdkoswiecim.pl\/index.php\/wp-json\/wp\/v2\/posts\/18382","targetHints":{"allow":["GET"]}}],"collection":[{"href":"https:\/\/mdkoswiecim.pl\/index.php\/wp-json\/wp\/v2\/posts"}],"about":[{"href":"https:\/\/mdkoswiecim.pl\/index.php\/wp-json\/wp\/v2\/types\/post"}],"author":[{"embeddable":true,"href":"https:\/\/mdkoswiecim.pl\/index.php\/wp-json\/wp\/v2\/users\/2"}],"replies":[{"embeddable":true,"href":"https:\/\/mdkoswiecim.pl\/index.php\/wp-json\/wp\/v2\/comments?post=18382"}],"version-history":[{"count":1,"href":"https:\/\/mdkoswiecim.pl\/index.php\/wp-json\/wp\/v2\/posts\/18382\/revisions"}],"predecessor-version":[{"id":18399,"href":"https:\/\/mdkoswiecim.pl\/index.php\/wp-json\/wp\/v2\/posts\/18382\/revisions\/18399"}],"wp:featuredmedia":[{"embeddable":true,"href":"https:\/\/mdkoswiecim.pl\/index.php\/wp-json\/wp\/v2\/media\/18392"}],"wp:attachment":[{"href":"https:\/\/mdkoswiecim.pl\/index.php\/wp-json\/wp\/v2\/media?parent=18382"}],"wp:term":[{"taxonomy":"category","embeddable":true,"href":"https:\/\/mdkoswiecim.pl\/index.php\/wp-json\/wp\/v2\/categories?post=18382"},{"taxonomy":"post_tag","embeddable":true,"href":"https:\/\/mdkoswiecim.pl\/index.php\/wp-json\/wp\/v2\/tags?post=18382"}],"curies":[{"name":"wp","href":"https:\/\/api.w.org\/{rel}","templated":true}]}}