{"id":18364,"date":"2024-01-10T12:55:31","date_gmt":"2024-01-10T11:55:31","guid":{"rendered":"https:\/\/mdkoswiecim.pl\/?p=18364"},"modified":"2024-01-10T12:55:32","modified_gmt":"2024-01-10T11:55:32","slug":"v-powiatowy-konkurs-plastyczny-kufer-wyobrazni-2","status":"publish","type":"post","link":"https:\/\/mdkoswiecim.pl\/index.php\/2024\/01\/10\/v-powiatowy-konkurs-plastyczny-kufer-wyobrazni-2\/","title":{"rendered":"V Powiatowy Konkurs Plastyczny &#8220;Kufer Wyobra\u017ani&#8221;."},"content":{"rendered":"\n<p>Zapraszamy do udzia\u0142u w V Powiatowym Konkursie Plastycznym &#8220;Kufer Wyobra\u017ani&#8221;. Konkurs adresowany jest do dzieci i m\u0142odzie\u017cy szk\u00f3\u0142 podstawowych i \u015brednich w tym uczni\u00f3w lub uczestnik\u00f3w zaj\u0119\u0107 plac\u00f3wek wychowania pozaszkolnego oraz \u015bwietlic terapeutycznych. <\/p>\n\n\n\n<div class=\"wp-block-file\"><a id=\"wp-block-file--media-fb5da9df-ee65-427f-9732-0b129c8ffbaf\" href=\"https:\/\/mdkoswiecim.pl\/wp-content\/uploads\/2024\/01\/V-Kufer-Wyobrazni-REGULAMIN.docx\">V-Kufer-Wyobrazni-REGULAMIN<\/a><a href=\"https:\/\/mdkoswiecim.pl\/wp-content\/uploads\/2024\/01\/V-Kufer-Wyobrazni-REGULAMIN.docx\" class=\"wp-block-file__button wp-element-button\" download aria-describedby=\"wp-block-file--media-fb5da9df-ee65-427f-9732-0b129c8ffbaf\">Pobierz<\/a><\/div>\n\n\n\n<figure class=\"wp-block-image size-large\"><img decoding=\"async\" src=\"https:\/\/mdkoswiecim.pl\/wp-content\/uploads\/2024\/01\/plakat1-2_page-0001-724x1024.jpg\" alt=\"\" class=\"wp-image-18367\"\/><\/figure>\n","protected":false},"excerpt":{"rendered":"<p>Zapraszamy do udzia\u0142u w V Powiatowym Konkursie Plastycznym &#8220;Kufer Wyobra\u017ani&#8221;. Konkurs adresowany jest do dzieci i m\u0142odzie\u017cy szk\u00f3\u0142 podstawowych i \u015brednich w tym uczni\u00f3w lub uczestnik\u00f3w zaj\u0119\u0107 plac\u00f3wek wychowania pozaszkolnego oraz \u015bwietlic terapeutycznych.<\/p>\n","protected":false},"author":2,"featured_media":18367,"comment_status":"closed","ping_status":"closed","sticky":false,"template":"","format":"standard","meta":{"footnotes":""},"categories":[107,108],"tags":[],"class_list":["post-18364","post","type-post","status-publish","format-standard","has-post-thumbnail","hentry","category-konkursy","category-aktualnosci"],"yoast_head":"<!-- This site is optimized with the Yoast SEO plugin v16.1.1 - https:\/\/yoast.com\/wordpress\/plugins\/seo\/ -->\n<title>V Powiatowy Konkurs Plastyczny &quot;Kufer Wyobra\u017ani&quot;. - MDK<\/title>\n<link rel=\"canonical\" href=\"https:\/\/mdkoswiecim.pl\/index.php\/2024\/01\/10\/v-powiatowy-konkurs-plastyczny-kufer-wyobrazni-2\/\" \/>\n<meta property=\"og:locale\" content=\"pl_PL\" \/>\n<meta property=\"og:type\" content=\"article\" \/>\n<meta property=\"og:title\" content=\"V Powiatowy Konkurs Plastyczny &quot;Kufer Wyobra\u017ani&quot;. - MDK\" \/>\n<meta property=\"og:description\" content=\"Zapraszamy do udzia\u0142u w V Powiatowym Konkursie Plastycznym &#8220;Kufer Wyobra\u017ani&#8221;. Konkurs adresowany jest do dzieci i m\u0142odzie\u017cy szk\u00f3\u0142 podstawowych i \u015brednich w tym uczni\u00f3w lub uczestnik\u00f3w zaj\u0119\u0107 plac\u00f3wek wychowania pozaszkolnego oraz \u015bwietlic terapeutycznych.\" \/>\n<meta property=\"og:url\" content=\"https:\/\/mdkoswiecim.pl\/index.php\/2024\/01\/10\/v-powiatowy-konkurs-plastyczny-kufer-wyobrazni-2\/\" \/>\n<meta property=\"og:site_name\" content=\"MDK\" \/>\n<meta property=\"article:published_time\" content=\"2024-01-10T11:55:31+00:00\" \/>\n<meta property=\"article:modified_time\" content=\"2024-01-10T11:55:32+00:00\" \/>\n<meta property=\"og:image\" content=\"https:\/\/mdkoswiecim.pl\/wp-content\/uploads\/2024\/01\/plakat1-2_page-0001-scaled-e1704887708498.jpg\" \/>\n\t<meta property=\"og:image:width\" content=\"1809\" \/>\n\t<meta property=\"og:image:height\" content=\"1109\" \/>\n<meta name=\"twitter:card\" content=\"summary_large_image\" \/>\n<meta name=\"twitter:label1\" content=\"Szacowany czas czytania\">\n\t<meta name=\"twitter:data1\" content=\"1 minuta\">\n<script type=\"application\/ld+json\" class=\"yoast-schema-graph\">{\"@context\":\"https:\/\/schema.org\",\"@graph\":[{\"@type\":\"WebSite\",\"@id\":\"https:\/\/mdkoswiecim.pl\/#website\",\"url\":\"https:\/\/mdkoswiecim.pl\/\",\"name\":\"MDK\",\"description\":\"M\\u0142odzie\\u017cowy Dom Kultury w O\\u015bwi\\u0119cimiu\",\"potentialAction\":[{\"@type\":\"SearchAction\",\"target\":\"https:\/\/mdkoswiecim.pl\/?s={search_term_string}\",\"query-input\":\"required name=search_term_string\"}],\"inLanguage\":\"pl-PL\"},{\"@type\":\"ImageObject\",\"@id\":\"https:\/\/mdkoswiecim.pl\/index.php\/2024\/01\/10\/v-powiatowy-konkurs-plastyczny-kufer-wyobrazni-2\/#primaryimage\",\"inLanguage\":\"pl-PL\",\"url\":\"https:\/\/mdkoswiecim.pl\/wp-content\/uploads\/2024\/01\/plakat1-2_page-0001-scaled-e1704887708498.jpg\",\"contentUrl\":\"https:\/\/mdkoswiecim.pl\/wp-content\/uploads\/2024\/01\/plakat1-2_page-0001-scaled-e1704887708498.jpg\",\"width\":1809,\"height\":1109},{\"@type\":\"WebPage\",\"@id\":\"https:\/\/mdkoswiecim.pl\/index.php\/2024\/01\/10\/v-powiatowy-konkurs-plastyczny-kufer-wyobrazni-2\/#webpage\",\"url\":\"https:\/\/mdkoswiecim.pl\/index.php\/2024\/01\/10\/v-powiatowy-konkurs-plastyczny-kufer-wyobrazni-2\/\",\"name\":\"V Powiatowy Konkurs Plastyczny \\\"Kufer Wyobra\\u017ani\\\". - MDK\",\"isPartOf\":{\"@id\":\"https:\/\/mdkoswiecim.pl\/#website\"},\"primaryImageOfPage\":{\"@id\":\"https:\/\/mdkoswiecim.pl\/index.php\/2024\/01\/10\/v-powiatowy-konkurs-plastyczny-kufer-wyobrazni-2\/#primaryimage\"},\"datePublished\":\"2024-01-10T11:55:31+00:00\",\"dateModified\":\"2024-01-10T11:55:32+00:00\",\"author\":{\"@id\":\"https:\/\/mdkoswiecim.pl\/#\/schema\/person\/de4e1c3f9f9805d4834a83cd933e83a4\"},\"breadcrumb\":{\"@id\":\"https:\/\/mdkoswiecim.pl\/index.php\/2024\/01\/10\/v-powiatowy-konkurs-plastyczny-kufer-wyobrazni-2\/#breadcrumb\"},\"inLanguage\":\"pl-PL\",\"potentialAction\":[{\"@type\":\"ReadAction\",\"target\":[\"https:\/\/mdkoswiecim.pl\/index.php\/2024\/01\/10\/v-powiatowy-konkurs-plastyczny-kufer-wyobrazni-2\/\"]}]},{\"@type\":\"BreadcrumbList\",\"@id\":\"https:\/\/mdkoswiecim.pl\/index.php\/2024\/01\/10\/v-powiatowy-konkurs-plastyczny-kufer-wyobrazni-2\/#breadcrumb\",\"itemListElement\":[{\"@type\":\"ListItem\",\"position\":1,\"item\":{\"@type\":\"WebPage\",\"@id\":\"https:\/\/mdkoswiecim.pl\/\",\"url\":\"https:\/\/mdkoswiecim.pl\/\",\"name\":\"Strona g\\u0142\\u00f3wna\"}},{\"@type\":\"ListItem\",\"position\":2,\"item\":{\"@type\":\"WebPage\",\"@id\":\"https:\/\/mdkoswiecim.pl\/index.php\/2024\/01\/10\/v-powiatowy-konkurs-plastyczny-kufer-wyobrazni-2\/\",\"url\":\"https:\/\/mdkoswiecim.pl\/index.php\/2024\/01\/10\/v-powiatowy-konkurs-plastyczny-kufer-wyobrazni-2\/\",\"name\":\"V Powiatowy Konkurs Plastyczny &#8220;Kufer Wyobra\\u017ani&#8221;.\"}}]},{\"@type\":\"Person\",\"@id\":\"https:\/\/mdkoswiecim.pl\/#\/schema\/person\/de4e1c3f9f9805d4834a83cd933e83a4\",\"name\":\"janusz.majcherek\",\"image\":{\"@type\":\"ImageObject\",\"@id\":\"https:\/\/mdkoswiecim.pl\/#personlogo\",\"inLanguage\":\"pl-PL\",\"url\":\"https:\/\/secure.gravatar.com\/avatar\/841ee0bdfc0ec9800cdb49de086063cd2bdca44d52221b7fee4d6a2db5eafb17?s=96&d=mm&r=g\",\"contentUrl\":\"https:\/\/secure.gravatar.com\/avatar\/841ee0bdfc0ec9800cdb49de086063cd2bdca44d52221b7fee4d6a2db5eafb17?s=96&d=mm&r=g\",\"caption\":\"janusz.majcherek\"}}]}<\/script>\n<!-- \/ Yoast SEO plugin. -->","_links":{"self":[{"href":"https:\/\/mdkoswiecim.pl\/index.php\/wp-json\/wp\/v2\/posts\/18364","targetHints":{"allow":["GET"]}}],"collection":[{"href":"https:\/\/mdkoswiecim.pl\/index.php\/wp-json\/wp\/v2\/posts"}],"about":[{"href":"https:\/\/mdkoswiecim.pl\/index.php\/wp-json\/wp\/v2\/types\/post"}],"author":[{"embeddable":true,"href":"https:\/\/mdkoswiecim.pl\/index.php\/wp-json\/wp\/v2\/users\/2"}],"replies":[{"embeddable":true,"href":"https:\/\/mdkoswiecim.pl\/index.php\/wp-json\/wp\/v2\/comments?post=18364"}],"version-history":[{"count":1,"href":"https:\/\/mdkoswiecim.pl\/index.php\/wp-json\/wp\/v2\/posts\/18364\/revisions"}],"predecessor-version":[{"id":18368,"href":"https:\/\/mdkoswiecim.pl\/index.php\/wp-json\/wp\/v2\/posts\/18364\/revisions\/18368"}],"wp:featuredmedia":[{"embeddable":true,"href":"https:\/\/mdkoswiecim.pl\/index.php\/wp-json\/wp\/v2\/media\/18367"}],"wp:attachment":[{"href":"https:\/\/mdkoswiecim.pl\/index.php\/wp-json\/wp\/v2\/media?parent=18364"}],"wp:term":[{"taxonomy":"category","embeddable":true,"href":"https:\/\/mdkoswiecim.pl\/index.php\/wp-json\/wp\/v2\/categories?post=18364"},{"taxonomy":"post_tag","embeddable":true,"href":"https:\/\/mdkoswiecim.pl\/index.php\/wp-json\/wp\/v2\/tags?post=18364"}],"curies":[{"name":"wp","href":"https:\/\/api.w.org\/{rel}","templated":true}]}}