{"id":18262,"date":"2023-12-19T15:07:10","date_gmt":"2023-12-19T14:07:10","guid":{"rendered":"https:\/\/mdkoswiecim.pl\/?p=18262"},"modified":"2023-12-19T15:07:10","modified_gmt":"2023-12-19T14:07:10","slug":"harmonogram-naszych-zajec-w-przerwie-swiatecznej","status":"publish","type":"post","link":"https:\/\/mdkoswiecim.pl\/index.php\/2023\/12\/19\/harmonogram-naszych-zajec-w-przerwie-swiatecznej\/","title":{"rendered":"Harmonogram naszych zaj\u0119\u0107 w przerwie \u015bwi\u0105tecznej!"},"content":{"rendered":"\n<p>Zapraszamy do zapoznania si\u0119 z harmonogramem naszych zaj\u0119\u0107 w przerwie \u015bwi\u0105tecznej.<\/p>\n\n\n\n<div data-wp-interactive=\"core\/file\" class=\"wp-block-file\"><object data-wp-bind--hidden=\"!state.hasPdfPreview\" hidden class=\"wp-block-file__embed\" data=\"https:\/\/mdkoswiecim.pl\/wp-content\/uploads\/2023\/12\/Harmonogram-zajec-BN-2023-na-strone.pdf\" type=\"application\/pdf\" style=\"width:100%;height:600px\" aria-label=\"Osadzone z Harmonogram-zajec-BN-2023-na-strone.\"><\/object><a id=\"wp-block-file--media-8865881f-08ed-4b2d-9b52-af2ae9b9ffcf\" href=\"https:\/\/mdkoswiecim.pl\/wp-content\/uploads\/2023\/12\/Harmonogram-zajec-BN-2023-na-strone.pdf\">Harmonogram-zajec-BN-2023-na-strone<\/a><a href=\"https:\/\/mdkoswiecim.pl\/wp-content\/uploads\/2023\/12\/Harmonogram-zajec-BN-2023-na-strone.pdf\" class=\"wp-block-file__button wp-element-button\" download aria-describedby=\"wp-block-file--media-8865881f-08ed-4b2d-9b52-af2ae9b9ffcf\">Pobierz<\/a><\/div>\n","protected":false},"excerpt":{"rendered":"<p>Zapraszamy do zapoznania si\u0119 z harmonogramem naszych zaj\u0119\u0107 w przerwie \u015bwi\u0105tecznej.<\/p>\n","protected":false},"author":2,"featured_media":15799,"comment_status":"closed","ping_status":"closed","sticky":false,"template":"","format":"standard","meta":{"footnotes":""},"categories":[108],"tags":[],"class_list":["post-18262","post","type-post","status-publish","format-standard","has-post-thumbnail","hentry","category-aktualnosci"],"yoast_head":"<!-- This site is optimized with the Yoast SEO plugin v16.1.1 - https:\/\/yoast.com\/wordpress\/plugins\/seo\/ -->\n<title>Harmonogram naszych zaj\u0119\u0107 w przerwie \u015bwi\u0105tecznej! - MDK<\/title>\n<link rel=\"canonical\" href=\"https:\/\/mdkoswiecim.pl\/index.php\/2023\/12\/19\/harmonogram-naszych-zajec-w-przerwie-swiatecznej\/\" \/>\n<meta property=\"og:locale\" content=\"pl_PL\" \/>\n<meta property=\"og:type\" content=\"article\" \/>\n<meta property=\"og:title\" content=\"Harmonogram naszych zaj\u0119\u0107 w przerwie \u015bwi\u0105tecznej! - MDK\" \/>\n<meta property=\"og:description\" content=\"Zapraszamy do zapoznania si\u0119 z harmonogramem naszych zaj\u0119\u0107 w przerwie \u015bwi\u0105tecznej.\" \/>\n<meta property=\"og:url\" content=\"https:\/\/mdkoswiecim.pl\/index.php\/2023\/12\/19\/harmonogram-naszych-zajec-w-przerwie-swiatecznej\/\" \/>\n<meta property=\"og:site_name\" content=\"MDK\" \/>\n<meta property=\"article:published_time\" content=\"2023-12-19T14:07:10+00:00\" \/>\n<meta property=\"og:image\" content=\"https:\/\/mdkoswiecim.pl\/wp-content\/uploads\/2022\/08\/calender-2389150_6401.png\" \/>\n\t<meta property=\"og:image:width\" content=\"640\" \/>\n\t<meta property=\"og:image:height\" content=\"640\" \/>\n<meta name=\"twitter:card\" content=\"summary_large_image\" \/>\n<meta name=\"twitter:label1\" content=\"Szacowany czas czytania\">\n\t<meta name=\"twitter:data1\" content=\"1 minuta\">\n<script type=\"application\/ld+json\" class=\"yoast-schema-graph\">{\"@context\":\"https:\/\/schema.org\",\"@graph\":[{\"@type\":\"WebSite\",\"@id\":\"https:\/\/mdkoswiecim.pl\/#website\",\"url\":\"https:\/\/mdkoswiecim.pl\/\",\"name\":\"MDK\",\"description\":\"M\\u0142odzie\\u017cowy Dom Kultury w O\\u015bwi\\u0119cimiu\",\"potentialAction\":[{\"@type\":\"SearchAction\",\"target\":\"https:\/\/mdkoswiecim.pl\/?s={search_term_string}\",\"query-input\":\"required name=search_term_string\"}],\"inLanguage\":\"pl-PL\"},{\"@type\":\"ImageObject\",\"@id\":\"https:\/\/mdkoswiecim.pl\/index.php\/2023\/12\/19\/harmonogram-naszych-zajec-w-przerwie-swiatecznej\/#primaryimage\",\"inLanguage\":\"pl-PL\",\"url\":\"https:\/\/mdkoswiecim.pl\/wp-content\/uploads\/2022\/08\/calender-2389150_6401.png\",\"contentUrl\":\"https:\/\/mdkoswiecim.pl\/wp-content\/uploads\/2022\/08\/calender-2389150_6401.png\",\"width\":640,\"height\":640},{\"@type\":\"WebPage\",\"@id\":\"https:\/\/mdkoswiecim.pl\/index.php\/2023\/12\/19\/harmonogram-naszych-zajec-w-przerwie-swiatecznej\/#webpage\",\"url\":\"https:\/\/mdkoswiecim.pl\/index.php\/2023\/12\/19\/harmonogram-naszych-zajec-w-przerwie-swiatecznej\/\",\"name\":\"Harmonogram naszych zaj\\u0119\\u0107 w przerwie \\u015bwi\\u0105tecznej! - MDK\",\"isPartOf\":{\"@id\":\"https:\/\/mdkoswiecim.pl\/#website\"},\"primaryImageOfPage\":{\"@id\":\"https:\/\/mdkoswiecim.pl\/index.php\/2023\/12\/19\/harmonogram-naszych-zajec-w-przerwie-swiatecznej\/#primaryimage\"},\"datePublished\":\"2023-12-19T14:07:10+00:00\",\"dateModified\":\"2023-12-19T14:07:10+00:00\",\"author\":{\"@id\":\"https:\/\/mdkoswiecim.pl\/#\/schema\/person\/de4e1c3f9f9805d4834a83cd933e83a4\"},\"breadcrumb\":{\"@id\":\"https:\/\/mdkoswiecim.pl\/index.php\/2023\/12\/19\/harmonogram-naszych-zajec-w-przerwie-swiatecznej\/#breadcrumb\"},\"inLanguage\":\"pl-PL\",\"potentialAction\":[{\"@type\":\"ReadAction\",\"target\":[\"https:\/\/mdkoswiecim.pl\/index.php\/2023\/12\/19\/harmonogram-naszych-zajec-w-przerwie-swiatecznej\/\"]}]},{\"@type\":\"BreadcrumbList\",\"@id\":\"https:\/\/mdkoswiecim.pl\/index.php\/2023\/12\/19\/harmonogram-naszych-zajec-w-przerwie-swiatecznej\/#breadcrumb\",\"itemListElement\":[{\"@type\":\"ListItem\",\"position\":1,\"item\":{\"@type\":\"WebPage\",\"@id\":\"https:\/\/mdkoswiecim.pl\/\",\"url\":\"https:\/\/mdkoswiecim.pl\/\",\"name\":\"Strona g\\u0142\\u00f3wna\"}},{\"@type\":\"ListItem\",\"position\":2,\"item\":{\"@type\":\"WebPage\",\"@id\":\"https:\/\/mdkoswiecim.pl\/index.php\/2023\/12\/19\/harmonogram-naszych-zajec-w-przerwie-swiatecznej\/\",\"url\":\"https:\/\/mdkoswiecim.pl\/index.php\/2023\/12\/19\/harmonogram-naszych-zajec-w-przerwie-swiatecznej\/\",\"name\":\"Harmonogram naszych zaj\\u0119\\u0107 w przerwie \\u015bwi\\u0105tecznej!\"}}]},{\"@type\":\"Person\",\"@id\":\"https:\/\/mdkoswiecim.pl\/#\/schema\/person\/de4e1c3f9f9805d4834a83cd933e83a4\",\"name\":\"janusz.majcherek\",\"image\":{\"@type\":\"ImageObject\",\"@id\":\"https:\/\/mdkoswiecim.pl\/#personlogo\",\"inLanguage\":\"pl-PL\",\"url\":\"https:\/\/secure.gravatar.com\/avatar\/841ee0bdfc0ec9800cdb49de086063cd2bdca44d52221b7fee4d6a2db5eafb17?s=96&d=mm&r=g\",\"contentUrl\":\"https:\/\/secure.gravatar.com\/avatar\/841ee0bdfc0ec9800cdb49de086063cd2bdca44d52221b7fee4d6a2db5eafb17?s=96&d=mm&r=g\",\"caption\":\"janusz.majcherek\"}}]}<\/script>\n<!-- \/ Yoast SEO plugin. -->","_links":{"self":[{"href":"https:\/\/mdkoswiecim.pl\/index.php\/wp-json\/wp\/v2\/posts\/18262","targetHints":{"allow":["GET"]}}],"collection":[{"href":"https:\/\/mdkoswiecim.pl\/index.php\/wp-json\/wp\/v2\/posts"}],"about":[{"href":"https:\/\/mdkoswiecim.pl\/index.php\/wp-json\/wp\/v2\/types\/post"}],"author":[{"embeddable":true,"href":"https:\/\/mdkoswiecim.pl\/index.php\/wp-json\/wp\/v2\/users\/2"}],"replies":[{"embeddable":true,"href":"https:\/\/mdkoswiecim.pl\/index.php\/wp-json\/wp\/v2\/comments?post=18262"}],"version-history":[{"count":1,"href":"https:\/\/mdkoswiecim.pl\/index.php\/wp-json\/wp\/v2\/posts\/18262\/revisions"}],"predecessor-version":[{"id":18264,"href":"https:\/\/mdkoswiecim.pl\/index.php\/wp-json\/wp\/v2\/posts\/18262\/revisions\/18264"}],"wp:featuredmedia":[{"embeddable":true,"href":"https:\/\/mdkoswiecim.pl\/index.php\/wp-json\/wp\/v2\/media\/15799"}],"wp:attachment":[{"href":"https:\/\/mdkoswiecim.pl\/index.php\/wp-json\/wp\/v2\/media?parent=18262"}],"wp:term":[{"taxonomy":"category","embeddable":true,"href":"https:\/\/mdkoswiecim.pl\/index.php\/wp-json\/wp\/v2\/categories?post=18262"},{"taxonomy":"post_tag","embeddable":true,"href":"https:\/\/mdkoswiecim.pl\/index.php\/wp-json\/wp\/v2\/tags?post=18262"}],"curies":[{"name":"wp","href":"https:\/\/api.w.org\/{rel}","templated":true}]}}