{"id":18255,"date":"2023-12-18T19:00:40","date_gmt":"2023-12-18T18:00:40","guid":{"rendered":"https:\/\/mdkoswiecim.pl\/?p=18255"},"modified":"2023-12-18T19:00:41","modified_gmt":"2023-12-18T18:00:41","slug":"krzywe-choinki-wystapily-na-kiermaszu-bozonarodzeniowym-w-chelmku","status":"publish","type":"post","link":"https:\/\/mdkoswiecim.pl\/index.php\/2023\/12\/18\/krzywe-choinki-wystapily-na-kiermaszu-bozonarodzeniowym-w-chelmku\/","title":{"rendered":"&#8220;Krzywe Choinki&#8221; wyst\u0105pi\u0142y na Kiermaszu Bo\u017conarodzeniowym w Che\u0142mku."},"content":{"rendered":"\n<p>Zesp\u00f3\u0142 naszych gitarzystek pod nazw\u0105 &#8220;Krzywe Choinki&#8221;,  wyst\u0105pi\u0142 w niedziel\u0119 17 grudnia na Kiermaszu Bo\u017conarodzeniowym przy SZS nr 1 w Che\u0142mku. Dziewczyny zaprezentowa\u0142y kilka najbardziej znanych polskich kol\u0119d. Zesp\u00f3\u0142 do wyst\u0119pu przygotowa\u0142a pani Kamila Sibik.<\/p>\n\n\n\n<p>Poni\u017cej mo\u017cecie obejrze\u0107 fragment wyst\u0119pu.<\/p>\n\n\n\n<figure class=\"wp-block-video\"><video height=\"368\" style=\"aspect-ratio: 640 \/ 368;\" width=\"640\" controls src=\"https:\/\/mdkoswiecim.pl\/wp-content\/uploads\/2023\/12\/TdbgjU9A.mp4\"><\/video><\/figure>\n\n\n\n<figure class=\"wp-block-video\"><video height=\"368\" style=\"aspect-ratio: 640 \/ 368;\" width=\"640\" controls src=\"https:\/\/mdkoswiecim.pl\/wp-content\/uploads\/2023\/12\/ECqprgD.mp4\"><\/video><\/figure>\n","protected":false},"excerpt":{"rendered":"<p>Zesp\u00f3\u0142 naszych gitarzystek pod nazw\u0105 &#8220;Krzywe Choinki&#8221;, wyst\u0105pi\u0142 w niedziel\u0119 17 grudnia na Kiermaszu Bo\u017conarodzeniowym przy SZS nr 1 w Che\u0142mku. Dziewczyny zaprezentowa\u0142y kilka najbardziej znanych polskich kol\u0119d. Zesp\u00f3\u0142 do wyst\u0119pu przygotowa\u0142a pani Kamila Sibik. Poni\u017cej mo\u017cecie obejrze\u0107 fragment wyst\u0119pu.<\/p>\n","protected":false},"author":2,"featured_media":18259,"comment_status":"closed","ping_status":"closed","sticky":false,"template":"","format":"standard","meta":{"footnotes":""},"categories":[108],"tags":[],"class_list":["post-18255","post","type-post","status-publish","format-standard","has-post-thumbnail","hentry","category-aktualnosci"],"yoast_head":"<!-- This site is optimized with the Yoast SEO plugin v16.1.1 - https:\/\/yoast.com\/wordpress\/plugins\/seo\/ -->\n<title>&quot;Krzywe Choinki&quot; wyst\u0105pi\u0142y na Kiermaszu Bo\u017conarodzeniowym w Che\u0142mku. - MDK<\/title>\n<link rel=\"canonical\" href=\"https:\/\/mdkoswiecim.pl\/index.php\/2023\/12\/18\/krzywe-choinki-wystapily-na-kiermaszu-bozonarodzeniowym-w-chelmku\/\" \/>\n<meta property=\"og:locale\" content=\"pl_PL\" \/>\n<meta property=\"og:type\" content=\"article\" \/>\n<meta property=\"og:title\" content=\"&quot;Krzywe Choinki&quot; wyst\u0105pi\u0142y na Kiermaszu Bo\u017conarodzeniowym w Che\u0142mku. - MDK\" \/>\n<meta property=\"og:description\" content=\"Zesp\u00f3\u0142 naszych gitarzystek pod nazw\u0105 &#8220;Krzywe Choinki&#8221;, wyst\u0105pi\u0142 w niedziel\u0119 17 grudnia na Kiermaszu Bo\u017conarodzeniowym przy SZS nr 1 w Che\u0142mku. Dziewczyny zaprezentowa\u0142y kilka najbardziej znanych polskich kol\u0119d. Zesp\u00f3\u0142 do wyst\u0119pu przygotowa\u0142a pani Kamila Sibik. Poni\u017cej mo\u017cecie obejrze\u0107 fragment wyst\u0119pu.\" \/>\n<meta property=\"og:url\" content=\"https:\/\/mdkoswiecim.pl\/index.php\/2023\/12\/18\/krzywe-choinki-wystapily-na-kiermaszu-bozonarodzeniowym-w-chelmku\/\" \/>\n<meta property=\"og:site_name\" content=\"MDK\" \/>\n<meta property=\"article:published_time\" content=\"2023-12-18T18:00:40+00:00\" \/>\n<meta property=\"article:modified_time\" content=\"2023-12-18T18:00:41+00:00\" \/>\n<meta property=\"og:image\" content=\"https:\/\/mdkoswiecim.pl\/wp-content\/uploads\/2023\/12\/zv2SjjLu.jpg\" \/>\n\t<meta property=\"og:image:width\" content=\"1427\" \/>\n\t<meta property=\"og:image:height\" content=\"810\" \/>\n<meta name=\"twitter:card\" content=\"summary_large_image\" \/>\n<meta name=\"twitter:label1\" content=\"Szacowany czas czytania\">\n\t<meta name=\"twitter:data1\" content=\"1 minuta\">\n<script type=\"application\/ld+json\" class=\"yoast-schema-graph\">{\"@context\":\"https:\/\/schema.org\",\"@graph\":[{\"@type\":\"WebSite\",\"@id\":\"https:\/\/mdkoswiecim.pl\/#website\",\"url\":\"https:\/\/mdkoswiecim.pl\/\",\"name\":\"MDK\",\"description\":\"M\\u0142odzie\\u017cowy Dom Kultury w O\\u015bwi\\u0119cimiu\",\"potentialAction\":[{\"@type\":\"SearchAction\",\"target\":\"https:\/\/mdkoswiecim.pl\/?s={search_term_string}\",\"query-input\":\"required name=search_term_string\"}],\"inLanguage\":\"pl-PL\"},{\"@type\":\"ImageObject\",\"@id\":\"https:\/\/mdkoswiecim.pl\/index.php\/2023\/12\/18\/krzywe-choinki-wystapily-na-kiermaszu-bozonarodzeniowym-w-chelmku\/#primaryimage\",\"inLanguage\":\"pl-PL\",\"url\":\"https:\/\/mdkoswiecim.pl\/wp-content\/uploads\/2023\/12\/zv2SjjLu.jpg\",\"contentUrl\":\"https:\/\/mdkoswiecim.pl\/wp-content\/uploads\/2023\/12\/zv2SjjLu.jpg\",\"width\":1427,\"height\":810},{\"@type\":\"WebPage\",\"@id\":\"https:\/\/mdkoswiecim.pl\/index.php\/2023\/12\/18\/krzywe-choinki-wystapily-na-kiermaszu-bozonarodzeniowym-w-chelmku\/#webpage\",\"url\":\"https:\/\/mdkoswiecim.pl\/index.php\/2023\/12\/18\/krzywe-choinki-wystapily-na-kiermaszu-bozonarodzeniowym-w-chelmku\/\",\"name\":\"\\\"Krzywe Choinki\\\" wyst\\u0105pi\\u0142y na Kiermaszu Bo\\u017conarodzeniowym w Che\\u0142mku. - MDK\",\"isPartOf\":{\"@id\":\"https:\/\/mdkoswiecim.pl\/#website\"},\"primaryImageOfPage\":{\"@id\":\"https:\/\/mdkoswiecim.pl\/index.php\/2023\/12\/18\/krzywe-choinki-wystapily-na-kiermaszu-bozonarodzeniowym-w-chelmku\/#primaryimage\"},\"datePublished\":\"2023-12-18T18:00:40+00:00\",\"dateModified\":\"2023-12-18T18:00:41+00:00\",\"author\":{\"@id\":\"https:\/\/mdkoswiecim.pl\/#\/schema\/person\/de4e1c3f9f9805d4834a83cd933e83a4\"},\"breadcrumb\":{\"@id\":\"https:\/\/mdkoswiecim.pl\/index.php\/2023\/12\/18\/krzywe-choinki-wystapily-na-kiermaszu-bozonarodzeniowym-w-chelmku\/#breadcrumb\"},\"inLanguage\":\"pl-PL\",\"potentialAction\":[{\"@type\":\"ReadAction\",\"target\":[\"https:\/\/mdkoswiecim.pl\/index.php\/2023\/12\/18\/krzywe-choinki-wystapily-na-kiermaszu-bozonarodzeniowym-w-chelmku\/\"]}]},{\"@type\":\"BreadcrumbList\",\"@id\":\"https:\/\/mdkoswiecim.pl\/index.php\/2023\/12\/18\/krzywe-choinki-wystapily-na-kiermaszu-bozonarodzeniowym-w-chelmku\/#breadcrumb\",\"itemListElement\":[{\"@type\":\"ListItem\",\"position\":1,\"item\":{\"@type\":\"WebPage\",\"@id\":\"https:\/\/mdkoswiecim.pl\/\",\"url\":\"https:\/\/mdkoswiecim.pl\/\",\"name\":\"Strona g\\u0142\\u00f3wna\"}},{\"@type\":\"ListItem\",\"position\":2,\"item\":{\"@type\":\"WebPage\",\"@id\":\"https:\/\/mdkoswiecim.pl\/index.php\/2023\/12\/18\/krzywe-choinki-wystapily-na-kiermaszu-bozonarodzeniowym-w-chelmku\/\",\"url\":\"https:\/\/mdkoswiecim.pl\/index.php\/2023\/12\/18\/krzywe-choinki-wystapily-na-kiermaszu-bozonarodzeniowym-w-chelmku\/\",\"name\":\"&#8220;Krzywe Choinki&#8221; wyst\\u0105pi\\u0142y na Kiermaszu Bo\\u017conarodzeniowym w Che\\u0142mku.\"}}]},{\"@type\":\"Person\",\"@id\":\"https:\/\/mdkoswiecim.pl\/#\/schema\/person\/de4e1c3f9f9805d4834a83cd933e83a4\",\"name\":\"janusz.majcherek\",\"image\":{\"@type\":\"ImageObject\",\"@id\":\"https:\/\/mdkoswiecim.pl\/#personlogo\",\"inLanguage\":\"pl-PL\",\"url\":\"https:\/\/secure.gravatar.com\/avatar\/841ee0bdfc0ec9800cdb49de086063cd2bdca44d52221b7fee4d6a2db5eafb17?s=96&d=mm&r=g\",\"contentUrl\":\"https:\/\/secure.gravatar.com\/avatar\/841ee0bdfc0ec9800cdb49de086063cd2bdca44d52221b7fee4d6a2db5eafb17?s=96&d=mm&r=g\",\"caption\":\"janusz.majcherek\"}}]}<\/script>\n<!-- \/ Yoast SEO plugin. -->","_links":{"self":[{"href":"https:\/\/mdkoswiecim.pl\/index.php\/wp-json\/wp\/v2\/posts\/18255","targetHints":{"allow":["GET"]}}],"collection":[{"href":"https:\/\/mdkoswiecim.pl\/index.php\/wp-json\/wp\/v2\/posts"}],"about":[{"href":"https:\/\/mdkoswiecim.pl\/index.php\/wp-json\/wp\/v2\/types\/post"}],"author":[{"embeddable":true,"href":"https:\/\/mdkoswiecim.pl\/index.php\/wp-json\/wp\/v2\/users\/2"}],"replies":[{"embeddable":true,"href":"https:\/\/mdkoswiecim.pl\/index.php\/wp-json\/wp\/v2\/comments?post=18255"}],"version-history":[{"count":1,"href":"https:\/\/mdkoswiecim.pl\/index.php\/wp-json\/wp\/v2\/posts\/18255\/revisions"}],"predecessor-version":[{"id":18260,"href":"https:\/\/mdkoswiecim.pl\/index.php\/wp-json\/wp\/v2\/posts\/18255\/revisions\/18260"}],"wp:featuredmedia":[{"embeddable":true,"href":"https:\/\/mdkoswiecim.pl\/index.php\/wp-json\/wp\/v2\/media\/18259"}],"wp:attachment":[{"href":"https:\/\/mdkoswiecim.pl\/index.php\/wp-json\/wp\/v2\/media?parent=18255"}],"wp:term":[{"taxonomy":"category","embeddable":true,"href":"https:\/\/mdkoswiecim.pl\/index.php\/wp-json\/wp\/v2\/categories?post=18255"},{"taxonomy":"post_tag","embeddable":true,"href":"https:\/\/mdkoswiecim.pl\/index.php\/wp-json\/wp\/v2\/tags?post=18255"}],"curies":[{"name":"wp","href":"https:\/\/api.w.org\/{rel}","templated":true}]}}