{"id":18122,"date":"2023-12-15T16:28:59","date_gmt":"2023-12-15T15:28:59","guid":{"rendered":"https:\/\/mdkoswiecim.pl\/?p=18122"},"modified":"2023-12-15T16:46:57","modified_gmt":"2023-12-15T15:46:57","slug":"nasze-gitarzystki-krzywe-choinki-wystapia-na-kiermaszu-bozonarodzeniowym-w-chelmku","status":"publish","type":"post","link":"https:\/\/mdkoswiecim.pl\/index.php\/2023\/12\/15\/nasze-gitarzystki-krzywe-choinki-wystapia-na-kiermaszu-bozonarodzeniowym-w-chelmku\/","title":{"rendered":"Nasze gitarzystki &#8220;Krzywe Choinki&#8221;, wyst\u0105pi\u0105 na Kiermaszu Bo\u017conarodzeniowym w Che\u0142mku."},"content":{"rendered":"\n<p>Nasze gitarzystki z MDK &#8211; &#8221; Krzywe Choinki &#8220;.<img loading=\"lazy\" decoding=\"async\" height=\"16\" width=\"16\" src=\"https:\/\/static.xx.fbcdn.net\/images\/emoji.php\/v9\/t60\/1.5\/16\/1f384.png\" alt=\"\ud83c\udf84\"><img loading=\"lazy\" decoding=\"async\" height=\"16\" width=\"16\" src=\"https:\/\/static.xx.fbcdn.net\/images\/emoji.php\/v9\/t60\/1.5\/16\/1f384.png\" alt=\"\ud83c\udf84\"><img loading=\"lazy\" decoding=\"async\" height=\"16\" width=\"16\" src=\"https:\/\/static.xx.fbcdn.net\/images\/emoji.php\/v9\/ta5\/1.5\/16\/1f642.png\" alt=\"\ud83d\ude42\"><img loading=\"lazy\" decoding=\"async\" height=\"16\" width=\"16\" src=\"https:\/\/static.xx.fbcdn.net\/images\/emoji.php\/v9\/t7a\/1.5\/16\/1f3b8.png\" alt=\"\ud83c\udfb8\">, trenuj\u0105 do \u015bwi\u0105tecznego wyst\u0119pu na Kiermaszu Bo\u017conarodzeniowym przy SZS nr 1 w Che\u0142mku, kt\u00f3ry odb\u0119dzie si\u0119 ju\u017c w t\u0105 niedziel\u0119 17.12.2023r. o godz. 15:00 (zaraz po jase\u0142kach kt\u00f3re planowane s\u0105 na g. 14:00)  w MOKSiRZE w Che\u0142mku. Zapraszamy <img loading=\"lazy\" decoding=\"async\" height=\"16\" width=\"16\" src=\"https:\/\/static.xx.fbcdn.net\/images\/emoji.php\/v9\/ta5\/1.5\/16\/1f642.png\" alt=\"\ud83d\ude42\">. <\/p>\n\n\n\n<p>Zdj\u0119cia i kr\u00f3tki film z pr\u00f3by. <\/p>\n\n\n\n<figure class=\"wp-block-gallery has-nested-images columns-default is-cropped wp-block-gallery-1 is-layout-flex wp-block-gallery-is-layout-flex\">\n<figure class=\"wp-block-image size-large\"><a href=\"https:\/\/mdkoswiecim.pl\/wp-content\/uploads\/2023\/12\/jjKExk7H.jpg\"><img loading=\"lazy\" decoding=\"async\" width=\"1024\" height=\"768\" data-id=\"18123\" src=\"https:\/\/mdkoswiecim.pl\/wp-content\/uploads\/2023\/12\/jjKExk7H-1024x768.jpg\" alt=\"\" class=\"wp-image-18123\" srcset=\"https:\/\/mdkoswiecim.pl\/wp-content\/uploads\/2023\/12\/jjKExk7H-1024x768.jpg 1024w, https:\/\/mdkoswiecim.pl\/wp-content\/uploads\/2023\/12\/jjKExk7H-300x225.jpg 300w, https:\/\/mdkoswiecim.pl\/wp-content\/uploads\/2023\/12\/jjKExk7H-768x576.jpg 768w, https:\/\/mdkoswiecim.pl\/wp-content\/uploads\/2023\/12\/jjKExk7H-1536x1152.jpg 1536w, https:\/\/mdkoswiecim.pl\/wp-content\/uploads\/2023\/12\/jjKExk7H.jpg 2048w\" sizes=\"auto, (max-width: 1024px) 100vw, 1024px\" \/><\/a><\/figure>\n\n\n\n<figure class=\"wp-block-image size-large\"><a href=\"https:\/\/mdkoswiecim.pl\/wp-content\/uploads\/2023\/12\/aCkJLMFK.jpg\"><img loading=\"lazy\" decoding=\"async\" width=\"1024\" height=\"768\" data-id=\"18124\" src=\"https:\/\/mdkoswiecim.pl\/wp-content\/uploads\/2023\/12\/aCkJLMFK-1024x768.jpg\" alt=\"\" class=\"wp-image-18124\" srcset=\"https:\/\/mdkoswiecim.pl\/wp-content\/uploads\/2023\/12\/aCkJLMFK-1024x768.jpg 1024w, https:\/\/mdkoswiecim.pl\/wp-content\/uploads\/2023\/12\/aCkJLMFK-300x225.jpg 300w, https:\/\/mdkoswiecim.pl\/wp-content\/uploads\/2023\/12\/aCkJLMFK-768x576.jpg 768w, https:\/\/mdkoswiecim.pl\/wp-content\/uploads\/2023\/12\/aCkJLMFK-1536x1152.jpg 1536w, https:\/\/mdkoswiecim.pl\/wp-content\/uploads\/2023\/12\/aCkJLMFK.jpg 2048w\" sizes=\"auto, (max-width: 1024px) 100vw, 1024px\" \/><\/a><\/figure>\n\n\n\n<figure class=\"wp-block-image size-large\"><a href=\"https:\/\/mdkoswiecim.pl\/wp-content\/uploads\/2023\/12\/c0QS1CPV.jpg\"><img loading=\"lazy\" decoding=\"async\" width=\"1024\" height=\"768\" data-id=\"18125\" src=\"https:\/\/mdkoswiecim.pl\/wp-content\/uploads\/2023\/12\/c0QS1CPV-1024x768.jpg\" alt=\"\" class=\"wp-image-18125\" srcset=\"https:\/\/mdkoswiecim.pl\/wp-content\/uploads\/2023\/12\/c0QS1CPV-1024x768.jpg 1024w, https:\/\/mdkoswiecim.pl\/wp-content\/uploads\/2023\/12\/c0QS1CPV-300x225.jpg 300w, https:\/\/mdkoswiecim.pl\/wp-content\/uploads\/2023\/12\/c0QS1CPV-768x576.jpg 768w, https:\/\/mdkoswiecim.pl\/wp-content\/uploads\/2023\/12\/c0QS1CPV-1536x1152.jpg 1536w, https:\/\/mdkoswiecim.pl\/wp-content\/uploads\/2023\/12\/c0QS1CPV.jpg 2048w\" sizes=\"auto, (max-width: 1024px) 100vw, 1024px\" \/><\/a><\/figure>\n\n\n\n<figure class=\"wp-block-image size-large\"><a href=\"https:\/\/mdkoswiecim.pl\/wp-content\/uploads\/2023\/12\/shzDv3Fu.jpg\"><img loading=\"lazy\" decoding=\"async\" width=\"1024\" height=\"768\" data-id=\"18126\" src=\"https:\/\/mdkoswiecim.pl\/wp-content\/uploads\/2023\/12\/shzDv3Fu-1024x768.jpg\" alt=\"\" class=\"wp-image-18126\" srcset=\"https:\/\/mdkoswiecim.pl\/wp-content\/uploads\/2023\/12\/shzDv3Fu-1024x768.jpg 1024w, https:\/\/mdkoswiecim.pl\/wp-content\/uploads\/2023\/12\/shzDv3Fu-300x225.jpg 300w, https:\/\/mdkoswiecim.pl\/wp-content\/uploads\/2023\/12\/shzDv3Fu-768x576.jpg 768w, https:\/\/mdkoswiecim.pl\/wp-content\/uploads\/2023\/12\/shzDv3Fu-1536x1152.jpg 1536w, https:\/\/mdkoswiecim.pl\/wp-content\/uploads\/2023\/12\/shzDv3Fu.jpg 2048w\" sizes=\"auto, (max-width: 1024px) 100vw, 1024px\" \/><\/a><\/figure>\n\n\n\n<figure class=\"wp-block-image size-large\"><a href=\"https:\/\/mdkoswiecim.pl\/wp-content\/uploads\/2023\/12\/t5RM0nXr.jpg\"><img loading=\"lazy\" decoding=\"async\" width=\"1024\" height=\"768\" data-id=\"18127\" src=\"https:\/\/mdkoswiecim.pl\/wp-content\/uploads\/2023\/12\/t5RM0nXr-1024x768.jpg\" alt=\"\" class=\"wp-image-18127\" srcset=\"https:\/\/mdkoswiecim.pl\/wp-content\/uploads\/2023\/12\/t5RM0nXr-1024x768.jpg 1024w, https:\/\/mdkoswiecim.pl\/wp-content\/uploads\/2023\/12\/t5RM0nXr-300x225.jpg 300w, https:\/\/mdkoswiecim.pl\/wp-content\/uploads\/2023\/12\/t5RM0nXr-768x576.jpg 768w, https:\/\/mdkoswiecim.pl\/wp-content\/uploads\/2023\/12\/t5RM0nXr-1536x1152.jpg 1536w, https:\/\/mdkoswiecim.pl\/wp-content\/uploads\/2023\/12\/t5RM0nXr.jpg 2048w\" sizes=\"auto, (max-width: 1024px) 100vw, 1024px\" \/><\/a><\/figure>\n\n\n\n<figure class=\"wp-block-image size-large\"><a href=\"https:\/\/mdkoswiecim.pl\/wp-content\/uploads\/2023\/12\/Dc8fUmfX.jpg\"><img loading=\"lazy\" decoding=\"async\" width=\"1024\" height=\"768\" data-id=\"18128\" src=\"https:\/\/mdkoswiecim.pl\/wp-content\/uploads\/2023\/12\/Dc8fUmfX-1024x768.jpg\" alt=\"\" class=\"wp-image-18128\" srcset=\"https:\/\/mdkoswiecim.pl\/wp-content\/uploads\/2023\/12\/Dc8fUmfX-1024x768.jpg 1024w, https:\/\/mdkoswiecim.pl\/wp-content\/uploads\/2023\/12\/Dc8fUmfX-300x225.jpg 300w, https:\/\/mdkoswiecim.pl\/wp-content\/uploads\/2023\/12\/Dc8fUmfX-768x576.jpg 768w, https:\/\/mdkoswiecim.pl\/wp-content\/uploads\/2023\/12\/Dc8fUmfX-1536x1152.jpg 1536w, https:\/\/mdkoswiecim.pl\/wp-content\/uploads\/2023\/12\/Dc8fUmfX.jpg 2048w\" sizes=\"auto, (max-width: 1024px) 100vw, 1024px\" \/><\/a><\/figure>\n\n\n\n<figure class=\"wp-block-image size-large\"><img loading=\"lazy\" decoding=\"async\" width=\"1024\" height=\"768\" data-id=\"18135\" src=\"https:\/\/mdkoswiecim.pl\/wp-content\/uploads\/2023\/12\/p537H9xl-1024x768.jpg\" alt=\"\" class=\"wp-image-18135\" srcset=\"https:\/\/mdkoswiecim.pl\/wp-content\/uploads\/2023\/12\/p537H9xl-1024x768.jpg 1024w, https:\/\/mdkoswiecim.pl\/wp-content\/uploads\/2023\/12\/p537H9xl-300x225.jpg 300w, https:\/\/mdkoswiecim.pl\/wp-content\/uploads\/2023\/12\/p537H9xl-768x576.jpg 768w, https:\/\/mdkoswiecim.pl\/wp-content\/uploads\/2023\/12\/p537H9xl-1536x1152.jpg 1536w, https:\/\/mdkoswiecim.pl\/wp-content\/uploads\/2023\/12\/p537H9xl.jpg 2048w\" sizes=\"auto, (max-width: 1024px) 100vw, 1024px\" \/><\/figure>\n<\/figure>\n\n\n\n<figure class=\"wp-block-video\"><video height=\"672\" style=\"aspect-ratio: 368 \/ 672;\" width=\"368\" controls src=\"https:\/\/mdkoswiecim.pl\/wp-content\/uploads\/2023\/12\/MzvYUilk.mp4\"><\/video><\/figure>\n\n\n\n<p><\/p>\n\n\n\n<p><\/p>\n\n\n\n<p><\/p>\n","protected":false},"excerpt":{"rendered":"<p>Nasze gitarzystki z MDK &#8211; &#8221; Krzywe Choinki &#8220;., trenuj\u0105 do \u015bwi\u0105tecznego wyst\u0119pu na Kiermaszu Bo\u017conarodzeniowym przy SZS nr 1 w Che\u0142mku, kt\u00f3ry odb\u0119dzie si\u0119 ju\u017c w t\u0105 niedziel\u0119 17.12.2023r. o godz. 15:00 (zaraz po jase\u0142kach kt\u00f3re planowane s\u0105 na g. 14:00) w MOKSiRZE w Che\u0142mku. Zapraszamy . Zdj\u0119cia i kr\u00f3tki film z pr\u00f3by.<\/p>\n","protected":false},"author":2,"featured_media":18127,"comment_status":"closed","ping_status":"closed","sticky":false,"template":"","format":"standard","meta":{"footnotes":""},"categories":[108],"tags":[],"class_list":["post-18122","post","type-post","status-publish","format-standard","has-post-thumbnail","hentry","category-aktualnosci"],"yoast_head":"<!-- This site is optimized with the Yoast SEO plugin v16.1.1 - https:\/\/yoast.com\/wordpress\/plugins\/seo\/ -->\n<title>Nasze gitarzystki &quot;Krzywe Choinki&quot;, wyst\u0105pi\u0105 na Kiermaszu Bo\u017conarodzeniowym w Che\u0142mku. - MDK<\/title>\n<link rel=\"canonical\" href=\"https:\/\/mdkoswiecim.pl\/index.php\/2023\/12\/15\/nasze-gitarzystki-krzywe-choinki-wystapia-na-kiermaszu-bozonarodzeniowym-w-chelmku\/\" \/>\n<meta property=\"og:locale\" content=\"pl_PL\" \/>\n<meta property=\"og:type\" content=\"article\" \/>\n<meta property=\"og:title\" content=\"Nasze gitarzystki &quot;Krzywe Choinki&quot;, wyst\u0105pi\u0105 na Kiermaszu Bo\u017conarodzeniowym w Che\u0142mku. - MDK\" \/>\n<meta property=\"og:description\" content=\"Nasze gitarzystki z MDK &#8211; &#8221; Krzywe Choinki &#8220;., trenuj\u0105 do \u015bwi\u0105tecznego wyst\u0119pu na Kiermaszu Bo\u017conarodzeniowym przy SZS nr 1 w Che\u0142mku, kt\u00f3ry odb\u0119dzie si\u0119 ju\u017c w t\u0105 niedziel\u0119 17.12.2023r. o godz. 15:00 (zaraz po jase\u0142kach kt\u00f3re planowane s\u0105 na g. 14:00) w MOKSiRZE w Che\u0142mku. Zapraszamy . Zdj\u0119cia i kr\u00f3tki film z pr\u00f3by.\" \/>\n<meta property=\"og:url\" content=\"https:\/\/mdkoswiecim.pl\/index.php\/2023\/12\/15\/nasze-gitarzystki-krzywe-choinki-wystapia-na-kiermaszu-bozonarodzeniowym-w-chelmku\/\" \/>\n<meta property=\"og:site_name\" content=\"MDK\" \/>\n<meta property=\"article:published_time\" content=\"2023-12-15T15:28:59+00:00\" \/>\n<meta property=\"article:modified_time\" content=\"2023-12-15T15:46:57+00:00\" \/>\n<meta property=\"og:image\" content=\"https:\/\/mdkoswiecim.pl\/wp-content\/uploads\/2023\/12\/t5RM0nXr.jpg\" \/>\n\t<meta property=\"og:image:width\" content=\"2048\" \/>\n\t<meta property=\"og:image:height\" content=\"1536\" \/>\n<meta name=\"twitter:card\" content=\"summary_large_image\" \/>\n<meta name=\"twitter:label1\" content=\"Szacowany czas czytania\">\n\t<meta name=\"twitter:data1\" content=\"3 minuty\">\n<script type=\"application\/ld+json\" class=\"yoast-schema-graph\">{\"@context\":\"https:\/\/schema.org\",\"@graph\":[{\"@type\":\"WebSite\",\"@id\":\"https:\/\/mdkoswiecim.pl\/#website\",\"url\":\"https:\/\/mdkoswiecim.pl\/\",\"name\":\"MDK\",\"description\":\"M\\u0142odzie\\u017cowy Dom Kultury w O\\u015bwi\\u0119cimiu\",\"potentialAction\":[{\"@type\":\"SearchAction\",\"target\":\"https:\/\/mdkoswiecim.pl\/?s={search_term_string}\",\"query-input\":\"required name=search_term_string\"}],\"inLanguage\":\"pl-PL\"},{\"@type\":\"ImageObject\",\"@id\":\"https:\/\/mdkoswiecim.pl\/index.php\/2023\/12\/15\/nasze-gitarzystki-krzywe-choinki-wystapia-na-kiermaszu-bozonarodzeniowym-w-chelmku\/#primaryimage\",\"inLanguage\":\"pl-PL\",\"url\":\"https:\/\/mdkoswiecim.pl\/wp-content\/uploads\/2023\/12\/t5RM0nXr.jpg\",\"contentUrl\":\"https:\/\/mdkoswiecim.pl\/wp-content\/uploads\/2023\/12\/t5RM0nXr.jpg\",\"width\":2048,\"height\":1536},{\"@type\":\"WebPage\",\"@id\":\"https:\/\/mdkoswiecim.pl\/index.php\/2023\/12\/15\/nasze-gitarzystki-krzywe-choinki-wystapia-na-kiermaszu-bozonarodzeniowym-w-chelmku\/#webpage\",\"url\":\"https:\/\/mdkoswiecim.pl\/index.php\/2023\/12\/15\/nasze-gitarzystki-krzywe-choinki-wystapia-na-kiermaszu-bozonarodzeniowym-w-chelmku\/\",\"name\":\"Nasze gitarzystki \\\"Krzywe Choinki\\\", wyst\\u0105pi\\u0105 na Kiermaszu Bo\\u017conarodzeniowym w Che\\u0142mku. - MDK\",\"isPartOf\":{\"@id\":\"https:\/\/mdkoswiecim.pl\/#website\"},\"primaryImageOfPage\":{\"@id\":\"https:\/\/mdkoswiecim.pl\/index.php\/2023\/12\/15\/nasze-gitarzystki-krzywe-choinki-wystapia-na-kiermaszu-bozonarodzeniowym-w-chelmku\/#primaryimage\"},\"datePublished\":\"2023-12-15T15:28:59+00:00\",\"dateModified\":\"2023-12-15T15:46:57+00:00\",\"author\":{\"@id\":\"https:\/\/mdkoswiecim.pl\/#\/schema\/person\/de4e1c3f9f9805d4834a83cd933e83a4\"},\"breadcrumb\":{\"@id\":\"https:\/\/mdkoswiecim.pl\/index.php\/2023\/12\/15\/nasze-gitarzystki-krzywe-choinki-wystapia-na-kiermaszu-bozonarodzeniowym-w-chelmku\/#breadcrumb\"},\"inLanguage\":\"pl-PL\",\"potentialAction\":[{\"@type\":\"ReadAction\",\"target\":[\"https:\/\/mdkoswiecim.pl\/index.php\/2023\/12\/15\/nasze-gitarzystki-krzywe-choinki-wystapia-na-kiermaszu-bozonarodzeniowym-w-chelmku\/\"]}]},{\"@type\":\"BreadcrumbList\",\"@id\":\"https:\/\/mdkoswiecim.pl\/index.php\/2023\/12\/15\/nasze-gitarzystki-krzywe-choinki-wystapia-na-kiermaszu-bozonarodzeniowym-w-chelmku\/#breadcrumb\",\"itemListElement\":[{\"@type\":\"ListItem\",\"position\":1,\"item\":{\"@type\":\"WebPage\",\"@id\":\"https:\/\/mdkoswiecim.pl\/\",\"url\":\"https:\/\/mdkoswiecim.pl\/\",\"name\":\"Strona g\\u0142\\u00f3wna\"}},{\"@type\":\"ListItem\",\"position\":2,\"item\":{\"@type\":\"WebPage\",\"@id\":\"https:\/\/mdkoswiecim.pl\/index.php\/2023\/12\/15\/nasze-gitarzystki-krzywe-choinki-wystapia-na-kiermaszu-bozonarodzeniowym-w-chelmku\/\",\"url\":\"https:\/\/mdkoswiecim.pl\/index.php\/2023\/12\/15\/nasze-gitarzystki-krzywe-choinki-wystapia-na-kiermaszu-bozonarodzeniowym-w-chelmku\/\",\"name\":\"Nasze gitarzystki &#8220;Krzywe Choinki&#8221;, wyst\\u0105pi\\u0105 na Kiermaszu Bo\\u017conarodzeniowym w Che\\u0142mku.\"}}]},{\"@type\":\"Person\",\"@id\":\"https:\/\/mdkoswiecim.pl\/#\/schema\/person\/de4e1c3f9f9805d4834a83cd933e83a4\",\"name\":\"janusz.majcherek\",\"image\":{\"@type\":\"ImageObject\",\"@id\":\"https:\/\/mdkoswiecim.pl\/#personlogo\",\"inLanguage\":\"pl-PL\",\"url\":\"https:\/\/secure.gravatar.com\/avatar\/841ee0bdfc0ec9800cdb49de086063cd2bdca44d52221b7fee4d6a2db5eafb17?s=96&d=mm&r=g\",\"contentUrl\":\"https:\/\/secure.gravatar.com\/avatar\/841ee0bdfc0ec9800cdb49de086063cd2bdca44d52221b7fee4d6a2db5eafb17?s=96&d=mm&r=g\",\"caption\":\"janusz.majcherek\"}}]}<\/script>\n<!-- \/ Yoast SEO plugin. -->","_links":{"self":[{"href":"https:\/\/mdkoswiecim.pl\/index.php\/wp-json\/wp\/v2\/posts\/18122","targetHints":{"allow":["GET"]}}],"collection":[{"href":"https:\/\/mdkoswiecim.pl\/index.php\/wp-json\/wp\/v2\/posts"}],"about":[{"href":"https:\/\/mdkoswiecim.pl\/index.php\/wp-json\/wp\/v2\/types\/post"}],"author":[{"embeddable":true,"href":"https:\/\/mdkoswiecim.pl\/index.php\/wp-json\/wp\/v2\/users\/2"}],"replies":[{"embeddable":true,"href":"https:\/\/mdkoswiecim.pl\/index.php\/wp-json\/wp\/v2\/comments?post=18122"}],"version-history":[{"count":6,"href":"https:\/\/mdkoswiecim.pl\/index.php\/wp-json\/wp\/v2\/posts\/18122\/revisions"}],"predecessor-version":[{"id":18139,"href":"https:\/\/mdkoswiecim.pl\/index.php\/wp-json\/wp\/v2\/posts\/18122\/revisions\/18139"}],"wp:featuredmedia":[{"embeddable":true,"href":"https:\/\/mdkoswiecim.pl\/index.php\/wp-json\/wp\/v2\/media\/18127"}],"wp:attachment":[{"href":"https:\/\/mdkoswiecim.pl\/index.php\/wp-json\/wp\/v2\/media?parent=18122"}],"wp:term":[{"taxonomy":"category","embeddable":true,"href":"https:\/\/mdkoswiecim.pl\/index.php\/wp-json\/wp\/v2\/categories?post=18122"},{"taxonomy":"post_tag","embeddable":true,"href":"https:\/\/mdkoswiecim.pl\/index.php\/wp-json\/wp\/v2\/tags?post=18122"}],"curies":[{"name":"wp","href":"https:\/\/api.w.org\/{rel}","templated":true}]}}