{"id":18085,"date":"2023-12-07T14:18:47","date_gmt":"2023-12-07T13:18:47","guid":{"rendered":"https:\/\/mdkoswiecim.pl\/?p=18085"},"modified":"2023-12-07T14:28:13","modified_gmt":"2023-12-07T13:28:13","slug":"odwolane-zajecia-w-przedswiateczna-srode","status":"publish","type":"post","link":"https:\/\/mdkoswiecim.pl\/index.php\/2023\/12\/07\/odwolane-zajecia-w-przedswiateczna-srode\/","title":{"rendered":"Odwo\u0142ane zaj\u0119cia w przed\u015bwi\u0105teczn\u0105 \u015brod\u0119"},"content":{"rendered":"\n<p>W <strong>\u015brod\u0119 20 grudnia <\/strong>zostaj\u0105 <strong>odwo\u0142ane<\/strong> wszystkie zaj\u0119cia w MDK z powodu szkolenia Rady Pedagogicznej. <\/p>\n","protected":false},"excerpt":{"rendered":"<p>W \u015brod\u0119 20 grudnia zostaj\u0105 odwo\u0142ane wszystkie zaj\u0119cia w MDK z powodu szkolenia Rady Pedagogicznej.<\/p>\n","protected":false},"author":2,"featured_media":18086,"comment_status":"closed","ping_status":"closed","sticky":false,"template":"","format":"standard","meta":{"footnotes":""},"categories":[108],"tags":[],"class_list":["post-18085","post","type-post","status-publish","format-standard","has-post-thumbnail","hentry","category-aktualnosci"],"yoast_head":"<!-- This site is optimized with the Yoast SEO plugin v16.1.1 - https:\/\/yoast.com\/wordpress\/plugins\/seo\/ -->\n<title>Odwo\u0142ane zaj\u0119cia w przed\u015bwi\u0105teczn\u0105 \u015brod\u0119 - MDK<\/title>\n<link rel=\"canonical\" href=\"https:\/\/mdkoswiecim.pl\/index.php\/2023\/12\/07\/odwolane-zajecia-w-przedswiateczna-srode\/\" \/>\n<meta property=\"og:locale\" content=\"pl_PL\" \/>\n<meta property=\"og:type\" content=\"article\" \/>\n<meta property=\"og:title\" content=\"Odwo\u0142ane zaj\u0119cia w przed\u015bwi\u0105teczn\u0105 \u015brod\u0119 - MDK\" \/>\n<meta property=\"og:description\" content=\"W \u015brod\u0119 20 grudnia zostaj\u0105 odwo\u0142ane wszystkie zaj\u0119cia w MDK z powodu szkolenia Rady Pedagogicznej.\" \/>\n<meta property=\"og:url\" content=\"https:\/\/mdkoswiecim.pl\/index.php\/2023\/12\/07\/odwolane-zajecia-w-przedswiateczna-srode\/\" \/>\n<meta property=\"og:site_name\" content=\"MDK\" \/>\n<meta property=\"article:published_time\" content=\"2023-12-07T13:18:47+00:00\" \/>\n<meta property=\"article:modified_time\" content=\"2023-12-07T13:28:13+00:00\" \/>\n<meta property=\"og:image\" content=\"https:\/\/mdkoswiecim.pl\/wp-content\/uploads\/2023\/12\/wazne.jpg\" \/>\n\t<meta property=\"og:image:width\" content=\"800\" \/>\n\t<meta property=\"og:image:height\" content=\"800\" \/>\n<meta name=\"twitter:card\" content=\"summary_large_image\" \/>\n<meta name=\"twitter:label1\" content=\"Szacowany czas czytania\">\n\t<meta name=\"twitter:data1\" content=\"1 minuta\">\n<script type=\"application\/ld+json\" class=\"yoast-schema-graph\">{\"@context\":\"https:\/\/schema.org\",\"@graph\":[{\"@type\":\"WebSite\",\"@id\":\"https:\/\/mdkoswiecim.pl\/#website\",\"url\":\"https:\/\/mdkoswiecim.pl\/\",\"name\":\"MDK\",\"description\":\"M\\u0142odzie\\u017cowy Dom Kultury w O\\u015bwi\\u0119cimiu\",\"potentialAction\":[{\"@type\":\"SearchAction\",\"target\":\"https:\/\/mdkoswiecim.pl\/?s={search_term_string}\",\"query-input\":\"required name=search_term_string\"}],\"inLanguage\":\"pl-PL\"},{\"@type\":\"ImageObject\",\"@id\":\"https:\/\/mdkoswiecim.pl\/index.php\/2023\/12\/07\/odwolane-zajecia-w-przedswiateczna-srode\/#primaryimage\",\"inLanguage\":\"pl-PL\",\"url\":\"https:\/\/mdkoswiecim.pl\/wp-content\/uploads\/2023\/12\/wazne.jpg\",\"contentUrl\":\"https:\/\/mdkoswiecim.pl\/wp-content\/uploads\/2023\/12\/wazne.jpg\",\"width\":800,\"height\":800},{\"@type\":\"WebPage\",\"@id\":\"https:\/\/mdkoswiecim.pl\/index.php\/2023\/12\/07\/odwolane-zajecia-w-przedswiateczna-srode\/#webpage\",\"url\":\"https:\/\/mdkoswiecim.pl\/index.php\/2023\/12\/07\/odwolane-zajecia-w-przedswiateczna-srode\/\",\"name\":\"Odwo\\u0142ane zaj\\u0119cia w przed\\u015bwi\\u0105teczn\\u0105 \\u015brod\\u0119 - MDK\",\"isPartOf\":{\"@id\":\"https:\/\/mdkoswiecim.pl\/#website\"},\"primaryImageOfPage\":{\"@id\":\"https:\/\/mdkoswiecim.pl\/index.php\/2023\/12\/07\/odwolane-zajecia-w-przedswiateczna-srode\/#primaryimage\"},\"datePublished\":\"2023-12-07T13:18:47+00:00\",\"dateModified\":\"2023-12-07T13:28:13+00:00\",\"author\":{\"@id\":\"https:\/\/mdkoswiecim.pl\/#\/schema\/person\/de4e1c3f9f9805d4834a83cd933e83a4\"},\"breadcrumb\":{\"@id\":\"https:\/\/mdkoswiecim.pl\/index.php\/2023\/12\/07\/odwolane-zajecia-w-przedswiateczna-srode\/#breadcrumb\"},\"inLanguage\":\"pl-PL\",\"potentialAction\":[{\"@type\":\"ReadAction\",\"target\":[\"https:\/\/mdkoswiecim.pl\/index.php\/2023\/12\/07\/odwolane-zajecia-w-przedswiateczna-srode\/\"]}]},{\"@type\":\"BreadcrumbList\",\"@id\":\"https:\/\/mdkoswiecim.pl\/index.php\/2023\/12\/07\/odwolane-zajecia-w-przedswiateczna-srode\/#breadcrumb\",\"itemListElement\":[{\"@type\":\"ListItem\",\"position\":1,\"item\":{\"@type\":\"WebPage\",\"@id\":\"https:\/\/mdkoswiecim.pl\/\",\"url\":\"https:\/\/mdkoswiecim.pl\/\",\"name\":\"Strona g\\u0142\\u00f3wna\"}},{\"@type\":\"ListItem\",\"position\":2,\"item\":{\"@type\":\"WebPage\",\"@id\":\"https:\/\/mdkoswiecim.pl\/index.php\/2023\/12\/07\/odwolane-zajecia-w-przedswiateczna-srode\/\",\"url\":\"https:\/\/mdkoswiecim.pl\/index.php\/2023\/12\/07\/odwolane-zajecia-w-przedswiateczna-srode\/\",\"name\":\"Odwo\\u0142ane zaj\\u0119cia w przed\\u015bwi\\u0105teczn\\u0105 \\u015brod\\u0119\"}}]},{\"@type\":\"Person\",\"@id\":\"https:\/\/mdkoswiecim.pl\/#\/schema\/person\/de4e1c3f9f9805d4834a83cd933e83a4\",\"name\":\"janusz.majcherek\",\"image\":{\"@type\":\"ImageObject\",\"@id\":\"https:\/\/mdkoswiecim.pl\/#personlogo\",\"inLanguage\":\"pl-PL\",\"url\":\"https:\/\/secure.gravatar.com\/avatar\/841ee0bdfc0ec9800cdb49de086063cd2bdca44d52221b7fee4d6a2db5eafb17?s=96&d=mm&r=g\",\"contentUrl\":\"https:\/\/secure.gravatar.com\/avatar\/841ee0bdfc0ec9800cdb49de086063cd2bdca44d52221b7fee4d6a2db5eafb17?s=96&d=mm&r=g\",\"caption\":\"janusz.majcherek\"}}]}<\/script>\n<!-- \/ Yoast SEO plugin. -->","_links":{"self":[{"href":"https:\/\/mdkoswiecim.pl\/index.php\/wp-json\/wp\/v2\/posts\/18085","targetHints":{"allow":["GET"]}}],"collection":[{"href":"https:\/\/mdkoswiecim.pl\/index.php\/wp-json\/wp\/v2\/posts"}],"about":[{"href":"https:\/\/mdkoswiecim.pl\/index.php\/wp-json\/wp\/v2\/types\/post"}],"author":[{"embeddable":true,"href":"https:\/\/mdkoswiecim.pl\/index.php\/wp-json\/wp\/v2\/users\/2"}],"replies":[{"embeddable":true,"href":"https:\/\/mdkoswiecim.pl\/index.php\/wp-json\/wp\/v2\/comments?post=18085"}],"version-history":[{"count":3,"href":"https:\/\/mdkoswiecim.pl\/index.php\/wp-json\/wp\/v2\/posts\/18085\/revisions"}],"predecessor-version":[{"id":18090,"href":"https:\/\/mdkoswiecim.pl\/index.php\/wp-json\/wp\/v2\/posts\/18085\/revisions\/18090"}],"wp:featuredmedia":[{"embeddable":true,"href":"https:\/\/mdkoswiecim.pl\/index.php\/wp-json\/wp\/v2\/media\/18086"}],"wp:attachment":[{"href":"https:\/\/mdkoswiecim.pl\/index.php\/wp-json\/wp\/v2\/media?parent=18085"}],"wp:term":[{"taxonomy":"category","embeddable":true,"href":"https:\/\/mdkoswiecim.pl\/index.php\/wp-json\/wp\/v2\/categories?post=18085"},{"taxonomy":"post_tag","embeddable":true,"href":"https:\/\/mdkoswiecim.pl\/index.php\/wp-json\/wp\/v2\/tags?post=18085"}],"curies":[{"name":"wp","href":"https:\/\/api.w.org\/{rel}","templated":true}]}}