{"id":18001,"date":"2023-11-20T14:12:30","date_gmt":"2023-11-20T13:12:30","guid":{"rendered":"https:\/\/mdkoswiecim.pl\/?p=18001"},"modified":"2023-11-20T15:11:32","modified_gmt":"2023-11-20T14:11:32","slug":"odwolane-zajecia-z-pania-alina-kwarciak","status":"publish","type":"post","link":"https:\/\/mdkoswiecim.pl\/index.php\/2023\/11\/20\/odwolane-zajecia-z-pania-alina-kwarciak\/","title":{"rendered":"Odwo\u0142ane zaj\u0119cia z pani\u0105 Alin\u0105 Kwarciak."},"content":{"rendered":"\n<p>W dniach od 20 XI do 1 XII nie odb\u0119d\u0105 si\u0119 zaj\u0119cia z pani\u0105 Alin\u0105 Kwarciak. <\/p>\n\n\n\n<p>Odwo\u0142ane zostaj\u0105: <\/p>\n\n\n\n<p>Gry Logiczne &#8211; Brzezinka<\/p>\n\n\n\n<p>Techniki Uczenia si\u0119 &#8211;  Dom Dziecka <\/p>\n\n\n\n<p>Gry Logiczne &#8211; MDK<\/p>\n\n\n\n<p>Techniki uczenia si\u0119  &#8211; Bobrek<\/p>\n","protected":false},"excerpt":{"rendered":"<p>W dniach od 20 XI do 1 XII nie odb\u0119d\u0105 si\u0119 zaj\u0119cia z pani\u0105 Alin\u0105 Kwarciak. Odwo\u0142ane zostaj\u0105: Gry Logiczne &#8211; Brzezinka Techniki Uczenia si\u0119 &#8211; Dom Dziecka Gry Logiczne &#8211; MDK Techniki uczenia si\u0119 &#8211; Bobrek<\/p>\n","protected":false},"author":2,"featured_media":17676,"comment_status":"closed","ping_status":"closed","sticky":false,"template":"","format":"standard","meta":{"footnotes":""},"categories":[108],"tags":[],"class_list":["post-18001","post","type-post","status-publish","format-standard","has-post-thumbnail","hentry","category-aktualnosci"],"yoast_head":"<!-- This site is optimized with the Yoast SEO plugin v16.1.1 - https:\/\/yoast.com\/wordpress\/plugins\/seo\/ -->\n<title>Odwo\u0142ane zaj\u0119cia z pani\u0105 Alin\u0105 Kwarciak. - MDK<\/title>\n<link rel=\"canonical\" href=\"https:\/\/mdkoswiecim.pl\/index.php\/2023\/11\/20\/odwolane-zajecia-z-pania-alina-kwarciak\/\" \/>\n<meta property=\"og:locale\" content=\"pl_PL\" \/>\n<meta property=\"og:type\" content=\"article\" \/>\n<meta property=\"og:title\" content=\"Odwo\u0142ane zaj\u0119cia z pani\u0105 Alin\u0105 Kwarciak. - MDK\" \/>\n<meta property=\"og:description\" content=\"W dniach od 20 XI do 1 XII nie odb\u0119d\u0105 si\u0119 zaj\u0119cia z pani\u0105 Alin\u0105 Kwarciak. Odwo\u0142ane zostaj\u0105: Gry Logiczne &#8211; Brzezinka Techniki Uczenia si\u0119 &#8211; Dom Dziecka Gry Logiczne &#8211; MDK Techniki uczenia si\u0119 &#8211; Bobrek\" \/>\n<meta property=\"og:url\" content=\"https:\/\/mdkoswiecim.pl\/index.php\/2023\/11\/20\/odwolane-zajecia-z-pania-alina-kwarciak\/\" \/>\n<meta property=\"og:site_name\" content=\"MDK\" \/>\n<meta property=\"article:published_time\" content=\"2023-11-20T13:12:30+00:00\" \/>\n<meta property=\"article:modified_time\" content=\"2023-11-20T14:11:32+00:00\" \/>\n<meta property=\"og:image\" content=\"https:\/\/mdkoswiecim.pl\/wp-content\/uploads\/2023\/08\/wazne.jpg\" \/>\n\t<meta property=\"og:image:width\" content=\"800\" \/>\n\t<meta property=\"og:image:height\" content=\"800\" \/>\n<meta name=\"twitter:card\" content=\"summary_large_image\" \/>\n<meta name=\"twitter:label1\" content=\"Szacowany czas czytania\">\n\t<meta name=\"twitter:data1\" content=\"1 minuta\">\n<script type=\"application\/ld+json\" class=\"yoast-schema-graph\">{\"@context\":\"https:\/\/schema.org\",\"@graph\":[{\"@type\":\"WebSite\",\"@id\":\"https:\/\/mdkoswiecim.pl\/#website\",\"url\":\"https:\/\/mdkoswiecim.pl\/\",\"name\":\"MDK\",\"description\":\"M\\u0142odzie\\u017cowy Dom Kultury w O\\u015bwi\\u0119cimiu\",\"potentialAction\":[{\"@type\":\"SearchAction\",\"target\":\"https:\/\/mdkoswiecim.pl\/?s={search_term_string}\",\"query-input\":\"required name=search_term_string\"}],\"inLanguage\":\"pl-PL\"},{\"@type\":\"ImageObject\",\"@id\":\"https:\/\/mdkoswiecim.pl\/index.php\/2023\/11\/20\/odwolane-zajecia-z-pania-alina-kwarciak\/#primaryimage\",\"inLanguage\":\"pl-PL\",\"url\":\"https:\/\/mdkoswiecim.pl\/wp-content\/uploads\/2023\/08\/wazne.jpg\",\"contentUrl\":\"https:\/\/mdkoswiecim.pl\/wp-content\/uploads\/2023\/08\/wazne.jpg\",\"width\":800,\"height\":800},{\"@type\":\"WebPage\",\"@id\":\"https:\/\/mdkoswiecim.pl\/index.php\/2023\/11\/20\/odwolane-zajecia-z-pania-alina-kwarciak\/#webpage\",\"url\":\"https:\/\/mdkoswiecim.pl\/index.php\/2023\/11\/20\/odwolane-zajecia-z-pania-alina-kwarciak\/\",\"name\":\"Odwo\\u0142ane zaj\\u0119cia z pani\\u0105 Alin\\u0105 Kwarciak. - MDK\",\"isPartOf\":{\"@id\":\"https:\/\/mdkoswiecim.pl\/#website\"},\"primaryImageOfPage\":{\"@id\":\"https:\/\/mdkoswiecim.pl\/index.php\/2023\/11\/20\/odwolane-zajecia-z-pania-alina-kwarciak\/#primaryimage\"},\"datePublished\":\"2023-11-20T13:12:30+00:00\",\"dateModified\":\"2023-11-20T14:11:32+00:00\",\"author\":{\"@id\":\"https:\/\/mdkoswiecim.pl\/#\/schema\/person\/de4e1c3f9f9805d4834a83cd933e83a4\"},\"breadcrumb\":{\"@id\":\"https:\/\/mdkoswiecim.pl\/index.php\/2023\/11\/20\/odwolane-zajecia-z-pania-alina-kwarciak\/#breadcrumb\"},\"inLanguage\":\"pl-PL\",\"potentialAction\":[{\"@type\":\"ReadAction\",\"target\":[\"https:\/\/mdkoswiecim.pl\/index.php\/2023\/11\/20\/odwolane-zajecia-z-pania-alina-kwarciak\/\"]}]},{\"@type\":\"BreadcrumbList\",\"@id\":\"https:\/\/mdkoswiecim.pl\/index.php\/2023\/11\/20\/odwolane-zajecia-z-pania-alina-kwarciak\/#breadcrumb\",\"itemListElement\":[{\"@type\":\"ListItem\",\"position\":1,\"item\":{\"@type\":\"WebPage\",\"@id\":\"https:\/\/mdkoswiecim.pl\/\",\"url\":\"https:\/\/mdkoswiecim.pl\/\",\"name\":\"Strona g\\u0142\\u00f3wna\"}},{\"@type\":\"ListItem\",\"position\":2,\"item\":{\"@type\":\"WebPage\",\"@id\":\"https:\/\/mdkoswiecim.pl\/index.php\/2023\/11\/20\/odwolane-zajecia-z-pania-alina-kwarciak\/\",\"url\":\"https:\/\/mdkoswiecim.pl\/index.php\/2023\/11\/20\/odwolane-zajecia-z-pania-alina-kwarciak\/\",\"name\":\"Odwo\\u0142ane zaj\\u0119cia z pani\\u0105 Alin\\u0105 Kwarciak.\"}}]},{\"@type\":\"Person\",\"@id\":\"https:\/\/mdkoswiecim.pl\/#\/schema\/person\/de4e1c3f9f9805d4834a83cd933e83a4\",\"name\":\"janusz.majcherek\",\"image\":{\"@type\":\"ImageObject\",\"@id\":\"https:\/\/mdkoswiecim.pl\/#personlogo\",\"inLanguage\":\"pl-PL\",\"url\":\"https:\/\/secure.gravatar.com\/avatar\/841ee0bdfc0ec9800cdb49de086063cd2bdca44d52221b7fee4d6a2db5eafb17?s=96&d=mm&r=g\",\"contentUrl\":\"https:\/\/secure.gravatar.com\/avatar\/841ee0bdfc0ec9800cdb49de086063cd2bdca44d52221b7fee4d6a2db5eafb17?s=96&d=mm&r=g\",\"caption\":\"janusz.majcherek\"}}]}<\/script>\n<!-- \/ Yoast SEO plugin. -->","_links":{"self":[{"href":"https:\/\/mdkoswiecim.pl\/index.php\/wp-json\/wp\/v2\/posts\/18001","targetHints":{"allow":["GET"]}}],"collection":[{"href":"https:\/\/mdkoswiecim.pl\/index.php\/wp-json\/wp\/v2\/posts"}],"about":[{"href":"https:\/\/mdkoswiecim.pl\/index.php\/wp-json\/wp\/v2\/types\/post"}],"author":[{"embeddable":true,"href":"https:\/\/mdkoswiecim.pl\/index.php\/wp-json\/wp\/v2\/users\/2"}],"replies":[{"embeddable":true,"href":"https:\/\/mdkoswiecim.pl\/index.php\/wp-json\/wp\/v2\/comments?post=18001"}],"version-history":[{"count":3,"href":"https:\/\/mdkoswiecim.pl\/index.php\/wp-json\/wp\/v2\/posts\/18001\/revisions"}],"predecessor-version":[{"id":18007,"href":"https:\/\/mdkoswiecim.pl\/index.php\/wp-json\/wp\/v2\/posts\/18001\/revisions\/18007"}],"wp:featuredmedia":[{"embeddable":true,"href":"https:\/\/mdkoswiecim.pl\/index.php\/wp-json\/wp\/v2\/media\/17676"}],"wp:attachment":[{"href":"https:\/\/mdkoswiecim.pl\/index.php\/wp-json\/wp\/v2\/media?parent=18001"}],"wp:term":[{"taxonomy":"category","embeddable":true,"href":"https:\/\/mdkoswiecim.pl\/index.php\/wp-json\/wp\/v2\/categories?post=18001"},{"taxonomy":"post_tag","embeddable":true,"href":"https:\/\/mdkoswiecim.pl\/index.php\/wp-json\/wp\/v2\/tags?post=18001"}],"curies":[{"name":"wp","href":"https:\/\/api.w.org\/{rel}","templated":true}]}}