{"id":17885,"date":"2023-11-13T14:24:52","date_gmt":"2023-11-13T13:24:52","guid":{"rendered":"https:\/\/mdkoswiecim.pl\/?p=17885"},"modified":"2023-11-13T14:24:53","modified_gmt":"2023-11-13T13:24:53","slug":"mdk-w-akcji-mein-szkola-pamieta","status":"publish","type":"post","link":"https:\/\/mdkoswiecim.pl\/index.php\/2023\/11\/13\/mdk-w-akcji-mein-szkola-pamieta\/","title":{"rendered":"MDK w akcji MEiN &#8220;Szko\u0142a Pami\u0119ta&#8221;."},"content":{"rendered":"\n<p>W tygodniu poprzedzaj\u0105cym \u015awi\u0119to Niepodleg\u0142o\u015bci, MDK wzi\u0119\u0142o udzia\u0142 w akcji organizowanej przez MEiN pod has\u0142em &#8220;Szko\u0142a Pami\u0119ta&#8221;. Przedstawiamy kilka przyk\u0142ad\u00f3w dzia\u0142a\u0144 podj\u0119tych przez naszych nauczycieli razem z uczniami w ramach tej akcji. <\/p>\n\n\n\n<figure class=\"wp-block-gallery has-nested-images columns-default is-cropped wp-block-gallery-1 is-layout-flex wp-block-gallery-is-layout-flex\">\n<figure class=\"wp-block-image size-large\"><a href=\"https:\/\/mdkoswiecim.pl\/wp-content\/uploads\/2023\/11\/368051721_360634369811939_8215693680064837139_n.jpg\"><img loading=\"lazy\" decoding=\"async\" width=\"1024\" height=\"768\" data-id=\"17886\" src=\"https:\/\/mdkoswiecim.pl\/wp-content\/uploads\/2023\/11\/368051721_360634369811939_8215693680064837139_n.jpg\" alt=\"\" class=\"wp-image-17886\" srcset=\"https:\/\/mdkoswiecim.pl\/wp-content\/uploads\/2023\/11\/368051721_360634369811939_8215693680064837139_n.jpg 1024w, https:\/\/mdkoswiecim.pl\/wp-content\/uploads\/2023\/11\/368051721_360634369811939_8215693680064837139_n-300x225.jpg 300w, https:\/\/mdkoswiecim.pl\/wp-content\/uploads\/2023\/11\/368051721_360634369811939_8215693680064837139_n-768x576.jpg 768w\" sizes=\"auto, (max-width: 1024px) 100vw, 1024px\" \/><\/a><\/figure>\n\n\n\n<figure class=\"wp-block-image size-large\"><a href=\"https:\/\/mdkoswiecim.pl\/wp-content\/uploads\/2023\/11\/396122981_310854898378190_8071209521169923987_n.jpg\"><img loading=\"lazy\" decoding=\"async\" width=\"1024\" height=\"768\" data-id=\"17887\" src=\"https:\/\/mdkoswiecim.pl\/wp-content\/uploads\/2023\/11\/396122981_310854898378190_8071209521169923987_n.jpg\" alt=\"\" class=\"wp-image-17887\" srcset=\"https:\/\/mdkoswiecim.pl\/wp-content\/uploads\/2023\/11\/396122981_310854898378190_8071209521169923987_n.jpg 1024w, https:\/\/mdkoswiecim.pl\/wp-content\/uploads\/2023\/11\/396122981_310854898378190_8071209521169923987_n-300x225.jpg 300w, https:\/\/mdkoswiecim.pl\/wp-content\/uploads\/2023\/11\/396122981_310854898378190_8071209521169923987_n-768x576.jpg 768w\" sizes=\"auto, (max-width: 1024px) 100vw, 1024px\" \/><\/a><\/figure>\n\n\n\n<figure class=\"wp-block-image size-large\"><a href=\"https:\/\/mdkoswiecim.pl\/wp-content\/uploads\/2023\/11\/399755342_1982314222131713_3918125584303907947_n.jpg\"><img loading=\"lazy\" decoding=\"async\" width=\"1024\" height=\"768\" data-id=\"17895\" src=\"https:\/\/mdkoswiecim.pl\/wp-content\/uploads\/2023\/11\/399755342_1982314222131713_3918125584303907947_n.jpg\" alt=\"\" class=\"wp-image-17895\" srcset=\"https:\/\/mdkoswiecim.pl\/wp-content\/uploads\/2023\/11\/399755342_1982314222131713_3918125584303907947_n.jpg 1024w, https:\/\/mdkoswiecim.pl\/wp-content\/uploads\/2023\/11\/399755342_1982314222131713_3918125584303907947_n-300x225.jpg 300w, https:\/\/mdkoswiecim.pl\/wp-content\/uploads\/2023\/11\/399755342_1982314222131713_3918125584303907947_n-768x576.jpg 768w\" sizes=\"auto, (max-width: 1024px) 100vw, 1024px\" \/><\/a><\/figure>\n\n\n\n<figure class=\"wp-block-image size-large\"><a href=\"https:\/\/mdkoswiecim.pl\/wp-content\/uploads\/2023\/11\/370220994_297752653096902_7764268010410399862_n.jpg\"><img loading=\"lazy\" decoding=\"async\" width=\"1024\" height=\"768\" data-id=\"17896\" src=\"https:\/\/mdkoswiecim.pl\/wp-content\/uploads\/2023\/11\/370220994_297752653096902_7764268010410399862_n.jpg\" alt=\"\" class=\"wp-image-17896\" srcset=\"https:\/\/mdkoswiecim.pl\/wp-content\/uploads\/2023\/11\/370220994_297752653096902_7764268010410399862_n.jpg 1024w, https:\/\/mdkoswiecim.pl\/wp-content\/uploads\/2023\/11\/370220994_297752653096902_7764268010410399862_n-300x225.jpg 300w, https:\/\/mdkoswiecim.pl\/wp-content\/uploads\/2023\/11\/370220994_297752653096902_7764268010410399862_n-768x576.jpg 768w\" sizes=\"auto, (max-width: 1024px) 100vw, 1024px\" \/><\/a><\/figure>\n\n\n\n<figure class=\"wp-block-image size-large\"><a href=\"https:\/\/mdkoswiecim.pl\/wp-content\/uploads\/2023\/11\/399771120_1636359760225723_7075881446885767845_n.jpg\"><img loading=\"lazy\" decoding=\"async\" width=\"767\" height=\"1024\" data-id=\"17888\" src=\"https:\/\/mdkoswiecim.pl\/wp-content\/uploads\/2023\/11\/399771120_1636359760225723_7075881446885767845_n-767x1024.jpg\" alt=\"\" class=\"wp-image-17888\" srcset=\"https:\/\/mdkoswiecim.pl\/wp-content\/uploads\/2023\/11\/399771120_1636359760225723_7075881446885767845_n-767x1024.jpg 767w, https:\/\/mdkoswiecim.pl\/wp-content\/uploads\/2023\/11\/399771120_1636359760225723_7075881446885767845_n-225x300.jpg 225w, https:\/\/mdkoswiecim.pl\/wp-content\/uploads\/2023\/11\/399771120_1636359760225723_7075881446885767845_n-768x1025.jpg 768w, https:\/\/mdkoswiecim.pl\/wp-content\/uploads\/2023\/11\/399771120_1636359760225723_7075881446885767845_n-1151x1536.jpg 1151w, https:\/\/mdkoswiecim.pl\/wp-content\/uploads\/2023\/11\/399771120_1636359760225723_7075881446885767845_n.jpg 1269w\" sizes=\"auto, (max-width: 767px) 100vw, 767px\" \/><\/a><figcaption class=\"wp-element-caption\">Stroje inspirowane barwami narodowymi.<\/figcaption><\/figure>\n\n\n\n<figure class=\"wp-block-image size-large\"><a href=\"https:\/\/mdkoswiecim.pl\/wp-content\/uploads\/2023\/11\/370603606_662402789412435_5966812940456060320_n.jpg\"><img loading=\"lazy\" decoding=\"async\" width=\"767\" height=\"1024\" data-id=\"17889\" src=\"https:\/\/mdkoswiecim.pl\/wp-content\/uploads\/2023\/11\/370603606_662402789412435_5966812940456060320_n-767x1024.jpg\" alt=\"\" class=\"wp-image-17889\" srcset=\"https:\/\/mdkoswiecim.pl\/wp-content\/uploads\/2023\/11\/370603606_662402789412435_5966812940456060320_n-767x1024.jpg 767w, https:\/\/mdkoswiecim.pl\/wp-content\/uploads\/2023\/11\/370603606_662402789412435_5966812940456060320_n-225x300.jpg 225w, https:\/\/mdkoswiecim.pl\/wp-content\/uploads\/2023\/11\/370603606_662402789412435_5966812940456060320_n-768x1025.jpg 768w, https:\/\/mdkoswiecim.pl\/wp-content\/uploads\/2023\/11\/370603606_662402789412435_5966812940456060320_n-1151x1536.jpg 1151w, https:\/\/mdkoswiecim.pl\/wp-content\/uploads\/2023\/11\/370603606_662402789412435_5966812940456060320_n.jpg 1269w\" sizes=\"auto, (max-width: 767px) 100vw, 767px\" \/><\/a><figcaption class=\"wp-element-caption\">Stroje inspirowane barwami narodowymi.<\/figcaption><\/figure>\n\n\n\n<figure class=\"wp-block-image size-large\"><a href=\"https:\/\/mdkoswiecim.pl\/wp-content\/uploads\/2023\/11\/399979163_353057030568911_5337300204223187732_n.jpg\"><img loading=\"lazy\" decoding=\"async\" width=\"767\" height=\"1024\" data-id=\"17890\" src=\"https:\/\/mdkoswiecim.pl\/wp-content\/uploads\/2023\/11\/399979163_353057030568911_5337300204223187732_n-767x1024.jpg\" alt=\"\" class=\"wp-image-17890\" srcset=\"https:\/\/mdkoswiecim.pl\/wp-content\/uploads\/2023\/11\/399979163_353057030568911_5337300204223187732_n-767x1024.jpg 767w, https:\/\/mdkoswiecim.pl\/wp-content\/uploads\/2023\/11\/399979163_353057030568911_5337300204223187732_n-225x300.jpg 225w, https:\/\/mdkoswiecim.pl\/wp-content\/uploads\/2023\/11\/399979163_353057030568911_5337300204223187732_n-768x1025.jpg 768w, https:\/\/mdkoswiecim.pl\/wp-content\/uploads\/2023\/11\/399979163_353057030568911_5337300204223187732_n-1151x1536.jpg 1151w, https:\/\/mdkoswiecim.pl\/wp-content\/uploads\/2023\/11\/399979163_353057030568911_5337300204223187732_n.jpg 1269w\" sizes=\"auto, (max-width: 767px) 100vw, 767px\" \/><\/a><figcaption class=\"wp-element-caption\">Stroje inspirowane barwami narodowymi.<\/figcaption><\/figure>\n\n\n\n<figure class=\"wp-block-image size-large\"><a href=\"https:\/\/mdkoswiecim.pl\/wp-content\/uploads\/2023\/11\/20231107_144912_HDR-scaled.jpg\"><img loading=\"lazy\" decoding=\"async\" width=\"768\" height=\"1024\" data-id=\"17891\" src=\"https:\/\/mdkoswiecim.pl\/wp-content\/uploads\/2023\/11\/20231107_144912_HDR-768x1024.jpg\" alt=\"\" class=\"wp-image-17891\" srcset=\"https:\/\/mdkoswiecim.pl\/wp-content\/uploads\/2023\/11\/20231107_144912_HDR-768x1024.jpg 768w, https:\/\/mdkoswiecim.pl\/wp-content\/uploads\/2023\/11\/20231107_144912_HDR-225x300.jpg 225w, https:\/\/mdkoswiecim.pl\/wp-content\/uploads\/2023\/11\/20231107_144912_HDR-1152x1536.jpg 1152w, https:\/\/mdkoswiecim.pl\/wp-content\/uploads\/2023\/11\/20231107_144912_HDR-1536x2048.jpg 1536w, https:\/\/mdkoswiecim.pl\/wp-content\/uploads\/2023\/11\/20231107_144912_HDR-scaled.jpg 1920w\" sizes=\"auto, (max-width: 768px) 100vw, 768px\" \/><\/a><\/figure>\n\n\n\n<figure class=\"wp-block-image size-large\"><a href=\"https:\/\/mdkoswiecim.pl\/wp-content\/uploads\/2023\/11\/20231107_144918_HDR-scaled.jpg\"><img loading=\"lazy\" decoding=\"async\" width=\"768\" height=\"1024\" data-id=\"17892\" src=\"https:\/\/mdkoswiecim.pl\/wp-content\/uploads\/2023\/11\/20231107_144918_HDR-768x1024.jpg\" alt=\"\" class=\"wp-image-17892\" srcset=\"https:\/\/mdkoswiecim.pl\/wp-content\/uploads\/2023\/11\/20231107_144918_HDR-768x1024.jpg 768w, https:\/\/mdkoswiecim.pl\/wp-content\/uploads\/2023\/11\/20231107_144918_HDR-225x300.jpg 225w, https:\/\/mdkoswiecim.pl\/wp-content\/uploads\/2023\/11\/20231107_144918_HDR-1152x1536.jpg 1152w, https:\/\/mdkoswiecim.pl\/wp-content\/uploads\/2023\/11\/20231107_144918_HDR-1536x2048.jpg 1536w, https:\/\/mdkoswiecim.pl\/wp-content\/uploads\/2023\/11\/20231107_144918_HDR-scaled.jpg 1920w\" sizes=\"auto, (max-width: 768px) 100vw, 768px\" \/><\/a><\/figure>\n\n\n\n<figure class=\"wp-block-image size-large\"><a href=\"https:\/\/mdkoswiecim.pl\/wp-content\/uploads\/2023\/11\/20231107_150818-scaled.jpg\"><img loading=\"lazy\" decoding=\"async\" width=\"768\" height=\"1024\" data-id=\"17894\" src=\"https:\/\/mdkoswiecim.pl\/wp-content\/uploads\/2023\/11\/20231107_150818-768x1024.jpg\" alt=\"\" class=\"wp-image-17894\" srcset=\"https:\/\/mdkoswiecim.pl\/wp-content\/uploads\/2023\/11\/20231107_150818-768x1024.jpg 768w, https:\/\/mdkoswiecim.pl\/wp-content\/uploads\/2023\/11\/20231107_150818-225x300.jpg 225w, https:\/\/mdkoswiecim.pl\/wp-content\/uploads\/2023\/11\/20231107_150818-1152x1536.jpg 1152w, https:\/\/mdkoswiecim.pl\/wp-content\/uploads\/2023\/11\/20231107_150818-1536x2048.jpg 1536w, https:\/\/mdkoswiecim.pl\/wp-content\/uploads\/2023\/11\/20231107_150818-scaled.jpg 1920w\" sizes=\"auto, (max-width: 768px) 100vw, 768px\" \/><\/a><\/figure>\n\n\n\n<figure class=\"wp-block-image size-large\"><a href=\"https:\/\/mdkoswiecim.pl\/wp-content\/uploads\/2023\/11\/2-scaled.jpg\"><img loading=\"lazy\" decoding=\"async\" width=\"1024\" height=\"483\" data-id=\"17893\" src=\"https:\/\/mdkoswiecim.pl\/wp-content\/uploads\/2023\/11\/2-1024x483.jpg\" alt=\"\" class=\"wp-image-17893\" srcset=\"https:\/\/mdkoswiecim.pl\/wp-content\/uploads\/2023\/11\/2-1024x483.jpg 1024w, https:\/\/mdkoswiecim.pl\/wp-content\/uploads\/2023\/11\/2-300x142.jpg 300w, https:\/\/mdkoswiecim.pl\/wp-content\/uploads\/2023\/11\/2-768x362.jpg 768w, https:\/\/mdkoswiecim.pl\/wp-content\/uploads\/2023\/11\/2-1536x725.jpg 1536w, https:\/\/mdkoswiecim.pl\/wp-content\/uploads\/2023\/11\/2-2048x966.jpg 2048w\" sizes=\"auto, (max-width: 1024px) 100vw, 1024px\" \/><\/a><\/figure>\n\n\n\n<figure class=\"wp-block-image size-large\"><a href=\"https:\/\/mdkoswiecim.pl\/wp-content\/uploads\/2023\/11\/20231106_151107-scaled.jpg\"><img loading=\"lazy\" decoding=\"async\" width=\"1024\" height=\"768\" data-id=\"17903\" src=\"https:\/\/mdkoswiecim.pl\/wp-content\/uploads\/2023\/11\/20231106_151107-1024x768.jpg\" alt=\"\" class=\"wp-image-17903\" srcset=\"https:\/\/mdkoswiecim.pl\/wp-content\/uploads\/2023\/11\/20231106_151107-1024x768.jpg 1024w, https:\/\/mdkoswiecim.pl\/wp-content\/uploads\/2023\/11\/20231106_151107-300x225.jpg 300w, https:\/\/mdkoswiecim.pl\/wp-content\/uploads\/2023\/11\/20231106_151107-768x576.jpg 768w, https:\/\/mdkoswiecim.pl\/wp-content\/uploads\/2023\/11\/20231106_151107-1536x1152.jpg 1536w, https:\/\/mdkoswiecim.pl\/wp-content\/uploads\/2023\/11\/20231106_151107-2048x1536.jpg 2048w\" sizes=\"auto, (max-width: 1024px) 100vw, 1024px\" \/><\/a><\/figure>\n<\/figure>\n","protected":false},"excerpt":{"rendered":"<p>W tygodniu poprzedzaj\u0105cym \u015awi\u0119to Niepodleg\u0142o\u015bci, MDK wzi\u0119\u0142o udzia\u0142 w akcji organizowanej przez MEiN pod has\u0142em &#8220;Szko\u0142a Pami\u0119ta&#8221;. Przedstawiamy kilka przyk\u0142ad\u00f3w dzia\u0142a\u0144 podj\u0119tych przez naszych nauczycieli razem z uczniami w ramach tej akcji.<\/p>\n","protected":false},"author":2,"featured_media":17895,"comment_status":"closed","ping_status":"closed","sticky":false,"template":"","format":"standard","meta":{"footnotes":""},"categories":[108],"tags":[],"class_list":["post-17885","post","type-post","status-publish","format-standard","has-post-thumbnail","hentry","category-aktualnosci"],"yoast_head":"<!-- This site is optimized with the Yoast SEO plugin v16.1.1 - https:\/\/yoast.com\/wordpress\/plugins\/seo\/ -->\n<title>MDK w akcji MEiN &quot;Szko\u0142a Pami\u0119ta&quot;. - MDK<\/title>\n<link rel=\"canonical\" href=\"https:\/\/mdkoswiecim.pl\/index.php\/2023\/11\/13\/mdk-w-akcji-mein-szkola-pamieta\/\" \/>\n<meta property=\"og:locale\" content=\"pl_PL\" \/>\n<meta property=\"og:type\" content=\"article\" \/>\n<meta property=\"og:title\" content=\"MDK w akcji MEiN &quot;Szko\u0142a Pami\u0119ta&quot;. - MDK\" \/>\n<meta property=\"og:description\" content=\"W tygodniu poprzedzaj\u0105cym \u015awi\u0119to Niepodleg\u0142o\u015bci, MDK wzi\u0119\u0142o udzia\u0142 w akcji organizowanej przez MEiN pod has\u0142em &#8220;Szko\u0142a Pami\u0119ta&#8221;. Przedstawiamy kilka przyk\u0142ad\u00f3w dzia\u0142a\u0144 podj\u0119tych przez naszych nauczycieli razem z uczniami w ramach tej akcji.\" \/>\n<meta property=\"og:url\" content=\"https:\/\/mdkoswiecim.pl\/index.php\/2023\/11\/13\/mdk-w-akcji-mein-szkola-pamieta\/\" \/>\n<meta property=\"og:site_name\" content=\"MDK\" \/>\n<meta property=\"article:published_time\" content=\"2023-11-13T13:24:52+00:00\" \/>\n<meta property=\"article:modified_time\" content=\"2023-11-13T13:24:53+00:00\" \/>\n<meta property=\"og:image\" content=\"https:\/\/mdkoswiecim.pl\/wp-content\/uploads\/2023\/11\/399755342_1982314222131713_3918125584303907947_n.jpg\" \/>\n\t<meta property=\"og:image:width\" content=\"1024\" \/>\n\t<meta property=\"og:image:height\" content=\"768\" \/>\n<meta name=\"twitter:card\" content=\"summary_large_image\" \/>\n<meta name=\"twitter:label1\" content=\"Szacowany czas czytania\">\n\t<meta name=\"twitter:data1\" content=\"3 minuty\">\n<script type=\"application\/ld+json\" class=\"yoast-schema-graph\">{\"@context\":\"https:\/\/schema.org\",\"@graph\":[{\"@type\":\"WebSite\",\"@id\":\"https:\/\/mdkoswiecim.pl\/#website\",\"url\":\"https:\/\/mdkoswiecim.pl\/\",\"name\":\"MDK\",\"description\":\"M\\u0142odzie\\u017cowy Dom Kultury w O\\u015bwi\\u0119cimiu\",\"potentialAction\":[{\"@type\":\"SearchAction\",\"target\":\"https:\/\/mdkoswiecim.pl\/?s={search_term_string}\",\"query-input\":\"required name=search_term_string\"}],\"inLanguage\":\"pl-PL\"},{\"@type\":\"ImageObject\",\"@id\":\"https:\/\/mdkoswiecim.pl\/index.php\/2023\/11\/13\/mdk-w-akcji-mein-szkola-pamieta\/#primaryimage\",\"inLanguage\":\"pl-PL\",\"url\":\"https:\/\/mdkoswiecim.pl\/wp-content\/uploads\/2023\/11\/399755342_1982314222131713_3918125584303907947_n.jpg\",\"contentUrl\":\"https:\/\/mdkoswiecim.pl\/wp-content\/uploads\/2023\/11\/399755342_1982314222131713_3918125584303907947_n.jpg\",\"width\":1024,\"height\":768},{\"@type\":\"WebPage\",\"@id\":\"https:\/\/mdkoswiecim.pl\/index.php\/2023\/11\/13\/mdk-w-akcji-mein-szkola-pamieta\/#webpage\",\"url\":\"https:\/\/mdkoswiecim.pl\/index.php\/2023\/11\/13\/mdk-w-akcji-mein-szkola-pamieta\/\",\"name\":\"MDK w akcji MEiN \\\"Szko\\u0142a Pami\\u0119ta\\\". - MDK\",\"isPartOf\":{\"@id\":\"https:\/\/mdkoswiecim.pl\/#website\"},\"primaryImageOfPage\":{\"@id\":\"https:\/\/mdkoswiecim.pl\/index.php\/2023\/11\/13\/mdk-w-akcji-mein-szkola-pamieta\/#primaryimage\"},\"datePublished\":\"2023-11-13T13:24:52+00:00\",\"dateModified\":\"2023-11-13T13:24:53+00:00\",\"author\":{\"@id\":\"https:\/\/mdkoswiecim.pl\/#\/schema\/person\/de4e1c3f9f9805d4834a83cd933e83a4\"},\"breadcrumb\":{\"@id\":\"https:\/\/mdkoswiecim.pl\/index.php\/2023\/11\/13\/mdk-w-akcji-mein-szkola-pamieta\/#breadcrumb\"},\"inLanguage\":\"pl-PL\",\"potentialAction\":[{\"@type\":\"ReadAction\",\"target\":[\"https:\/\/mdkoswiecim.pl\/index.php\/2023\/11\/13\/mdk-w-akcji-mein-szkola-pamieta\/\"]}]},{\"@type\":\"BreadcrumbList\",\"@id\":\"https:\/\/mdkoswiecim.pl\/index.php\/2023\/11\/13\/mdk-w-akcji-mein-szkola-pamieta\/#breadcrumb\",\"itemListElement\":[{\"@type\":\"ListItem\",\"position\":1,\"item\":{\"@type\":\"WebPage\",\"@id\":\"https:\/\/mdkoswiecim.pl\/\",\"url\":\"https:\/\/mdkoswiecim.pl\/\",\"name\":\"Strona g\\u0142\\u00f3wna\"}},{\"@type\":\"ListItem\",\"position\":2,\"item\":{\"@type\":\"WebPage\",\"@id\":\"https:\/\/mdkoswiecim.pl\/index.php\/2023\/11\/13\/mdk-w-akcji-mein-szkola-pamieta\/\",\"url\":\"https:\/\/mdkoswiecim.pl\/index.php\/2023\/11\/13\/mdk-w-akcji-mein-szkola-pamieta\/\",\"name\":\"MDK w akcji MEiN &#8220;Szko\\u0142a Pami\\u0119ta&#8221;.\"}}]},{\"@type\":\"Person\",\"@id\":\"https:\/\/mdkoswiecim.pl\/#\/schema\/person\/de4e1c3f9f9805d4834a83cd933e83a4\",\"name\":\"janusz.majcherek\",\"image\":{\"@type\":\"ImageObject\",\"@id\":\"https:\/\/mdkoswiecim.pl\/#personlogo\",\"inLanguage\":\"pl-PL\",\"url\":\"https:\/\/secure.gravatar.com\/avatar\/841ee0bdfc0ec9800cdb49de086063cd2bdca44d52221b7fee4d6a2db5eafb17?s=96&d=mm&r=g\",\"contentUrl\":\"https:\/\/secure.gravatar.com\/avatar\/841ee0bdfc0ec9800cdb49de086063cd2bdca44d52221b7fee4d6a2db5eafb17?s=96&d=mm&r=g\",\"caption\":\"janusz.majcherek\"}}]}<\/script>\n<!-- \/ Yoast SEO plugin. -->","_links":{"self":[{"href":"https:\/\/mdkoswiecim.pl\/index.php\/wp-json\/wp\/v2\/posts\/17885","targetHints":{"allow":["GET"]}}],"collection":[{"href":"https:\/\/mdkoswiecim.pl\/index.php\/wp-json\/wp\/v2\/posts"}],"about":[{"href":"https:\/\/mdkoswiecim.pl\/index.php\/wp-json\/wp\/v2\/types\/post"}],"author":[{"embeddable":true,"href":"https:\/\/mdkoswiecim.pl\/index.php\/wp-json\/wp\/v2\/users\/2"}],"replies":[{"embeddable":true,"href":"https:\/\/mdkoswiecim.pl\/index.php\/wp-json\/wp\/v2\/comments?post=17885"}],"version-history":[{"count":1,"href":"https:\/\/mdkoswiecim.pl\/index.php\/wp-json\/wp\/v2\/posts\/17885\/revisions"}],"predecessor-version":[{"id":17904,"href":"https:\/\/mdkoswiecim.pl\/index.php\/wp-json\/wp\/v2\/posts\/17885\/revisions\/17904"}],"wp:featuredmedia":[{"embeddable":true,"href":"https:\/\/mdkoswiecim.pl\/index.php\/wp-json\/wp\/v2\/media\/17895"}],"wp:attachment":[{"href":"https:\/\/mdkoswiecim.pl\/index.php\/wp-json\/wp\/v2\/media?parent=17885"}],"wp:term":[{"taxonomy":"category","embeddable":true,"href":"https:\/\/mdkoswiecim.pl\/index.php\/wp-json\/wp\/v2\/categories?post=17885"},{"taxonomy":"post_tag","embeddable":true,"href":"https:\/\/mdkoswiecim.pl\/index.php\/wp-json\/wp\/v2\/tags?post=17885"}],"curies":[{"name":"wp","href":"https:\/\/api.w.org\/{rel}","templated":true}]}}