{"id":17866,"date":"2023-10-30T14:11:56","date_gmt":"2023-10-30T13:11:56","guid":{"rendered":"https:\/\/mdkoswiecim.pl\/?p=17866"},"modified":"2023-10-30T14:17:59","modified_gmt":"2023-10-30T13:17:59","slug":"vii-powiatowy-konkurs-piesni-patriotycznej-wyniki","status":"publish","type":"post","link":"https:\/\/mdkoswiecim.pl\/index.php\/2023\/10\/30\/vii-powiatowy-konkurs-piesni-patriotycznej-wyniki\/","title":{"rendered":"VII Powiatowy Konkurs Pie\u015bni Patriotycznej &#8211; wyniki."},"content":{"rendered":"\n<p>W czwartek 26 pa\u017adziernika w M\u0142odzie\u017cowej Piwnicy Artystycznej MDK odby\u0142y si\u0119 przes\u0142uchania w VII Powiatowym Konkursie Pie\u015bni Patriotycznej. Wr\u0119czenie nagr\u00f3d odb\u0119dzie si\u0119 8 listopada w O\u015bwi\u0119cimskim Centrum Kultury podczas Gali &#8220;Niepodleg\u0142a&#8221; o g 11:00.  Jury w sk\u0142adzie: Katarzyna Wojciechowska, Kamila Sibik i Janusz Majcherek przyzna\u0142o nagrody i wyr\u00f3\u017cnienia w dw\u00f3ch kategoriach:<\/p>\n\n\n\n<p><strong>KAT. I &#8211;  klasy 7 i 8 sp. <\/strong><\/p>\n\n\n\n<p>I Miejsce &#8211; duet Sophia Karolczak, Lena Krakowczyk &#8211; ODK Zasole<\/p>\n\n\n\n<p>II Miejsce &#8211; Patrycja Pasterak &#8211; SP 9<\/p>\n\n\n\n<p><strong>KAT. II &#8211; szko\u0142y \u015brednie<\/strong><\/p>\n\n\n\n<p>I Miejsce &#8211; Milena Mynarska &#8211; PZ 9<\/p>\n\n\n\n<p>II Miejsce &#8211; Emila Cichy &#8211; PZ 1<\/p>\n\n\n\n<p>III Miejsce &#8211; Aleksandra Chrapek &#8211; ODK Zasole<\/p>\n\n\n\n<p>Wyr\u00f3\u017cnienia:<\/p>\n\n\n\n<p> Zofia Krupa &#8211; PZ 1<\/p>\n\n\n\n<p> Tatiana Ignaczak &#8211; ODK Zasole <\/p>\n\n\n\n<p>Serdecznie Gratulujemy. <\/p>\n\n\n\n<figure class=\"wp-block-gallery has-nested-images columns-default is-cropped wp-block-gallery-1 is-layout-flex wp-block-gallery-is-layout-flex\">\n<figure class=\"wp-block-image size-large\"><img loading=\"lazy\" decoding=\"async\" width=\"1024\" height=\"768\" data-id=\"17867\" src=\"https:\/\/mdkoswiecim.pl\/wp-content\/uploads\/2023\/10\/363579116_1029394894871741_4049821066662319402_n-1024x768.jpg\" alt=\"\" class=\"wp-image-17867\" srcset=\"https:\/\/mdkoswiecim.pl\/wp-content\/uploads\/2023\/10\/363579116_1029394894871741_4049821066662319402_n-1024x768.jpg 1024w, https:\/\/mdkoswiecim.pl\/wp-content\/uploads\/2023\/10\/363579116_1029394894871741_4049821066662319402_n-300x225.jpg 300w, https:\/\/mdkoswiecim.pl\/wp-content\/uploads\/2023\/10\/363579116_1029394894871741_4049821066662319402_n-768x576.jpg 768w, https:\/\/mdkoswiecim.pl\/wp-content\/uploads\/2023\/10\/363579116_1029394894871741_4049821066662319402_n-1536x1152.jpg 1536w, https:\/\/mdkoswiecim.pl\/wp-content\/uploads\/2023\/10\/363579116_1029394894871741_4049821066662319402_n.jpg 2048w\" sizes=\"auto, (max-width: 1024px) 100vw, 1024px\" \/><\/figure>\n\n\n\n<figure class=\"wp-block-image size-large\"><img loading=\"lazy\" decoding=\"async\" width=\"768\" height=\"1024\" data-id=\"17868\" src=\"https:\/\/mdkoswiecim.pl\/wp-content\/uploads\/2023\/10\/396574069_947057360086767_5945691881952484564_n-768x1024.jpg\" alt=\"\" class=\"wp-image-17868\" srcset=\"https:\/\/mdkoswiecim.pl\/wp-content\/uploads\/2023\/10\/396574069_947057360086767_5945691881952484564_n-768x1024.jpg 768w, https:\/\/mdkoswiecim.pl\/wp-content\/uploads\/2023\/10\/396574069_947057360086767_5945691881952484564_n-225x300.jpg 225w, https:\/\/mdkoswiecim.pl\/wp-content\/uploads\/2023\/10\/396574069_947057360086767_5945691881952484564_n-1152x1536.jpg 1152w, https:\/\/mdkoswiecim.pl\/wp-content\/uploads\/2023\/10\/396574069_947057360086767_5945691881952484564_n.jpg 1536w\" sizes=\"auto, (max-width: 768px) 100vw, 768px\" \/><\/figure>\n\n\n\n<figure class=\"wp-block-image size-large\"><img loading=\"lazy\" decoding=\"async\" width=\"768\" height=\"1024\" data-id=\"17869\" src=\"https:\/\/mdkoswiecim.pl\/wp-content\/uploads\/2023\/10\/368072401_267875712914501_3401668309975068573_n-768x1024.jpg\" alt=\"\" class=\"wp-image-17869\" srcset=\"https:\/\/mdkoswiecim.pl\/wp-content\/uploads\/2023\/10\/368072401_267875712914501_3401668309975068573_n-768x1024.jpg 768w, https:\/\/mdkoswiecim.pl\/wp-content\/uploads\/2023\/10\/368072401_267875712914501_3401668309975068573_n-225x300.jpg 225w, https:\/\/mdkoswiecim.pl\/wp-content\/uploads\/2023\/10\/368072401_267875712914501_3401668309975068573_n-1152x1536.jpg 1152w, https:\/\/mdkoswiecim.pl\/wp-content\/uploads\/2023\/10\/368072401_267875712914501_3401668309975068573_n.jpg 1536w\" sizes=\"auto, (max-width: 768px) 100vw, 768px\" \/><\/figure>\n\n\n\n<figure class=\"wp-block-image size-large\"><img loading=\"lazy\" decoding=\"async\" width=\"768\" height=\"1024\" data-id=\"17871\" src=\"https:\/\/mdkoswiecim.pl\/wp-content\/uploads\/2023\/10\/394253113_6279044475534584_6741282106324728587_n-768x1024.jpg\" alt=\"\" class=\"wp-image-17871\" srcset=\"https:\/\/mdkoswiecim.pl\/wp-content\/uploads\/2023\/10\/394253113_6279044475534584_6741282106324728587_n-768x1024.jpg 768w, https:\/\/mdkoswiecim.pl\/wp-content\/uploads\/2023\/10\/394253113_6279044475534584_6741282106324728587_n-225x300.jpg 225w, https:\/\/mdkoswiecim.pl\/wp-content\/uploads\/2023\/10\/394253113_6279044475534584_6741282106324728587_n-1152x1536.jpg 1152w, https:\/\/mdkoswiecim.pl\/wp-content\/uploads\/2023\/10\/394253113_6279044475534584_6741282106324728587_n.jpg 1536w\" sizes=\"auto, (max-width: 768px) 100vw, 768px\" \/><\/figure>\n\n\n\n<figure class=\"wp-block-image size-large\"><img loading=\"lazy\" decoding=\"async\" width=\"768\" height=\"1024\" data-id=\"17872\" src=\"https:\/\/mdkoswiecim.pl\/wp-content\/uploads\/2023\/10\/366794429_222453824188124_7199519707899604119_n-768x1024.jpg\" alt=\"\" class=\"wp-image-17872\" srcset=\"https:\/\/mdkoswiecim.pl\/wp-content\/uploads\/2023\/10\/366794429_222453824188124_7199519707899604119_n-768x1024.jpg 768w, https:\/\/mdkoswiecim.pl\/wp-content\/uploads\/2023\/10\/366794429_222453824188124_7199519707899604119_n-225x300.jpg 225w, https:\/\/mdkoswiecim.pl\/wp-content\/uploads\/2023\/10\/366794429_222453824188124_7199519707899604119_n-1152x1536.jpg 1152w, https:\/\/mdkoswiecim.pl\/wp-content\/uploads\/2023\/10\/366794429_222453824188124_7199519707899604119_n.jpg 1536w\" sizes=\"auto, (max-width: 768px) 100vw, 768px\" \/><\/figure>\n\n\n\n<figure class=\"wp-block-image size-large\"><img loading=\"lazy\" decoding=\"async\" width=\"768\" height=\"1024\" data-id=\"17873\" src=\"https:\/\/mdkoswiecim.pl\/wp-content\/uploads\/2023\/10\/371544329_765494958746456_1663291269833217444_n-768x1024.jpg\" alt=\"\" class=\"wp-image-17873\" srcset=\"https:\/\/mdkoswiecim.pl\/wp-content\/uploads\/2023\/10\/371544329_765494958746456_1663291269833217444_n-768x1024.jpg 768w, https:\/\/mdkoswiecim.pl\/wp-content\/uploads\/2023\/10\/371544329_765494958746456_1663291269833217444_n-225x300.jpg 225w, https:\/\/mdkoswiecim.pl\/wp-content\/uploads\/2023\/10\/371544329_765494958746456_1663291269833217444_n-1152x1536.jpg 1152w, https:\/\/mdkoswiecim.pl\/wp-content\/uploads\/2023\/10\/371544329_765494958746456_1663291269833217444_n.jpg 1536w\" sizes=\"auto, (max-width: 768px) 100vw, 768px\" \/><\/figure>\n<\/figure>\n","protected":false},"excerpt":{"rendered":"<p>W czwartek 26 pa\u017adziernika w M\u0142odzie\u017cowej Piwnicy Artystycznej MDK odby\u0142y si\u0119 przes\u0142uchania w VII Powiatowym Konkursie Pie\u015bni Patriotycznej. Wr\u0119czenie nagr\u00f3d odb\u0119dzie si\u0119 8 listopada w O\u015bwi\u0119cimskim Centrum Kultury podczas Gali &#8220;Niepodleg\u0142a&#8221; o g 11:00. Jury w sk\u0142adzie: Katarzyna Wojciechowska, Kamila Sibik i Janusz Majcherek przyzna\u0142o nagrody i wyr\u00f3\u017cnienia w dw\u00f3ch kategoriach: KAT. I &#8211; klasy [&hellip;]<\/p>\n","protected":false},"author":2,"featured_media":17867,"comment_status":"closed","ping_status":"closed","sticky":false,"template":"","format":"standard","meta":{"footnotes":""},"categories":[107,108],"tags":[],"class_list":["post-17866","post","type-post","status-publish","format-standard","has-post-thumbnail","hentry","category-konkursy","category-aktualnosci"],"yoast_head":"<!-- This site is optimized with the Yoast SEO plugin v16.1.1 - https:\/\/yoast.com\/wordpress\/plugins\/seo\/ -->\n<title>VII Powiatowy Konkurs Pie\u015bni Patriotycznej - wyniki. - MDK<\/title>\n<link rel=\"canonical\" href=\"https:\/\/mdkoswiecim.pl\/index.php\/2023\/10\/30\/vii-powiatowy-konkurs-piesni-patriotycznej-wyniki\/\" \/>\n<meta property=\"og:locale\" content=\"pl_PL\" \/>\n<meta property=\"og:type\" content=\"article\" \/>\n<meta property=\"og:title\" content=\"VII Powiatowy Konkurs Pie\u015bni Patriotycznej - wyniki. - MDK\" \/>\n<meta property=\"og:description\" content=\"W czwartek 26 pa\u017adziernika w M\u0142odzie\u017cowej Piwnicy Artystycznej MDK odby\u0142y si\u0119 przes\u0142uchania w VII Powiatowym Konkursie Pie\u015bni Patriotycznej. Wr\u0119czenie nagr\u00f3d odb\u0119dzie si\u0119 8 listopada w O\u015bwi\u0119cimskim Centrum Kultury podczas Gali &#8220;Niepodleg\u0142a&#8221; o g 11:00. Jury w sk\u0142adzie: Katarzyna Wojciechowska, Kamila Sibik i Janusz Majcherek przyzna\u0142o nagrody i wyr\u00f3\u017cnienia w dw\u00f3ch kategoriach: KAT. I &#8211; klasy [&hellip;]\" \/>\n<meta property=\"og:url\" content=\"https:\/\/mdkoswiecim.pl\/index.php\/2023\/10\/30\/vii-powiatowy-konkurs-piesni-patriotycznej-wyniki\/\" \/>\n<meta property=\"og:site_name\" content=\"MDK\" \/>\n<meta property=\"article:published_time\" content=\"2023-10-30T13:11:56+00:00\" \/>\n<meta property=\"article:modified_time\" content=\"2023-10-30T13:17:59+00:00\" \/>\n<meta property=\"og:image\" content=\"https:\/\/mdkoswiecim.pl\/wp-content\/uploads\/2023\/10\/363579116_1029394894871741_4049821066662319402_n.jpg\" \/>\n\t<meta property=\"og:image:width\" content=\"2048\" \/>\n\t<meta property=\"og:image:height\" content=\"1536\" \/>\n<meta name=\"twitter:card\" content=\"summary_large_image\" \/>\n<meta name=\"twitter:label1\" content=\"Szacowany czas czytania\">\n\t<meta name=\"twitter:data1\" content=\"2 minuty\">\n<script type=\"application\/ld+json\" class=\"yoast-schema-graph\">{\"@context\":\"https:\/\/schema.org\",\"@graph\":[{\"@type\":\"WebSite\",\"@id\":\"https:\/\/mdkoswiecim.pl\/#website\",\"url\":\"https:\/\/mdkoswiecim.pl\/\",\"name\":\"MDK\",\"description\":\"M\\u0142odzie\\u017cowy Dom Kultury w O\\u015bwi\\u0119cimiu\",\"potentialAction\":[{\"@type\":\"SearchAction\",\"target\":\"https:\/\/mdkoswiecim.pl\/?s={search_term_string}\",\"query-input\":\"required name=search_term_string\"}],\"inLanguage\":\"pl-PL\"},{\"@type\":\"ImageObject\",\"@id\":\"https:\/\/mdkoswiecim.pl\/index.php\/2023\/10\/30\/vii-powiatowy-konkurs-piesni-patriotycznej-wyniki\/#primaryimage\",\"inLanguage\":\"pl-PL\",\"url\":\"https:\/\/mdkoswiecim.pl\/wp-content\/uploads\/2023\/10\/363579116_1029394894871741_4049821066662319402_n.jpg\",\"contentUrl\":\"https:\/\/mdkoswiecim.pl\/wp-content\/uploads\/2023\/10\/363579116_1029394894871741_4049821066662319402_n.jpg\",\"width\":2048,\"height\":1536},{\"@type\":\"WebPage\",\"@id\":\"https:\/\/mdkoswiecim.pl\/index.php\/2023\/10\/30\/vii-powiatowy-konkurs-piesni-patriotycznej-wyniki\/#webpage\",\"url\":\"https:\/\/mdkoswiecim.pl\/index.php\/2023\/10\/30\/vii-powiatowy-konkurs-piesni-patriotycznej-wyniki\/\",\"name\":\"VII Powiatowy Konkurs Pie\\u015bni Patriotycznej - wyniki. - MDK\",\"isPartOf\":{\"@id\":\"https:\/\/mdkoswiecim.pl\/#website\"},\"primaryImageOfPage\":{\"@id\":\"https:\/\/mdkoswiecim.pl\/index.php\/2023\/10\/30\/vii-powiatowy-konkurs-piesni-patriotycznej-wyniki\/#primaryimage\"},\"datePublished\":\"2023-10-30T13:11:56+00:00\",\"dateModified\":\"2023-10-30T13:17:59+00:00\",\"author\":{\"@id\":\"https:\/\/mdkoswiecim.pl\/#\/schema\/person\/de4e1c3f9f9805d4834a83cd933e83a4\"},\"breadcrumb\":{\"@id\":\"https:\/\/mdkoswiecim.pl\/index.php\/2023\/10\/30\/vii-powiatowy-konkurs-piesni-patriotycznej-wyniki\/#breadcrumb\"},\"inLanguage\":\"pl-PL\",\"potentialAction\":[{\"@type\":\"ReadAction\",\"target\":[\"https:\/\/mdkoswiecim.pl\/index.php\/2023\/10\/30\/vii-powiatowy-konkurs-piesni-patriotycznej-wyniki\/\"]}]},{\"@type\":\"BreadcrumbList\",\"@id\":\"https:\/\/mdkoswiecim.pl\/index.php\/2023\/10\/30\/vii-powiatowy-konkurs-piesni-patriotycznej-wyniki\/#breadcrumb\",\"itemListElement\":[{\"@type\":\"ListItem\",\"position\":1,\"item\":{\"@type\":\"WebPage\",\"@id\":\"https:\/\/mdkoswiecim.pl\/\",\"url\":\"https:\/\/mdkoswiecim.pl\/\",\"name\":\"Strona g\\u0142\\u00f3wna\"}},{\"@type\":\"ListItem\",\"position\":2,\"item\":{\"@type\":\"WebPage\",\"@id\":\"https:\/\/mdkoswiecim.pl\/index.php\/2023\/10\/30\/vii-powiatowy-konkurs-piesni-patriotycznej-wyniki\/\",\"url\":\"https:\/\/mdkoswiecim.pl\/index.php\/2023\/10\/30\/vii-powiatowy-konkurs-piesni-patriotycznej-wyniki\/\",\"name\":\"VII Powiatowy Konkurs Pie\\u015bni Patriotycznej &#8211; wyniki.\"}}]},{\"@type\":\"Person\",\"@id\":\"https:\/\/mdkoswiecim.pl\/#\/schema\/person\/de4e1c3f9f9805d4834a83cd933e83a4\",\"name\":\"janusz.majcherek\",\"image\":{\"@type\":\"ImageObject\",\"@id\":\"https:\/\/mdkoswiecim.pl\/#personlogo\",\"inLanguage\":\"pl-PL\",\"url\":\"https:\/\/secure.gravatar.com\/avatar\/841ee0bdfc0ec9800cdb49de086063cd2bdca44d52221b7fee4d6a2db5eafb17?s=96&d=mm&r=g\",\"contentUrl\":\"https:\/\/secure.gravatar.com\/avatar\/841ee0bdfc0ec9800cdb49de086063cd2bdca44d52221b7fee4d6a2db5eafb17?s=96&d=mm&r=g\",\"caption\":\"janusz.majcherek\"}}]}<\/script>\n<!-- \/ Yoast SEO plugin. -->","_links":{"self":[{"href":"https:\/\/mdkoswiecim.pl\/index.php\/wp-json\/wp\/v2\/posts\/17866","targetHints":{"allow":["GET"]}}],"collection":[{"href":"https:\/\/mdkoswiecim.pl\/index.php\/wp-json\/wp\/v2\/posts"}],"about":[{"href":"https:\/\/mdkoswiecim.pl\/index.php\/wp-json\/wp\/v2\/types\/post"}],"author":[{"embeddable":true,"href":"https:\/\/mdkoswiecim.pl\/index.php\/wp-json\/wp\/v2\/users\/2"}],"replies":[{"embeddable":true,"href":"https:\/\/mdkoswiecim.pl\/index.php\/wp-json\/wp\/v2\/comments?post=17866"}],"version-history":[{"count":3,"href":"https:\/\/mdkoswiecim.pl\/index.php\/wp-json\/wp\/v2\/posts\/17866\/revisions"}],"predecessor-version":[{"id":17876,"href":"https:\/\/mdkoswiecim.pl\/index.php\/wp-json\/wp\/v2\/posts\/17866\/revisions\/17876"}],"wp:featuredmedia":[{"embeddable":true,"href":"https:\/\/mdkoswiecim.pl\/index.php\/wp-json\/wp\/v2\/media\/17867"}],"wp:attachment":[{"href":"https:\/\/mdkoswiecim.pl\/index.php\/wp-json\/wp\/v2\/media?parent=17866"}],"wp:term":[{"taxonomy":"category","embeddable":true,"href":"https:\/\/mdkoswiecim.pl\/index.php\/wp-json\/wp\/v2\/categories?post=17866"},{"taxonomy":"post_tag","embeddable":true,"href":"https:\/\/mdkoswiecim.pl\/index.php\/wp-json\/wp\/v2\/tags?post=17866"}],"curies":[{"name":"wp","href":"https:\/\/api.w.org\/{rel}","templated":true}]}}