{"id":17828,"date":"2023-10-16T13:58:46","date_gmt":"2023-10-16T11:58:46","guid":{"rendered":"https:\/\/mdkoswiecim.pl\/?p=17828"},"modified":"2023-10-16T13:58:47","modified_gmt":"2023-10-16T11:58:47","slug":"nasi-zawodnicy-z-sukcesem-w-turnieju-szachowym-w-imielinie","status":"publish","type":"post","link":"https:\/\/mdkoswiecim.pl\/index.php\/2023\/10\/16\/nasi-zawodnicy-z-sukcesem-w-turnieju-szachowym-w-imielinie\/","title":{"rendered":"Nasi zawodnicy z sukcesem w turnieju szachowym w Imielinie."},"content":{"rendered":"\n<p>7 pa\u017adziernika w Imielinie odby\u0142 si\u0119 XV Turniej Szachowy o Puchar Prezesa Akcji Katolickiej Archidiecezji Katowickiej. O\u015bwi\u0119cimski MDK reprezentowa\u0142o w nim 5 os\u00f3b. Znakomicie spisa\u0142 si\u0119 Maciej Daszkiewicz, kt\u00f3ry zwyci\u0119\u017cy\u0142 w kategorii do lat 19. Pozostali nasi podopieczni startuj\u0105cy w zawodach to: Maciej Jans, Natalia Gryze\u0142ko, Szymon Strumi\u0144ski oraz opiekun Tomasz Kantyka<\/p>\n\n\n\n<figure class=\"wp-block-gallery has-nested-images columns-default is-cropped wp-block-gallery-1 is-layout-flex wp-block-gallery-is-layout-flex\">\n<figure class=\"wp-block-image size-large\"><a href=\"https:\/\/mdkoswiecim.pl\/wp-content\/uploads\/2023\/10\/IMG-20231016-WA0012.jpg\"><img loading=\"lazy\" decoding=\"async\" width=\"1024\" height=\"768\" data-id=\"17829\" src=\"https:\/\/mdkoswiecim.pl\/wp-content\/uploads\/2023\/10\/IMG-20231016-WA0012-1024x768.jpg\" alt=\"\" class=\"wp-image-17829\" srcset=\"https:\/\/mdkoswiecim.pl\/wp-content\/uploads\/2023\/10\/IMG-20231016-WA0012-1024x768.jpg 1024w, https:\/\/mdkoswiecim.pl\/wp-content\/uploads\/2023\/10\/IMG-20231016-WA0012-300x225.jpg 300w, https:\/\/mdkoswiecim.pl\/wp-content\/uploads\/2023\/10\/IMG-20231016-WA0012-768x576.jpg 768w, https:\/\/mdkoswiecim.pl\/wp-content\/uploads\/2023\/10\/IMG-20231016-WA0012-1536x1152.jpg 1536w, https:\/\/mdkoswiecim.pl\/wp-content\/uploads\/2023\/10\/IMG-20231016-WA0012.jpg 1600w\" sizes=\"auto, (max-width: 1024px) 100vw, 1024px\" \/><\/a><\/figure>\n\n\n\n<figure class=\"wp-block-image size-large\"><a href=\"https:\/\/mdkoswiecim.pl\/wp-content\/uploads\/2023\/10\/IMG-20231016-WA0014.jpg\"><img loading=\"lazy\" decoding=\"async\" width=\"1024\" height=\"768\" data-id=\"17830\" src=\"https:\/\/mdkoswiecim.pl\/wp-content\/uploads\/2023\/10\/IMG-20231016-WA0014-1024x768.jpg\" alt=\"\" class=\"wp-image-17830\" srcset=\"https:\/\/mdkoswiecim.pl\/wp-content\/uploads\/2023\/10\/IMG-20231016-WA0014-1024x768.jpg 1024w, https:\/\/mdkoswiecim.pl\/wp-content\/uploads\/2023\/10\/IMG-20231016-WA0014-300x225.jpg 300w, https:\/\/mdkoswiecim.pl\/wp-content\/uploads\/2023\/10\/IMG-20231016-WA0014-768x576.jpg 768w, https:\/\/mdkoswiecim.pl\/wp-content\/uploads\/2023\/10\/IMG-20231016-WA0014-1536x1152.jpg 1536w, https:\/\/mdkoswiecim.pl\/wp-content\/uploads\/2023\/10\/IMG-20231016-WA0014.jpg 1600w\" sizes=\"auto, (max-width: 1024px) 100vw, 1024px\" \/><\/a><\/figure>\n\n\n\n<figure class=\"wp-block-image size-large\"><a href=\"https:\/\/mdkoswiecim.pl\/wp-content\/uploads\/2023\/10\/IMG-20231016-WA0004.jpg\"><img loading=\"lazy\" decoding=\"async\" width=\"1024\" height=\"768\" data-id=\"17831\" src=\"https:\/\/mdkoswiecim.pl\/wp-content\/uploads\/2023\/10\/IMG-20231016-WA0004-1024x768.jpg\" alt=\"\" class=\"wp-image-17831\" srcset=\"https:\/\/mdkoswiecim.pl\/wp-content\/uploads\/2023\/10\/IMG-20231016-WA0004-1024x768.jpg 1024w, https:\/\/mdkoswiecim.pl\/wp-content\/uploads\/2023\/10\/IMG-20231016-WA0004-300x225.jpg 300w, https:\/\/mdkoswiecim.pl\/wp-content\/uploads\/2023\/10\/IMG-20231016-WA0004-768x576.jpg 768w, https:\/\/mdkoswiecim.pl\/wp-content\/uploads\/2023\/10\/IMG-20231016-WA0004-1536x1152.jpg 1536w, https:\/\/mdkoswiecim.pl\/wp-content\/uploads\/2023\/10\/IMG-20231016-WA0004.jpg 1600w\" sizes=\"auto, (max-width: 1024px) 100vw, 1024px\" \/><\/a><\/figure>\n\n\n\n<figure class=\"wp-block-image size-large\"><a href=\"https:\/\/mdkoswiecim.pl\/wp-content\/uploads\/2023\/10\/IMG-20231016-WA0010.jpg\"><img loading=\"lazy\" decoding=\"async\" width=\"1024\" height=\"768\" data-id=\"17832\" src=\"https:\/\/mdkoswiecim.pl\/wp-content\/uploads\/2023\/10\/IMG-20231016-WA0010-1024x768.jpg\" alt=\"\" class=\"wp-image-17832\" srcset=\"https:\/\/mdkoswiecim.pl\/wp-content\/uploads\/2023\/10\/IMG-20231016-WA0010-1024x768.jpg 1024w, https:\/\/mdkoswiecim.pl\/wp-content\/uploads\/2023\/10\/IMG-20231016-WA0010-300x225.jpg 300w, https:\/\/mdkoswiecim.pl\/wp-content\/uploads\/2023\/10\/IMG-20231016-WA0010-768x576.jpg 768w, https:\/\/mdkoswiecim.pl\/wp-content\/uploads\/2023\/10\/IMG-20231016-WA0010.jpg 1436w\" sizes=\"auto, (max-width: 1024px) 100vw, 1024px\" \/><\/a><\/figure>\n\n\n\n<figure class=\"wp-block-image size-large\"><a href=\"https:\/\/mdkoswiecim.pl\/wp-content\/uploads\/2023\/10\/IMG-20231016-WA0006.jpg\"><img loading=\"lazy\" decoding=\"async\" width=\"768\" height=\"1024\" data-id=\"17834\" src=\"https:\/\/mdkoswiecim.pl\/wp-content\/uploads\/2023\/10\/IMG-20231016-WA0006-768x1024.jpg\" alt=\"\" class=\"wp-image-17834\" srcset=\"https:\/\/mdkoswiecim.pl\/wp-content\/uploads\/2023\/10\/IMG-20231016-WA0006-768x1024.jpg 768w, https:\/\/mdkoswiecim.pl\/wp-content\/uploads\/2023\/10\/IMG-20231016-WA0006-225x300.jpg 225w, https:\/\/mdkoswiecim.pl\/wp-content\/uploads\/2023\/10\/IMG-20231016-WA0006-1152x1536.jpg 1152w, https:\/\/mdkoswiecim.pl\/wp-content\/uploads\/2023\/10\/IMG-20231016-WA0006.jpg 1200w\" sizes=\"auto, (max-width: 768px) 100vw, 768px\" \/><\/a><\/figure>\n\n\n\n<figure class=\"wp-block-image size-large\"><a href=\"https:\/\/mdkoswiecim.pl\/wp-content\/uploads\/2023\/10\/IMG-20231016-WA0011.jpg\"><img loading=\"lazy\" decoding=\"async\" width=\"1024\" height=\"768\" data-id=\"17835\" src=\"https:\/\/mdkoswiecim.pl\/wp-content\/uploads\/2023\/10\/IMG-20231016-WA0011-1024x768.jpg\" alt=\"\" class=\"wp-image-17835\" srcset=\"https:\/\/mdkoswiecim.pl\/wp-content\/uploads\/2023\/10\/IMG-20231016-WA0011-1024x768.jpg 1024w, https:\/\/mdkoswiecim.pl\/wp-content\/uploads\/2023\/10\/IMG-20231016-WA0011-300x225.jpg 300w, https:\/\/mdkoswiecim.pl\/wp-content\/uploads\/2023\/10\/IMG-20231016-WA0011-768x576.jpg 768w, https:\/\/mdkoswiecim.pl\/wp-content\/uploads\/2023\/10\/IMG-20231016-WA0011-1536x1152.jpg 1536w, https:\/\/mdkoswiecim.pl\/wp-content\/uploads\/2023\/10\/IMG-20231016-WA0011.jpg 1600w\" sizes=\"auto, (max-width: 1024px) 100vw, 1024px\" \/><\/a><\/figure>\n\n\n\n<figure class=\"wp-block-image size-large\"><a href=\"https:\/\/mdkoswiecim.pl\/wp-content\/uploads\/2023\/10\/IMG-20231016-WA0013.jpg\"><img loading=\"lazy\" decoding=\"async\" width=\"1024\" height=\"768\" data-id=\"17840\" src=\"https:\/\/mdkoswiecim.pl\/wp-content\/uploads\/2023\/10\/IMG-20231016-WA0013-1024x768.jpg\" alt=\"\" class=\"wp-image-17840\" srcset=\"https:\/\/mdkoswiecim.pl\/wp-content\/uploads\/2023\/10\/IMG-20231016-WA0013-1024x768.jpg 1024w, https:\/\/mdkoswiecim.pl\/wp-content\/uploads\/2023\/10\/IMG-20231016-WA0013-300x225.jpg 300w, https:\/\/mdkoswiecim.pl\/wp-content\/uploads\/2023\/10\/IMG-20231016-WA0013-768x576.jpg 768w, https:\/\/mdkoswiecim.pl\/wp-content\/uploads\/2023\/10\/IMG-20231016-WA0013-1536x1152.jpg 1536w, https:\/\/mdkoswiecim.pl\/wp-content\/uploads\/2023\/10\/IMG-20231016-WA0013.jpg 1600w\" sizes=\"auto, (max-width: 1024px) 100vw, 1024px\" \/><\/a><\/figure>\n\n\n\n<figure class=\"wp-block-image size-large\"><a href=\"https:\/\/mdkoswiecim.pl\/wp-content\/uploads\/2023\/10\/IMG-20231016-WA0000.jpg\"><img loading=\"lazy\" decoding=\"async\" width=\"1024\" height=\"472\" data-id=\"17836\" src=\"https:\/\/mdkoswiecim.pl\/wp-content\/uploads\/2023\/10\/IMG-20231016-WA0000-1024x472.jpg\" alt=\"\" class=\"wp-image-17836\" srcset=\"https:\/\/mdkoswiecim.pl\/wp-content\/uploads\/2023\/10\/IMG-20231016-WA0000-1024x472.jpg 1024w, https:\/\/mdkoswiecim.pl\/wp-content\/uploads\/2023\/10\/IMG-20231016-WA0000-300x138.jpg 300w, https:\/\/mdkoswiecim.pl\/wp-content\/uploads\/2023\/10\/IMG-20231016-WA0000-768x354.jpg 768w, https:\/\/mdkoswiecim.pl\/wp-content\/uploads\/2023\/10\/IMG-20231016-WA0000-1536x708.jpg 1536w, https:\/\/mdkoswiecim.pl\/wp-content\/uploads\/2023\/10\/IMG-20231016-WA0000.jpg 1600w\" sizes=\"auto, (max-width: 1024px) 100vw, 1024px\" \/><\/a><\/figure>\n\n\n\n<figure class=\"wp-block-image size-large\"><a href=\"https:\/\/mdkoswiecim.pl\/wp-content\/uploads\/2023\/10\/IMG-20231016-WA0002.jpg\"><img loading=\"lazy\" decoding=\"async\" width=\"1024\" height=\"473\" data-id=\"17839\" src=\"https:\/\/mdkoswiecim.pl\/wp-content\/uploads\/2023\/10\/IMG-20231016-WA0002-1024x473.jpg\" alt=\"\" class=\"wp-image-17839\" srcset=\"https:\/\/mdkoswiecim.pl\/wp-content\/uploads\/2023\/10\/IMG-20231016-WA0002-1024x473.jpg 1024w, https:\/\/mdkoswiecim.pl\/wp-content\/uploads\/2023\/10\/IMG-20231016-WA0002-300x138.jpg 300w, https:\/\/mdkoswiecim.pl\/wp-content\/uploads\/2023\/10\/IMG-20231016-WA0002-768x354.jpg 768w, https:\/\/mdkoswiecim.pl\/wp-content\/uploads\/2023\/10\/IMG-20231016-WA0002-1536x709.jpg 1536w, https:\/\/mdkoswiecim.pl\/wp-content\/uploads\/2023\/10\/IMG-20231016-WA0002.jpg 1599w\" sizes=\"auto, (max-width: 1024px) 100vw, 1024px\" \/><\/a><\/figure>\n\n\n\n<figure class=\"wp-block-image size-large\"><a href=\"https:\/\/mdkoswiecim.pl\/wp-content\/uploads\/2023\/10\/IMG-20231016-WA0005.jpg\"><img loading=\"lazy\" decoding=\"async\" width=\"768\" height=\"1024\" data-id=\"17838\" src=\"https:\/\/mdkoswiecim.pl\/wp-content\/uploads\/2023\/10\/IMG-20231016-WA0005-768x1024.jpg\" alt=\"\" class=\"wp-image-17838\" srcset=\"https:\/\/mdkoswiecim.pl\/wp-content\/uploads\/2023\/10\/IMG-20231016-WA0005-768x1024.jpg 768w, https:\/\/mdkoswiecim.pl\/wp-content\/uploads\/2023\/10\/IMG-20231016-WA0005-225x300.jpg 225w, https:\/\/mdkoswiecim.pl\/wp-content\/uploads\/2023\/10\/IMG-20231016-WA0005-1152x1536.jpg 1152w, https:\/\/mdkoswiecim.pl\/wp-content\/uploads\/2023\/10\/IMG-20231016-WA0005.jpg 1200w\" sizes=\"auto, (max-width: 768px) 100vw, 768px\" \/><\/a><\/figure>\n\n\n\n<figure class=\"wp-block-image size-large\"><a href=\"https:\/\/mdkoswiecim.pl\/wp-content\/uploads\/2023\/10\/IMG-20231016-WA0016.jpg\"><img loading=\"lazy\" decoding=\"async\" width=\"768\" height=\"1024\" data-id=\"17842\" src=\"https:\/\/mdkoswiecim.pl\/wp-content\/uploads\/2023\/10\/IMG-20231016-WA0016-768x1024.jpg\" alt=\"\" class=\"wp-image-17842\" srcset=\"https:\/\/mdkoswiecim.pl\/wp-content\/uploads\/2023\/10\/IMG-20231016-WA0016-768x1024.jpg 768w, https:\/\/mdkoswiecim.pl\/wp-content\/uploads\/2023\/10\/IMG-20231016-WA0016-225x300.jpg 225w, https:\/\/mdkoswiecim.pl\/wp-content\/uploads\/2023\/10\/IMG-20231016-WA0016-1152x1536.jpg 1152w, https:\/\/mdkoswiecim.pl\/wp-content\/uploads\/2023\/10\/IMG-20231016-WA0016.jpg 1200w\" sizes=\"auto, (max-width: 768px) 100vw, 768px\" \/><\/a><\/figure>\n<\/figure>\n","protected":false},"excerpt":{"rendered":"<p>7 pa\u017adziernika w Imielinie odby\u0142 si\u0119 XV Turniej Szachowy o Puchar Prezesa Akcji Katolickiej Archidiecezji Katowickiej. O\u015bwi\u0119cimski MDK reprezentowa\u0142o w nim 5 os\u00f3b. Znakomicie spisa\u0142 si\u0119 Maciej Daszkiewicz, kt\u00f3ry zwyci\u0119\u017cy\u0142 w kategorii do lat 19. Pozostali nasi podopieczni startuj\u0105cy w zawodach to: Maciej Jans, Natalia Gryze\u0142ko, Szymon Strumi\u0144ski oraz opiekun Tomasz Kantyka<\/p>\n","protected":false},"author":2,"featured_media":17829,"comment_status":"closed","ping_status":"closed","sticky":false,"template":"","format":"standard","meta":{"footnotes":""},"categories":[108],"tags":[],"class_list":["post-17828","post","type-post","status-publish","format-standard","has-post-thumbnail","hentry","category-aktualnosci"],"yoast_head":"<!-- This site is optimized with the Yoast SEO plugin v16.1.1 - https:\/\/yoast.com\/wordpress\/plugins\/seo\/ -->\n<title>Nasi zawodnicy z sukcesem w turnieju szachowym w Imielinie. - MDK<\/title>\n<link rel=\"canonical\" href=\"https:\/\/mdkoswiecim.pl\/index.php\/2023\/10\/16\/nasi-zawodnicy-z-sukcesem-w-turnieju-szachowym-w-imielinie\/\" \/>\n<meta property=\"og:locale\" content=\"pl_PL\" \/>\n<meta property=\"og:type\" content=\"article\" \/>\n<meta property=\"og:title\" content=\"Nasi zawodnicy z sukcesem w turnieju szachowym w Imielinie. - MDK\" \/>\n<meta property=\"og:description\" content=\"7 pa\u017adziernika w Imielinie odby\u0142 si\u0119 XV Turniej Szachowy o Puchar Prezesa Akcji Katolickiej Archidiecezji Katowickiej. O\u015bwi\u0119cimski MDK reprezentowa\u0142o w nim 5 os\u00f3b. Znakomicie spisa\u0142 si\u0119 Maciej Daszkiewicz, kt\u00f3ry zwyci\u0119\u017cy\u0142 w kategorii do lat 19. Pozostali nasi podopieczni startuj\u0105cy w zawodach to: Maciej Jans, Natalia Gryze\u0142ko, Szymon Strumi\u0144ski oraz opiekun Tomasz Kantyka\" \/>\n<meta property=\"og:url\" content=\"https:\/\/mdkoswiecim.pl\/index.php\/2023\/10\/16\/nasi-zawodnicy-z-sukcesem-w-turnieju-szachowym-w-imielinie\/\" \/>\n<meta property=\"og:site_name\" content=\"MDK\" \/>\n<meta property=\"article:published_time\" content=\"2023-10-16T11:58:46+00:00\" \/>\n<meta property=\"article:modified_time\" content=\"2023-10-16T11:58:47+00:00\" \/>\n<meta property=\"og:image\" content=\"https:\/\/mdkoswiecim.pl\/wp-content\/uploads\/2023\/10\/IMG-20231016-WA0012.jpg\" \/>\n\t<meta property=\"og:image:width\" content=\"1600\" \/>\n\t<meta property=\"og:image:height\" content=\"1200\" \/>\n<meta name=\"twitter:card\" content=\"summary_large_image\" \/>\n<meta name=\"twitter:label1\" content=\"Szacowany czas czytania\">\n\t<meta name=\"twitter:data1\" content=\"3 minuty\">\n<script type=\"application\/ld+json\" class=\"yoast-schema-graph\">{\"@context\":\"https:\/\/schema.org\",\"@graph\":[{\"@type\":\"WebSite\",\"@id\":\"https:\/\/mdkoswiecim.pl\/#website\",\"url\":\"https:\/\/mdkoswiecim.pl\/\",\"name\":\"MDK\",\"description\":\"M\\u0142odzie\\u017cowy Dom Kultury w O\\u015bwi\\u0119cimiu\",\"potentialAction\":[{\"@type\":\"SearchAction\",\"target\":\"https:\/\/mdkoswiecim.pl\/?s={search_term_string}\",\"query-input\":\"required name=search_term_string\"}],\"inLanguage\":\"pl-PL\"},{\"@type\":\"ImageObject\",\"@id\":\"https:\/\/mdkoswiecim.pl\/index.php\/2023\/10\/16\/nasi-zawodnicy-z-sukcesem-w-turnieju-szachowym-w-imielinie\/#primaryimage\",\"inLanguage\":\"pl-PL\",\"url\":\"https:\/\/mdkoswiecim.pl\/wp-content\/uploads\/2023\/10\/IMG-20231016-WA0012.jpg\",\"contentUrl\":\"https:\/\/mdkoswiecim.pl\/wp-content\/uploads\/2023\/10\/IMG-20231016-WA0012.jpg\",\"width\":1600,\"height\":1200},{\"@type\":\"WebPage\",\"@id\":\"https:\/\/mdkoswiecim.pl\/index.php\/2023\/10\/16\/nasi-zawodnicy-z-sukcesem-w-turnieju-szachowym-w-imielinie\/#webpage\",\"url\":\"https:\/\/mdkoswiecim.pl\/index.php\/2023\/10\/16\/nasi-zawodnicy-z-sukcesem-w-turnieju-szachowym-w-imielinie\/\",\"name\":\"Nasi zawodnicy z sukcesem w turnieju szachowym w Imielinie. - MDK\",\"isPartOf\":{\"@id\":\"https:\/\/mdkoswiecim.pl\/#website\"},\"primaryImageOfPage\":{\"@id\":\"https:\/\/mdkoswiecim.pl\/index.php\/2023\/10\/16\/nasi-zawodnicy-z-sukcesem-w-turnieju-szachowym-w-imielinie\/#primaryimage\"},\"datePublished\":\"2023-10-16T11:58:46+00:00\",\"dateModified\":\"2023-10-16T11:58:47+00:00\",\"author\":{\"@id\":\"https:\/\/mdkoswiecim.pl\/#\/schema\/person\/de4e1c3f9f9805d4834a83cd933e83a4\"},\"breadcrumb\":{\"@id\":\"https:\/\/mdkoswiecim.pl\/index.php\/2023\/10\/16\/nasi-zawodnicy-z-sukcesem-w-turnieju-szachowym-w-imielinie\/#breadcrumb\"},\"inLanguage\":\"pl-PL\",\"potentialAction\":[{\"@type\":\"ReadAction\",\"target\":[\"https:\/\/mdkoswiecim.pl\/index.php\/2023\/10\/16\/nasi-zawodnicy-z-sukcesem-w-turnieju-szachowym-w-imielinie\/\"]}]},{\"@type\":\"BreadcrumbList\",\"@id\":\"https:\/\/mdkoswiecim.pl\/index.php\/2023\/10\/16\/nasi-zawodnicy-z-sukcesem-w-turnieju-szachowym-w-imielinie\/#breadcrumb\",\"itemListElement\":[{\"@type\":\"ListItem\",\"position\":1,\"item\":{\"@type\":\"WebPage\",\"@id\":\"https:\/\/mdkoswiecim.pl\/\",\"url\":\"https:\/\/mdkoswiecim.pl\/\",\"name\":\"Strona g\\u0142\\u00f3wna\"}},{\"@type\":\"ListItem\",\"position\":2,\"item\":{\"@type\":\"WebPage\",\"@id\":\"https:\/\/mdkoswiecim.pl\/index.php\/2023\/10\/16\/nasi-zawodnicy-z-sukcesem-w-turnieju-szachowym-w-imielinie\/\",\"url\":\"https:\/\/mdkoswiecim.pl\/index.php\/2023\/10\/16\/nasi-zawodnicy-z-sukcesem-w-turnieju-szachowym-w-imielinie\/\",\"name\":\"Nasi zawodnicy z sukcesem w turnieju szachowym w Imielinie.\"}}]},{\"@type\":\"Person\",\"@id\":\"https:\/\/mdkoswiecim.pl\/#\/schema\/person\/de4e1c3f9f9805d4834a83cd933e83a4\",\"name\":\"janusz.majcherek\",\"image\":{\"@type\":\"ImageObject\",\"@id\":\"https:\/\/mdkoswiecim.pl\/#personlogo\",\"inLanguage\":\"pl-PL\",\"url\":\"https:\/\/secure.gravatar.com\/avatar\/841ee0bdfc0ec9800cdb49de086063cd2bdca44d52221b7fee4d6a2db5eafb17?s=96&d=mm&r=g\",\"contentUrl\":\"https:\/\/secure.gravatar.com\/avatar\/841ee0bdfc0ec9800cdb49de086063cd2bdca44d52221b7fee4d6a2db5eafb17?s=96&d=mm&r=g\",\"caption\":\"janusz.majcherek\"}}]}<\/script>\n<!-- \/ Yoast SEO plugin. -->","_links":{"self":[{"href":"https:\/\/mdkoswiecim.pl\/index.php\/wp-json\/wp\/v2\/posts\/17828","targetHints":{"allow":["GET"]}}],"collection":[{"href":"https:\/\/mdkoswiecim.pl\/index.php\/wp-json\/wp\/v2\/posts"}],"about":[{"href":"https:\/\/mdkoswiecim.pl\/index.php\/wp-json\/wp\/v2\/types\/post"}],"author":[{"embeddable":true,"href":"https:\/\/mdkoswiecim.pl\/index.php\/wp-json\/wp\/v2\/users\/2"}],"replies":[{"embeddable":true,"href":"https:\/\/mdkoswiecim.pl\/index.php\/wp-json\/wp\/v2\/comments?post=17828"}],"version-history":[{"count":1,"href":"https:\/\/mdkoswiecim.pl\/index.php\/wp-json\/wp\/v2\/posts\/17828\/revisions"}],"predecessor-version":[{"id":17843,"href":"https:\/\/mdkoswiecim.pl\/index.php\/wp-json\/wp\/v2\/posts\/17828\/revisions\/17843"}],"wp:featuredmedia":[{"embeddable":true,"href":"https:\/\/mdkoswiecim.pl\/index.php\/wp-json\/wp\/v2\/media\/17829"}],"wp:attachment":[{"href":"https:\/\/mdkoswiecim.pl\/index.php\/wp-json\/wp\/v2\/media?parent=17828"}],"wp:term":[{"taxonomy":"category","embeddable":true,"href":"https:\/\/mdkoswiecim.pl\/index.php\/wp-json\/wp\/v2\/categories?post=17828"},{"taxonomy":"post_tag","embeddable":true,"href":"https:\/\/mdkoswiecim.pl\/index.php\/wp-json\/wp\/v2\/tags?post=17828"}],"curies":[{"name":"wp","href":"https:\/\/api.w.org\/{rel}","templated":true}]}}