{"id":17800,"date":"2023-09-28T09:52:36","date_gmt":"2023-09-28T07:52:36","guid":{"rendered":"https:\/\/mdkoswiecim.pl\/?p=17800"},"modified":"2023-09-28T09:52:36","modified_gmt":"2023-09-28T07:52:36","slug":"podziekowanie-dla-rodzicow","status":"publish","type":"post","link":"https:\/\/mdkoswiecim.pl\/index.php\/2023\/09\/28\/podziekowanie-dla-rodzicow\/","title":{"rendered":"PODZI\u0118KOWANIE DLA RODZIC\u00d3W"},"content":{"rendered":"\n<p><\/p>\n\n\n\n<p>Drodzy Rodzice uczestnik\u00f3w zaj\u0119\u0107 w MDK. Bardzo dzi\u0119kujemy Wam za wsparcie i wp\u0142aty sk\u0142adek na Rad\u0119 Rodzic\u00f3w w roku szkolnym 2022\/2023. Dzi\u0119ki Wam uda\u0142o si\u0119 nam zebra\u0107 kwot\u0119 6820 z\u0142, z czego 6080 z\u0142 to wp\u0142aty na RR, 640 z\u0142 &#8211; op\u0142ata za wypo\u017cyczenie gitar, 100 z\u0142 op\u0142ata za koszulki szachowe. Te pieni\u0105\u017cki zosta\u0142y przeznaczone na zakup:<\/p>\n\n\n\n<p>&#8211; gitary elektroakustycznej<\/p>\n\n\n\n<p>&#8211; zestaw\u00f3w do gry w szachy<\/p>\n\n\n\n<p>&#8211; materia\u0142\u00f3w do zaj\u0119\u0107 plastycznych<\/p>\n\n\n\n<p>&#8211; <a><\/a>nagr\u00f3d w konkursach MDK<\/p>\n\n\n\n<p>&#8211; s\u0142odkiego pocz\u0119stunku z okazji zbli\u017caj\u0105cych si\u0119 wakacji<\/p>\n\n\n\n<p>&#8211; wody Ustronianka dla uczestnik\u00f3w zaj\u0119\u0107<\/p>\n\n\n\n<p>&#8211; akredytacje dla dzieci i m\u0142odzie\u017cy umo\u017cliwiaj\u0105cych udzia\u0142 w konkursach zewn\u0119trznych<\/p>\n\n\n\n<p>&#8211; wysy\u0142k\u0119 prac konkursowych przygotowanych przez uczestnik\u00f3w naszych zaj\u0119\u0107<\/p>\n\n\n\n<p>&#8211; transport dzieci i m\u0142odzie\u017cy na konkursy i turnieje<\/p>\n\n\n\n<p>&#8211; dekoracja sal w MDK i podczas organizowania uroczysto\u015bci MDK.<\/p>\n\n\n\n<p>BARDZO DZI\u0118KUJEMY za to wsparcie i jednocze\u015bnie PROSIMY o to, aby w nowym roku szkolnym nie zapomnie\u0107 o wp\u0142atach &#8211; 60 z\u0142 na semestr. Dane do przelew\u00f3w: Rada Rodzic\u00f3w przy MDK w O\u015bwi\u0119cimiu, nr konta BANK PEKAO SA 39 1240 1170 1111 0010 0093 3185. W tytule prosz\u0119 wpisa\u0107 imi\u0119 i nazwisko dziecka, nazw\u0119 zaj\u0119\u0107 oraz imi\u0119 i nazwisko nauczyciela.<\/p>\n\n\n\n<p>w tym miejscu pragn\u0119 GOR\u0104CO PODZI\u0118KOWA\u0106 RADZIE RODZIC\u00d3W za pomoc, wsparcie, wspania\u0142\u0105 wsp\u00f3\u0142prac\u0119, u\u015bmiech i ka\u017cde dobre s\u0142owo.<\/p>\n\n\n\n<p>Alina Kwarciak<\/p>\n","protected":false},"excerpt":{"rendered":"<p>Drodzy Rodzice uczestnik\u00f3w zaj\u0119\u0107 w MDK. Bardzo dzi\u0119kujemy Wam za wsparcie i wp\u0142aty sk\u0142adek na Rad\u0119 Rodzic\u00f3w w roku szkolnym 2022\/2023. Dzi\u0119ki Wam uda\u0142o si\u0119 nam zebra\u0107 kwot\u0119 6820 z\u0142, z czego 6080 z\u0142 to wp\u0142aty na RR, 640 z\u0142 &#8211; op\u0142ata za wypo\u017cyczenie gitar, 100 z\u0142 op\u0142ata za koszulki szachowe. Te pieni\u0105\u017cki zosta\u0142y przeznaczone [&hellip;]<\/p>\n","protected":false},"author":3,"featured_media":17801,"comment_status":"closed","ping_status":"closed","sticky":false,"template":"","format":"standard","meta":{"footnotes":""},"categories":[108],"tags":[],"class_list":["post-17800","post","type-post","status-publish","format-standard","has-post-thumbnail","hentry","category-aktualnosci"],"yoast_head":"<!-- This site is optimized with the Yoast SEO plugin v16.1.1 - https:\/\/yoast.com\/wordpress\/plugins\/seo\/ -->\n<title>PODZI\u0118KOWANIE DLA RODZIC\u00d3W - MDK<\/title>\n<link rel=\"canonical\" href=\"https:\/\/mdkoswiecim.pl\/index.php\/2023\/09\/28\/podziekowanie-dla-rodzicow\/\" \/>\n<meta property=\"og:locale\" content=\"pl_PL\" \/>\n<meta property=\"og:type\" content=\"article\" \/>\n<meta property=\"og:title\" content=\"PODZI\u0118KOWANIE DLA RODZIC\u00d3W - MDK\" \/>\n<meta property=\"og:description\" content=\"Drodzy Rodzice uczestnik\u00f3w zaj\u0119\u0107 w MDK. Bardzo dzi\u0119kujemy Wam za wsparcie i wp\u0142aty sk\u0142adek na Rad\u0119 Rodzic\u00f3w w roku szkolnym 2022\/2023. Dzi\u0119ki Wam uda\u0142o si\u0119 nam zebra\u0107 kwot\u0119 6820 z\u0142, z czego 6080 z\u0142 to wp\u0142aty na RR, 640 z\u0142 &#8211; op\u0142ata za wypo\u017cyczenie gitar, 100 z\u0142 op\u0142ata za koszulki szachowe. Te pieni\u0105\u017cki zosta\u0142y przeznaczone [&hellip;]\" \/>\n<meta property=\"og:url\" content=\"https:\/\/mdkoswiecim.pl\/index.php\/2023\/09\/28\/podziekowanie-dla-rodzicow\/\" \/>\n<meta property=\"og:site_name\" content=\"MDK\" \/>\n<meta property=\"article:published_time\" content=\"2023-09-28T07:52:36+00:00\" \/>\n<meta property=\"og:image\" content=\"https:\/\/mdkoswiecim.pl\/wp-content\/uploads\/2023\/09\/heart-7008170_1280.png\" \/>\n\t<meta property=\"og:image:width\" content=\"1280\" \/>\n\t<meta property=\"og:image:height\" content=\"1280\" \/>\n<meta name=\"twitter:card\" content=\"summary_large_image\" \/>\n<meta name=\"twitter:label1\" content=\"Szacowany czas czytania\">\n\t<meta name=\"twitter:data1\" content=\"1 minuta\">\n<script type=\"application\/ld+json\" class=\"yoast-schema-graph\">{\"@context\":\"https:\/\/schema.org\",\"@graph\":[{\"@type\":\"WebSite\",\"@id\":\"https:\/\/mdkoswiecim.pl\/#website\",\"url\":\"https:\/\/mdkoswiecim.pl\/\",\"name\":\"MDK\",\"description\":\"M\\u0142odzie\\u017cowy Dom Kultury w O\\u015bwi\\u0119cimiu\",\"potentialAction\":[{\"@type\":\"SearchAction\",\"target\":\"https:\/\/mdkoswiecim.pl\/?s={search_term_string}\",\"query-input\":\"required name=search_term_string\"}],\"inLanguage\":\"pl-PL\"},{\"@type\":\"ImageObject\",\"@id\":\"https:\/\/mdkoswiecim.pl\/index.php\/2023\/09\/28\/podziekowanie-dla-rodzicow\/#primaryimage\",\"inLanguage\":\"pl-PL\",\"url\":\"https:\/\/mdkoswiecim.pl\/wp-content\/uploads\/2023\/09\/heart-7008170_1280.png\",\"contentUrl\":\"https:\/\/mdkoswiecim.pl\/wp-content\/uploads\/2023\/09\/heart-7008170_1280.png\",\"width\":1280,\"height\":1280},{\"@type\":\"WebPage\",\"@id\":\"https:\/\/mdkoswiecim.pl\/index.php\/2023\/09\/28\/podziekowanie-dla-rodzicow\/#webpage\",\"url\":\"https:\/\/mdkoswiecim.pl\/index.php\/2023\/09\/28\/podziekowanie-dla-rodzicow\/\",\"name\":\"PODZI\\u0118KOWANIE DLA RODZIC\\u00d3W - MDK\",\"isPartOf\":{\"@id\":\"https:\/\/mdkoswiecim.pl\/#website\"},\"primaryImageOfPage\":{\"@id\":\"https:\/\/mdkoswiecim.pl\/index.php\/2023\/09\/28\/podziekowanie-dla-rodzicow\/#primaryimage\"},\"datePublished\":\"2023-09-28T07:52:36+00:00\",\"dateModified\":\"2023-09-28T07:52:36+00:00\",\"author\":{\"@id\":\"https:\/\/mdkoswiecim.pl\/#\/schema\/person\/d9c1081e4cfefcbccad7ec11fa250f7a\"},\"breadcrumb\":{\"@id\":\"https:\/\/mdkoswiecim.pl\/index.php\/2023\/09\/28\/podziekowanie-dla-rodzicow\/#breadcrumb\"},\"inLanguage\":\"pl-PL\",\"potentialAction\":[{\"@type\":\"ReadAction\",\"target\":[\"https:\/\/mdkoswiecim.pl\/index.php\/2023\/09\/28\/podziekowanie-dla-rodzicow\/\"]}]},{\"@type\":\"BreadcrumbList\",\"@id\":\"https:\/\/mdkoswiecim.pl\/index.php\/2023\/09\/28\/podziekowanie-dla-rodzicow\/#breadcrumb\",\"itemListElement\":[{\"@type\":\"ListItem\",\"position\":1,\"item\":{\"@type\":\"WebPage\",\"@id\":\"https:\/\/mdkoswiecim.pl\/\",\"url\":\"https:\/\/mdkoswiecim.pl\/\",\"name\":\"Strona g\\u0142\\u00f3wna\"}},{\"@type\":\"ListItem\",\"position\":2,\"item\":{\"@type\":\"WebPage\",\"@id\":\"https:\/\/mdkoswiecim.pl\/index.php\/2023\/09\/28\/podziekowanie-dla-rodzicow\/\",\"url\":\"https:\/\/mdkoswiecim.pl\/index.php\/2023\/09\/28\/podziekowanie-dla-rodzicow\/\",\"name\":\"PODZI\\u0118KOWANIE DLA RODZIC\\u00d3W\"}}]},{\"@type\":\"Person\",\"@id\":\"https:\/\/mdkoswiecim.pl\/#\/schema\/person\/d9c1081e4cfefcbccad7ec11fa250f7a\",\"name\":\"alina.kwarciak\",\"image\":{\"@type\":\"ImageObject\",\"@id\":\"https:\/\/mdkoswiecim.pl\/#personlogo\",\"inLanguage\":\"pl-PL\",\"url\":\"https:\/\/secure.gravatar.com\/avatar\/cce8f640650bbd69c0efc0afd2dddb7945a94129b978796401e58cac1eb8b87b?s=96&d=mm&r=g\",\"contentUrl\":\"https:\/\/secure.gravatar.com\/avatar\/cce8f640650bbd69c0efc0afd2dddb7945a94129b978796401e58cac1eb8b87b?s=96&d=mm&r=g\",\"caption\":\"alina.kwarciak\"}}]}<\/script>\n<!-- \/ Yoast SEO plugin. -->","_links":{"self":[{"href":"https:\/\/mdkoswiecim.pl\/index.php\/wp-json\/wp\/v2\/posts\/17800","targetHints":{"allow":["GET"]}}],"collection":[{"href":"https:\/\/mdkoswiecim.pl\/index.php\/wp-json\/wp\/v2\/posts"}],"about":[{"href":"https:\/\/mdkoswiecim.pl\/index.php\/wp-json\/wp\/v2\/types\/post"}],"author":[{"embeddable":true,"href":"https:\/\/mdkoswiecim.pl\/index.php\/wp-json\/wp\/v2\/users\/3"}],"replies":[{"embeddable":true,"href":"https:\/\/mdkoswiecim.pl\/index.php\/wp-json\/wp\/v2\/comments?post=17800"}],"version-history":[{"count":1,"href":"https:\/\/mdkoswiecim.pl\/index.php\/wp-json\/wp\/v2\/posts\/17800\/revisions"}],"predecessor-version":[{"id":17802,"href":"https:\/\/mdkoswiecim.pl\/index.php\/wp-json\/wp\/v2\/posts\/17800\/revisions\/17802"}],"wp:featuredmedia":[{"embeddable":true,"href":"https:\/\/mdkoswiecim.pl\/index.php\/wp-json\/wp\/v2\/media\/17801"}],"wp:attachment":[{"href":"https:\/\/mdkoswiecim.pl\/index.php\/wp-json\/wp\/v2\/media?parent=17800"}],"wp:term":[{"taxonomy":"category","embeddable":true,"href":"https:\/\/mdkoswiecim.pl\/index.php\/wp-json\/wp\/v2\/categories?post=17800"},{"taxonomy":"post_tag","embeddable":true,"href":"https:\/\/mdkoswiecim.pl\/index.php\/wp-json\/wp\/v2\/tags?post=17800"}],"curies":[{"name":"wp","href":"https:\/\/api.w.org\/{rel}","templated":true}]}}