{"id":17663,"date":"2023-07-04T10:07:07","date_gmt":"2023-07-04T08:07:07","guid":{"rendered":"https:\/\/mdkoswiecim.pl\/?p=17663"},"modified":"2023-07-04T10:07:41","modified_gmt":"2023-07-04T08:07:41","slug":"pasjonujaco-i-tworczo-czyli-wakacje-z-mdk","status":"publish","type":"post","link":"https:\/\/mdkoswiecim.pl\/index.php\/2023\/07\/04\/pasjonujaco-i-tworczo-czyli-wakacje-z-mdk\/","title":{"rendered":"Pasjonuj\u0105co i tw\u00f3rczo, czyli WAKACJE Z MDK"},"content":{"rendered":"\n<p>Ju\u017c drugi tydzie\u0144 trwaj\u0105 w M\u0142odzie\u017cowym Domu Kultury w O\u015bwi\u0119cimiu wakacyjne zaj\u0119cia. Dzieci i m\u0142odzie\u017c w wieku od 6-ciu do 21 lat rozwijaj\u0105 swoje pasje z rysunku, malarstwa, szach\u00f3w, badmintona, r\u0119kodzie\u0142a, gry na gitarze czy gier logicznych. Bawimy si\u0119 wsp\u00f3lnie a\u017c do 13 lipca. <\/p>\n\n\n\n<figure class=\"wp-block-gallery has-nested-images columns-default is-cropped wp-block-gallery-1 is-layout-flex wp-block-gallery-is-layout-flex\">\n<figure class=\"wp-block-image size-large\"><a href=\"https:\/\/mdkoswiecim.pl\/wp-content\/uploads\/2023\/07\/354234672_3503759726526562_4016126113635386580_n.jpg\"><img loading=\"lazy\" decoding=\"async\" width=\"768\" height=\"1024\" data-id=\"17664\" src=\"https:\/\/mdkoswiecim.pl\/wp-content\/uploads\/2023\/07\/354234672_3503759726526562_4016126113635386580_n-768x1024.jpg\" alt=\"\" class=\"wp-image-17664\" srcset=\"https:\/\/mdkoswiecim.pl\/wp-content\/uploads\/2023\/07\/354234672_3503759726526562_4016126113635386580_n-768x1024.jpg 768w, https:\/\/mdkoswiecim.pl\/wp-content\/uploads\/2023\/07\/354234672_3503759726526562_4016126113635386580_n-225x300.jpg 225w, https:\/\/mdkoswiecim.pl\/wp-content\/uploads\/2023\/07\/354234672_3503759726526562_4016126113635386580_n-1152x1536.jpg 1152w, https:\/\/mdkoswiecim.pl\/wp-content\/uploads\/2023\/07\/354234672_3503759726526562_4016126113635386580_n.jpg 1500w\" sizes=\"auto, (max-width: 768px) 100vw, 768px\" \/><\/a><\/figure>\n\n\n\n<figure class=\"wp-block-image size-large\"><a href=\"https:\/\/mdkoswiecim.pl\/wp-content\/uploads\/2023\/07\/354224084_1364146421115250_974712601473380071_n.jpg\"><img loading=\"lazy\" decoding=\"async\" width=\"768\" height=\"1024\" data-id=\"17665\" src=\"https:\/\/mdkoswiecim.pl\/wp-content\/uploads\/2023\/07\/354224084_1364146421115250_974712601473380071_n-768x1024.jpg\" alt=\"\" class=\"wp-image-17665\" srcset=\"https:\/\/mdkoswiecim.pl\/wp-content\/uploads\/2023\/07\/354224084_1364146421115250_974712601473380071_n-768x1024.jpg 768w, https:\/\/mdkoswiecim.pl\/wp-content\/uploads\/2023\/07\/354224084_1364146421115250_974712601473380071_n-225x300.jpg 225w, https:\/\/mdkoswiecim.pl\/wp-content\/uploads\/2023\/07\/354224084_1364146421115250_974712601473380071_n-1152x1536.jpg 1152w, https:\/\/mdkoswiecim.pl\/wp-content\/uploads\/2023\/07\/354224084_1364146421115250_974712601473380071_n.jpg 1500w\" sizes=\"auto, (max-width: 768px) 100vw, 768px\" \/><\/a><\/figure>\n\n\n\n<figure class=\"wp-block-image size-large\"><a href=\"https:\/\/mdkoswiecim.pl\/wp-content\/uploads\/2023\/07\/354238685_6585754794839505_2195917906648528668_n.jpg\"><img loading=\"lazy\" decoding=\"async\" width=\"768\" height=\"1024\" data-id=\"17667\" src=\"https:\/\/mdkoswiecim.pl\/wp-content\/uploads\/2023\/07\/354238685_6585754794839505_2195917906648528668_n-768x1024.jpg\" alt=\"\" class=\"wp-image-17667\" srcset=\"https:\/\/mdkoswiecim.pl\/wp-content\/uploads\/2023\/07\/354238685_6585754794839505_2195917906648528668_n-768x1024.jpg 768w, https:\/\/mdkoswiecim.pl\/wp-content\/uploads\/2023\/07\/354238685_6585754794839505_2195917906648528668_n-225x300.jpg 225w, https:\/\/mdkoswiecim.pl\/wp-content\/uploads\/2023\/07\/354238685_6585754794839505_2195917906648528668_n-1152x1536.jpg 1152w, https:\/\/mdkoswiecim.pl\/wp-content\/uploads\/2023\/07\/354238685_6585754794839505_2195917906648528668_n.jpg 1500w\" sizes=\"auto, (max-width: 768px) 100vw, 768px\" \/><\/a><\/figure>\n\n\n\n<figure class=\"wp-block-image size-large\"><a href=\"https:\/\/mdkoswiecim.pl\/wp-content\/uploads\/2023\/07\/354219715_801796451583314_8191604640839402566_n.jpg\"><img loading=\"lazy\" decoding=\"async\" width=\"1024\" height=\"768\" data-id=\"17668\" src=\"https:\/\/mdkoswiecim.pl\/wp-content\/uploads\/2023\/07\/354219715_801796451583314_8191604640839402566_n-1024x768.jpg\" alt=\"\" class=\"wp-image-17668\" srcset=\"https:\/\/mdkoswiecim.pl\/wp-content\/uploads\/2023\/07\/354219715_801796451583314_8191604640839402566_n-1024x768.jpg 1024w, https:\/\/mdkoswiecim.pl\/wp-content\/uploads\/2023\/07\/354219715_801796451583314_8191604640839402566_n-300x225.jpg 300w, https:\/\/mdkoswiecim.pl\/wp-content\/uploads\/2023\/07\/354219715_801796451583314_8191604640839402566_n-768x576.jpg 768w, https:\/\/mdkoswiecim.pl\/wp-content\/uploads\/2023\/07\/354219715_801796451583314_8191604640839402566_n-1536x1152.jpg 1536w, https:\/\/mdkoswiecim.pl\/wp-content\/uploads\/2023\/07\/354219715_801796451583314_8191604640839402566_n.jpg 2000w\" sizes=\"auto, (max-width: 1024px) 100vw, 1024px\" \/><\/a><\/figure>\n\n\n\n<figure class=\"wp-block-image size-large\"><a href=\"https:\/\/mdkoswiecim.pl\/wp-content\/uploads\/2023\/07\/354238680_744634277463972_7502548329798694219_n.jpg\"><img loading=\"lazy\" decoding=\"async\" width=\"1024\" height=\"768\" data-id=\"17669\" src=\"https:\/\/mdkoswiecim.pl\/wp-content\/uploads\/2023\/07\/354238680_744634277463972_7502548329798694219_n-1024x768.jpg\" alt=\"\" class=\"wp-image-17669\" srcset=\"https:\/\/mdkoswiecim.pl\/wp-content\/uploads\/2023\/07\/354238680_744634277463972_7502548329798694219_n-1024x768.jpg 1024w, https:\/\/mdkoswiecim.pl\/wp-content\/uploads\/2023\/07\/354238680_744634277463972_7502548329798694219_n-300x225.jpg 300w, https:\/\/mdkoswiecim.pl\/wp-content\/uploads\/2023\/07\/354238680_744634277463972_7502548329798694219_n-768x576.jpg 768w, https:\/\/mdkoswiecim.pl\/wp-content\/uploads\/2023\/07\/354238680_744634277463972_7502548329798694219_n-1536x1152.jpg 1536w, https:\/\/mdkoswiecim.pl\/wp-content\/uploads\/2023\/07\/354238680_744634277463972_7502548329798694219_n.jpg 2000w\" sizes=\"auto, (max-width: 1024px) 100vw, 1024px\" \/><\/a><\/figure>\n\n\n\n<figure class=\"wp-block-image size-large\"><a href=\"https:\/\/mdkoswiecim.pl\/wp-content\/uploads\/2023\/07\/354465784_1036663780653328_7264337401731703164_n.jpg\"><img loading=\"lazy\" decoding=\"async\" width=\"1024\" height=\"768\" data-id=\"17670\" src=\"https:\/\/mdkoswiecim.pl\/wp-content\/uploads\/2023\/07\/354465784_1036663780653328_7264337401731703164_n-1024x768.jpg\" alt=\"\" class=\"wp-image-17670\" srcset=\"https:\/\/mdkoswiecim.pl\/wp-content\/uploads\/2023\/07\/354465784_1036663780653328_7264337401731703164_n-1024x768.jpg 1024w, https:\/\/mdkoswiecim.pl\/wp-content\/uploads\/2023\/07\/354465784_1036663780653328_7264337401731703164_n-300x225.jpg 300w, https:\/\/mdkoswiecim.pl\/wp-content\/uploads\/2023\/07\/354465784_1036663780653328_7264337401731703164_n-768x576.jpg 768w, https:\/\/mdkoswiecim.pl\/wp-content\/uploads\/2023\/07\/354465784_1036663780653328_7264337401731703164_n-1536x1152.jpg 1536w, https:\/\/mdkoswiecim.pl\/wp-content\/uploads\/2023\/07\/354465784_1036663780653328_7264337401731703164_n.jpg 2000w\" sizes=\"auto, (max-width: 1024px) 100vw, 1024px\" \/><\/a><\/figure>\n<\/figure>\n","protected":false},"excerpt":{"rendered":"<p>Ju\u017c drugi tydzie\u0144 trwaj\u0105 w M\u0142odzie\u017cowym Domu Kultury w O\u015bwi\u0119cimiu wakacyjne zaj\u0119cia. Dzieci i m\u0142odzie\u017c w wieku od 6-ciu do 21 lat rozwijaj\u0105 swoje pasje z rysunku, malarstwa, szach\u00f3w, badmintona, r\u0119kodzie\u0142a, gry na gitarze czy gier logicznych. Bawimy si\u0119 wsp\u00f3lnie a\u017c do 13 lipca.<\/p>\n","protected":false},"author":3,"featured_media":17670,"comment_status":"closed","ping_status":"closed","sticky":false,"template":"","format":"standard","meta":{"footnotes":""},"categories":[108],"tags":[],"class_list":["post-17663","post","type-post","status-publish","format-standard","has-post-thumbnail","hentry","category-aktualnosci"],"yoast_head":"<!-- This site is optimized with the Yoast SEO plugin v16.1.1 - https:\/\/yoast.com\/wordpress\/plugins\/seo\/ -->\n<title>Pasjonuj\u0105co i tw\u00f3rczo, czyli WAKACJE Z MDK - MDK<\/title>\n<link rel=\"canonical\" href=\"https:\/\/mdkoswiecim.pl\/index.php\/2023\/07\/04\/pasjonujaco-i-tworczo-czyli-wakacje-z-mdk\/\" \/>\n<meta property=\"og:locale\" content=\"pl_PL\" \/>\n<meta property=\"og:type\" content=\"article\" \/>\n<meta property=\"og:title\" content=\"Pasjonuj\u0105co i tw\u00f3rczo, czyli WAKACJE Z MDK - MDK\" \/>\n<meta property=\"og:description\" content=\"Ju\u017c drugi tydzie\u0144 trwaj\u0105 w M\u0142odzie\u017cowym Domu Kultury w O\u015bwi\u0119cimiu wakacyjne zaj\u0119cia. Dzieci i m\u0142odzie\u017c w wieku od 6-ciu do 21 lat rozwijaj\u0105 swoje pasje z rysunku, malarstwa, szach\u00f3w, badmintona, r\u0119kodzie\u0142a, gry na gitarze czy gier logicznych. Bawimy si\u0119 wsp\u00f3lnie a\u017c do 13 lipca.\" \/>\n<meta property=\"og:url\" content=\"https:\/\/mdkoswiecim.pl\/index.php\/2023\/07\/04\/pasjonujaco-i-tworczo-czyli-wakacje-z-mdk\/\" \/>\n<meta property=\"og:site_name\" content=\"MDK\" \/>\n<meta property=\"article:published_time\" content=\"2023-07-04T08:07:07+00:00\" \/>\n<meta property=\"article:modified_time\" content=\"2023-07-04T08:07:41+00:00\" \/>\n<meta property=\"og:image\" content=\"https:\/\/mdkoswiecim.pl\/wp-content\/uploads\/2023\/07\/354465784_1036663780653328_7264337401731703164_n.jpg\" \/>\n\t<meta property=\"og:image:width\" content=\"2000\" \/>\n\t<meta property=\"og:image:height\" content=\"1500\" \/>\n<meta name=\"twitter:card\" content=\"summary_large_image\" \/>\n<meta name=\"twitter:label1\" content=\"Szacowany czas czytania\">\n\t<meta name=\"twitter:data1\" content=\"2 minuty\">\n<script type=\"application\/ld+json\" class=\"yoast-schema-graph\">{\"@context\":\"https:\/\/schema.org\",\"@graph\":[{\"@type\":\"WebSite\",\"@id\":\"https:\/\/mdkoswiecim.pl\/#website\",\"url\":\"https:\/\/mdkoswiecim.pl\/\",\"name\":\"MDK\",\"description\":\"M\\u0142odzie\\u017cowy Dom Kultury w O\\u015bwi\\u0119cimiu\",\"potentialAction\":[{\"@type\":\"SearchAction\",\"target\":\"https:\/\/mdkoswiecim.pl\/?s={search_term_string}\",\"query-input\":\"required name=search_term_string\"}],\"inLanguage\":\"pl-PL\"},{\"@type\":\"ImageObject\",\"@id\":\"https:\/\/mdkoswiecim.pl\/index.php\/2023\/07\/04\/pasjonujaco-i-tworczo-czyli-wakacje-z-mdk\/#primaryimage\",\"inLanguage\":\"pl-PL\",\"url\":\"https:\/\/mdkoswiecim.pl\/wp-content\/uploads\/2023\/07\/354465784_1036663780653328_7264337401731703164_n.jpg\",\"contentUrl\":\"https:\/\/mdkoswiecim.pl\/wp-content\/uploads\/2023\/07\/354465784_1036663780653328_7264337401731703164_n.jpg\",\"width\":2000,\"height\":1500},{\"@type\":\"WebPage\",\"@id\":\"https:\/\/mdkoswiecim.pl\/index.php\/2023\/07\/04\/pasjonujaco-i-tworczo-czyli-wakacje-z-mdk\/#webpage\",\"url\":\"https:\/\/mdkoswiecim.pl\/index.php\/2023\/07\/04\/pasjonujaco-i-tworczo-czyli-wakacje-z-mdk\/\",\"name\":\"Pasjonuj\\u0105co i tw\\u00f3rczo, czyli WAKACJE Z MDK - MDK\",\"isPartOf\":{\"@id\":\"https:\/\/mdkoswiecim.pl\/#website\"},\"primaryImageOfPage\":{\"@id\":\"https:\/\/mdkoswiecim.pl\/index.php\/2023\/07\/04\/pasjonujaco-i-tworczo-czyli-wakacje-z-mdk\/#primaryimage\"},\"datePublished\":\"2023-07-04T08:07:07+00:00\",\"dateModified\":\"2023-07-04T08:07:41+00:00\",\"author\":{\"@id\":\"https:\/\/mdkoswiecim.pl\/#\/schema\/person\/d9c1081e4cfefcbccad7ec11fa250f7a\"},\"breadcrumb\":{\"@id\":\"https:\/\/mdkoswiecim.pl\/index.php\/2023\/07\/04\/pasjonujaco-i-tworczo-czyli-wakacje-z-mdk\/#breadcrumb\"},\"inLanguage\":\"pl-PL\",\"potentialAction\":[{\"@type\":\"ReadAction\",\"target\":[\"https:\/\/mdkoswiecim.pl\/index.php\/2023\/07\/04\/pasjonujaco-i-tworczo-czyli-wakacje-z-mdk\/\"]}]},{\"@type\":\"BreadcrumbList\",\"@id\":\"https:\/\/mdkoswiecim.pl\/index.php\/2023\/07\/04\/pasjonujaco-i-tworczo-czyli-wakacje-z-mdk\/#breadcrumb\",\"itemListElement\":[{\"@type\":\"ListItem\",\"position\":1,\"item\":{\"@type\":\"WebPage\",\"@id\":\"https:\/\/mdkoswiecim.pl\/\",\"url\":\"https:\/\/mdkoswiecim.pl\/\",\"name\":\"Strona g\\u0142\\u00f3wna\"}},{\"@type\":\"ListItem\",\"position\":2,\"item\":{\"@type\":\"WebPage\",\"@id\":\"https:\/\/mdkoswiecim.pl\/index.php\/2023\/07\/04\/pasjonujaco-i-tworczo-czyli-wakacje-z-mdk\/\",\"url\":\"https:\/\/mdkoswiecim.pl\/index.php\/2023\/07\/04\/pasjonujaco-i-tworczo-czyli-wakacje-z-mdk\/\",\"name\":\"Pasjonuj\\u0105co i tw\\u00f3rczo, czyli WAKACJE Z MDK\"}}]},{\"@type\":\"Person\",\"@id\":\"https:\/\/mdkoswiecim.pl\/#\/schema\/person\/d9c1081e4cfefcbccad7ec11fa250f7a\",\"name\":\"alina.kwarciak\",\"image\":{\"@type\":\"ImageObject\",\"@id\":\"https:\/\/mdkoswiecim.pl\/#personlogo\",\"inLanguage\":\"pl-PL\",\"url\":\"https:\/\/secure.gravatar.com\/avatar\/cce8f640650bbd69c0efc0afd2dddb7945a94129b978796401e58cac1eb8b87b?s=96&d=mm&r=g\",\"contentUrl\":\"https:\/\/secure.gravatar.com\/avatar\/cce8f640650bbd69c0efc0afd2dddb7945a94129b978796401e58cac1eb8b87b?s=96&d=mm&r=g\",\"caption\":\"alina.kwarciak\"}}]}<\/script>\n<!-- \/ Yoast SEO plugin. -->","_links":{"self":[{"href":"https:\/\/mdkoswiecim.pl\/index.php\/wp-json\/wp\/v2\/posts\/17663","targetHints":{"allow":["GET"]}}],"collection":[{"href":"https:\/\/mdkoswiecim.pl\/index.php\/wp-json\/wp\/v2\/posts"}],"about":[{"href":"https:\/\/mdkoswiecim.pl\/index.php\/wp-json\/wp\/v2\/types\/post"}],"author":[{"embeddable":true,"href":"https:\/\/mdkoswiecim.pl\/index.php\/wp-json\/wp\/v2\/users\/3"}],"replies":[{"embeddable":true,"href":"https:\/\/mdkoswiecim.pl\/index.php\/wp-json\/wp\/v2\/comments?post=17663"}],"version-history":[{"count":1,"href":"https:\/\/mdkoswiecim.pl\/index.php\/wp-json\/wp\/v2\/posts\/17663\/revisions"}],"predecessor-version":[{"id":17672,"href":"https:\/\/mdkoswiecim.pl\/index.php\/wp-json\/wp\/v2\/posts\/17663\/revisions\/17672"}],"wp:featuredmedia":[{"embeddable":true,"href":"https:\/\/mdkoswiecim.pl\/index.php\/wp-json\/wp\/v2\/media\/17670"}],"wp:attachment":[{"href":"https:\/\/mdkoswiecim.pl\/index.php\/wp-json\/wp\/v2\/media?parent=17663"}],"wp:term":[{"taxonomy":"category","embeddable":true,"href":"https:\/\/mdkoswiecim.pl\/index.php\/wp-json\/wp\/v2\/categories?post=17663"},{"taxonomy":"post_tag","embeddable":true,"href":"https:\/\/mdkoswiecim.pl\/index.php\/wp-json\/wp\/v2\/tags?post=17663"}],"curies":[{"name":"wp","href":"https:\/\/api.w.org\/{rel}","templated":true}]}}