{"id":17429,"date":"2023-06-19T13:24:04","date_gmt":"2023-06-19T11:24:04","guid":{"rendered":"https:\/\/mdkoswiecim.pl\/?p=17429"},"modified":"2023-06-19T13:25:20","modified_gmt":"2023-06-19T11:25:20","slug":"wzbogacilismy-sie-o-nowa-gitare-elektroakustyczna","status":"publish","type":"post","link":"https:\/\/mdkoswiecim.pl\/index.php\/2023\/06\/19\/wzbogacilismy-sie-o-nowa-gitare-elektroakustyczna\/","title":{"rendered":"Wzbogacili\u015bmy si\u0119 o now\u0105 gitar\u0119 elektroakustyczn\u0105."},"content":{"rendered":"\n<p>Przedstawiamy kolejny zakup finansowany przez Rad\u0119 Rodzic\u00f3w. Pi\u0119kna gitara elektroakustyczna dla naszej sekcji muzycznej. B\u0119dziecie mieli okazj\u0119 us\u0142ysze\u0107 jej brzmienie podczas wyst\u0119p\u00f3w. Dzi\u0119kujemy Rodzicom za wp\u0142acanie sk\u0142adek, a Radzie Rodzic\u00f3w za zakup tego wspania\u0142ego instrumentu. <\/p>\n\n\n\n<figure class=\"wp-block-image size-large\"><img loading=\"lazy\" decoding=\"async\" width=\"1024\" height=\"768\" src=\"https:\/\/mdkoswiecim.pl\/wp-content\/uploads\/2023\/06\/352878654_627536612650294_2921610670429117954_n-1024x768.jpg\" alt=\"\" class=\"wp-image-17431\" srcset=\"https:\/\/mdkoswiecim.pl\/wp-content\/uploads\/2023\/06\/352878654_627536612650294_2921610670429117954_n-1024x768.jpg 1024w, https:\/\/mdkoswiecim.pl\/wp-content\/uploads\/2023\/06\/352878654_627536612650294_2921610670429117954_n-300x225.jpg 300w, https:\/\/mdkoswiecim.pl\/wp-content\/uploads\/2023\/06\/352878654_627536612650294_2921610670429117954_n-768x576.jpg 768w, https:\/\/mdkoswiecim.pl\/wp-content\/uploads\/2023\/06\/352878654_627536612650294_2921610670429117954_n-1536x1152.jpg 1536w, https:\/\/mdkoswiecim.pl\/wp-content\/uploads\/2023\/06\/352878654_627536612650294_2921610670429117954_n.jpg 2000w\" sizes=\"auto, (max-width: 1024px) 100vw, 1024px\" \/><\/figure>\n\n\n\n<figure class=\"wp-block-image size-large\"><img loading=\"lazy\" decoding=\"async\" width=\"1024\" height=\"768\" src=\"https:\/\/mdkoswiecim.pl\/wp-content\/uploads\/2023\/06\/352949253_648732576775922_5731140140528050455_n-1024x768.jpg\" alt=\"\" class=\"wp-image-17432\" srcset=\"https:\/\/mdkoswiecim.pl\/wp-content\/uploads\/2023\/06\/352949253_648732576775922_5731140140528050455_n-1024x768.jpg 1024w, https:\/\/mdkoswiecim.pl\/wp-content\/uploads\/2023\/06\/352949253_648732576775922_5731140140528050455_n-300x225.jpg 300w, https:\/\/mdkoswiecim.pl\/wp-content\/uploads\/2023\/06\/352949253_648732576775922_5731140140528050455_n-768x576.jpg 768w, https:\/\/mdkoswiecim.pl\/wp-content\/uploads\/2023\/06\/352949253_648732576775922_5731140140528050455_n-1536x1152.jpg 1536w, https:\/\/mdkoswiecim.pl\/wp-content\/uploads\/2023\/06\/352949253_648732576775922_5731140140528050455_n.jpg 2000w\" sizes=\"auto, (max-width: 1024px) 100vw, 1024px\" \/><\/figure>\n\n\n\n<div class=\"wp-block-columns is-layout-flex wp-container-core-columns-is-layout-9d6595d7 wp-block-columns-is-layout-flex\">\n<div class=\"wp-block-column is-layout-flow wp-block-column-is-layout-flow\" style=\"flex-basis:100%\">\n<figure class=\"wp-block-video\"><video height=\"368\" style=\"aspect-ratio: 640 \/ 368;\" width=\"640\" controls src=\"https:\/\/mdkoswiecim.pl\/wp-content\/uploads\/2023\/06\/353988048_6314121208668728_6879943733027813992_n.mp4\"><\/video><\/figure>\n<\/div>\n<\/div>\n\n\n\n<figure class=\"wp-block-video\"><video height=\"368\" style=\"aspect-ratio: 640 \/ 368;\" width=\"640\" controls src=\"https:\/\/mdkoswiecim.pl\/wp-content\/uploads\/2023\/06\/353995754_6729786397052048_6178912342050572084_n.mp4\"><\/video><\/figure>\n\n\n\n<p><\/p>\n","protected":false},"excerpt":{"rendered":"<p>Przedstawiamy kolejny zakup finansowany przez Rad\u0119 Rodzic\u00f3w. Pi\u0119kna gitara elektroakustyczna dla naszej sekcji muzycznej. B\u0119dziecie mieli okazj\u0119 us\u0142ysze\u0107 jej brzmienie podczas wyst\u0119p\u00f3w. Dzi\u0119kujemy Rodzicom za wp\u0142acanie sk\u0142adek, a Radzie Rodzic\u00f3w za zakup tego wspania\u0142ego instrumentu.<\/p>\n","protected":false},"author":2,"featured_media":17436,"comment_status":"closed","ping_status":"closed","sticky":false,"template":"","format":"standard","meta":{"footnotes":""},"categories":[108],"tags":[],"class_list":["post-17429","post","type-post","status-publish","format-standard","has-post-thumbnail","hentry","category-aktualnosci"],"yoast_head":"<!-- This site is optimized with the Yoast SEO plugin v16.1.1 - https:\/\/yoast.com\/wordpress\/plugins\/seo\/ -->\n<title>Wzbogacili\u015bmy si\u0119 o now\u0105 gitar\u0119 elektroakustyczn\u0105. - MDK<\/title>\n<link rel=\"canonical\" href=\"https:\/\/mdkoswiecim.pl\/index.php\/2023\/06\/19\/wzbogacilismy-sie-o-nowa-gitare-elektroakustyczna\/\" \/>\n<meta property=\"og:locale\" content=\"pl_PL\" \/>\n<meta property=\"og:type\" content=\"article\" \/>\n<meta property=\"og:title\" content=\"Wzbogacili\u015bmy si\u0119 o now\u0105 gitar\u0119 elektroakustyczn\u0105. - MDK\" \/>\n<meta property=\"og:description\" content=\"Przedstawiamy kolejny zakup finansowany przez Rad\u0119 Rodzic\u00f3w. Pi\u0119kna gitara elektroakustyczna dla naszej sekcji muzycznej. B\u0119dziecie mieli okazj\u0119 us\u0142ysze\u0107 jej brzmienie podczas wyst\u0119p\u00f3w. Dzi\u0119kujemy Rodzicom za wp\u0142acanie sk\u0142adek, a Radzie Rodzic\u00f3w za zakup tego wspania\u0142ego instrumentu.\" \/>\n<meta property=\"og:url\" content=\"https:\/\/mdkoswiecim.pl\/index.php\/2023\/06\/19\/wzbogacilismy-sie-o-nowa-gitare-elektroakustyczna\/\" \/>\n<meta property=\"og:site_name\" content=\"MDK\" \/>\n<meta property=\"article:published_time\" content=\"2023-06-19T11:24:04+00:00\" \/>\n<meta property=\"article:modified_time\" content=\"2023-06-19T11:25:20+00:00\" \/>\n<meta property=\"og:image\" content=\"https:\/\/mdkoswiecim.pl\/wp-content\/uploads\/2023\/06\/353041513_1001673707630875_523032567800375770_n.jpg\" \/>\n\t<meta property=\"og:image:width\" content=\"2000\" \/>\n\t<meta property=\"og:image:height\" content=\"1500\" \/>\n<meta name=\"twitter:card\" content=\"summary_large_image\" \/>\n<meta name=\"twitter:label1\" content=\"Szacowany czas czytania\">\n\t<meta name=\"twitter:data1\" content=\"1 minuta\">\n<script type=\"application\/ld+json\" class=\"yoast-schema-graph\">{\"@context\":\"https:\/\/schema.org\",\"@graph\":[{\"@type\":\"WebSite\",\"@id\":\"https:\/\/mdkoswiecim.pl\/#website\",\"url\":\"https:\/\/mdkoswiecim.pl\/\",\"name\":\"MDK\",\"description\":\"M\\u0142odzie\\u017cowy Dom Kultury w O\\u015bwi\\u0119cimiu\",\"potentialAction\":[{\"@type\":\"SearchAction\",\"target\":\"https:\/\/mdkoswiecim.pl\/?s={search_term_string}\",\"query-input\":\"required name=search_term_string\"}],\"inLanguage\":\"pl-PL\"},{\"@type\":\"ImageObject\",\"@id\":\"https:\/\/mdkoswiecim.pl\/index.php\/2023\/06\/19\/wzbogacilismy-sie-o-nowa-gitare-elektroakustyczna\/#primaryimage\",\"inLanguage\":\"pl-PL\",\"url\":\"https:\/\/mdkoswiecim.pl\/wp-content\/uploads\/2023\/06\/353041513_1001673707630875_523032567800375770_n.jpg\",\"contentUrl\":\"https:\/\/mdkoswiecim.pl\/wp-content\/uploads\/2023\/06\/353041513_1001673707630875_523032567800375770_n.jpg\",\"width\":2000,\"height\":1500},{\"@type\":\"WebPage\",\"@id\":\"https:\/\/mdkoswiecim.pl\/index.php\/2023\/06\/19\/wzbogacilismy-sie-o-nowa-gitare-elektroakustyczna\/#webpage\",\"url\":\"https:\/\/mdkoswiecim.pl\/index.php\/2023\/06\/19\/wzbogacilismy-sie-o-nowa-gitare-elektroakustyczna\/\",\"name\":\"Wzbogacili\\u015bmy si\\u0119 o now\\u0105 gitar\\u0119 elektroakustyczn\\u0105. - MDK\",\"isPartOf\":{\"@id\":\"https:\/\/mdkoswiecim.pl\/#website\"},\"primaryImageOfPage\":{\"@id\":\"https:\/\/mdkoswiecim.pl\/index.php\/2023\/06\/19\/wzbogacilismy-sie-o-nowa-gitare-elektroakustyczna\/#primaryimage\"},\"datePublished\":\"2023-06-19T11:24:04+00:00\",\"dateModified\":\"2023-06-19T11:25:20+00:00\",\"author\":{\"@id\":\"https:\/\/mdkoswiecim.pl\/#\/schema\/person\/de4e1c3f9f9805d4834a83cd933e83a4\"},\"breadcrumb\":{\"@id\":\"https:\/\/mdkoswiecim.pl\/index.php\/2023\/06\/19\/wzbogacilismy-sie-o-nowa-gitare-elektroakustyczna\/#breadcrumb\"},\"inLanguage\":\"pl-PL\",\"potentialAction\":[{\"@type\":\"ReadAction\",\"target\":[\"https:\/\/mdkoswiecim.pl\/index.php\/2023\/06\/19\/wzbogacilismy-sie-o-nowa-gitare-elektroakustyczna\/\"]}]},{\"@type\":\"BreadcrumbList\",\"@id\":\"https:\/\/mdkoswiecim.pl\/index.php\/2023\/06\/19\/wzbogacilismy-sie-o-nowa-gitare-elektroakustyczna\/#breadcrumb\",\"itemListElement\":[{\"@type\":\"ListItem\",\"position\":1,\"item\":{\"@type\":\"WebPage\",\"@id\":\"https:\/\/mdkoswiecim.pl\/\",\"url\":\"https:\/\/mdkoswiecim.pl\/\",\"name\":\"Strona g\\u0142\\u00f3wna\"}},{\"@type\":\"ListItem\",\"position\":2,\"item\":{\"@type\":\"WebPage\",\"@id\":\"https:\/\/mdkoswiecim.pl\/index.php\/2023\/06\/19\/wzbogacilismy-sie-o-nowa-gitare-elektroakustyczna\/\",\"url\":\"https:\/\/mdkoswiecim.pl\/index.php\/2023\/06\/19\/wzbogacilismy-sie-o-nowa-gitare-elektroakustyczna\/\",\"name\":\"Wzbogacili\\u015bmy si\\u0119 o now\\u0105 gitar\\u0119 elektroakustyczn\\u0105.\"}}]},{\"@type\":\"Person\",\"@id\":\"https:\/\/mdkoswiecim.pl\/#\/schema\/person\/de4e1c3f9f9805d4834a83cd933e83a4\",\"name\":\"janusz.majcherek\",\"image\":{\"@type\":\"ImageObject\",\"@id\":\"https:\/\/mdkoswiecim.pl\/#personlogo\",\"inLanguage\":\"pl-PL\",\"url\":\"https:\/\/secure.gravatar.com\/avatar\/841ee0bdfc0ec9800cdb49de086063cd2bdca44d52221b7fee4d6a2db5eafb17?s=96&d=mm&r=g\",\"contentUrl\":\"https:\/\/secure.gravatar.com\/avatar\/841ee0bdfc0ec9800cdb49de086063cd2bdca44d52221b7fee4d6a2db5eafb17?s=96&d=mm&r=g\",\"caption\":\"janusz.majcherek\"}}]}<\/script>\n<!-- \/ Yoast SEO plugin. -->","_links":{"self":[{"href":"https:\/\/mdkoswiecim.pl\/index.php\/wp-json\/wp\/v2\/posts\/17429","targetHints":{"allow":["GET"]}}],"collection":[{"href":"https:\/\/mdkoswiecim.pl\/index.php\/wp-json\/wp\/v2\/posts"}],"about":[{"href":"https:\/\/mdkoswiecim.pl\/index.php\/wp-json\/wp\/v2\/types\/post"}],"author":[{"embeddable":true,"href":"https:\/\/mdkoswiecim.pl\/index.php\/wp-json\/wp\/v2\/users\/2"}],"replies":[{"embeddable":true,"href":"https:\/\/mdkoswiecim.pl\/index.php\/wp-json\/wp\/v2\/comments?post=17429"}],"version-history":[{"count":2,"href":"https:\/\/mdkoswiecim.pl\/index.php\/wp-json\/wp\/v2\/posts\/17429\/revisions"}],"predecessor-version":[{"id":17435,"href":"https:\/\/mdkoswiecim.pl\/index.php\/wp-json\/wp\/v2\/posts\/17429\/revisions\/17435"}],"wp:featuredmedia":[{"embeddable":true,"href":"https:\/\/mdkoswiecim.pl\/index.php\/wp-json\/wp\/v2\/media\/17436"}],"wp:attachment":[{"href":"https:\/\/mdkoswiecim.pl\/index.php\/wp-json\/wp\/v2\/media?parent=17429"}],"wp:term":[{"taxonomy":"category","embeddable":true,"href":"https:\/\/mdkoswiecim.pl\/index.php\/wp-json\/wp\/v2\/categories?post=17429"},{"taxonomy":"post_tag","embeddable":true,"href":"https:\/\/mdkoswiecim.pl\/index.php\/wp-json\/wp\/v2\/tags?post=17429"}],"curies":[{"name":"wp","href":"https:\/\/api.w.org\/{rel}","templated":true}]}}