{"id":17391,"date":"2023-06-13T10:46:22","date_gmt":"2023-06-13T08:46:22","guid":{"rendered":"https:\/\/mdkoswiecim.pl\/?p=17391"},"modified":"2023-06-13T10:46:23","modified_gmt":"2023-06-13T08:46:23","slug":"dzien-dziecka-z-badmintonem-w-roli-glownej","status":"publish","type":"post","link":"https:\/\/mdkoswiecim.pl\/index.php\/2023\/06\/13\/dzien-dziecka-z-badmintonem-w-roli-glownej\/","title":{"rendered":"Dzie\u0144 Dziecka z badmintonem w roli g\u0142\u00f3wnej :)"},"content":{"rendered":"\n<p>Sobota 3 czerwca 2023 r. up\u0142yn\u0119\u0142a w M\u0142odzie\u017cowym Domu Kultury w O\u015bwi\u0119cimiu pod znakiem sportu. By\u0142 to dzie\u0144, kiedy rozegrano Turniej Badmintona z okazji Dnia Dziecka. Do zmaga\u0144 stan\u0119\u0142o 24 zawodnik\u00f3w. Mecze by\u0142y zaci\u0119te i do ko\u0144ca rozgrywek nie by\u0142o wiadomo, kto zajmie miejsca na podium.<\/p>\n\n\n\n<p>Zabawa by\u0142a \u015bwietna, rywalizacja fair play. Du\u017co zabawy i u\u015bmiechu spowodowa\u0142y, \u017ce po zako\u0144czeniu Turnieju pada\u0142y pytania: \u201ekiedy nast\u0119pny?\u201d<\/p>\n\n\n\n<p>Nast\u0119pny w nowym roku szkolnym, wi\u0119c ju\u017c zapraszamy.<\/p>\n\n\n\n<p><strong>Kategoria wiekowa do lat 13:<\/strong><\/p>\n\n\n\n<p>I miejsce: JAKUB KANTYKA<\/p>\n\n\n\n<p>II miejsce: MALWINA \u0106MIEL<\/p>\n\n\n\n<p>III miejsce: JAKUB JUSZCZYK<\/p>\n\n\n\n<p>Wyr\u00f3\u017cnienie: TOMASZ PALUCH &#8211; najm\u0142odszy\/najlepszy do lat 10<\/p>\n\n\n\n<p><strong>Kategoria wiekowa powy\u017cej 13 lat:<\/strong><\/p>\n\n\n\n<p>I miejsce: MAREK ZAKRZOWIECKI<\/p>\n\n\n\n<p>II miejsce: TOBIASZ B\u0104K<\/p>\n\n\n\n<p>III miejsce: GRZEGORZ W\u0104SIK<\/p>\n\n\n\n<p>Wyr\u00f3\u017cnienie JULIA MATULA \u2013 najlepsza dziewczyna<\/p>\n\n\n\n<figure class=\"wp-block-gallery has-nested-images columns-default is-cropped wp-block-gallery-1 is-layout-flex wp-block-gallery-is-layout-flex\">\n<figure class=\"wp-block-image size-large\"><a href=\"https:\/\/mdkoswiecim.pl\/?attachment_id=17393\"><img loading=\"lazy\" decoding=\"async\" width=\"1024\" height=\"768\" data-id=\"17393\" src=\"https:\/\/mdkoswiecim.pl\/wp-content\/uploads\/2023\/06\/IMG_20230603_113031-1024x768.jpg\" alt=\"\" class=\"wp-image-17393\" srcset=\"https:\/\/mdkoswiecim.pl\/wp-content\/uploads\/2023\/06\/IMG_20230603_113031-1024x768.jpg 1024w, https:\/\/mdkoswiecim.pl\/wp-content\/uploads\/2023\/06\/IMG_20230603_113031-300x225.jpg 300w, https:\/\/mdkoswiecim.pl\/wp-content\/uploads\/2023\/06\/IMG_20230603_113031-768x576.jpg 768w, https:\/\/mdkoswiecim.pl\/wp-content\/uploads\/2023\/06\/IMG_20230603_113031-1536x1152.jpg 1536w, https:\/\/mdkoswiecim.pl\/wp-content\/uploads\/2023\/06\/IMG_20230603_113031-2048x1536.jpg 2048w\" sizes=\"auto, (max-width: 1024px) 100vw, 1024px\" \/><\/a><\/figure>\n\n\n\n<figure class=\"wp-block-image size-large\"><a href=\"https:\/\/mdkoswiecim.pl\/?attachment_id=17394\"><img loading=\"lazy\" decoding=\"async\" width=\"1024\" height=\"768\" data-id=\"17394\" src=\"https:\/\/mdkoswiecim.pl\/wp-content\/uploads\/2023\/06\/IMG_20230603_113037-1024x768.jpg\" alt=\"\" class=\"wp-image-17394\" srcset=\"https:\/\/mdkoswiecim.pl\/wp-content\/uploads\/2023\/06\/IMG_20230603_113037-1024x768.jpg 1024w, https:\/\/mdkoswiecim.pl\/wp-content\/uploads\/2023\/06\/IMG_20230603_113037-300x225.jpg 300w, https:\/\/mdkoswiecim.pl\/wp-content\/uploads\/2023\/06\/IMG_20230603_113037-768x576.jpg 768w, https:\/\/mdkoswiecim.pl\/wp-content\/uploads\/2023\/06\/IMG_20230603_113037-1536x1152.jpg 1536w, https:\/\/mdkoswiecim.pl\/wp-content\/uploads\/2023\/06\/IMG_20230603_113037-2048x1536.jpg 2048w\" sizes=\"auto, (max-width: 1024px) 100vw, 1024px\" \/><\/a><\/figure>\n\n\n\n<figure class=\"wp-block-image size-large\"><a href=\"https:\/\/mdkoswiecim.pl\/?attachment_id=17395\"><img loading=\"lazy\" decoding=\"async\" width=\"1024\" height=\"769\" data-id=\"17395\" src=\"https:\/\/mdkoswiecim.pl\/wp-content\/uploads\/2023\/06\/IMG_20230603_122610-1024x769.jpg\" alt=\"\" class=\"wp-image-17395\" srcset=\"https:\/\/mdkoswiecim.pl\/wp-content\/uploads\/2023\/06\/IMG_20230603_122610-1024x769.jpg 1024w, https:\/\/mdkoswiecim.pl\/wp-content\/uploads\/2023\/06\/IMG_20230603_122610-300x225.jpg 300w, https:\/\/mdkoswiecim.pl\/wp-content\/uploads\/2023\/06\/IMG_20230603_122610-768x577.jpg 768w, https:\/\/mdkoswiecim.pl\/wp-content\/uploads\/2023\/06\/IMG_20230603_122610-1536x1154.jpg 1536w, https:\/\/mdkoswiecim.pl\/wp-content\/uploads\/2023\/06\/IMG_20230603_122610-2048x1538.jpg 2048w\" sizes=\"auto, (max-width: 1024px) 100vw, 1024px\" \/><\/a><\/figure>\n\n\n\n<figure class=\"wp-block-image size-large\"><a href=\"https:\/\/mdkoswiecim.pl\/?attachment_id=17396\"><img loading=\"lazy\" decoding=\"async\" width=\"1024\" height=\"769\" data-id=\"17396\" src=\"https:\/\/mdkoswiecim.pl\/wp-content\/uploads\/2023\/06\/IMG_20230603_122616-1024x769.jpg\" alt=\"\" class=\"wp-image-17396\" srcset=\"https:\/\/mdkoswiecim.pl\/wp-content\/uploads\/2023\/06\/IMG_20230603_122616-1024x769.jpg 1024w, https:\/\/mdkoswiecim.pl\/wp-content\/uploads\/2023\/06\/IMG_20230603_122616-300x225.jpg 300w, https:\/\/mdkoswiecim.pl\/wp-content\/uploads\/2023\/06\/IMG_20230603_122616-768x577.jpg 768w, https:\/\/mdkoswiecim.pl\/wp-content\/uploads\/2023\/06\/IMG_20230603_122616-1536x1154.jpg 1536w, https:\/\/mdkoswiecim.pl\/wp-content\/uploads\/2023\/06\/IMG_20230603_122616-2048x1538.jpg 2048w\" sizes=\"auto, (max-width: 1024px) 100vw, 1024px\" \/><\/a><\/figure>\n\n\n\n<figure class=\"wp-block-image size-large\"><a href=\"https:\/\/mdkoswiecim.pl\/?attachment_id=17397\"><img loading=\"lazy\" decoding=\"async\" width=\"1024\" height=\"473\" data-id=\"17397\" src=\"https:\/\/mdkoswiecim.pl\/wp-content\/uploads\/2023\/06\/349818345_785599353270476_3339396199202344298_n-1024x473.jpg\" alt=\"\" class=\"wp-image-17397\" srcset=\"https:\/\/mdkoswiecim.pl\/wp-content\/uploads\/2023\/06\/349818345_785599353270476_3339396199202344298_n-1024x473.jpg 1024w, https:\/\/mdkoswiecim.pl\/wp-content\/uploads\/2023\/06\/349818345_785599353270476_3339396199202344298_n-300x138.jpg 300w, https:\/\/mdkoswiecim.pl\/wp-content\/uploads\/2023\/06\/349818345_785599353270476_3339396199202344298_n-768x354.jpg 768w, https:\/\/mdkoswiecim.pl\/wp-content\/uploads\/2023\/06\/349818345_785599353270476_3339396199202344298_n-1536x709.jpg 1536w, https:\/\/mdkoswiecim.pl\/wp-content\/uploads\/2023\/06\/349818345_785599353270476_3339396199202344298_n.jpg 1599w\" sizes=\"auto, (max-width: 1024px) 100vw, 1024px\" \/><\/a><\/figure>\n\n\n\n<figure class=\"wp-block-image size-large\"><a href=\"https:\/\/mdkoswiecim.pl\/?attachment_id=17400\"><img loading=\"lazy\" decoding=\"async\" width=\"1024\" height=\"473\" data-id=\"17400\" src=\"https:\/\/mdkoswiecim.pl\/wp-content\/uploads\/2023\/06\/350087911_822311816139734_3093426553395346079_n-1024x473.jpg\" alt=\"\" class=\"wp-image-17400\" srcset=\"https:\/\/mdkoswiecim.pl\/wp-content\/uploads\/2023\/06\/350087911_822311816139734_3093426553395346079_n-1024x473.jpg 1024w, https:\/\/mdkoswiecim.pl\/wp-content\/uploads\/2023\/06\/350087911_822311816139734_3093426553395346079_n-300x138.jpg 300w, https:\/\/mdkoswiecim.pl\/wp-content\/uploads\/2023\/06\/350087911_822311816139734_3093426553395346079_n-768x354.jpg 768w, https:\/\/mdkoswiecim.pl\/wp-content\/uploads\/2023\/06\/350087911_822311816139734_3093426553395346079_n-1536x709.jpg 1536w, https:\/\/mdkoswiecim.pl\/wp-content\/uploads\/2023\/06\/350087911_822311816139734_3093426553395346079_n.jpg 1599w\" sizes=\"auto, (max-width: 1024px) 100vw, 1024px\" \/><\/a><\/figure>\n\n\n\n<figure class=\"wp-block-image size-large\"><a href=\"https:\/\/mdkoswiecim.pl\/?attachment_id=17401\"><img loading=\"lazy\" decoding=\"async\" width=\"1024\" height=\"473\" data-id=\"17401\" src=\"https:\/\/mdkoswiecim.pl\/wp-content\/uploads\/2023\/06\/349641309_727127705769031_1491016906972800661_n-1024x473.jpg\" alt=\"\" class=\"wp-image-17401\" srcset=\"https:\/\/mdkoswiecim.pl\/wp-content\/uploads\/2023\/06\/349641309_727127705769031_1491016906972800661_n-1024x473.jpg 1024w, https:\/\/mdkoswiecim.pl\/wp-content\/uploads\/2023\/06\/349641309_727127705769031_1491016906972800661_n-300x138.jpg 300w, https:\/\/mdkoswiecim.pl\/wp-content\/uploads\/2023\/06\/349641309_727127705769031_1491016906972800661_n-768x354.jpg 768w, https:\/\/mdkoswiecim.pl\/wp-content\/uploads\/2023\/06\/349641309_727127705769031_1491016906972800661_n-1536x709.jpg 1536w, https:\/\/mdkoswiecim.pl\/wp-content\/uploads\/2023\/06\/349641309_727127705769031_1491016906972800661_n.jpg 1599w\" sizes=\"auto, (max-width: 1024px) 100vw, 1024px\" \/><\/a><\/figure>\n\n\n\n<figure class=\"wp-block-image size-large\"><a href=\"https:\/\/mdkoswiecim.pl\/?attachment_id=17402\"><img loading=\"lazy\" decoding=\"async\" width=\"1024\" height=\"473\" data-id=\"17402\" src=\"https:\/\/mdkoswiecim.pl\/wp-content\/uploads\/2023\/06\/350035659_948098013085874_86567635639881070_n-1024x473.jpg\" alt=\"\" class=\"wp-image-17402\" srcset=\"https:\/\/mdkoswiecim.pl\/wp-content\/uploads\/2023\/06\/350035659_948098013085874_86567635639881070_n-1024x473.jpg 1024w, https:\/\/mdkoswiecim.pl\/wp-content\/uploads\/2023\/06\/350035659_948098013085874_86567635639881070_n-300x138.jpg 300w, https:\/\/mdkoswiecim.pl\/wp-content\/uploads\/2023\/06\/350035659_948098013085874_86567635639881070_n-768x354.jpg 768w, https:\/\/mdkoswiecim.pl\/wp-content\/uploads\/2023\/06\/350035659_948098013085874_86567635639881070_n-1536x709.jpg 1536w, https:\/\/mdkoswiecim.pl\/wp-content\/uploads\/2023\/06\/350035659_948098013085874_86567635639881070_n.jpg 1599w\" sizes=\"auto, (max-width: 1024px) 100vw, 1024px\" \/><\/a><\/figure>\n<\/figure>\n","protected":false},"excerpt":{"rendered":"<p>Sobota 3 czerwca 2023 r. up\u0142yn\u0119\u0142a w M\u0142odzie\u017cowym Domu Kultury w O\u015bwi\u0119cimiu pod znakiem sportu. By\u0142 to dzie\u0144, kiedy rozegrano Turniej Badmintona z okazji Dnia Dziecka. Do zmaga\u0144 stan\u0119\u0142o 24 zawodnik\u00f3w. Mecze by\u0142y zaci\u0119te i do ko\u0144ca rozgrywek nie by\u0142o wiadomo, kto zajmie miejsca na podium. Zabawa by\u0142a \u015bwietna, rywalizacja fair play. Du\u017co zabawy i [&hellip;]<\/p>\n","protected":false},"author":3,"featured_media":17401,"comment_status":"closed","ping_status":"closed","sticky":false,"template":"","format":"standard","meta":{"footnotes":""},"categories":[108],"tags":[],"class_list":["post-17391","post","type-post","status-publish","format-standard","has-post-thumbnail","hentry","category-aktualnosci"],"yoast_head":"<!-- This site is optimized with the Yoast SEO plugin v16.1.1 - https:\/\/yoast.com\/wordpress\/plugins\/seo\/ -->\n<title>Dzie\u0144 Dziecka z badmintonem w roli g\u0142\u00f3wnej :) - MDK<\/title>\n<link rel=\"canonical\" href=\"https:\/\/mdkoswiecim.pl\/index.php\/2023\/06\/13\/dzien-dziecka-z-badmintonem-w-roli-glownej\/\" \/>\n<meta property=\"og:locale\" content=\"pl_PL\" \/>\n<meta property=\"og:type\" content=\"article\" \/>\n<meta property=\"og:title\" content=\"Dzie\u0144 Dziecka z badmintonem w roli g\u0142\u00f3wnej :) - MDK\" \/>\n<meta property=\"og:description\" content=\"Sobota 3 czerwca 2023 r. up\u0142yn\u0119\u0142a w M\u0142odzie\u017cowym Domu Kultury w O\u015bwi\u0119cimiu pod znakiem sportu. By\u0142 to dzie\u0144, kiedy rozegrano Turniej Badmintona z okazji Dnia Dziecka. Do zmaga\u0144 stan\u0119\u0142o 24 zawodnik\u00f3w. Mecze by\u0142y zaci\u0119te i do ko\u0144ca rozgrywek nie by\u0142o wiadomo, kto zajmie miejsca na podium. Zabawa by\u0142a \u015bwietna, rywalizacja fair play. Du\u017co zabawy i [&hellip;]\" \/>\n<meta property=\"og:url\" content=\"https:\/\/mdkoswiecim.pl\/index.php\/2023\/06\/13\/dzien-dziecka-z-badmintonem-w-roli-glownej\/\" \/>\n<meta property=\"og:site_name\" content=\"MDK\" \/>\n<meta property=\"article:published_time\" content=\"2023-06-13T08:46:22+00:00\" \/>\n<meta property=\"article:modified_time\" content=\"2023-06-13T08:46:23+00:00\" \/>\n<meta property=\"og:image\" content=\"https:\/\/mdkoswiecim.pl\/wp-content\/uploads\/2023\/06\/349641309_727127705769031_1491016906972800661_n.jpg\" \/>\n\t<meta property=\"og:image:width\" content=\"1599\" \/>\n\t<meta property=\"og:image:height\" content=\"738\" \/>\n<meta name=\"twitter:card\" content=\"summary_large_image\" \/>\n<meta name=\"twitter:label1\" content=\"Szacowany czas czytania\">\n\t<meta name=\"twitter:data1\" content=\"3 minuty\">\n<script type=\"application\/ld+json\" class=\"yoast-schema-graph\">{\"@context\":\"https:\/\/schema.org\",\"@graph\":[{\"@type\":\"WebSite\",\"@id\":\"https:\/\/mdkoswiecim.pl\/#website\",\"url\":\"https:\/\/mdkoswiecim.pl\/\",\"name\":\"MDK\",\"description\":\"M\\u0142odzie\\u017cowy Dom Kultury w O\\u015bwi\\u0119cimiu\",\"potentialAction\":[{\"@type\":\"SearchAction\",\"target\":\"https:\/\/mdkoswiecim.pl\/?s={search_term_string}\",\"query-input\":\"required name=search_term_string\"}],\"inLanguage\":\"pl-PL\"},{\"@type\":\"ImageObject\",\"@id\":\"https:\/\/mdkoswiecim.pl\/index.php\/2023\/06\/13\/dzien-dziecka-z-badmintonem-w-roli-glownej\/#primaryimage\",\"inLanguage\":\"pl-PL\",\"url\":\"https:\/\/mdkoswiecim.pl\/wp-content\/uploads\/2023\/06\/349641309_727127705769031_1491016906972800661_n.jpg\",\"contentUrl\":\"https:\/\/mdkoswiecim.pl\/wp-content\/uploads\/2023\/06\/349641309_727127705769031_1491016906972800661_n.jpg\",\"width\":1599,\"height\":738},{\"@type\":\"WebPage\",\"@id\":\"https:\/\/mdkoswiecim.pl\/index.php\/2023\/06\/13\/dzien-dziecka-z-badmintonem-w-roli-glownej\/#webpage\",\"url\":\"https:\/\/mdkoswiecim.pl\/index.php\/2023\/06\/13\/dzien-dziecka-z-badmintonem-w-roli-glownej\/\",\"name\":\"Dzie\\u0144 Dziecka z badmintonem w roli g\\u0142\\u00f3wnej :) - MDK\",\"isPartOf\":{\"@id\":\"https:\/\/mdkoswiecim.pl\/#website\"},\"primaryImageOfPage\":{\"@id\":\"https:\/\/mdkoswiecim.pl\/index.php\/2023\/06\/13\/dzien-dziecka-z-badmintonem-w-roli-glownej\/#primaryimage\"},\"datePublished\":\"2023-06-13T08:46:22+00:00\",\"dateModified\":\"2023-06-13T08:46:23+00:00\",\"author\":{\"@id\":\"https:\/\/mdkoswiecim.pl\/#\/schema\/person\/d9c1081e4cfefcbccad7ec11fa250f7a\"},\"breadcrumb\":{\"@id\":\"https:\/\/mdkoswiecim.pl\/index.php\/2023\/06\/13\/dzien-dziecka-z-badmintonem-w-roli-glownej\/#breadcrumb\"},\"inLanguage\":\"pl-PL\",\"potentialAction\":[{\"@type\":\"ReadAction\",\"target\":[\"https:\/\/mdkoswiecim.pl\/index.php\/2023\/06\/13\/dzien-dziecka-z-badmintonem-w-roli-glownej\/\"]}]},{\"@type\":\"BreadcrumbList\",\"@id\":\"https:\/\/mdkoswiecim.pl\/index.php\/2023\/06\/13\/dzien-dziecka-z-badmintonem-w-roli-glownej\/#breadcrumb\",\"itemListElement\":[{\"@type\":\"ListItem\",\"position\":1,\"item\":{\"@type\":\"WebPage\",\"@id\":\"https:\/\/mdkoswiecim.pl\/\",\"url\":\"https:\/\/mdkoswiecim.pl\/\",\"name\":\"Strona g\\u0142\\u00f3wna\"}},{\"@type\":\"ListItem\",\"position\":2,\"item\":{\"@type\":\"WebPage\",\"@id\":\"https:\/\/mdkoswiecim.pl\/index.php\/2023\/06\/13\/dzien-dziecka-z-badmintonem-w-roli-glownej\/\",\"url\":\"https:\/\/mdkoswiecim.pl\/index.php\/2023\/06\/13\/dzien-dziecka-z-badmintonem-w-roli-glownej\/\",\"name\":\"Dzie\\u0144 Dziecka z badmintonem w roli g\\u0142\\u00f3wnej :)\"}}]},{\"@type\":\"Person\",\"@id\":\"https:\/\/mdkoswiecim.pl\/#\/schema\/person\/d9c1081e4cfefcbccad7ec11fa250f7a\",\"name\":\"alina.kwarciak\",\"image\":{\"@type\":\"ImageObject\",\"@id\":\"https:\/\/mdkoswiecim.pl\/#personlogo\",\"inLanguage\":\"pl-PL\",\"url\":\"https:\/\/secure.gravatar.com\/avatar\/cce8f640650bbd69c0efc0afd2dddb7945a94129b978796401e58cac1eb8b87b?s=96&d=mm&r=g\",\"contentUrl\":\"https:\/\/secure.gravatar.com\/avatar\/cce8f640650bbd69c0efc0afd2dddb7945a94129b978796401e58cac1eb8b87b?s=96&d=mm&r=g\",\"caption\":\"alina.kwarciak\"}}]}<\/script>\n<!-- \/ Yoast SEO plugin. -->","_links":{"self":[{"href":"https:\/\/mdkoswiecim.pl\/index.php\/wp-json\/wp\/v2\/posts\/17391","targetHints":{"allow":["GET"]}}],"collection":[{"href":"https:\/\/mdkoswiecim.pl\/index.php\/wp-json\/wp\/v2\/posts"}],"about":[{"href":"https:\/\/mdkoswiecim.pl\/index.php\/wp-json\/wp\/v2\/types\/post"}],"author":[{"embeddable":true,"href":"https:\/\/mdkoswiecim.pl\/index.php\/wp-json\/wp\/v2\/users\/3"}],"replies":[{"embeddable":true,"href":"https:\/\/mdkoswiecim.pl\/index.php\/wp-json\/wp\/v2\/comments?post=17391"}],"version-history":[{"count":1,"href":"https:\/\/mdkoswiecim.pl\/index.php\/wp-json\/wp\/v2\/posts\/17391\/revisions"}],"predecessor-version":[{"id":17403,"href":"https:\/\/mdkoswiecim.pl\/index.php\/wp-json\/wp\/v2\/posts\/17391\/revisions\/17403"}],"wp:featuredmedia":[{"embeddable":true,"href":"https:\/\/mdkoswiecim.pl\/index.php\/wp-json\/wp\/v2\/media\/17401"}],"wp:attachment":[{"href":"https:\/\/mdkoswiecim.pl\/index.php\/wp-json\/wp\/v2\/media?parent=17391"}],"wp:term":[{"taxonomy":"category","embeddable":true,"href":"https:\/\/mdkoswiecim.pl\/index.php\/wp-json\/wp\/v2\/categories?post=17391"},{"taxonomy":"post_tag","embeddable":true,"href":"https:\/\/mdkoswiecim.pl\/index.php\/wp-json\/wp\/v2\/tags?post=17391"}],"curies":[{"name":"wp","href":"https:\/\/api.w.org\/{rel}","templated":true}]}}