{"id":17160,"date":"2023-06-01T09:49:44","date_gmt":"2023-06-01T07:49:44","guid":{"rendered":"https:\/\/mdkoswiecim.pl\/?p=17160"},"modified":"2023-06-01T09:49:45","modified_gmt":"2023-06-01T07:49:45","slug":"zapraszamy-na-impreze-plenerowa-z-mdk","status":"publish","type":"post","link":"https:\/\/mdkoswiecim.pl\/index.php\/2023\/06\/01\/zapraszamy-na-impreze-plenerowa-z-mdk\/","title":{"rendered":"ZAPRASZAMY NA IMPREZ\u0118 PLENEROW\u0104 Z MDK!!!"},"content":{"rendered":"\n<p>KIEDY? &#8211; <strong>4 CZERWCA 2023<\/strong><\/p>\n\n\n\n<p>O KT\u00d3REJ GODZINIE? <strong>&#8211; 10.00-12.00<\/strong><\/p>\n\n\n\n<p>GDZIE? &#8211; <strong>MI\u0118DZYNARODOWY DOM SPOTKA\u0143 M\u0141ODZIE\u017bY<\/strong><\/p>\n\n\n\n<p>CO SI\u0118 B\u0118DZIE DZIA\u0141O?<\/p>\n\n\n\n<ul class=\"wp-block-list\">\n<li><strong>WYST\u0118PY CHEERLEADEREK<\/strong><\/li>\n\n\n\n<li><strong>ETIUDY TEATRALNE<\/strong><\/li>\n\n\n\n<li><strong>WYST\u0118PY GRUPY GRAJ\u0104CEJ NA UKULELE I GITARZE<\/strong><\/li>\n\n\n\n<li><strong>WR\u0118CZENIE NAGR\u00d3D W POWIATOWYM KONKURSIE PIOSENKI DZIECI\u0118CEJ<\/strong><\/li>\n\n\n\n<li><strong>WYST\u0118P LAUREAT\u00d3W POWIATOWEGO KONKURSU PIOSENKI DZIECI\u0118CEJ<\/strong><\/li>\n\n\n\n<li><strong>PREZENTACJA CERAMIKI I MODY POWSTA\u0141EJ NA ZAJ\u0118CIACH MDK<\/strong><\/li>\n\n\n\n<li><strong>ZABAWY PLASTYCZNE<\/strong><\/li>\n\n\n\n<li><strong>A PRZEDE WSZYSTKIM&#8230;. <em>WERNISA\u017b PRAC PLASTYCZNYCH, KT\u00d3RE POWSTA\u0141Y W CZASIE ZAJ\u0118\u0106 W MDK<\/em><\/strong><\/li>\n<\/ul>\n\n\n\n<p>ZAPRASZAMY!!!<\/p>\n\n\n\n<figure class=\"wp-block-image size-large\"><img loading=\"lazy\" decoding=\"async\" width=\"724\" height=\"1024\" src=\"https:\/\/mdkoswiecim.pl\/wp-content\/uploads\/2023\/06\/PLAKAT_compressed_page-0001-724x1024.jpg\" alt=\"\" class=\"wp-image-17161\" srcset=\"https:\/\/mdkoswiecim.pl\/wp-content\/uploads\/2023\/06\/PLAKAT_compressed_page-0001-724x1024.jpg 724w, https:\/\/mdkoswiecim.pl\/wp-content\/uploads\/2023\/06\/PLAKAT_compressed_page-0001-212x300.jpg 212w, https:\/\/mdkoswiecim.pl\/wp-content\/uploads\/2023\/06\/PLAKAT_compressed_page-0001-768x1086.jpg 768w, https:\/\/mdkoswiecim.pl\/wp-content\/uploads\/2023\/06\/PLAKAT_compressed_page-0001-1086x1536.jpg 1086w, https:\/\/mdkoswiecim.pl\/wp-content\/uploads\/2023\/06\/PLAKAT_compressed_page-0001-1448x2048.jpg 1448w, https:\/\/mdkoswiecim.pl\/wp-content\/uploads\/2023\/06\/PLAKAT_compressed_page-0001-scaled.jpg 1811w\" sizes=\"auto, (max-width: 724px) 100vw, 724px\" \/><\/figure>\n","protected":false},"excerpt":{"rendered":"<p>KIEDY? &#8211; 4 CZERWCA 2023 O KT\u00d3REJ GODZINIE? &#8211; 10.00-12.00 GDZIE? &#8211; MI\u0118DZYNARODOWY DOM SPOTKA\u0143 M\u0141ODZIE\u017bY CO SI\u0118 B\u0118DZIE DZIA\u0141O? ZAPRASZAMY!!!<\/p>\n","protected":false},"author":3,"featured_media":17161,"comment_status":"closed","ping_status":"closed","sticky":false,"template":"","format":"standard","meta":{"footnotes":""},"categories":[108],"tags":[],"class_list":["post-17160","post","type-post","status-publish","format-standard","has-post-thumbnail","hentry","category-aktualnosci"],"yoast_head":"<!-- This site is optimized with the Yoast SEO plugin v16.1.1 - https:\/\/yoast.com\/wordpress\/plugins\/seo\/ -->\n<title>ZAPRASZAMY NA IMPREZ\u0118 PLENEROW\u0104 Z MDK!!! - MDK<\/title>\n<link rel=\"canonical\" href=\"https:\/\/mdkoswiecim.pl\/index.php\/2023\/06\/01\/zapraszamy-na-impreze-plenerowa-z-mdk\/\" \/>\n<meta property=\"og:locale\" content=\"pl_PL\" \/>\n<meta property=\"og:type\" content=\"article\" \/>\n<meta property=\"og:title\" content=\"ZAPRASZAMY NA IMPREZ\u0118 PLENEROW\u0104 Z MDK!!! - MDK\" \/>\n<meta property=\"og:description\" content=\"KIEDY? &#8211; 4 CZERWCA 2023 O KT\u00d3REJ GODZINIE? &#8211; 10.00-12.00 GDZIE? &#8211; MI\u0118DZYNARODOWY DOM SPOTKA\u0143 M\u0141ODZIE\u017bY CO SI\u0118 B\u0118DZIE DZIA\u0141O? ZAPRASZAMY!!!\" \/>\n<meta property=\"og:url\" content=\"https:\/\/mdkoswiecim.pl\/index.php\/2023\/06\/01\/zapraszamy-na-impreze-plenerowa-z-mdk\/\" \/>\n<meta property=\"og:site_name\" content=\"MDK\" \/>\n<meta property=\"article:published_time\" content=\"2023-06-01T07:49:44+00:00\" \/>\n<meta property=\"article:modified_time\" content=\"2023-06-01T07:49:45+00:00\" \/>\n<meta property=\"og:image\" content=\"https:\/\/mdkoswiecim.pl\/wp-content\/uploads\/2023\/06\/PLAKAT_compressed_page-0001-scaled.jpg\" \/>\n\t<meta property=\"og:image:width\" content=\"1811\" \/>\n\t<meta property=\"og:image:height\" content=\"2560\" \/>\n<meta name=\"twitter:card\" content=\"summary_large_image\" \/>\n<meta name=\"twitter:label1\" content=\"Szacowany czas czytania\">\n\t<meta name=\"twitter:data1\" content=\"1 minuta\">\n<script type=\"application\/ld+json\" class=\"yoast-schema-graph\">{\"@context\":\"https:\/\/schema.org\",\"@graph\":[{\"@type\":\"WebSite\",\"@id\":\"https:\/\/mdkoswiecim.pl\/#website\",\"url\":\"https:\/\/mdkoswiecim.pl\/\",\"name\":\"MDK\",\"description\":\"M\\u0142odzie\\u017cowy Dom Kultury w O\\u015bwi\\u0119cimiu\",\"potentialAction\":[{\"@type\":\"SearchAction\",\"target\":\"https:\/\/mdkoswiecim.pl\/?s={search_term_string}\",\"query-input\":\"required name=search_term_string\"}],\"inLanguage\":\"pl-PL\"},{\"@type\":\"ImageObject\",\"@id\":\"https:\/\/mdkoswiecim.pl\/index.php\/2023\/06\/01\/zapraszamy-na-impreze-plenerowa-z-mdk\/#primaryimage\",\"inLanguage\":\"pl-PL\",\"url\":\"https:\/\/mdkoswiecim.pl\/wp-content\/uploads\/2023\/06\/PLAKAT_compressed_page-0001-scaled.jpg\",\"contentUrl\":\"https:\/\/mdkoswiecim.pl\/wp-content\/uploads\/2023\/06\/PLAKAT_compressed_page-0001-scaled.jpg\",\"width\":1811,\"height\":2560},{\"@type\":\"WebPage\",\"@id\":\"https:\/\/mdkoswiecim.pl\/index.php\/2023\/06\/01\/zapraszamy-na-impreze-plenerowa-z-mdk\/#webpage\",\"url\":\"https:\/\/mdkoswiecim.pl\/index.php\/2023\/06\/01\/zapraszamy-na-impreze-plenerowa-z-mdk\/\",\"name\":\"ZAPRASZAMY NA IMPREZ\\u0118 PLENEROW\\u0104 Z MDK!!! - MDK\",\"isPartOf\":{\"@id\":\"https:\/\/mdkoswiecim.pl\/#website\"},\"primaryImageOfPage\":{\"@id\":\"https:\/\/mdkoswiecim.pl\/index.php\/2023\/06\/01\/zapraszamy-na-impreze-plenerowa-z-mdk\/#primaryimage\"},\"datePublished\":\"2023-06-01T07:49:44+00:00\",\"dateModified\":\"2023-06-01T07:49:45+00:00\",\"author\":{\"@id\":\"https:\/\/mdkoswiecim.pl\/#\/schema\/person\/d9c1081e4cfefcbccad7ec11fa250f7a\"},\"breadcrumb\":{\"@id\":\"https:\/\/mdkoswiecim.pl\/index.php\/2023\/06\/01\/zapraszamy-na-impreze-plenerowa-z-mdk\/#breadcrumb\"},\"inLanguage\":\"pl-PL\",\"potentialAction\":[{\"@type\":\"ReadAction\",\"target\":[\"https:\/\/mdkoswiecim.pl\/index.php\/2023\/06\/01\/zapraszamy-na-impreze-plenerowa-z-mdk\/\"]}]},{\"@type\":\"BreadcrumbList\",\"@id\":\"https:\/\/mdkoswiecim.pl\/index.php\/2023\/06\/01\/zapraszamy-na-impreze-plenerowa-z-mdk\/#breadcrumb\",\"itemListElement\":[{\"@type\":\"ListItem\",\"position\":1,\"item\":{\"@type\":\"WebPage\",\"@id\":\"https:\/\/mdkoswiecim.pl\/\",\"url\":\"https:\/\/mdkoswiecim.pl\/\",\"name\":\"Strona g\\u0142\\u00f3wna\"}},{\"@type\":\"ListItem\",\"position\":2,\"item\":{\"@type\":\"WebPage\",\"@id\":\"https:\/\/mdkoswiecim.pl\/index.php\/2023\/06\/01\/zapraszamy-na-impreze-plenerowa-z-mdk\/\",\"url\":\"https:\/\/mdkoswiecim.pl\/index.php\/2023\/06\/01\/zapraszamy-na-impreze-plenerowa-z-mdk\/\",\"name\":\"ZAPRASZAMY NA IMPREZ\\u0118 PLENEROW\\u0104 Z MDK!!!\"}}]},{\"@type\":\"Person\",\"@id\":\"https:\/\/mdkoswiecim.pl\/#\/schema\/person\/d9c1081e4cfefcbccad7ec11fa250f7a\",\"name\":\"alina.kwarciak\",\"image\":{\"@type\":\"ImageObject\",\"@id\":\"https:\/\/mdkoswiecim.pl\/#personlogo\",\"inLanguage\":\"pl-PL\",\"url\":\"https:\/\/secure.gravatar.com\/avatar\/cce8f640650bbd69c0efc0afd2dddb7945a94129b978796401e58cac1eb8b87b?s=96&d=mm&r=g\",\"contentUrl\":\"https:\/\/secure.gravatar.com\/avatar\/cce8f640650bbd69c0efc0afd2dddb7945a94129b978796401e58cac1eb8b87b?s=96&d=mm&r=g\",\"caption\":\"alina.kwarciak\"}}]}<\/script>\n<!-- \/ Yoast SEO plugin. -->","_links":{"self":[{"href":"https:\/\/mdkoswiecim.pl\/index.php\/wp-json\/wp\/v2\/posts\/17160","targetHints":{"allow":["GET"]}}],"collection":[{"href":"https:\/\/mdkoswiecim.pl\/index.php\/wp-json\/wp\/v2\/posts"}],"about":[{"href":"https:\/\/mdkoswiecim.pl\/index.php\/wp-json\/wp\/v2\/types\/post"}],"author":[{"embeddable":true,"href":"https:\/\/mdkoswiecim.pl\/index.php\/wp-json\/wp\/v2\/users\/3"}],"replies":[{"embeddable":true,"href":"https:\/\/mdkoswiecim.pl\/index.php\/wp-json\/wp\/v2\/comments?post=17160"}],"version-history":[{"count":1,"href":"https:\/\/mdkoswiecim.pl\/index.php\/wp-json\/wp\/v2\/posts\/17160\/revisions"}],"predecessor-version":[{"id":17162,"href":"https:\/\/mdkoswiecim.pl\/index.php\/wp-json\/wp\/v2\/posts\/17160\/revisions\/17162"}],"wp:featuredmedia":[{"embeddable":true,"href":"https:\/\/mdkoswiecim.pl\/index.php\/wp-json\/wp\/v2\/media\/17161"}],"wp:attachment":[{"href":"https:\/\/mdkoswiecim.pl\/index.php\/wp-json\/wp\/v2\/media?parent=17160"}],"wp:term":[{"taxonomy":"category","embeddable":true,"href":"https:\/\/mdkoswiecim.pl\/index.php\/wp-json\/wp\/v2\/categories?post=17160"},{"taxonomy":"post_tag","embeddable":true,"href":"https:\/\/mdkoswiecim.pl\/index.php\/wp-json\/wp\/v2\/tags?post=17160"}],"curies":[{"name":"wp","href":"https:\/\/api.w.org\/{rel}","templated":true}]}}