{"id":16957,"date":"2023-05-08T10:44:03","date_gmt":"2023-05-08T08:44:03","guid":{"rendered":"https:\/\/mdkoswiecim.pl\/?p=16957"},"modified":"2023-05-08T10:44:04","modified_gmt":"2023-05-08T08:44:04","slug":"nieobecnosc-nauczyciela-2","status":"publish","type":"post","link":"https:\/\/mdkoswiecim.pl\/index.php\/2023\/05\/08\/nieobecnosc-nauczyciela-2\/","title":{"rendered":"NIEOBECNO\u015a\u0106 NAUCZYCIELA!!!"},"content":{"rendered":"\n<p><br>Informujemy, \u017ce w dniach od 8 maja do 4 czerwca nie b\u0119dzie zaj\u0119\u0107 z j\u0119zyka angielskiego z pani\u0105 Magdalen\u0105 Gallardo Ku\u017am\u0105.<\/p>\n","protected":false},"excerpt":{"rendered":"<p>Informujemy, \u017ce w dniach od 8 maja do 4 czerwca nie b\u0119dzie zaj\u0119\u0107 z j\u0119zyka angielskiego z pani\u0105 Magdalen\u0105 Gallardo Ku\u017am\u0105.<\/p>\n","protected":false},"author":3,"featured_media":16923,"comment_status":"closed","ping_status":"closed","sticky":false,"template":"","format":"standard","meta":{"footnotes":""},"categories":[108],"tags":[],"class_list":["post-16957","post","type-post","status-publish","format-standard","has-post-thumbnail","hentry","category-aktualnosci"],"yoast_head":"<!-- This site is optimized with the Yoast SEO plugin v16.1.1 - https:\/\/yoast.com\/wordpress\/plugins\/seo\/ -->\n<title>NIEOBECNO\u015a\u0106 NAUCZYCIELA!!! - MDK<\/title>\n<link rel=\"canonical\" href=\"https:\/\/mdkoswiecim.pl\/index.php\/2023\/05\/08\/nieobecnosc-nauczyciela-2\/\" \/>\n<meta property=\"og:locale\" content=\"pl_PL\" \/>\n<meta property=\"og:type\" content=\"article\" \/>\n<meta property=\"og:title\" content=\"NIEOBECNO\u015a\u0106 NAUCZYCIELA!!! - MDK\" \/>\n<meta property=\"og:description\" content=\"Informujemy, \u017ce w dniach od 8 maja do 4 czerwca nie b\u0119dzie zaj\u0119\u0107 z j\u0119zyka angielskiego z pani\u0105 Magdalen\u0105 Gallardo Ku\u017am\u0105.\" \/>\n<meta property=\"og:url\" content=\"https:\/\/mdkoswiecim.pl\/index.php\/2023\/05\/08\/nieobecnosc-nauczyciela-2\/\" \/>\n<meta property=\"og:site_name\" content=\"MDK\" \/>\n<meta property=\"article:published_time\" content=\"2023-05-08T08:44:03+00:00\" \/>\n<meta property=\"article:modified_time\" content=\"2023-05-08T08:44:04+00:00\" \/>\n<meta property=\"og:image\" content=\"https:\/\/mdkoswiecim.pl\/wp-content\/uploads\/2023\/04\/warning-gc049d732e_1280.png\" \/>\n\t<meta property=\"og:image:width\" content=\"1280\" \/>\n\t<meta property=\"og:image:height\" content=\"1105\" \/>\n<meta name=\"twitter:card\" content=\"summary_large_image\" \/>\n<meta name=\"twitter:label1\" content=\"Szacowany czas czytania\">\n\t<meta name=\"twitter:data1\" content=\"1 minuta\">\n<script type=\"application\/ld+json\" class=\"yoast-schema-graph\">{\"@context\":\"https:\/\/schema.org\",\"@graph\":[{\"@type\":\"WebSite\",\"@id\":\"https:\/\/mdkoswiecim.pl\/#website\",\"url\":\"https:\/\/mdkoswiecim.pl\/\",\"name\":\"MDK\",\"description\":\"M\\u0142odzie\\u017cowy Dom Kultury w O\\u015bwi\\u0119cimiu\",\"potentialAction\":[{\"@type\":\"SearchAction\",\"target\":\"https:\/\/mdkoswiecim.pl\/?s={search_term_string}\",\"query-input\":\"required name=search_term_string\"}],\"inLanguage\":\"pl-PL\"},{\"@type\":\"ImageObject\",\"@id\":\"https:\/\/mdkoswiecim.pl\/index.php\/2023\/05\/08\/nieobecnosc-nauczyciela-2\/#primaryimage\",\"inLanguage\":\"pl-PL\",\"url\":\"https:\/\/mdkoswiecim.pl\/wp-content\/uploads\/2023\/04\/warning-gc049d732e_1280.png\",\"contentUrl\":\"https:\/\/mdkoswiecim.pl\/wp-content\/uploads\/2023\/04\/warning-gc049d732e_1280.png\",\"width\":1280,\"height\":1105},{\"@type\":\"WebPage\",\"@id\":\"https:\/\/mdkoswiecim.pl\/index.php\/2023\/05\/08\/nieobecnosc-nauczyciela-2\/#webpage\",\"url\":\"https:\/\/mdkoswiecim.pl\/index.php\/2023\/05\/08\/nieobecnosc-nauczyciela-2\/\",\"name\":\"NIEOBECNO\\u015a\\u0106 NAUCZYCIELA!!! - MDK\",\"isPartOf\":{\"@id\":\"https:\/\/mdkoswiecim.pl\/#website\"},\"primaryImageOfPage\":{\"@id\":\"https:\/\/mdkoswiecim.pl\/index.php\/2023\/05\/08\/nieobecnosc-nauczyciela-2\/#primaryimage\"},\"datePublished\":\"2023-05-08T08:44:03+00:00\",\"dateModified\":\"2023-05-08T08:44:04+00:00\",\"author\":{\"@id\":\"https:\/\/mdkoswiecim.pl\/#\/schema\/person\/d9c1081e4cfefcbccad7ec11fa250f7a\"},\"breadcrumb\":{\"@id\":\"https:\/\/mdkoswiecim.pl\/index.php\/2023\/05\/08\/nieobecnosc-nauczyciela-2\/#breadcrumb\"},\"inLanguage\":\"pl-PL\",\"potentialAction\":[{\"@type\":\"ReadAction\",\"target\":[\"https:\/\/mdkoswiecim.pl\/index.php\/2023\/05\/08\/nieobecnosc-nauczyciela-2\/\"]}]},{\"@type\":\"BreadcrumbList\",\"@id\":\"https:\/\/mdkoswiecim.pl\/index.php\/2023\/05\/08\/nieobecnosc-nauczyciela-2\/#breadcrumb\",\"itemListElement\":[{\"@type\":\"ListItem\",\"position\":1,\"item\":{\"@type\":\"WebPage\",\"@id\":\"https:\/\/mdkoswiecim.pl\/\",\"url\":\"https:\/\/mdkoswiecim.pl\/\",\"name\":\"Strona g\\u0142\\u00f3wna\"}},{\"@type\":\"ListItem\",\"position\":2,\"item\":{\"@type\":\"WebPage\",\"@id\":\"https:\/\/mdkoswiecim.pl\/index.php\/2023\/05\/08\/nieobecnosc-nauczyciela-2\/\",\"url\":\"https:\/\/mdkoswiecim.pl\/index.php\/2023\/05\/08\/nieobecnosc-nauczyciela-2\/\",\"name\":\"NIEOBECNO\\u015a\\u0106 NAUCZYCIELA!!!\"}}]},{\"@type\":\"Person\",\"@id\":\"https:\/\/mdkoswiecim.pl\/#\/schema\/person\/d9c1081e4cfefcbccad7ec11fa250f7a\",\"name\":\"alina.kwarciak\",\"image\":{\"@type\":\"ImageObject\",\"@id\":\"https:\/\/mdkoswiecim.pl\/#personlogo\",\"inLanguage\":\"pl-PL\",\"url\":\"https:\/\/secure.gravatar.com\/avatar\/cce8f640650bbd69c0efc0afd2dddb7945a94129b978796401e58cac1eb8b87b?s=96&d=mm&r=g\",\"contentUrl\":\"https:\/\/secure.gravatar.com\/avatar\/cce8f640650bbd69c0efc0afd2dddb7945a94129b978796401e58cac1eb8b87b?s=96&d=mm&r=g\",\"caption\":\"alina.kwarciak\"}}]}<\/script>\n<!-- \/ Yoast SEO plugin. -->","_links":{"self":[{"href":"https:\/\/mdkoswiecim.pl\/index.php\/wp-json\/wp\/v2\/posts\/16957","targetHints":{"allow":["GET"]}}],"collection":[{"href":"https:\/\/mdkoswiecim.pl\/index.php\/wp-json\/wp\/v2\/posts"}],"about":[{"href":"https:\/\/mdkoswiecim.pl\/index.php\/wp-json\/wp\/v2\/types\/post"}],"author":[{"embeddable":true,"href":"https:\/\/mdkoswiecim.pl\/index.php\/wp-json\/wp\/v2\/users\/3"}],"replies":[{"embeddable":true,"href":"https:\/\/mdkoswiecim.pl\/index.php\/wp-json\/wp\/v2\/comments?post=16957"}],"version-history":[{"count":1,"href":"https:\/\/mdkoswiecim.pl\/index.php\/wp-json\/wp\/v2\/posts\/16957\/revisions"}],"predecessor-version":[{"id":16958,"href":"https:\/\/mdkoswiecim.pl\/index.php\/wp-json\/wp\/v2\/posts\/16957\/revisions\/16958"}],"wp:featuredmedia":[{"embeddable":true,"href":"https:\/\/mdkoswiecim.pl\/index.php\/wp-json\/wp\/v2\/media\/16923"}],"wp:attachment":[{"href":"https:\/\/mdkoswiecim.pl\/index.php\/wp-json\/wp\/v2\/media?parent=16957"}],"wp:term":[{"taxonomy":"category","embeddable":true,"href":"https:\/\/mdkoswiecim.pl\/index.php\/wp-json\/wp\/v2\/categories?post=16957"},{"taxonomy":"post_tag","embeddable":true,"href":"https:\/\/mdkoswiecim.pl\/index.php\/wp-json\/wp\/v2\/tags?post=16957"}],"curies":[{"name":"wp","href":"https:\/\/api.w.org\/{rel}","templated":true}]}}